{"id":103862,"date":"2017-03-30T07:05:42","date_gmt":"2017-03-30T06:05:42","guid":{"rendered":"http:\/\/www.visit-ulcinj.com\/blog\/?p=103862"},"modified":"2017-03-30T07:12:45","modified_gmt":"2017-03-30T06:12:45","slug":"nga-sot-fillon-dita-e-komunes-se-ulqinit-programi","status":"publish","type":"post","link":"https:\/\/www.visit-ulcinj.com\/blog\/2017\/03\/30\/nga-sot-fillon-dita-e-komunes-se-ulqinit-programi\/","title":{"rendered":"Nga sot fillon Dita e Komun\u00ebs s\u00eb Ulqinit &#8211; Programi"},"content":{"rendered":"<p><strong><a href=\"http:\/\/www.visit-ulcinj.com\/blog\/wp-content\/uploads\/2014\/04\/Dita-e-Komunes-se-Ulqinit-2.jpg\"><img loading=\"lazy\" class=\"alignleft wp-image-81270\" src=\"http:\/\/www.visit-ulcinj.com\/blog\/wp-content\/uploads\/2014\/04\/Dita-e-Komunes-se-Ulqinit-2.jpg\" alt=\"Dita-e-Komunes-se-Ulqinit-2\" width=\"508\" height=\"339\" srcset=\"https:\/\/www.visit-ulcinj.com\/blog\/wp-content\/uploads\/2014\/04\/Dita-e-Komunes-se-Ulqinit-2.jpg 1000w, https:\/\/www.visit-ulcinj.com\/blog\/wp-content\/uploads\/2014\/04\/Dita-e-Komunes-se-Ulqinit-2-300x200.jpg 300w\" sizes=\"(max-width: 508px) 100vw, 508px\" \/><\/a>30 mars 2017, e enjt\u00eb<\/strong><\/p>\n<p>1.Hapja e tregut te ri ne Katerkolle, ora 8:30<\/p>\n<ol start=\"2\">\n<li>Ndarja e bursave student\u00ebve t\u00eb dalluar, Sala e vog\u00ebl e Kabinetit, ora 10:00<\/li>\n<li>Fillimi i punimeve n\u00eb pik\u00eb-vrojtimin e Valdanosit, \u00a0ora 11:00<\/li>\n<li>Ligjerata: \u201c<strong>Ulliri, vaji i ullirit dhe perpektiva e zhvillimit ullishataris<\/strong><strong>\u00eb n\u00eb rajonin adriatiko-jonian<\/strong>\u201d prof. dr. Hajri Ismaili, profesor i Universitetit Bujq\u00ebsor t\u00eb Tiran\u00ebs, ora 12:00, Salla e madhe e Kuvendit Komunal<\/li>\n<li>Fillimi i punimeve n\u00eb pik\u00eb-vrojtimin e Shtegvash\u00ebs, ora 14:00<\/li>\n<\/ol>\n<p><iframe loading=\"lazy\" frameborder=\"0\" width=\"508\" height=\"340\" src=\"\/\/www.dailymotion.com\/embed\/video\/x5g3tc8\" allowfullscreen><\/iframe><\/p>\n","protected":false},"excerpt":{"rendered":"<p>30 mars 2017, e enjt\u00eb 1.Hapja e tregut te ri ne Katerkolle, ora 8:30 Ndarja e bursave student\u00ebve t\u00eb dalluar, Sala e vog\u00ebl e Kabinetit, ora 10:00 Fillimi i punimeve n\u00eb pik\u00eb-vrojtimin e Valdanosit, \u00a0ora 11:00 Ligjerata: \u201cUlliri, vaji i ullirit dhe perpektiva e zhvillimit ullishataris\u00eb n\u00eb rajonin adriatiko-jonian\u201d prof. dr. Hajri Ismaili, profesor i [&hellip;]<\/p>\n","protected":false},"author":1,"featured_media":0,"comment_status":"closed","ping_status":"closed","sticky":false,"template":"","format":"standard","meta":{"spay_email":"","jetpack_publicize_message":"","jetpack_is_tweetstorm":false,"jetpack_publicize_feature_enabled":true},"categories":[1],"tags":[],"jetpack_publicize_connections":[],"yoast_head":"<!-- This site is optimized with the Yoast SEO plugin v19.1 - https:\/\/yoast.com\/wordpress\/plugins\/seo\/ -->\n<title>Nga sot fillon Dita e Komun\u00ebs s\u00eb Ulqinit - Programi - Lajme nga Ulqini<\/title>\n<meta name=\"description\" content=\"30 mars 2017, e enjt\u00eb 1.Hapja e tregut te ri ne Katerkolle, ora 8:30 Ndarja e bursave student\u00ebve t\u00eb dalluar, Sala e vog\u00ebl e Kabinetit, ora 10:00 Fillimi i\" \/>\n<meta name=\"robots\" content=\"index, follow, max-snippet:-1, max-image-preview:large, max-video-preview:-1\" \/>\n<link rel=\"canonical\" href=\"https:\/\/www.visit-ulcinj.com\/blog\/2017\/03\/30\/nga-sot-fillon-dita-e-komunes-se-ulqinit-programi\/\" \/>\n<meta property=\"og:locale\" content=\"en_US\" \/>\n<meta property=\"og:type\" content=\"article\" \/>\n<meta property=\"og:title\" content=\"Nga sot fillon Dita e Komun\u00ebs s\u00eb Ulqinit - Programi - Lajme nga Ulqini\" \/>\n<meta property=\"og:description\" content=\"30 mars 2017, e enjt\u00eb 1.Hapja e tregut te ri ne Katerkolle, ora 8:30 Ndarja e bursave student\u00ebve t\u00eb dalluar, Sala e vog\u00ebl e Kabinetit, ora 10:00 Fillimi i\" \/>\n<meta property=\"og:url\" content=\"https:\/\/www.visit-ulcinj.com\/blog\/2017\/03\/30\/nga-sot-fillon-dita-e-komunes-se-ulqinit-programi\/\" \/>\n<meta property=\"og:site_name\" content=\"Lajme nga Ulqini\" \/>\n<meta property=\"article:published_time\" content=\"2017-03-30T06:05:42+00:00\" \/>\n<meta property=\"article:modified_time\" content=\"2017-03-30T06:12:45+00:00\" \/>\n<meta property=\"og:image\" content=\"http:\/\/www.visit-ulcinj.com\/blog\/wp-content\/uploads\/2014\/04\/Dita-e-Komunes-se-Ulqinit-2.jpg\" \/>\n<meta name=\"twitter:label1\" content=\"Written by\" \/>\n\t<meta name=\"twitter:data1\" content=\"ulqini\" \/>\n<script type=\"application\/ld+json\" class=\"yoast-schema-graph\">{\"@context\":\"https:\/\/schema.org\",\"@graph\":[{\"@type\":\"WebSite\",\"@id\":\"https:\/\/www.visit-ulcinj.com\/blog\/#website\",\"url\":\"https:\/\/www.visit-ulcinj.com\/blog\/\",\"name\":\"Lajme nga Ulqini\",\"description\":\"Lajme,Vijesti,Ulqini,Ulqin,Crna Gora,Mali i Zi\",\"potentialAction\":[{\"@type\":\"SearchAction\",\"target\":{\"@type\":\"EntryPoint\",\"urlTemplate\":\"https:\/\/www.visit-ulcinj.com\/blog\/?s={search_term_string}\"},\"query-input\":\"required name=search_term_string\"}],\"inLanguage\":\"en-US\"},{\"@type\":\"ImageObject\",\"inLanguage\":\"en-US\",\"@id\":\"https:\/\/www.visit-ulcinj.com\/blog\/2017\/03\/30\/nga-sot-fillon-dita-e-komunes-se-ulqinit-programi\/#primaryimage\",\"url\":\"https:\/\/www.visit-ulcinj.com\/blog\/wp-content\/uploads\/2014\/04\/Dita-e-Komunes-se-Ulqinit-2.jpg\",\"contentUrl\":\"https:\/\/www.visit-ulcinj.com\/blog\/wp-content\/uploads\/2014\/04\/Dita-e-Komunes-se-Ulqinit-2.jpg\",\"width\":1000,\"height\":667},{\"@type\":\"WebPage\",\"@id\":\"https:\/\/www.visit-ulcinj.com\/blog\/2017\/03\/30\/nga-sot-fillon-dita-e-komunes-se-ulqinit-programi\/#webpage\",\"url\":\"https:\/\/www.visit-ulcinj.com\/blog\/2017\/03\/30\/nga-sot-fillon-dita-e-komunes-se-ulqinit-programi\/\",\"name\":\"Nga sot fillon Dita e Komun\u00ebs s\u00eb Ulqinit - Programi - Lajme nga Ulqini\",\"isPartOf\":{\"@id\":\"https:\/\/www.visit-ulcinj.com\/blog\/#website\"},\"primaryImageOfPage\":{\"@id\":\"https:\/\/www.visit-ulcinj.com\/blog\/2017\/03\/30\/nga-sot-fillon-dita-e-komunes-se-ulqinit-programi\/#primaryimage\"},\"datePublished\":\"2017-03-30T06:05:42+00:00\",\"dateModified\":\"2017-03-30T06:12:45+00:00\",\"author\":{\"@id\":\"https:\/\/www.visit-ulcinj.com\/blog\/#\/schema\/person\/dcab619c614d3038751c63bc2aadc06d\"},\"description\":\"30 mars 2017, e enjt\u00eb 1.Hapja e tregut te ri ne Katerkolle, ora 8:30 Ndarja e bursave student\u00ebve t\u00eb dalluar, Sala e vog\u00ebl e Kabinetit, ora 10:00 Fillimi i\",\"breadcrumb\":{\"@id\":\"https:\/\/www.visit-ulcinj.com\/blog\/2017\/03\/30\/nga-sot-fillon-dita-e-komunes-se-ulqinit-programi\/#breadcrumb\"},\"inLanguage\":\"en-US\",\"potentialAction\":[{\"@type\":\"ReadAction\",\"target\":[\"https:\/\/www.visit-ulcinj.com\/blog\/2017\/03\/30\/nga-sot-fillon-dita-e-komunes-se-ulqinit-programi\/\"]}]},{\"@type\":\"BreadcrumbList\",\"@id\":\"https:\/\/www.visit-ulcinj.com\/blog\/2017\/03\/30\/nga-sot-fillon-dita-e-komunes-se-ulqinit-programi\/#breadcrumb\",\"itemListElement\":[{\"@type\":\"ListItem\",\"position\":1,\"name\":\"Nga sot fillon Dita e Komun\u00ebs s\u00eb Ulqinit &#8211; Programi\"}]},{\"@type\":\"Person\",\"@id\":\"https:\/\/www.visit-ulcinj.com\/blog\/#\/schema\/person\/dcab619c614d3038751c63bc2aadc06d\",\"name\":\"ulqini\",\"sameAs\":[\"http:\/\/www.visit-ulcinj.com\"],\"url\":\"https:\/\/www.visit-ulcinj.com\/blog\/author\/admin\/\"}]}<\/script>\n<!-- \/ Yoast SEO plugin. -->","yoast_head_json":{"title":"Nga sot fillon Dita e Komun\u00ebs s\u00eb Ulqinit - Programi - Lajme nga Ulqini","description":"30 mars 2017, e enjt\u00eb 1.Hapja e tregut te ri ne Katerkolle, ora 8:30 Ndarja e bursave student\u00ebve t\u00eb dalluar, Sala e vog\u00ebl e Kabinetit, ora 10:00 Fillimi i","robots":{"index":"index","follow":"follow","max-snippet":"max-snippet:-1","max-image-preview":"max-image-preview:large","max-video-preview":"max-video-preview:-1"},"canonical":"https:\/\/www.visit-ulcinj.com\/blog\/2017\/03\/30\/nga-sot-fillon-dita-e-komunes-se-ulqinit-programi\/","og_locale":"en_US","og_type":"article","og_title":"Nga sot fillon Dita e Komun\u00ebs s\u00eb Ulqinit - Programi - Lajme nga Ulqini","og_description":"30 mars 2017, e enjt\u00eb 1.Hapja e tregut te ri ne Katerkolle, ora 8:30 Ndarja e bursave student\u00ebve t\u00eb dalluar, Sala e vog\u00ebl e Kabinetit, ora 10:00 Fillimi i","og_url":"https:\/\/www.visit-ulcinj.com\/blog\/2017\/03\/30\/nga-sot-fillon-dita-e-komunes-se-ulqinit-programi\/","og_site_name":"Lajme nga Ulqini","article_published_time":"2017-03-30T06:05:42+00:00","article_modified_time":"2017-03-30T06:12:45+00:00","og_image":[{"url":"http:\/\/www.visit-ulcinj.com\/blog\/wp-content\/uploads\/2014\/04\/Dita-e-Komunes-se-Ulqinit-2.jpg"}],"twitter_misc":{"Written by":"ulqini"},"schema":{"@context":"https:\/\/schema.org","@graph":[{"@type":"WebSite","@id":"https:\/\/www.visit-ulcinj.com\/blog\/#website","url":"https:\/\/www.visit-ulcinj.com\/blog\/","name":"Lajme nga Ulqini","description":"Lajme,Vijesti,Ulqini,Ulqin,Crna Gora,Mali i Zi","potentialAction":[{"@type":"SearchAction","target":{"@type":"EntryPoint","urlTemplate":"https:\/\/www.visit-ulcinj.com\/blog\/?s={search_term_string}"},"query-input":"required name=search_term_string"}],"inLanguage":"en-US"},{"@type":"ImageObject","inLanguage":"en-US","@id":"https:\/\/www.visit-ulcinj.com\/blog\/2017\/03\/30\/nga-sot-fillon-dita-e-komunes-se-ulqinit-programi\/#primaryimage","url":"https:\/\/www.visit-ulcinj.com\/blog\/wp-content\/uploads\/2014\/04\/Dita-e-Komunes-se-Ulqinit-2.jpg","contentUrl":"https:\/\/www.visit-ulcinj.com\/blog\/wp-content\/uploads\/2014\/04\/Dita-e-Komunes-se-Ulqinit-2.jpg","width":1000,"height":667},{"@type":"WebPage","@id":"https:\/\/www.visit-ulcinj.com\/blog\/2017\/03\/30\/nga-sot-fillon-dita-e-komunes-se-ulqinit-programi\/#webpage","url":"https:\/\/www.visit-ulcinj.com\/blog\/2017\/03\/30\/nga-sot-fillon-dita-e-komunes-se-ulqinit-programi\/","name":"Nga sot fillon Dita e Komun\u00ebs s\u00eb Ulqinit - Programi - Lajme nga Ulqini","isPartOf":{"@id":"https:\/\/www.visit-ulcinj.com\/blog\/#website"},"primaryImageOfPage":{"@id":"https:\/\/www.visit-ulcinj.com\/blog\/2017\/03\/30\/nga-sot-fillon-dita-e-komunes-se-ulqinit-programi\/#primaryimage"},"datePublished":"2017-03-30T06:05:42+00:00","dateModified":"2017-03-30T06:12:45+00:00","author":{"@id":"https:\/\/www.visit-ulcinj.com\/blog\/#\/schema\/person\/dcab619c614d3038751c63bc2aadc06d"},"description":"30 mars 2017, e enjt\u00eb 1.Hapja e tregut te ri ne Katerkolle, ora 8:30 Ndarja e bursave student\u00ebve t\u00eb dalluar, Sala e vog\u00ebl e Kabinetit, ora 10:00 Fillimi i","breadcrumb":{"@id":"https:\/\/www.visit-ulcinj.com\/blog\/2017\/03\/30\/nga-sot-fillon-dita-e-komunes-se-ulqinit-programi\/#breadcrumb"},"inLanguage":"en-US","potentialAction":[{"@type":"ReadAction","target":["https:\/\/www.visit-ulcinj.com\/blog\/2017\/03\/30\/nga-sot-fillon-dita-e-komunes-se-ulqinit-programi\/"]}]},{"@type":"BreadcrumbList","@id":"https:\/\/www.visit-ulcinj.com\/blog\/2017\/03\/30\/nga-sot-fillon-dita-e-komunes-se-ulqinit-programi\/#breadcrumb","itemListElement":[{"@type":"ListItem","position":1,"name":"Nga sot fillon Dita e Komun\u00ebs s\u00eb Ulqinit &#8211; Programi"}]},{"@type":"Person","@id":"https:\/\/www.visit-ulcinj.com\/blog\/#\/schema\/person\/dcab619c614d3038751c63bc2aadc06d","name":"ulqini","sameAs":["http:\/\/www.visit-ulcinj.com"],"url":"https:\/\/www.visit-ulcinj.com\/blog\/author\/admin\/"}]}},"jetpack_featured_media_url":"","jetpack_sharing_enabled":true,"jetpack_shortlink":"https:\/\/wp.me\/pe6lTn-r1c","_links":{"self":[{"href":"https:\/\/www.visit-ulcinj.com\/blog\/wp-json\/wp\/v2\/posts\/103862"}],"collection":[{"href":"https:\/\/www.visit-ulcinj.com\/blog\/wp-json\/wp\/v2\/posts"}],"about":[{"href":"https:\/\/www.visit-ulcinj.com\/blog\/wp-json\/wp\/v2\/types\/post"}],"author":[{"embeddable":true,"href":"https:\/\/www.visit-ulcinj.com\/blog\/wp-json\/wp\/v2\/users\/1"}],"replies":[{"embeddable":true,"href":"https:\/\/www.visit-ulcinj.com\/blog\/wp-json\/wp\/v2\/comments?post=103862"}],"version-history":[{"count":2,"href":"https:\/\/www.visit-ulcinj.com\/blog\/wp-json\/wp\/v2\/posts\/103862\/revisions"}],"predecessor-version":[{"id":103864,"href":"https:\/\/www.visit-ulcinj.com\/blog\/wp-json\/wp\/v2\/posts\/103862\/revisions\/103864"}],"wp:attachment":[{"href":"https:\/\/www.visit-ulcinj.com\/blog\/wp-json\/wp\/v2\/media?parent=103862"}],"wp:term":[{"taxonomy":"category","embeddable":true,"href":"https:\/\/www.visit-ulcinj.com\/blog\/wp-json\/wp\/v2\/categories?post=103862"},{"taxonomy":"post_tag","embeddable":true,"href":"https:\/\/www.visit-ulcinj.com\/blog\/wp-json\/wp\/v2\/tags?post=103862"}],"curies":[{"name":"wp","href":"https:\/\/api.w.org\/{rel}","templated":true}]}}