{"id":103867,"date":"2017-03-30T13:16:58","date_gmt":"2017-03-30T12:16:58","guid":{"rendered":"http:\/\/www.visit-ulcinj.com\/blog\/?p=103867"},"modified":"2017-03-31T22:29:38","modified_gmt":"2017-03-31T21:29:38","slug":"hapet-tregu-ri-fruta-perimeve-ne-ane-te-malit-foto","status":"publish","type":"post","link":"https:\/\/www.visit-ulcinj.com\/blog\/2017\/03\/30\/hapet-tregu-ri-fruta-perimeve-ne-ane-te-malit-foto\/","title":{"rendered":"Hapet tregu i ri i fruta-perimeve n\u00eb An\u00eb t\u00eb Malit + Foto"},"content":{"rendered":"<p><strong><a href=\"http:\/\/www.visit-ulcinj.com\/blog\/wp-content\/uploads\/2017\/03\/Hapet-tregu-i-ri-i-fruta-perimeve-n\u00eb-An\u00eb-t\u00eb-Malit.jpg\"><img loading=\"lazy\" class=\"alignleft wp-image-103868\" src=\"http:\/\/www.visit-ulcinj.com\/blog\/wp-content\/uploads\/2017\/03\/Hapet-tregu-i-ri-i-fruta-perimeve-n\u00eb-An\u00eb-t\u00eb-Malit.jpg\" alt=\"Hapet tregu i ri i fruta-perimeve n\u00eb An\u00eb t\u00eb Malit\" width=\"508\" height=\"338\" srcset=\"https:\/\/www.visit-ulcinj.com\/blog\/wp-content\/uploads\/2017\/03\/Hapet-tregu-i-ri-i-fruta-perimeve-n\u00eb-An\u00eb-t\u00eb-Malit.jpg 926w, https:\/\/www.visit-ulcinj.com\/blog\/wp-content\/uploads\/2017\/03\/Hapet-tregu-i-ri-i-fruta-perimeve-n\u00eb-An\u00eb-t\u00eb-Malit-300x200.jpg 300w, https:\/\/www.visit-ulcinj.com\/blog\/wp-content\/uploads\/2017\/03\/Hapet-tregu-i-ri-i-fruta-perimeve-n\u00eb-An\u00eb-t\u00eb-Malit-768x512.jpg 768w\" sizes=\"(max-width: 508px) 100vw, 508px\" \/><\/a>N<\/strong><strong>\u00eb An\u00eb t\u00eb Malit\u00a0 u hap tregu i ri <\/strong><\/p>\n<p>Ana e Malit\u00a0 tani e tutje do t\u00eb\u00a0 ket\u00eb tregun e ri. Fermer\u00ebt\u00a0 tani do t\u00eb\u00a0 tregtojn\u00eb\u00a0 produktet\u00a0 e tyre\u00a0 n\u00eb nj\u00eb\u00a0 treg\u00a0 q\u00eb p\u00ebrmbush\u00a0 kriteret dhe kushtet\u00a0 higjenike.<\/p>\n<p>Kjo do t\u00eb\u00a0 nd\u00ebrpres\u00eb dhe\u00a0 shitjen\u00a0 e artikujve\u00a0 n\u00eb rrug\u00eb.<\/p>\n<p>N\u00eb ceremonin\u00eb e rastit\u00a0 ishte\u00a0 i pranish\u00ebm dhe Kryetari\u00a0 i komun\u00ebs Nazif Cungu\u00a0 i cili\u00a0 n\u00eb takimin e drejt\u00ebp\u00ebrdrejt\u00eb me\u00a0 fermere dhe banor\u00eb paralajmeroi dhe\u00a0 investime t\u00eb tjera n\u00eb An\u00eb t\u00eb Malit<\/p>\n<p>Punimet \u00a0ne\u00a0 treg\u00a0 i ka zhvilluar NP,,Veprimtarite komunale,,<\/p>\n\n\t\t<style type=\"text\/css\">\n\t\t\t#gallery-1 {\n\t\t\t\tmargin: auto;\n\t\t\t}\n\t\t\t#gallery-1 .gallery-item {\n\t\t\t\tfloat: left;\n\t\t\t\tmargin-top: 10px;\n\t\t\t\ttext-align: center;\n\t\t\t\twidth: 33%;\n\t\t\t}\n\t\t\t#gallery-1 img {\n\t\t\t\tborder: 2px solid #cfcfcf;\n\t\t\t}\n\t\t\t#gallery-1 .gallery-caption {\n\t\t\t\tmargin-left: 0;\n\t\t\t}\n\t\t\t\/* see gallery_shortcode() in wp-includes\/media.php *\/\n\t\t<\/style>\n\t\t<div id='gallery-1' class='gallery galleryid-103867 gallery-columns-3 gallery-size-thumbnail'><dl class='gallery-item'>\n\t\t\t<dt class='gallery-icon landscape'>\n\t\t\t\t<a href='https:\/\/www.visit-ulcinj.com\/blog\/2017\/03\/30\/hapet-tregu-ri-fruta-perimeve-ne-ane-te-malit-foto\/hapet-tregu-i-ri-i-fruta-perimeve-ne-ane-te-malit-1\/'><img width=\"150\" height=\"150\" src=\"https:\/\/www.visit-ulcinj.com\/blog\/wp-content\/uploads\/2017\/03\/Hapet-tregu-i-ri-i-fruta-perimeve-n\u00eb-An\u00eb-t\u00eb-Malit-1-150x150.jpg\" class=\"attachment-thumbnail size-thumbnail\" alt=\"\" loading=\"lazy\" \/><\/a>\n\t\t\t<\/dt><\/dl><dl class='gallery-item'>\n\t\t\t<dt class='gallery-icon landscape'>\n\t\t\t\t<a href='https:\/\/www.visit-ulcinj.com\/blog\/2017\/03\/30\/hapet-tregu-ri-fruta-perimeve-ne-ane-te-malit-foto\/hapet-tregu-i-ri-i-fruta-perimeve-ne-ane-te-malit-2\/'><img width=\"150\" height=\"150\" src=\"https:\/\/www.visit-ulcinj.com\/blog\/wp-content\/uploads\/2017\/03\/Hapet-tregu-i-ri-i-fruta-perimeve-n\u00eb-An\u00eb-t\u00eb-Malit-2-150x150.jpg\" class=\"attachment-thumbnail size-thumbnail\" alt=\"\" loading=\"lazy\" \/><\/a>\n\t\t\t<\/dt><\/dl><dl class='gallery-item'>\n\t\t\t<dt class='gallery-icon landscape'>\n\t\t\t\t<a href='https:\/\/www.visit-ulcinj.com\/blog\/2017\/03\/30\/hapet-tregu-ri-fruta-perimeve-ne-ane-te-malit-foto\/hapet-tregu-i-ri-i-fruta-perimeve-ne-ane-te-malit-3\/'><img width=\"150\" height=\"150\" src=\"https:\/\/www.visit-ulcinj.com\/blog\/wp-content\/uploads\/2017\/03\/Hapet-tregu-i-ri-i-fruta-perimeve-n\u00eb-An\u00eb-t\u00eb-Malit-3-150x150.jpg\" class=\"attachment-thumbnail size-thumbnail\" alt=\"\" loading=\"lazy\" \/><\/a>\n\t\t\t<\/dt><\/dl><br style=\"clear: both\" \/><dl class='gallery-item'>\n\t\t\t<dt class='gallery-icon landscape'>\n\t\t\t\t<a href='https:\/\/www.visit-ulcinj.com\/blog\/2017\/03\/30\/hapet-tregu-ri-fruta-perimeve-ne-ane-te-malit-foto\/hapet-tregu-i-ri-i-fruta-perimeve-ne-ane-te-malit-4\/'><img width=\"150\" height=\"150\" src=\"https:\/\/www.visit-ulcinj.com\/blog\/wp-content\/uploads\/2017\/03\/Hapet-tregu-i-ri-i-fruta-perimeve-n\u00eb-An\u00eb-t\u00eb-Malit-4-150x150.jpg\" class=\"attachment-thumbnail size-thumbnail\" alt=\"\" loading=\"lazy\" \/><\/a>\n\t\t\t<\/dt><\/dl><dl class='gallery-item'>\n\t\t\t<dt class='gallery-icon landscape'>\n\t\t\t\t<a href='https:\/\/www.visit-ulcinj.com\/blog\/2017\/03\/30\/hapet-tregu-ri-fruta-perimeve-ne-ane-te-malit-foto\/hapet-tregu-i-ri-i-fruta-perimeve-ne-ane-te-malit-5\/'><img width=\"150\" height=\"150\" src=\"https:\/\/www.visit-ulcinj.com\/blog\/wp-content\/uploads\/2017\/03\/Hapet-tregu-i-ri-i-fruta-perimeve-n\u00eb-An\u00eb-t\u00eb-Malit-5-150x150.jpg\" class=\"attachment-thumbnail size-thumbnail\" alt=\"\" loading=\"lazy\" \/><\/a>\n\t\t\t<\/dt><\/dl><dl class='gallery-item'>\n\t\t\t<dt class='gallery-icon landscape'>\n\t\t\t\t<a href='https:\/\/www.visit-ulcinj.com\/blog\/2017\/03\/30\/hapet-tregu-ri-fruta-perimeve-ne-ane-te-malit-foto\/hapet-tregu-i-ri-i-fruta-perimeve-ne-ane-te-malit-6\/'><img width=\"150\" height=\"150\" src=\"https:\/\/www.visit-ulcinj.com\/blog\/wp-content\/uploads\/2017\/03\/Hapet-tregu-i-ri-i-fruta-perimeve-n\u00eb-An\u00eb-t\u00eb-Malit-6-150x150.jpg\" class=\"attachment-thumbnail size-thumbnail\" alt=\"\" loading=\"lazy\" \/><\/a>\n\t\t\t<\/dt><\/dl><br style=\"clear: both\" \/>\n\t\t<\/div>\n\n","protected":false},"excerpt":{"rendered":"<p>N\u00eb An\u00eb t\u00eb Malit\u00a0 u hap tregu i ri Ana e Malit\u00a0 tani e tutje do t\u00eb\u00a0 ket\u00eb tregun e ri. Fermer\u00ebt\u00a0 tani do t\u00eb\u00a0 tregtojn\u00eb\u00a0 produktet\u00a0 e tyre\u00a0 n\u00eb nj\u00eb\u00a0 treg\u00a0 q\u00eb p\u00ebrmbush\u00a0 kriteret dhe kushtet\u00a0 higjenike. Kjo do t\u00eb\u00a0 nd\u00ebrpres\u00eb dhe\u00a0 shitjen\u00a0 e artikujve\u00a0 n\u00eb rrug\u00eb. N\u00eb ceremonin\u00eb e rastit\u00a0 ishte\u00a0 i pranish\u00ebm [&hellip;]<\/p>\n","protected":false},"author":1,"featured_media":0,"comment_status":"closed","ping_status":"closed","sticky":false,"template":"","format":"standard","meta":{"spay_email":"","jetpack_publicize_message":"","jetpack_is_tweetstorm":false,"jetpack_publicize_feature_enabled":true},"categories":[1,11],"tags":[],"jetpack_publicize_connections":[],"yoast_head":"<!-- This site is optimized with the Yoast SEO plugin v19.1 - https:\/\/yoast.com\/wordpress\/plugins\/seo\/ -->\n<title>Hapet tregu i ri i fruta-perimeve n\u00eb An\u00eb t\u00eb Malit + Foto - Lajme nga Ulqini<\/title>\n<meta name=\"description\" content=\"N\u00eb An\u00eb t\u00eb Malit\u00a0 u hap tregu i ri Ana e Malit\u00a0 tani e tutje do t\u00eb\u00a0 ket\u00eb tregun e ri. Fermer\u00ebt\u00a0 tani do t\u00eb\u00a0 tregtojn\u00eb\u00a0 produktet\u00a0 e tyre\u00a0 n\u00eb nj\u00eb\u00a0 treg\u00a0 q\u00eb\" \/>\n<meta name=\"robots\" content=\"index, follow, max-snippet:-1, max-image-preview:large, max-video-preview:-1\" \/>\n<link rel=\"canonical\" href=\"https:\/\/www.visit-ulcinj.com\/blog\/2017\/03\/30\/hapet-tregu-ri-fruta-perimeve-ne-ane-te-malit-foto\/\" \/>\n<meta property=\"og:locale\" content=\"en_US\" \/>\n<meta property=\"og:type\" content=\"article\" \/>\n<meta property=\"og:title\" content=\"Hapet tregu i ri i fruta-perimeve n\u00eb An\u00eb t\u00eb Malit + Foto - Lajme nga Ulqini\" \/>\n<meta property=\"og:description\" content=\"N\u00eb An\u00eb t\u00eb Malit\u00a0 u hap tregu i ri Ana e Malit\u00a0 tani e tutje do t\u00eb\u00a0 ket\u00eb tregun e ri. Fermer\u00ebt\u00a0 tani do t\u00eb\u00a0 tregtojn\u00eb\u00a0 produktet\u00a0 e tyre\u00a0 n\u00eb nj\u00eb\u00a0 treg\u00a0 q\u00eb\" \/>\n<meta property=\"og:url\" content=\"https:\/\/www.visit-ulcinj.com\/blog\/2017\/03\/30\/hapet-tregu-ri-fruta-perimeve-ne-ane-te-malit-foto\/\" \/>\n<meta property=\"og:site_name\" content=\"Lajme nga Ulqini\" \/>\n<meta property=\"article:published_time\" content=\"2017-03-30T12:16:58+00:00\" \/>\n<meta property=\"article:modified_time\" content=\"2017-03-31T21:29:38+00:00\" \/>\n<meta property=\"og:image\" content=\"https:\/\/www.visit-ulcinj.com\/blog\/wp-content\/uploads\/2017\/03\/Hapet-tregu-i-ri-i-fruta-perimeve-n\u00eb-An\u00eb-t\u00eb-Malit-1-150x150.jpg\" \/>\n<meta name=\"twitter:label1\" content=\"Written by\" \/>\n\t<meta name=\"twitter:data1\" content=\"ulqini\" \/>\n<script type=\"application\/ld+json\" class=\"yoast-schema-graph\">{\"@context\":\"https:\/\/schema.org\",\"@graph\":[{\"@type\":\"WebSite\",\"@id\":\"https:\/\/www.visit-ulcinj.com\/blog\/#website\",\"url\":\"https:\/\/www.visit-ulcinj.com\/blog\/\",\"name\":\"Lajme nga Ulqini\",\"description\":\"Lajme,Vijesti,Ulqini,Ulqin,Crna Gora,Mali i Zi\",\"potentialAction\":[{\"@type\":\"SearchAction\",\"target\":{\"@type\":\"EntryPoint\",\"urlTemplate\":\"https:\/\/www.visit-ulcinj.com\/blog\/?s={search_term_string}\"},\"query-input\":\"required name=search_term_string\"}],\"inLanguage\":\"en-US\"},{\"@type\":\"WebPage\",\"@id\":\"https:\/\/www.visit-ulcinj.com\/blog\/2017\/03\/30\/hapet-tregu-ri-fruta-perimeve-ne-ane-te-malit-foto\/#webpage\",\"url\":\"https:\/\/www.visit-ulcinj.com\/blog\/2017\/03\/30\/hapet-tregu-ri-fruta-perimeve-ne-ane-te-malit-foto\/\",\"name\":\"Hapet tregu i ri i fruta-perimeve n\u00eb An\u00eb t\u00eb Malit + Foto - Lajme nga Ulqini\",\"isPartOf\":{\"@id\":\"https:\/\/www.visit-ulcinj.com\/blog\/#website\"},\"datePublished\":\"2017-03-30T12:16:58+00:00\",\"dateModified\":\"2017-03-31T21:29:38+00:00\",\"author\":{\"@id\":\"https:\/\/www.visit-ulcinj.com\/blog\/#\/schema\/person\/dcab619c614d3038751c63bc2aadc06d\"},\"description\":\"N\u00eb An\u00eb t\u00eb Malit\u00a0 u hap tregu i ri Ana e Malit\u00a0 tani e tutje do t\u00eb\u00a0 ket\u00eb tregun e ri. Fermer\u00ebt\u00a0 tani do t\u00eb\u00a0 tregtojn\u00eb\u00a0 produktet\u00a0 e tyre\u00a0 n\u00eb nj\u00eb\u00a0 treg\u00a0 q\u00eb\",\"breadcrumb\":{\"@id\":\"https:\/\/www.visit-ulcinj.com\/blog\/2017\/03\/30\/hapet-tregu-ri-fruta-perimeve-ne-ane-te-malit-foto\/#breadcrumb\"},\"inLanguage\":\"en-US\",\"potentialAction\":[{\"@type\":\"ReadAction\",\"target\":[\"https:\/\/www.visit-ulcinj.com\/blog\/2017\/03\/30\/hapet-tregu-ri-fruta-perimeve-ne-ane-te-malit-foto\/\"]}]},{\"@type\":\"BreadcrumbList\",\"@id\":\"https:\/\/www.visit-ulcinj.com\/blog\/2017\/03\/30\/hapet-tregu-ri-fruta-perimeve-ne-ane-te-malit-foto\/#breadcrumb\",\"itemListElement\":[{\"@type\":\"ListItem\",\"position\":1,\"name\":\"Hapet tregu i ri i fruta-perimeve n\u00eb An\u00eb t\u00eb Malit + Foto\"}]},{\"@type\":\"Person\",\"@id\":\"https:\/\/www.visit-ulcinj.com\/blog\/#\/schema\/person\/dcab619c614d3038751c63bc2aadc06d\",\"name\":\"ulqini\",\"sameAs\":[\"http:\/\/www.visit-ulcinj.com\"],\"url\":\"https:\/\/www.visit-ulcinj.com\/blog\/author\/admin\/\"}]}<\/script>\n<!-- \/ Yoast SEO plugin. -->","yoast_head_json":{"title":"Hapet tregu i ri i fruta-perimeve n\u00eb An\u00eb t\u00eb Malit + Foto - Lajme nga Ulqini","description":"N\u00eb An\u00eb t\u00eb Malit\u00a0 u hap tregu i ri Ana e Malit\u00a0 tani e tutje do t\u00eb\u00a0 ket\u00eb tregun e ri. Fermer\u00ebt\u00a0 tani do t\u00eb\u00a0 tregtojn\u00eb\u00a0 produktet\u00a0 e tyre\u00a0 n\u00eb nj\u00eb\u00a0 treg\u00a0 q\u00eb","robots":{"index":"index","follow":"follow","max-snippet":"max-snippet:-1","max-image-preview":"max-image-preview:large","max-video-preview":"max-video-preview:-1"},"canonical":"https:\/\/www.visit-ulcinj.com\/blog\/2017\/03\/30\/hapet-tregu-ri-fruta-perimeve-ne-ane-te-malit-foto\/","og_locale":"en_US","og_type":"article","og_title":"Hapet tregu i ri i fruta-perimeve n\u00eb An\u00eb t\u00eb Malit + Foto - Lajme nga Ulqini","og_description":"N\u00eb An\u00eb t\u00eb Malit\u00a0 u hap tregu i ri Ana e Malit\u00a0 tani e tutje do t\u00eb\u00a0 ket\u00eb tregun e ri. Fermer\u00ebt\u00a0 tani do t\u00eb\u00a0 tregtojn\u00eb\u00a0 produktet\u00a0 e tyre\u00a0 n\u00eb nj\u00eb\u00a0 treg\u00a0 q\u00eb","og_url":"https:\/\/www.visit-ulcinj.com\/blog\/2017\/03\/30\/hapet-tregu-ri-fruta-perimeve-ne-ane-te-malit-foto\/","og_site_name":"Lajme nga Ulqini","article_published_time":"2017-03-30T12:16:58+00:00","article_modified_time":"2017-03-31T21:29:38+00:00","og_image":[{"url":"https:\/\/www.visit-ulcinj.com\/blog\/wp-content\/uploads\/2017\/03\/Hapet-tregu-i-ri-i-fruta-perimeve-n\u00eb-An\u00eb-t\u00eb-Malit-1-150x150.jpg"}],"twitter_misc":{"Written by":"ulqini"},"schema":{"@context":"https:\/\/schema.org","@graph":[{"@type":"WebSite","@id":"https:\/\/www.visit-ulcinj.com\/blog\/#website","url":"https:\/\/www.visit-ulcinj.com\/blog\/","name":"Lajme nga Ulqini","description":"Lajme,Vijesti,Ulqini,Ulqin,Crna Gora,Mali i Zi","potentialAction":[{"@type":"SearchAction","target":{"@type":"EntryPoint","urlTemplate":"https:\/\/www.visit-ulcinj.com\/blog\/?s={search_term_string}"},"query-input":"required name=search_term_string"}],"inLanguage":"en-US"},{"@type":"WebPage","@id":"https:\/\/www.visit-ulcinj.com\/blog\/2017\/03\/30\/hapet-tregu-ri-fruta-perimeve-ne-ane-te-malit-foto\/#webpage","url":"https:\/\/www.visit-ulcinj.com\/blog\/2017\/03\/30\/hapet-tregu-ri-fruta-perimeve-ne-ane-te-malit-foto\/","name":"Hapet tregu i ri i fruta-perimeve n\u00eb An\u00eb t\u00eb Malit + Foto - Lajme nga Ulqini","isPartOf":{"@id":"https:\/\/www.visit-ulcinj.com\/blog\/#website"},"datePublished":"2017-03-30T12:16:58+00:00","dateModified":"2017-03-31T21:29:38+00:00","author":{"@id":"https:\/\/www.visit-ulcinj.com\/blog\/#\/schema\/person\/dcab619c614d3038751c63bc2aadc06d"},"description":"N\u00eb An\u00eb t\u00eb Malit\u00a0 u hap tregu i ri Ana e Malit\u00a0 tani e tutje do t\u00eb\u00a0 ket\u00eb tregun e ri. Fermer\u00ebt\u00a0 tani do t\u00eb\u00a0 tregtojn\u00eb\u00a0 produktet\u00a0 e tyre\u00a0 n\u00eb nj\u00eb\u00a0 treg\u00a0 q\u00eb","breadcrumb":{"@id":"https:\/\/www.visit-ulcinj.com\/blog\/2017\/03\/30\/hapet-tregu-ri-fruta-perimeve-ne-ane-te-malit-foto\/#breadcrumb"},"inLanguage":"en-US","potentialAction":[{"@type":"ReadAction","target":["https:\/\/www.visit-ulcinj.com\/blog\/2017\/03\/30\/hapet-tregu-ri-fruta-perimeve-ne-ane-te-malit-foto\/"]}]},{"@type":"BreadcrumbList","@id":"https:\/\/www.visit-ulcinj.com\/blog\/2017\/03\/30\/hapet-tregu-ri-fruta-perimeve-ne-ane-te-malit-foto\/#breadcrumb","itemListElement":[{"@type":"ListItem","position":1,"name":"Hapet tregu i ri i fruta-perimeve n\u00eb An\u00eb t\u00eb Malit + Foto"}]},{"@type":"Person","@id":"https:\/\/www.visit-ulcinj.com\/blog\/#\/schema\/person\/dcab619c614d3038751c63bc2aadc06d","name":"ulqini","sameAs":["http:\/\/www.visit-ulcinj.com"],"url":"https:\/\/www.visit-ulcinj.com\/blog\/author\/admin\/"}]}},"jetpack_featured_media_url":"","jetpack_sharing_enabled":true,"jetpack_shortlink":"https:\/\/wp.me\/pe6lTn-r1h","_links":{"self":[{"href":"https:\/\/www.visit-ulcinj.com\/blog\/wp-json\/wp\/v2\/posts\/103867"}],"collection":[{"href":"https:\/\/www.visit-ulcinj.com\/blog\/wp-json\/wp\/v2\/posts"}],"about":[{"href":"https:\/\/www.visit-ulcinj.com\/blog\/wp-json\/wp\/v2\/types\/post"}],"author":[{"embeddable":true,"href":"https:\/\/www.visit-ulcinj.com\/blog\/wp-json\/wp\/v2\/users\/1"}],"replies":[{"embeddable":true,"href":"https:\/\/www.visit-ulcinj.com\/blog\/wp-json\/wp\/v2\/comments?post=103867"}],"version-history":[{"count":1,"href":"https:\/\/www.visit-ulcinj.com\/blog\/wp-json\/wp\/v2\/posts\/103867\/revisions"}],"predecessor-version":[{"id":103875,"href":"https:\/\/www.visit-ulcinj.com\/blog\/wp-json\/wp\/v2\/posts\/103867\/revisions\/103875"}],"wp:attachment":[{"href":"https:\/\/www.visit-ulcinj.com\/blog\/wp-json\/wp\/v2\/media?parent=103867"}],"wp:term":[{"taxonomy":"category","embeddable":true,"href":"https:\/\/www.visit-ulcinj.com\/blog\/wp-json\/wp\/v2\/categories?post=103867"},{"taxonomy":"post_tag","embeddable":true,"href":"https:\/\/www.visit-ulcinj.com\/blog\/wp-json\/wp\/v2\/tags?post=103867"}],"curies":[{"name":"wp","href":"https:\/\/api.w.org\/{rel}","templated":true}]}}