{"id":103876,"date":"2017-03-30T13:27:03","date_gmt":"2017-03-30T12:27:03","guid":{"rendered":"http:\/\/www.visit-ulcinj.com\/blog\/?p=103876"},"modified":"2017-03-31T06:50:43","modified_gmt":"2017-03-31T05:50:43","slug":"filluan-aktivitetet-per-shenimin-e-dites-se-ulqinit","status":"publish","type":"post","link":"https:\/\/www.visit-ulcinj.com\/blog\/2017\/03\/30\/filluan-aktivitetet-per-shenimin-e-dites-se-ulqinit\/","title":{"rendered":"Filluan aktivitetet p\u00ebr sh\u00ebnimin e Dit\u00ebs s\u00eb Ulqinit"},"content":{"rendered":"<p><strong><a href=\"http:\/\/www.visit-ulcinj.com\/blog\/wp-content\/uploads\/2017\/03\/Fillon-Dita-e-Komun\u00ebs-s\u00eb-Ulqinit.jpg\"><img loading=\"lazy\" class=\"alignleft wp-image-103878\" src=\"http:\/\/www.visit-ulcinj.com\/blog\/wp-content\/uploads\/2017\/03\/Fillon-Dita-e-Komun\u00ebs-s\u00eb-Ulqinit.jpg\" alt=\"Fillon Dita e Komun\u00ebs s\u00eb Ulqinit\" width=\"508\" height=\"339\" srcset=\"https:\/\/www.visit-ulcinj.com\/blog\/wp-content\/uploads\/2017\/03\/Fillon-Dita-e-Komun\u00ebs-s\u00eb-Ulqinit.jpg 999w, https:\/\/www.visit-ulcinj.com\/blog\/wp-content\/uploads\/2017\/03\/Fillon-Dita-e-Komun\u00ebs-s\u00eb-Ulqinit-300x200.jpg 300w, https:\/\/www.visit-ulcinj.com\/blog\/wp-content\/uploads\/2017\/03\/Fillon-Dita-e-Komun\u00ebs-s\u00eb-Ulqinit-768x512.jpg 768w\" sizes=\"(max-width: 508px) 100vw, 508px\" \/><\/a>Siparin e aktiviteteve kulturore e hapi Festivali\u00a0nd\u00ebrkomb\u00ebtar i gruas krijuese, aktivitet q\u00eb\u00a0e organizon p\u00ebr\u00a0\u00e7do vit OJQ\u00a0 ,,Harmonia,,.<\/strong><\/p>\n<p>Edhe k\u00ebt\u00eb vit Festivali tuboi\u00a0nj\u00eb num\u00ebr t\u00eb madh t\u00eb krijueseve\u00a0t\u00eb cilat me dijet e thella, m\u00ebnjet krijuese\u00a0dhe virtytet\u00a0 e larta\u00a0morale\u00a0dhe shpirt\u00ebrore\u00a0 e shtyjn\u00eb shoq\u00eberin\u00eb p\u00ebrpara. Organizatori me aktivitet t\u00eb k\u00ebtij lloji\u00a0ka p\u00ebr q\u00ebllim t\u00eb vler\u00ebsoj\u00eb k\u00ebt\u00eb forc\u00eb t\u00eb madhe krijuese, ku lexuesi\u00a0p\u00ebrher\u00eb\u00a0ka gjetur dhe gjen\u00a0bukurin\u00eb e shpirtit\u00a0dhe sinqeritetin e \u00ebndrr\u00ebs.<\/p>\n\n\t\t<style type=\"text\/css\">\n\t\t\t#gallery-1 {\n\t\t\t\tmargin: auto;\n\t\t\t}\n\t\t\t#gallery-1 .gallery-item {\n\t\t\t\tfloat: left;\n\t\t\t\tmargin-top: 10px;\n\t\t\t\ttext-align: center;\n\t\t\t\twidth: 33%;\n\t\t\t}\n\t\t\t#gallery-1 img {\n\t\t\t\tborder: 2px solid #cfcfcf;\n\t\t\t}\n\t\t\t#gallery-1 .gallery-caption {\n\t\t\t\tmargin-left: 0;\n\t\t\t}\n\t\t\t\/* see gallery_shortcode() in wp-includes\/media.php *\/\n\t\t<\/style>\n\t\t<div id='gallery-1' class='gallery galleryid-103876 gallery-columns-3 gallery-size-thumbnail'><dl class='gallery-item'>\n\t\t\t<dt class='gallery-icon landscape'>\n\t\t\t\t<a href='https:\/\/www.visit-ulcinj.com\/blog\/2017\/03\/30\/filluan-aktivitetet-per-shenimin-e-dites-se-ulqinit\/festivali-nderkombetar-i-gruas-krijuese-ulqin-2017\/'><img width=\"150\" height=\"150\" src=\"https:\/\/www.visit-ulcinj.com\/blog\/wp-content\/uploads\/2017\/03\/Festivali-nd\u00ebrkomb\u00ebtar-i-gruas-krijuese-Ulqin-2017-150x150.jpg\" class=\"attachment-thumbnail size-thumbnail\" alt=\"\" loading=\"lazy\" \/><\/a>\n\t\t\t<\/dt><\/dl><dl class='gallery-item'>\n\t\t\t<dt class='gallery-icon landscape'>\n\t\t\t\t<a href='https:\/\/www.visit-ulcinj.com\/blog\/2017\/03\/30\/filluan-aktivitetet-per-shenimin-e-dites-se-ulqinit\/festivali-nderkombetar-i-gruas-krijuese-ulqin-2017-1\/'><img width=\"150\" height=\"150\" src=\"https:\/\/www.visit-ulcinj.com\/blog\/wp-content\/uploads\/2017\/03\/Festivali-nd\u00ebrkomb\u00ebtar-i-gruas-krijuese-Ulqin-2017-1-150x150.jpg\" class=\"attachment-thumbnail size-thumbnail\" alt=\"\" loading=\"lazy\" \/><\/a>\n\t\t\t<\/dt><\/dl><dl class='gallery-item'>\n\t\t\t<dt class='gallery-icon landscape'>\n\t\t\t\t<a href='https:\/\/www.visit-ulcinj.com\/blog\/2017\/03\/30\/filluan-aktivitetet-per-shenimin-e-dites-se-ulqinit\/festivali-nderkombetar-i-gruas-krijuese-ulqin-2017-2\/'><img width=\"150\" height=\"150\" src=\"https:\/\/www.visit-ulcinj.com\/blog\/wp-content\/uploads\/2017\/03\/Festivali-nd\u00ebrkomb\u00ebtar-i-gruas-krijuese-Ulqin-2017-2-150x150.jpg\" class=\"attachment-thumbnail size-thumbnail\" alt=\"\" loading=\"lazy\" \/><\/a>\n\t\t\t<\/dt><\/dl><br style=\"clear: both\" \/><dl class='gallery-item'>\n\t\t\t<dt class='gallery-icon landscape'>\n\t\t\t\t<a href='https:\/\/www.visit-ulcinj.com\/blog\/2017\/03\/30\/filluan-aktivitetet-per-shenimin-e-dites-se-ulqinit\/festivali-nderkombetar-i-gruas-krijuese-ulqin-2017-3\/'><img width=\"150\" height=\"150\" src=\"https:\/\/www.visit-ulcinj.com\/blog\/wp-content\/uploads\/2017\/03\/Festivali-nd\u00ebrkomb\u00ebtar-i-gruas-krijuese-Ulqin-2017-3-150x150.jpg\" class=\"attachment-thumbnail size-thumbnail\" alt=\"\" loading=\"lazy\" \/><\/a>\n\t\t\t<\/dt><\/dl><dl class='gallery-item'>\n\t\t\t<dt class='gallery-icon landscape'>\n\t\t\t\t<a href='https:\/\/www.visit-ulcinj.com\/blog\/2017\/03\/30\/filluan-aktivitetet-per-shenimin-e-dites-se-ulqinit\/festivali-nderkombetar-i-gruas-krijuese-ulqin-2017-4\/'><img width=\"150\" height=\"150\" src=\"https:\/\/www.visit-ulcinj.com\/blog\/wp-content\/uploads\/2017\/03\/Festivali-nd\u00ebrkomb\u00ebtar-i-gruas-krijuese-Ulqin-2017-4-150x150.jpg\" class=\"attachment-thumbnail size-thumbnail\" alt=\"\" loading=\"lazy\" \/><\/a>\n\t\t\t<\/dt><\/dl><dl class='gallery-item'>\n\t\t\t<dt class='gallery-icon landscape'>\n\t\t\t\t<a href='https:\/\/www.visit-ulcinj.com\/blog\/2017\/03\/30\/filluan-aktivitetet-per-shenimin-e-dites-se-ulqinit\/festivali-nderkombetar-i-gruas-krijuese-ulqin-2017-ibrahim-berjashi\/'><img width=\"150\" height=\"150\" src=\"https:\/\/www.visit-ulcinj.com\/blog\/wp-content\/uploads\/2017\/03\/Festivali-nd\u00ebrkomb\u00ebtar-i-gruas-krijuese-Ulqin-2017-Ibrahim-Berjashi-150x150.jpg\" class=\"attachment-thumbnail size-thumbnail\" alt=\"\" loading=\"lazy\" \/><\/a>\n\t\t\t<\/dt><\/dl><br style=\"clear: both\" \/>\n\t\t<\/div>\n\n","protected":false},"excerpt":{"rendered":"<p>Siparin e aktiviteteve kulturore e hapi Festivali\u00a0nd\u00ebrkomb\u00ebtar i gruas krijuese, aktivitet q\u00eb\u00a0e organizon p\u00ebr\u00a0\u00e7do vit OJQ\u00a0 ,,Harmonia,,. Edhe k\u00ebt\u00eb vit Festivali tuboi\u00a0nj\u00eb num\u00ebr t\u00eb madh t\u00eb krijueseve\u00a0t\u00eb cilat me dijet e thella, m\u00ebnjet krijuese\u00a0dhe virtytet\u00a0 e larta\u00a0morale\u00a0dhe shpirt\u00ebrore\u00a0 e shtyjn\u00eb shoq\u00eberin\u00eb p\u00ebrpara. Organizatori me aktivitet t\u00eb k\u00ebtij lloji\u00a0ka p\u00ebr q\u00ebllim t\u00eb vler\u00ebsoj\u00eb k\u00ebt\u00eb forc\u00eb t\u00eb [&hellip;]<\/p>\n","protected":false},"author":1,"featured_media":0,"comment_status":"closed","ping_status":"closed","sticky":false,"template":"","format":"standard","meta":{"spay_email":"","jetpack_publicize_message":"","jetpack_is_tweetstorm":false,"jetpack_publicize_feature_enabled":true},"categories":[4],"tags":[],"jetpack_publicize_connections":[],"yoast_head":"<!-- This site is optimized with the Yoast SEO plugin v19.1 - https:\/\/yoast.com\/wordpress\/plugins\/seo\/ -->\n<title>Filluan aktivitetet p\u00ebr sh\u00ebnimin e Dit\u00ebs s\u00eb Ulqinit - Lajme nga Ulqini<\/title>\n<meta name=\"description\" content=\"Siparin e aktiviteteve kulturore e hapi Festivali\u00a0nd\u00ebrkomb\u00ebtar i gruas krijuese, aktivitet q\u00eb\u00a0e organizon p\u00ebr\u00a0\u00e7do vit OJQ\u00a0 ,,Harmonia,,. Edhe k\u00ebt\u00eb vit\" \/>\n<meta name=\"robots\" content=\"index, follow, max-snippet:-1, max-image-preview:large, max-video-preview:-1\" \/>\n<link rel=\"canonical\" href=\"https:\/\/www.visit-ulcinj.com\/blog\/2017\/03\/30\/filluan-aktivitetet-per-shenimin-e-dites-se-ulqinit\/\" \/>\n<meta property=\"og:locale\" content=\"en_US\" \/>\n<meta property=\"og:type\" content=\"article\" \/>\n<meta property=\"og:title\" content=\"Filluan aktivitetet p\u00ebr sh\u00ebnimin e Dit\u00ebs s\u00eb Ulqinit - Lajme nga Ulqini\" \/>\n<meta property=\"og:description\" content=\"Siparin e aktiviteteve kulturore e hapi Festivali\u00a0nd\u00ebrkomb\u00ebtar i gruas krijuese, aktivitet q\u00eb\u00a0e organizon p\u00ebr\u00a0\u00e7do vit OJQ\u00a0 ,,Harmonia,,. Edhe k\u00ebt\u00eb vit\" \/>\n<meta property=\"og:url\" content=\"https:\/\/www.visit-ulcinj.com\/blog\/2017\/03\/30\/filluan-aktivitetet-per-shenimin-e-dites-se-ulqinit\/\" \/>\n<meta property=\"og:site_name\" content=\"Lajme nga Ulqini\" \/>\n<meta property=\"article:published_time\" content=\"2017-03-30T12:27:03+00:00\" \/>\n<meta property=\"article:modified_time\" content=\"2017-03-31T05:50:43+00:00\" \/>\n<meta property=\"og:image\" content=\"https:\/\/www.visit-ulcinj.com\/blog\/wp-content\/uploads\/2017\/03\/Festivali-nd\u00ebrkomb\u00ebtar-i-gruas-krijuese-Ulqin-2017-150x150.jpg\" \/>\n<meta name=\"twitter:label1\" content=\"Written by\" \/>\n\t<meta name=\"twitter:data1\" content=\"ulqini\" \/>\n<script type=\"application\/ld+json\" class=\"yoast-schema-graph\">{\"@context\":\"https:\/\/schema.org\",\"@graph\":[{\"@type\":\"WebSite\",\"@id\":\"https:\/\/www.visit-ulcinj.com\/blog\/#website\",\"url\":\"https:\/\/www.visit-ulcinj.com\/blog\/\",\"name\":\"Lajme nga Ulqini\",\"description\":\"Lajme,Vijesti,Ulqini,Ulqin,Crna Gora,Mali i Zi\",\"potentialAction\":[{\"@type\":\"SearchAction\",\"target\":{\"@type\":\"EntryPoint\",\"urlTemplate\":\"https:\/\/www.visit-ulcinj.com\/blog\/?s={search_term_string}\"},\"query-input\":\"required name=search_term_string\"}],\"inLanguage\":\"en-US\"},{\"@type\":\"WebPage\",\"@id\":\"https:\/\/www.visit-ulcinj.com\/blog\/2017\/03\/30\/filluan-aktivitetet-per-shenimin-e-dites-se-ulqinit\/#webpage\",\"url\":\"https:\/\/www.visit-ulcinj.com\/blog\/2017\/03\/30\/filluan-aktivitetet-per-shenimin-e-dites-se-ulqinit\/\",\"name\":\"Filluan aktivitetet p\u00ebr sh\u00ebnimin e Dit\u00ebs s\u00eb Ulqinit - Lajme nga Ulqini\",\"isPartOf\":{\"@id\":\"https:\/\/www.visit-ulcinj.com\/blog\/#website\"},\"datePublished\":\"2017-03-30T12:27:03+00:00\",\"dateModified\":\"2017-03-31T05:50:43+00:00\",\"author\":{\"@id\":\"https:\/\/www.visit-ulcinj.com\/blog\/#\/schema\/person\/dcab619c614d3038751c63bc2aadc06d\"},\"description\":\"Siparin e aktiviteteve kulturore e hapi Festivali\u00a0nd\u00ebrkomb\u00ebtar i gruas krijuese, aktivitet q\u00eb\u00a0e organizon p\u00ebr\u00a0\u00e7do vit OJQ\u00a0 ,,Harmonia,,. Edhe k\u00ebt\u00eb vit\",\"breadcrumb\":{\"@id\":\"https:\/\/www.visit-ulcinj.com\/blog\/2017\/03\/30\/filluan-aktivitetet-per-shenimin-e-dites-se-ulqinit\/#breadcrumb\"},\"inLanguage\":\"en-US\",\"potentialAction\":[{\"@type\":\"ReadAction\",\"target\":[\"https:\/\/www.visit-ulcinj.com\/blog\/2017\/03\/30\/filluan-aktivitetet-per-shenimin-e-dites-se-ulqinit\/\"]}]},{\"@type\":\"BreadcrumbList\",\"@id\":\"https:\/\/www.visit-ulcinj.com\/blog\/2017\/03\/30\/filluan-aktivitetet-per-shenimin-e-dites-se-ulqinit\/#breadcrumb\",\"itemListElement\":[{\"@type\":\"ListItem\",\"position\":1,\"name\":\"Filluan aktivitetet p\u00ebr sh\u00ebnimin e Dit\u00ebs s\u00eb Ulqinit\"}]},{\"@type\":\"Person\",\"@id\":\"https:\/\/www.visit-ulcinj.com\/blog\/#\/schema\/person\/dcab619c614d3038751c63bc2aadc06d\",\"name\":\"ulqini\",\"sameAs\":[\"http:\/\/www.visit-ulcinj.com\"],\"url\":\"https:\/\/www.visit-ulcinj.com\/blog\/author\/admin\/\"}]}<\/script>\n<!-- \/ Yoast SEO plugin. -->","yoast_head_json":{"title":"Filluan aktivitetet p\u00ebr sh\u00ebnimin e Dit\u00ebs s\u00eb Ulqinit - Lajme nga Ulqini","description":"Siparin e aktiviteteve kulturore e hapi Festivali\u00a0nd\u00ebrkomb\u00ebtar i gruas krijuese, aktivitet q\u00eb\u00a0e organizon p\u00ebr\u00a0\u00e7do vit OJQ\u00a0 ,,Harmonia,,. Edhe k\u00ebt\u00eb vit","robots":{"index":"index","follow":"follow","max-snippet":"max-snippet:-1","max-image-preview":"max-image-preview:large","max-video-preview":"max-video-preview:-1"},"canonical":"https:\/\/www.visit-ulcinj.com\/blog\/2017\/03\/30\/filluan-aktivitetet-per-shenimin-e-dites-se-ulqinit\/","og_locale":"en_US","og_type":"article","og_title":"Filluan aktivitetet p\u00ebr sh\u00ebnimin e Dit\u00ebs s\u00eb Ulqinit - Lajme nga Ulqini","og_description":"Siparin e aktiviteteve kulturore e hapi Festivali\u00a0nd\u00ebrkomb\u00ebtar i gruas krijuese, aktivitet q\u00eb\u00a0e organizon p\u00ebr\u00a0\u00e7do vit OJQ\u00a0 ,,Harmonia,,. Edhe k\u00ebt\u00eb vit","og_url":"https:\/\/www.visit-ulcinj.com\/blog\/2017\/03\/30\/filluan-aktivitetet-per-shenimin-e-dites-se-ulqinit\/","og_site_name":"Lajme nga Ulqini","article_published_time":"2017-03-30T12:27:03+00:00","article_modified_time":"2017-03-31T05:50:43+00:00","og_image":[{"url":"https:\/\/www.visit-ulcinj.com\/blog\/wp-content\/uploads\/2017\/03\/Festivali-nd\u00ebrkomb\u00ebtar-i-gruas-krijuese-Ulqin-2017-150x150.jpg"}],"twitter_misc":{"Written by":"ulqini"},"schema":{"@context":"https:\/\/schema.org","@graph":[{"@type":"WebSite","@id":"https:\/\/www.visit-ulcinj.com\/blog\/#website","url":"https:\/\/www.visit-ulcinj.com\/blog\/","name":"Lajme nga Ulqini","description":"Lajme,Vijesti,Ulqini,Ulqin,Crna Gora,Mali i Zi","potentialAction":[{"@type":"SearchAction","target":{"@type":"EntryPoint","urlTemplate":"https:\/\/www.visit-ulcinj.com\/blog\/?s={search_term_string}"},"query-input":"required name=search_term_string"}],"inLanguage":"en-US"},{"@type":"WebPage","@id":"https:\/\/www.visit-ulcinj.com\/blog\/2017\/03\/30\/filluan-aktivitetet-per-shenimin-e-dites-se-ulqinit\/#webpage","url":"https:\/\/www.visit-ulcinj.com\/blog\/2017\/03\/30\/filluan-aktivitetet-per-shenimin-e-dites-se-ulqinit\/","name":"Filluan aktivitetet p\u00ebr sh\u00ebnimin e Dit\u00ebs s\u00eb Ulqinit - Lajme nga Ulqini","isPartOf":{"@id":"https:\/\/www.visit-ulcinj.com\/blog\/#website"},"datePublished":"2017-03-30T12:27:03+00:00","dateModified":"2017-03-31T05:50:43+00:00","author":{"@id":"https:\/\/www.visit-ulcinj.com\/blog\/#\/schema\/person\/dcab619c614d3038751c63bc2aadc06d"},"description":"Siparin e aktiviteteve kulturore e hapi Festivali\u00a0nd\u00ebrkomb\u00ebtar i gruas krijuese, aktivitet q\u00eb\u00a0e organizon p\u00ebr\u00a0\u00e7do vit OJQ\u00a0 ,,Harmonia,,. Edhe k\u00ebt\u00eb vit","breadcrumb":{"@id":"https:\/\/www.visit-ulcinj.com\/blog\/2017\/03\/30\/filluan-aktivitetet-per-shenimin-e-dites-se-ulqinit\/#breadcrumb"},"inLanguage":"en-US","potentialAction":[{"@type":"ReadAction","target":["https:\/\/www.visit-ulcinj.com\/blog\/2017\/03\/30\/filluan-aktivitetet-per-shenimin-e-dites-se-ulqinit\/"]}]},{"@type":"BreadcrumbList","@id":"https:\/\/www.visit-ulcinj.com\/blog\/2017\/03\/30\/filluan-aktivitetet-per-shenimin-e-dites-se-ulqinit\/#breadcrumb","itemListElement":[{"@type":"ListItem","position":1,"name":"Filluan aktivitetet p\u00ebr sh\u00ebnimin e Dit\u00ebs s\u00eb Ulqinit"}]},{"@type":"Person","@id":"https:\/\/www.visit-ulcinj.com\/blog\/#\/schema\/person\/dcab619c614d3038751c63bc2aadc06d","name":"ulqini","sameAs":["http:\/\/www.visit-ulcinj.com"],"url":"https:\/\/www.visit-ulcinj.com\/blog\/author\/admin\/"}]}},"jetpack_featured_media_url":"","jetpack_sharing_enabled":true,"jetpack_shortlink":"https:\/\/wp.me\/pe6lTn-r1q","_links":{"self":[{"href":"https:\/\/www.visit-ulcinj.com\/blog\/wp-json\/wp\/v2\/posts\/103876"}],"collection":[{"href":"https:\/\/www.visit-ulcinj.com\/blog\/wp-json\/wp\/v2\/posts"}],"about":[{"href":"https:\/\/www.visit-ulcinj.com\/blog\/wp-json\/wp\/v2\/types\/post"}],"author":[{"embeddable":true,"href":"https:\/\/www.visit-ulcinj.com\/blog\/wp-json\/wp\/v2\/users\/1"}],"replies":[{"embeddable":true,"href":"https:\/\/www.visit-ulcinj.com\/blog\/wp-json\/wp\/v2\/comments?post=103876"}],"version-history":[{"count":3,"href":"https:\/\/www.visit-ulcinj.com\/blog\/wp-json\/wp\/v2\/posts\/103876\/revisions"}],"predecessor-version":[{"id":103938,"href":"https:\/\/www.visit-ulcinj.com\/blog\/wp-json\/wp\/v2\/posts\/103876\/revisions\/103938"}],"wp:attachment":[{"href":"https:\/\/www.visit-ulcinj.com\/blog\/wp-json\/wp\/v2\/media?parent=103876"}],"wp:term":[{"taxonomy":"category","embeddable":true,"href":"https:\/\/www.visit-ulcinj.com\/blog\/wp-json\/wp\/v2\/categories?post=103876"},{"taxonomy":"post_tag","embeddable":true,"href":"https:\/\/www.visit-ulcinj.com\/blog\/wp-json\/wp\/v2\/tags?post=103876"}],"curies":[{"name":"wp","href":"https:\/\/api.w.org\/{rel}","templated":true}]}}