{"id":103880,"date":"2017-03-30T13:35:21","date_gmt":"2017-03-30T12:35:21","guid":{"rendered":"http:\/\/www.visit-ulcinj.com\/blog\/?p=103880"},"modified":"2017-03-30T13:35:21","modified_gmt":"2017-03-30T12:35:21","slug":"hapet-ekspozita-artistike-e-femijeve-ne-ulqin","status":"publish","type":"post","link":"https:\/\/www.visit-ulcinj.com\/blog\/2017\/03\/30\/hapet-ekspozita-artistike-e-femijeve-ne-ulqin\/","title":{"rendered":"Hapet ekspozita artistike e f\u00ebmij\u00ebve n\u00eb Ulqin"},"content":{"rendered":"<p><a href=\"http:\/\/www.visit-ulcinj.com\/blog\/wp-content\/uploads\/2017\/03\/Hapet-ekspozita-artistike-e-f\u00ebmij\u00ebve-n\u00eb-Ulqin.jpg\"><img loading=\"lazy\" class=\"alignleft wp-image-103881\" src=\"http:\/\/www.visit-ulcinj.com\/blog\/wp-content\/uploads\/2017\/03\/Hapet-ekspozita-artistike-e-f\u00ebmij\u00ebve-n\u00eb-Ulqin.jpg\" alt=\"Hapet ekspozita artistike e f\u00ebmij\u00ebve n\u00eb Ulqin\" width=\"508\" height=\"338\" srcset=\"https:\/\/www.visit-ulcinj.com\/blog\/wp-content\/uploads\/2017\/03\/Hapet-ekspozita-artistike-e-f\u00ebmij\u00ebve-n\u00eb-Ulqin.jpg 999w, https:\/\/www.visit-ulcinj.com\/blog\/wp-content\/uploads\/2017\/03\/Hapet-ekspozita-artistike-e-f\u00ebmij\u00ebve-n\u00eb-Ulqin-300x200.jpg 300w, https:\/\/www.visit-ulcinj.com\/blog\/wp-content\/uploads\/2017\/03\/Hapet-ekspozita-artistike-e-f\u00ebmij\u00ebve-n\u00eb-Ulqin-768x511.jpg 768w\" sizes=\"(max-width: 508px) 100vw, 508px\" \/><\/a>N\u00eb lokalet e Qendr\u00ebs p\u00ebr kultur\u00eb u\u00a0mbajt aktiviteti kulturor p\u00ebr m\u00eb t\u00eb vegjlit. Ky\u00a0tubim kishte p\u00ebr q\u00ebllim\u00a0q\u00eb t\u00eb stimuloj\u00eb m\u00eb t\u00eb vegjlit p\u00ebr tu mar\u00eb\u00a0me art dhe\u00a0ekspozim t\u00eb punimeve.<\/p>\n<p>Edukimi\u00a0artistik\u00a0p\u00ebrmes arteve, ndihmon\u00a0n\u00eb krijimtarin\u00eb\u00a0artistike t\u00eb f\u00ebmij\u00ebve si dhe\u00a0n\u00eb p\u00ebrvoj\u00ebn\u00a0e zhvillimit\u00a0fizik dhe emocional t\u00eb tyre.<\/p>\n","protected":false},"excerpt":{"rendered":"<p>N\u00eb lokalet e Qendr\u00ebs p\u00ebr kultur\u00eb u\u00a0mbajt aktiviteti kulturor p\u00ebr m\u00eb t\u00eb vegjlit. Ky\u00a0tubim kishte p\u00ebr q\u00ebllim\u00a0q\u00eb t\u00eb stimuloj\u00eb m\u00eb t\u00eb vegjlit p\u00ebr tu mar\u00eb\u00a0me art dhe\u00a0ekspozim t\u00eb punimeve. Edukimi\u00a0artistik\u00a0p\u00ebrmes arteve, ndihmon\u00a0n\u00eb krijimtarin\u00eb\u00a0artistike t\u00eb f\u00ebmij\u00ebve si dhe\u00a0n\u00eb p\u00ebrvoj\u00ebn\u00a0e zhvillimit\u00a0fizik dhe emocional t\u00eb tyre.<\/p>\n","protected":false},"author":1,"featured_media":0,"comment_status":"closed","ping_status":"closed","sticky":false,"template":"","format":"standard","meta":{"spay_email":"","jetpack_publicize_message":"","jetpack_is_tweetstorm":false,"jetpack_publicize_feature_enabled":true},"categories":[6950],"tags":[],"jetpack_publicize_connections":[],"yoast_head":"<!-- This site is optimized with the Yoast SEO plugin v19.1 - https:\/\/yoast.com\/wordpress\/plugins\/seo\/ -->\n<title>Hapet ekspozita artistike e f\u00ebmij\u00ebve n\u00eb Ulqin - Lajme nga Ulqini<\/title>\n<meta name=\"description\" content=\"N\u00eb lokalet e Qendr\u00ebs p\u00ebr kultur\u00eb u\u00a0mbajt aktiviteti kulturor p\u00ebr m\u00eb t\u00eb vegjlit. Ky\u00a0tubim kishte p\u00ebr q\u00ebllim\u00a0q\u00eb t\u00eb stimuloj\u00eb m\u00eb t\u00eb vegjlit p\u00ebr tu mar\u00eb\u00a0me\" \/>\n<meta name=\"robots\" content=\"index, follow, max-snippet:-1, max-image-preview:large, max-video-preview:-1\" \/>\n<link rel=\"canonical\" href=\"https:\/\/www.visit-ulcinj.com\/blog\/2017\/03\/30\/hapet-ekspozita-artistike-e-femijeve-ne-ulqin\/\" \/>\n<meta property=\"og:locale\" content=\"en_US\" \/>\n<meta property=\"og:type\" content=\"article\" \/>\n<meta property=\"og:title\" content=\"Hapet ekspozita artistike e f\u00ebmij\u00ebve n\u00eb Ulqin - Lajme nga Ulqini\" \/>\n<meta property=\"og:description\" content=\"N\u00eb lokalet e Qendr\u00ebs p\u00ebr kultur\u00eb u\u00a0mbajt aktiviteti kulturor p\u00ebr m\u00eb t\u00eb vegjlit. Ky\u00a0tubim kishte p\u00ebr q\u00ebllim\u00a0q\u00eb t\u00eb stimuloj\u00eb m\u00eb t\u00eb vegjlit p\u00ebr tu mar\u00eb\u00a0me\" \/>\n<meta property=\"og:url\" content=\"https:\/\/www.visit-ulcinj.com\/blog\/2017\/03\/30\/hapet-ekspozita-artistike-e-femijeve-ne-ulqin\/\" \/>\n<meta property=\"og:site_name\" content=\"Lajme nga Ulqini\" \/>\n<meta property=\"article:published_time\" content=\"2017-03-30T12:35:21+00:00\" \/>\n<meta name=\"twitter:label1\" content=\"Written by\" \/>\n\t<meta name=\"twitter:data1\" content=\"ulqini\" \/>\n<script type=\"application\/ld+json\" class=\"yoast-schema-graph\">{\"@context\":\"https:\/\/schema.org\",\"@graph\":[{\"@type\":\"WebSite\",\"@id\":\"https:\/\/www.visit-ulcinj.com\/blog\/#website\",\"url\":\"https:\/\/www.visit-ulcinj.com\/blog\/\",\"name\":\"Lajme nga Ulqini\",\"description\":\"Lajme,Vijesti,Ulqini,Ulqin,Crna Gora,Mali i Zi\",\"potentialAction\":[{\"@type\":\"SearchAction\",\"target\":{\"@type\":\"EntryPoint\",\"urlTemplate\":\"https:\/\/www.visit-ulcinj.com\/blog\/?s={search_term_string}\"},\"query-input\":\"required name=search_term_string\"}],\"inLanguage\":\"en-US\"},{\"@type\":\"WebPage\",\"@id\":\"https:\/\/www.visit-ulcinj.com\/blog\/2017\/03\/30\/hapet-ekspozita-artistike-e-femijeve-ne-ulqin\/#webpage\",\"url\":\"https:\/\/www.visit-ulcinj.com\/blog\/2017\/03\/30\/hapet-ekspozita-artistike-e-femijeve-ne-ulqin\/\",\"name\":\"Hapet ekspozita artistike e f\u00ebmij\u00ebve n\u00eb Ulqin - Lajme nga Ulqini\",\"isPartOf\":{\"@id\":\"https:\/\/www.visit-ulcinj.com\/blog\/#website\"},\"datePublished\":\"2017-03-30T12:35:21+00:00\",\"dateModified\":\"2017-03-30T12:35:21+00:00\",\"author\":{\"@id\":\"https:\/\/www.visit-ulcinj.com\/blog\/#\/schema\/person\/dcab619c614d3038751c63bc2aadc06d\"},\"description\":\"N\u00eb lokalet e Qendr\u00ebs p\u00ebr kultur\u00eb u\u00a0mbajt aktiviteti kulturor p\u00ebr m\u00eb t\u00eb vegjlit. Ky\u00a0tubim kishte p\u00ebr q\u00ebllim\u00a0q\u00eb t\u00eb stimuloj\u00eb m\u00eb t\u00eb vegjlit p\u00ebr tu mar\u00eb\u00a0me\",\"breadcrumb\":{\"@id\":\"https:\/\/www.visit-ulcinj.com\/blog\/2017\/03\/30\/hapet-ekspozita-artistike-e-femijeve-ne-ulqin\/#breadcrumb\"},\"inLanguage\":\"en-US\",\"potentialAction\":[{\"@type\":\"ReadAction\",\"target\":[\"https:\/\/www.visit-ulcinj.com\/blog\/2017\/03\/30\/hapet-ekspozita-artistike-e-femijeve-ne-ulqin\/\"]}]},{\"@type\":\"BreadcrumbList\",\"@id\":\"https:\/\/www.visit-ulcinj.com\/blog\/2017\/03\/30\/hapet-ekspozita-artistike-e-femijeve-ne-ulqin\/#breadcrumb\",\"itemListElement\":[{\"@type\":\"ListItem\",\"position\":1,\"name\":\"Hapet ekspozita artistike e f\u00ebmij\u00ebve n\u00eb Ulqin\"}]},{\"@type\":\"Person\",\"@id\":\"https:\/\/www.visit-ulcinj.com\/blog\/#\/schema\/person\/dcab619c614d3038751c63bc2aadc06d\",\"name\":\"ulqini\",\"sameAs\":[\"http:\/\/www.visit-ulcinj.com\"],\"url\":\"https:\/\/www.visit-ulcinj.com\/blog\/author\/admin\/\"}]}<\/script>\n<!-- \/ Yoast SEO plugin. -->","yoast_head_json":{"title":"Hapet ekspozita artistike e f\u00ebmij\u00ebve n\u00eb Ulqin - Lajme nga Ulqini","description":"N\u00eb lokalet e Qendr\u00ebs p\u00ebr kultur\u00eb u\u00a0mbajt aktiviteti kulturor p\u00ebr m\u00eb t\u00eb vegjlit. Ky\u00a0tubim kishte p\u00ebr q\u00ebllim\u00a0q\u00eb t\u00eb stimuloj\u00eb m\u00eb t\u00eb vegjlit p\u00ebr tu mar\u00eb\u00a0me","robots":{"index":"index","follow":"follow","max-snippet":"max-snippet:-1","max-image-preview":"max-image-preview:large","max-video-preview":"max-video-preview:-1"},"canonical":"https:\/\/www.visit-ulcinj.com\/blog\/2017\/03\/30\/hapet-ekspozita-artistike-e-femijeve-ne-ulqin\/","og_locale":"en_US","og_type":"article","og_title":"Hapet ekspozita artistike e f\u00ebmij\u00ebve n\u00eb Ulqin - Lajme nga Ulqini","og_description":"N\u00eb lokalet e Qendr\u00ebs p\u00ebr kultur\u00eb u\u00a0mbajt aktiviteti kulturor p\u00ebr m\u00eb t\u00eb vegjlit. Ky\u00a0tubim kishte p\u00ebr q\u00ebllim\u00a0q\u00eb t\u00eb stimuloj\u00eb m\u00eb t\u00eb vegjlit p\u00ebr tu mar\u00eb\u00a0me","og_url":"https:\/\/www.visit-ulcinj.com\/blog\/2017\/03\/30\/hapet-ekspozita-artistike-e-femijeve-ne-ulqin\/","og_site_name":"Lajme nga Ulqini","article_published_time":"2017-03-30T12:35:21+00:00","twitter_misc":{"Written by":"ulqini"},"schema":{"@context":"https:\/\/schema.org","@graph":[{"@type":"WebSite","@id":"https:\/\/www.visit-ulcinj.com\/blog\/#website","url":"https:\/\/www.visit-ulcinj.com\/blog\/","name":"Lajme nga Ulqini","description":"Lajme,Vijesti,Ulqini,Ulqin,Crna Gora,Mali i Zi","potentialAction":[{"@type":"SearchAction","target":{"@type":"EntryPoint","urlTemplate":"https:\/\/www.visit-ulcinj.com\/blog\/?s={search_term_string}"},"query-input":"required name=search_term_string"}],"inLanguage":"en-US"},{"@type":"WebPage","@id":"https:\/\/www.visit-ulcinj.com\/blog\/2017\/03\/30\/hapet-ekspozita-artistike-e-femijeve-ne-ulqin\/#webpage","url":"https:\/\/www.visit-ulcinj.com\/blog\/2017\/03\/30\/hapet-ekspozita-artistike-e-femijeve-ne-ulqin\/","name":"Hapet ekspozita artistike e f\u00ebmij\u00ebve n\u00eb Ulqin - Lajme nga Ulqini","isPartOf":{"@id":"https:\/\/www.visit-ulcinj.com\/blog\/#website"},"datePublished":"2017-03-30T12:35:21+00:00","dateModified":"2017-03-30T12:35:21+00:00","author":{"@id":"https:\/\/www.visit-ulcinj.com\/blog\/#\/schema\/person\/dcab619c614d3038751c63bc2aadc06d"},"description":"N\u00eb lokalet e Qendr\u00ebs p\u00ebr kultur\u00eb u\u00a0mbajt aktiviteti kulturor p\u00ebr m\u00eb t\u00eb vegjlit. Ky\u00a0tubim kishte p\u00ebr q\u00ebllim\u00a0q\u00eb t\u00eb stimuloj\u00eb m\u00eb t\u00eb vegjlit p\u00ebr tu mar\u00eb\u00a0me","breadcrumb":{"@id":"https:\/\/www.visit-ulcinj.com\/blog\/2017\/03\/30\/hapet-ekspozita-artistike-e-femijeve-ne-ulqin\/#breadcrumb"},"inLanguage":"en-US","potentialAction":[{"@type":"ReadAction","target":["https:\/\/www.visit-ulcinj.com\/blog\/2017\/03\/30\/hapet-ekspozita-artistike-e-femijeve-ne-ulqin\/"]}]},{"@type":"BreadcrumbList","@id":"https:\/\/www.visit-ulcinj.com\/blog\/2017\/03\/30\/hapet-ekspozita-artistike-e-femijeve-ne-ulqin\/#breadcrumb","itemListElement":[{"@type":"ListItem","position":1,"name":"Hapet ekspozita artistike e f\u00ebmij\u00ebve n\u00eb Ulqin"}]},{"@type":"Person","@id":"https:\/\/www.visit-ulcinj.com\/blog\/#\/schema\/person\/dcab619c614d3038751c63bc2aadc06d","name":"ulqini","sameAs":["http:\/\/www.visit-ulcinj.com"],"url":"https:\/\/www.visit-ulcinj.com\/blog\/author\/admin\/"}]}},"jetpack_featured_media_url":"","jetpack_sharing_enabled":true,"jetpack_shortlink":"https:\/\/wp.me\/pe6lTn-r1u","_links":{"self":[{"href":"https:\/\/www.visit-ulcinj.com\/blog\/wp-json\/wp\/v2\/posts\/103880"}],"collection":[{"href":"https:\/\/www.visit-ulcinj.com\/blog\/wp-json\/wp\/v2\/posts"}],"about":[{"href":"https:\/\/www.visit-ulcinj.com\/blog\/wp-json\/wp\/v2\/types\/post"}],"author":[{"embeddable":true,"href":"https:\/\/www.visit-ulcinj.com\/blog\/wp-json\/wp\/v2\/users\/1"}],"replies":[{"embeddable":true,"href":"https:\/\/www.visit-ulcinj.com\/blog\/wp-json\/wp\/v2\/comments?post=103880"}],"version-history":[{"count":1,"href":"https:\/\/www.visit-ulcinj.com\/blog\/wp-json\/wp\/v2\/posts\/103880\/revisions"}],"predecessor-version":[{"id":103882,"href":"https:\/\/www.visit-ulcinj.com\/blog\/wp-json\/wp\/v2\/posts\/103880\/revisions\/103882"}],"wp:attachment":[{"href":"https:\/\/www.visit-ulcinj.com\/blog\/wp-json\/wp\/v2\/media?parent=103880"}],"wp:term":[{"taxonomy":"category","embeddable":true,"href":"https:\/\/www.visit-ulcinj.com\/blog\/wp-json\/wp\/v2\/categories?post=103880"},{"taxonomy":"post_tag","embeddable":true,"href":"https:\/\/www.visit-ulcinj.com\/blog\/wp-json\/wp\/v2\/tags?post=103880"}],"curies":[{"name":"wp","href":"https:\/\/api.w.org\/{rel}","templated":true}]}}