{"id":103883,"date":"2017-03-30T13:45:42","date_gmt":"2017-03-30T12:45:42","guid":{"rendered":"http:\/\/www.visit-ulcinj.com\/blog\/?p=103883"},"modified":"2017-03-30T13:45:42","modified_gmt":"2017-03-30T12:45:42","slug":"komuna-ndan-tridhjete-aktvendime-per-studentet-te-mire","status":"publish","type":"post","link":"https:\/\/www.visit-ulcinj.com\/blog\/2017\/03\/30\/komuna-ndan-tridhjete-aktvendime-per-studentet-te-mire\/","title":{"rendered":"Komuna ndan tridhjet\u00eb aktvendime p\u00ebr student\u00ebt m\u00eb t\u00eb mir\u00eb"},"content":{"rendered":"<p><a href=\"http:\/\/www.visit-ulcinj.com\/blog\/wp-content\/uploads\/2017\/03\/Komuna-ndan-tridhjet\u00eb-aktvendime-p\u00ebr-student\u00ebt.jpg\"><img loading=\"lazy\" class=\"alignleft wp-image-103884\" src=\"http:\/\/www.visit-ulcinj.com\/blog\/wp-content\/uploads\/2017\/03\/Komuna-ndan-tridhjet\u00eb-aktvendime-p\u00ebr-student\u00ebt.jpg\" alt=\"Komuna ndan tridhjet\u00eb aktvendime p\u00ebr student\u00ebt\" width=\"508\" height=\"338\" srcset=\"https:\/\/www.visit-ulcinj.com\/blog\/wp-content\/uploads\/2017\/03\/Komuna-ndan-tridhjet\u00eb-aktvendime-p\u00ebr-student\u00ebt.jpg 926w, https:\/\/www.visit-ulcinj.com\/blog\/wp-content\/uploads\/2017\/03\/Komuna-ndan-tridhjet\u00eb-aktvendime-p\u00ebr-student\u00ebt-300x200.jpg 300w, https:\/\/www.visit-ulcinj.com\/blog\/wp-content\/uploads\/2017\/03\/Komuna-ndan-tridhjet\u00eb-aktvendime-p\u00ebr-student\u00ebt-768x512.jpg 768w\" sizes=\"(max-width: 508px) 100vw, 508px\" \/><\/a>Kryetari\u00a0 i komun\u00ebs Nazif\u00a0 Cungu\u00a0 duke\u00a0 p\u00ebrsh\u00ebndetur\u00a0 student\u00ebt, prind\u00ebrit dhe t\u00eb\u00a0 ftuarit\u00a0 tha se\u00a0 ky\u00a0 \u00ebsht\u00eb nj\u00eb rast i mir\u00eb\u00a0 i komunikimit t\u00eb drejt\u00ebp\u00ebrdrejt\u00eb\u00a0 me studentet e dalluar t\u00eb cil\u00ebt jan\u00eb krenaria e qytetit ton\u00eb.<\/p>\n<p>Ai i ftoj studentet\u00a0 p\u00ebr bashk\u00ebpunim\u00a0 p\u00ebr t\u00eb shpalosur\u00a0 ide dhe\u00a0 propoyime\u00a0 e bashkarisht\u00a0 sic u shpreh t\u00eb\u00a0 nd\u00ebrtojm\u00eb qytetin e s\u00ebardhmes .<\/p>\n","protected":false},"excerpt":{"rendered":"<p>Kryetari\u00a0 i komun\u00ebs Nazif\u00a0 Cungu\u00a0 duke\u00a0 p\u00ebrsh\u00ebndetur\u00a0 student\u00ebt, prind\u00ebrit dhe t\u00eb\u00a0 ftuarit\u00a0 tha se\u00a0 ky\u00a0 \u00ebsht\u00eb nj\u00eb rast i mir\u00eb\u00a0 i komunikimit t\u00eb drejt\u00ebp\u00ebrdrejt\u00eb\u00a0 me studentet e dalluar t\u00eb cil\u00ebt jan\u00eb krenaria e qytetit ton\u00eb. Ai i ftoj studentet\u00a0 p\u00ebr bashk\u00ebpunim\u00a0 p\u00ebr t\u00eb shpalosur\u00a0 ide dhe\u00a0 propoyime\u00a0 e bashkarisht\u00a0 sic u shpreh t\u00eb\u00a0 nd\u00ebrtojm\u00eb qytetin [&hellip;]<\/p>\n","protected":false},"author":1,"featured_media":0,"comment_status":"closed","ping_status":"closed","sticky":false,"template":"","format":"standard","meta":{"spay_email":"","jetpack_publicize_message":"","jetpack_is_tweetstorm":false,"jetpack_publicize_feature_enabled":true},"categories":[6950],"tags":[],"jetpack_publicize_connections":[],"yoast_head":"<!-- This site is optimized with the Yoast SEO plugin v19.1 - https:\/\/yoast.com\/wordpress\/plugins\/seo\/ -->\n<title>Komuna ndan tridhjet\u00eb aktvendime p\u00ebr student\u00ebt m\u00eb t\u00eb mir\u00eb - Lajme nga Ulqini<\/title>\n<meta name=\"description\" content=\"Kryetari\u00a0 i komun\u00ebs Nazif\u00a0 Cungu\u00a0 duke\u00a0 p\u00ebrsh\u00ebndetur\u00a0 student\u00ebt, prind\u00ebrit dhe t\u00eb\u00a0 ftuarit\u00a0 tha se\u00a0 ky\u00a0 \u00ebsht\u00eb nj\u00eb rast i mir\u00eb\u00a0 i komunikimit t\u00eb\" \/>\n<meta name=\"robots\" content=\"index, follow, max-snippet:-1, max-image-preview:large, max-video-preview:-1\" \/>\n<link rel=\"canonical\" href=\"https:\/\/www.visit-ulcinj.com\/blog\/2017\/03\/30\/komuna-ndan-tridhjete-aktvendime-per-studentet-te-mire\/\" \/>\n<meta property=\"og:locale\" content=\"en_US\" \/>\n<meta property=\"og:type\" content=\"article\" \/>\n<meta property=\"og:title\" content=\"Komuna ndan tridhjet\u00eb aktvendime p\u00ebr student\u00ebt m\u00eb t\u00eb mir\u00eb - Lajme nga Ulqini\" \/>\n<meta property=\"og:description\" content=\"Kryetari\u00a0 i komun\u00ebs Nazif\u00a0 Cungu\u00a0 duke\u00a0 p\u00ebrsh\u00ebndetur\u00a0 student\u00ebt, prind\u00ebrit dhe t\u00eb\u00a0 ftuarit\u00a0 tha se\u00a0 ky\u00a0 \u00ebsht\u00eb nj\u00eb rast i mir\u00eb\u00a0 i komunikimit t\u00eb\" \/>\n<meta property=\"og:url\" content=\"https:\/\/www.visit-ulcinj.com\/blog\/2017\/03\/30\/komuna-ndan-tridhjete-aktvendime-per-studentet-te-mire\/\" \/>\n<meta property=\"og:site_name\" content=\"Lajme nga Ulqini\" \/>\n<meta property=\"article:published_time\" content=\"2017-03-30T12:45:42+00:00\" \/>\n<meta name=\"twitter:label1\" content=\"Written by\" \/>\n\t<meta name=\"twitter:data1\" content=\"ulqini\" \/>\n<script type=\"application\/ld+json\" class=\"yoast-schema-graph\">{\"@context\":\"https:\/\/schema.org\",\"@graph\":[{\"@type\":\"WebSite\",\"@id\":\"https:\/\/www.visit-ulcinj.com\/blog\/#website\",\"url\":\"https:\/\/www.visit-ulcinj.com\/blog\/\",\"name\":\"Lajme nga Ulqini\",\"description\":\"Lajme,Vijesti,Ulqini,Ulqin,Crna Gora,Mali i Zi\",\"potentialAction\":[{\"@type\":\"SearchAction\",\"target\":{\"@type\":\"EntryPoint\",\"urlTemplate\":\"https:\/\/www.visit-ulcinj.com\/blog\/?s={search_term_string}\"},\"query-input\":\"required name=search_term_string\"}],\"inLanguage\":\"en-US\"},{\"@type\":\"WebPage\",\"@id\":\"https:\/\/www.visit-ulcinj.com\/blog\/2017\/03\/30\/komuna-ndan-tridhjete-aktvendime-per-studentet-te-mire\/#webpage\",\"url\":\"https:\/\/www.visit-ulcinj.com\/blog\/2017\/03\/30\/komuna-ndan-tridhjete-aktvendime-per-studentet-te-mire\/\",\"name\":\"Komuna ndan tridhjet\u00eb aktvendime p\u00ebr student\u00ebt m\u00eb t\u00eb mir\u00eb - Lajme nga Ulqini\",\"isPartOf\":{\"@id\":\"https:\/\/www.visit-ulcinj.com\/blog\/#website\"},\"datePublished\":\"2017-03-30T12:45:42+00:00\",\"dateModified\":\"2017-03-30T12:45:42+00:00\",\"author\":{\"@id\":\"https:\/\/www.visit-ulcinj.com\/blog\/#\/schema\/person\/dcab619c614d3038751c63bc2aadc06d\"},\"description\":\"Kryetari\u00a0 i komun\u00ebs Nazif\u00a0 Cungu\u00a0 duke\u00a0 p\u00ebrsh\u00ebndetur\u00a0 student\u00ebt, prind\u00ebrit dhe t\u00eb\u00a0 ftuarit\u00a0 tha se\u00a0 ky\u00a0 \u00ebsht\u00eb nj\u00eb rast i mir\u00eb\u00a0 i komunikimit t\u00eb\",\"breadcrumb\":{\"@id\":\"https:\/\/www.visit-ulcinj.com\/blog\/2017\/03\/30\/komuna-ndan-tridhjete-aktvendime-per-studentet-te-mire\/#breadcrumb\"},\"inLanguage\":\"en-US\",\"potentialAction\":[{\"@type\":\"ReadAction\",\"target\":[\"https:\/\/www.visit-ulcinj.com\/blog\/2017\/03\/30\/komuna-ndan-tridhjete-aktvendime-per-studentet-te-mire\/\"]}]},{\"@type\":\"BreadcrumbList\",\"@id\":\"https:\/\/www.visit-ulcinj.com\/blog\/2017\/03\/30\/komuna-ndan-tridhjete-aktvendime-per-studentet-te-mire\/#breadcrumb\",\"itemListElement\":[{\"@type\":\"ListItem\",\"position\":1,\"name\":\"Komuna ndan tridhjet\u00eb aktvendime p\u00ebr student\u00ebt m\u00eb t\u00eb mir\u00eb\"}]},{\"@type\":\"Person\",\"@id\":\"https:\/\/www.visit-ulcinj.com\/blog\/#\/schema\/person\/dcab619c614d3038751c63bc2aadc06d\",\"name\":\"ulqini\",\"sameAs\":[\"http:\/\/www.visit-ulcinj.com\"],\"url\":\"https:\/\/www.visit-ulcinj.com\/blog\/author\/admin\/\"}]}<\/script>\n<!-- \/ Yoast SEO plugin. -->","yoast_head_json":{"title":"Komuna ndan tridhjet\u00eb aktvendime p\u00ebr student\u00ebt m\u00eb t\u00eb mir\u00eb - Lajme nga Ulqini","description":"Kryetari\u00a0 i komun\u00ebs Nazif\u00a0 Cungu\u00a0 duke\u00a0 p\u00ebrsh\u00ebndetur\u00a0 student\u00ebt, prind\u00ebrit dhe t\u00eb\u00a0 ftuarit\u00a0 tha se\u00a0 ky\u00a0 \u00ebsht\u00eb nj\u00eb rast i mir\u00eb\u00a0 i komunikimit t\u00eb","robots":{"index":"index","follow":"follow","max-snippet":"max-snippet:-1","max-image-preview":"max-image-preview:large","max-video-preview":"max-video-preview:-1"},"canonical":"https:\/\/www.visit-ulcinj.com\/blog\/2017\/03\/30\/komuna-ndan-tridhjete-aktvendime-per-studentet-te-mire\/","og_locale":"en_US","og_type":"article","og_title":"Komuna ndan tridhjet\u00eb aktvendime p\u00ebr student\u00ebt m\u00eb t\u00eb mir\u00eb - Lajme nga Ulqini","og_description":"Kryetari\u00a0 i komun\u00ebs Nazif\u00a0 Cungu\u00a0 duke\u00a0 p\u00ebrsh\u00ebndetur\u00a0 student\u00ebt, prind\u00ebrit dhe t\u00eb\u00a0 ftuarit\u00a0 tha se\u00a0 ky\u00a0 \u00ebsht\u00eb nj\u00eb rast i mir\u00eb\u00a0 i komunikimit t\u00eb","og_url":"https:\/\/www.visit-ulcinj.com\/blog\/2017\/03\/30\/komuna-ndan-tridhjete-aktvendime-per-studentet-te-mire\/","og_site_name":"Lajme nga Ulqini","article_published_time":"2017-03-30T12:45:42+00:00","twitter_misc":{"Written by":"ulqini"},"schema":{"@context":"https:\/\/schema.org","@graph":[{"@type":"WebSite","@id":"https:\/\/www.visit-ulcinj.com\/blog\/#website","url":"https:\/\/www.visit-ulcinj.com\/blog\/","name":"Lajme nga Ulqini","description":"Lajme,Vijesti,Ulqini,Ulqin,Crna Gora,Mali i Zi","potentialAction":[{"@type":"SearchAction","target":{"@type":"EntryPoint","urlTemplate":"https:\/\/www.visit-ulcinj.com\/blog\/?s={search_term_string}"},"query-input":"required name=search_term_string"}],"inLanguage":"en-US"},{"@type":"WebPage","@id":"https:\/\/www.visit-ulcinj.com\/blog\/2017\/03\/30\/komuna-ndan-tridhjete-aktvendime-per-studentet-te-mire\/#webpage","url":"https:\/\/www.visit-ulcinj.com\/blog\/2017\/03\/30\/komuna-ndan-tridhjete-aktvendime-per-studentet-te-mire\/","name":"Komuna ndan tridhjet\u00eb aktvendime p\u00ebr student\u00ebt m\u00eb t\u00eb mir\u00eb - Lajme nga Ulqini","isPartOf":{"@id":"https:\/\/www.visit-ulcinj.com\/blog\/#website"},"datePublished":"2017-03-30T12:45:42+00:00","dateModified":"2017-03-30T12:45:42+00:00","author":{"@id":"https:\/\/www.visit-ulcinj.com\/blog\/#\/schema\/person\/dcab619c614d3038751c63bc2aadc06d"},"description":"Kryetari\u00a0 i komun\u00ebs Nazif\u00a0 Cungu\u00a0 duke\u00a0 p\u00ebrsh\u00ebndetur\u00a0 student\u00ebt, prind\u00ebrit dhe t\u00eb\u00a0 ftuarit\u00a0 tha se\u00a0 ky\u00a0 \u00ebsht\u00eb nj\u00eb rast i mir\u00eb\u00a0 i komunikimit t\u00eb","breadcrumb":{"@id":"https:\/\/www.visit-ulcinj.com\/blog\/2017\/03\/30\/komuna-ndan-tridhjete-aktvendime-per-studentet-te-mire\/#breadcrumb"},"inLanguage":"en-US","potentialAction":[{"@type":"ReadAction","target":["https:\/\/www.visit-ulcinj.com\/blog\/2017\/03\/30\/komuna-ndan-tridhjete-aktvendime-per-studentet-te-mire\/"]}]},{"@type":"BreadcrumbList","@id":"https:\/\/www.visit-ulcinj.com\/blog\/2017\/03\/30\/komuna-ndan-tridhjete-aktvendime-per-studentet-te-mire\/#breadcrumb","itemListElement":[{"@type":"ListItem","position":1,"name":"Komuna ndan tridhjet\u00eb aktvendime p\u00ebr student\u00ebt m\u00eb t\u00eb mir\u00eb"}]},{"@type":"Person","@id":"https:\/\/www.visit-ulcinj.com\/blog\/#\/schema\/person\/dcab619c614d3038751c63bc2aadc06d","name":"ulqini","sameAs":["http:\/\/www.visit-ulcinj.com"],"url":"https:\/\/www.visit-ulcinj.com\/blog\/author\/admin\/"}]}},"jetpack_featured_media_url":"","jetpack_sharing_enabled":true,"jetpack_shortlink":"https:\/\/wp.me\/pe6lTn-r1x","_links":{"self":[{"href":"https:\/\/www.visit-ulcinj.com\/blog\/wp-json\/wp\/v2\/posts\/103883"}],"collection":[{"href":"https:\/\/www.visit-ulcinj.com\/blog\/wp-json\/wp\/v2\/posts"}],"about":[{"href":"https:\/\/www.visit-ulcinj.com\/blog\/wp-json\/wp\/v2\/types\/post"}],"author":[{"embeddable":true,"href":"https:\/\/www.visit-ulcinj.com\/blog\/wp-json\/wp\/v2\/users\/1"}],"replies":[{"embeddable":true,"href":"https:\/\/www.visit-ulcinj.com\/blog\/wp-json\/wp\/v2\/comments?post=103883"}],"version-history":[{"count":1,"href":"https:\/\/www.visit-ulcinj.com\/blog\/wp-json\/wp\/v2\/posts\/103883\/revisions"}],"predecessor-version":[{"id":103885,"href":"https:\/\/www.visit-ulcinj.com\/blog\/wp-json\/wp\/v2\/posts\/103883\/revisions\/103885"}],"wp:attachment":[{"href":"https:\/\/www.visit-ulcinj.com\/blog\/wp-json\/wp\/v2\/media?parent=103883"}],"wp:term":[{"taxonomy":"category","embeddable":true,"href":"https:\/\/www.visit-ulcinj.com\/blog\/wp-json\/wp\/v2\/categories?post=103883"},{"taxonomy":"post_tag","embeddable":true,"href":"https:\/\/www.visit-ulcinj.com\/blog\/wp-json\/wp\/v2\/tags?post=103883"}],"curies":[{"name":"wp","href":"https:\/\/api.w.org\/{rel}","templated":true}]}}