{"id":103886,"date":"2017-03-30T13:55:21","date_gmt":"2017-03-30T12:55:21","guid":{"rendered":"http:\/\/www.visit-ulcinj.com\/blog\/?p=103886"},"modified":"2017-03-30T13:56:29","modified_gmt":"2017-03-30T12:56:29","slug":"elezaga-a-do-te-kete-rrena-dhe-premtime-boshe-jadrani-galebi-rruga-ulqin-krythe-per-diten-e-ulqinit","status":"publish","type":"post","link":"https:\/\/www.visit-ulcinj.com\/blog\/2017\/03\/30\/elezaga-a-do-te-kete-rrena-dhe-premtime-boshe-jadrani-galebi-rruga-ulqin-krythe-per-diten-e-ulqinit\/","title":{"rendered":"Elezaga: A do te kete rrena dhe premtime boshe, Jadrani, Galebi, Rruga Ulqin-Kryth\u00eb p\u00ebr &#8220;Dit\u00ebn e Ulqinit&#8221;"},"content":{"rendered":"<p><a href=\"http:\/\/www.visit-ulcinj.com\/blog\/wp-content\/uploads\/2016\/01\/Skender-Elezagic-SDP-Ulcinj.jpg\"><img loading=\"lazy\" class=\"alignleft wp-image-94142\" src=\"http:\/\/www.visit-ulcinj.com\/blog\/wp-content\/uploads\/2016\/01\/Skender-Elezagic-SDP-Ulcinj.jpg\" alt=\"Skender-Elezagic-SDP-Ulcinj\" width=\"508\" height=\"338\" srcset=\"https:\/\/www.visit-ulcinj.com\/blog\/wp-content\/uploads\/2016\/01\/Skender-Elezagic-SDP-Ulcinj.jpg 960w, https:\/\/www.visit-ulcinj.com\/blog\/wp-content\/uploads\/2016\/01\/Skender-Elezagic-SDP-Ulcinj-300x199.jpg 300w\" sizes=\"(max-width: 508px) 100vw, 508px\" \/><\/a>N\u00eb prag t\u00eb Dit\u00ebs s\u00eb Komun\u00ebs pushteti i Ulqinit ka pak arsye t\u00eb lavd\u00ebrohet, pohojn\u00eb n\u00eb opozit\u00ebn e Ulqinit, raporton portali Ul.info.<\/p>\n<p>Sipas fjal\u00ebve t\u00eb kryetarit t\u00eb PSD-s\u00eb Skender Elezaga, pushteti lokal do t\u00eb mbahet n\u00eb mend si qeverisje me ma shum\u00eb premtime t\u00eb dh\u00ebna dhe m\u00eb pak t\u00eb mbajtura. \u201cKy \u00ebsht\u00eb pushteti me efikasitetin m\u00eb t\u00eb vog\u00ebl dhe me m\u00eb s\u00eb shumti konflikte dhe sabotime\u201d, tha ai p\u00ebr \u201cVijesti\u201d.<\/p>\n<p>Elezaga \u00ebsht\u00eb i bindur se t\u00eb shtun\u00ebn do t\u00eb ket\u00eb premtime t\u00eb reja \u2013 dat\u00eb t\u00eb re p\u00ebr fillimin e nd\u00ebrtimit t\u00eb hotelit \u201cJadran\u201d dhe \u201cGaleb\u201d, paralajm\u00ebrimi i tenderit t\u00eb ri p\u00ebr rrug\u00ebn Ulqin \u2013 Kryth\u00eb, paralajm\u00ebrimet q\u00eb vitin e ardhsh\u00ebm do t\u00eb shpallim p\u00ebr qytetar\u00eb nderi Shtajnaker dhe Nishanin\u2026<\/p>\n<p>K\u00ebshilltari i Frontit demokratik Dr. Millan Rolloviq ka th\u00ebn\u00eb se \u201cqytetar\u00ebt e Ulqinit mbas edhe nj\u00eb viti t\u00eb shkuar huq jan\u00eb apatik dhe t\u00eb d\u00ebshp\u00ebruar\u201d. \u201cSepse ato, n\u00eb vend t\u00eb realizimit t\u00eb premtimeve kan\u00eb fituar rritjen e taks\u00ebs s\u00eb banimit, tatimit n\u00eb patundshm\u00ebri, ujin m\u00eb t\u00eb shtrenjt\u00eb dhe mbeturinat komunale\u201d, shtoi ai.<\/p>\n","protected":false},"excerpt":{"rendered":"<p>N\u00eb prag t\u00eb Dit\u00ebs s\u00eb Komun\u00ebs pushteti i Ulqinit ka pak arsye t\u00eb lavd\u00ebrohet, pohojn\u00eb n\u00eb opozit\u00ebn e Ulqinit, raporton portali Ul.info. Sipas fjal\u00ebve t\u00eb kryetarit t\u00eb PSD-s\u00eb Skender Elezaga, pushteti lokal do t\u00eb mbahet n\u00eb mend si qeverisje me ma shum\u00eb premtime t\u00eb dh\u00ebna dhe m\u00eb pak t\u00eb mbajtura. \u201cKy \u00ebsht\u00eb pushteti me efikasitetin [&hellip;]<\/p>\n","protected":false},"author":1,"featured_media":0,"comment_status":"closed","ping_status":"closed","sticky":false,"template":"","format":"standard","meta":{"spay_email":"","jetpack_publicize_message":"","jetpack_is_tweetstorm":false,"jetpack_publicize_feature_enabled":true},"categories":[12],"tags":[],"jetpack_publicize_connections":[],"yoast_head":"<!-- This site is optimized with the Yoast SEO plugin v19.1 - https:\/\/yoast.com\/wordpress\/plugins\/seo\/ -->\n<title>Elezaga: A do te kete rrena dhe premtime boshe, Jadrani, Galebi, Rruga Ulqin-Kryth\u00eb p\u00ebr &quot;Dit\u00ebn e Ulqinit&quot; - Lajme nga Ulqini<\/title>\n<meta name=\"description\" content=\"N\u00eb prag t\u00eb Dit\u00ebs s\u00eb Komun\u00ebs pushteti i Ulqinit ka pak arsye t\u00eb lavd\u00ebrohet, pohojn\u00eb n\u00eb opozit\u00ebn e Ulqinit, raporton portali Ul.info. Sipas fjal\u00ebve t\u00eb\" \/>\n<meta name=\"robots\" content=\"index, follow, max-snippet:-1, max-image-preview:large, max-video-preview:-1\" \/>\n<link rel=\"canonical\" href=\"https:\/\/www.visit-ulcinj.com\/blog\/2017\/03\/30\/elezaga-a-do-te-kete-rrena-dhe-premtime-boshe-jadrani-galebi-rruga-ulqin-krythe-per-diten-e-ulqinit\/\" \/>\n<meta property=\"og:locale\" content=\"en_US\" \/>\n<meta property=\"og:type\" content=\"article\" \/>\n<meta property=\"og:title\" content=\"Elezaga: A do te kete rrena dhe premtime boshe, Jadrani, Galebi, Rruga Ulqin-Kryth\u00eb p\u00ebr &quot;Dit\u00ebn e Ulqinit&quot; - Lajme nga Ulqini\" \/>\n<meta property=\"og:description\" content=\"N\u00eb prag t\u00eb Dit\u00ebs s\u00eb Komun\u00ebs pushteti i Ulqinit ka pak arsye t\u00eb lavd\u00ebrohet, pohojn\u00eb n\u00eb opozit\u00ebn e Ulqinit, raporton portali Ul.info. Sipas fjal\u00ebve t\u00eb\" \/>\n<meta property=\"og:url\" content=\"https:\/\/www.visit-ulcinj.com\/blog\/2017\/03\/30\/elezaga-a-do-te-kete-rrena-dhe-premtime-boshe-jadrani-galebi-rruga-ulqin-krythe-per-diten-e-ulqinit\/\" \/>\n<meta property=\"og:site_name\" content=\"Lajme nga Ulqini\" \/>\n<meta property=\"article:published_time\" content=\"2017-03-30T12:55:21+00:00\" \/>\n<meta property=\"article:modified_time\" content=\"2017-03-30T12:56:29+00:00\" \/>\n<meta property=\"og:image\" content=\"http:\/\/www.visit-ulcinj.com\/blog\/wp-content\/uploads\/2016\/01\/Skender-Elezagic-SDP-Ulcinj.jpg\" \/>\n<meta name=\"twitter:label1\" content=\"Written by\" \/>\n\t<meta name=\"twitter:data1\" content=\"ulqini\" \/>\n\t<meta name=\"twitter:label2\" content=\"Est. reading time\" \/>\n\t<meta name=\"twitter:data2\" content=\"1 minute\" \/>\n<script type=\"application\/ld+json\" class=\"yoast-schema-graph\">{\"@context\":\"https:\/\/schema.org\",\"@graph\":[{\"@type\":\"WebSite\",\"@id\":\"https:\/\/www.visit-ulcinj.com\/blog\/#website\",\"url\":\"https:\/\/www.visit-ulcinj.com\/blog\/\",\"name\":\"Lajme nga Ulqini\",\"description\":\"Lajme,Vijesti,Ulqini,Ulqin,Crna Gora,Mali i Zi\",\"potentialAction\":[{\"@type\":\"SearchAction\",\"target\":{\"@type\":\"EntryPoint\",\"urlTemplate\":\"https:\/\/www.visit-ulcinj.com\/blog\/?s={search_term_string}\"},\"query-input\":\"required name=search_term_string\"}],\"inLanguage\":\"en-US\"},{\"@type\":\"ImageObject\",\"inLanguage\":\"en-US\",\"@id\":\"https:\/\/www.visit-ulcinj.com\/blog\/2017\/03\/30\/elezaga-a-do-te-kete-rrena-dhe-premtime-boshe-jadrani-galebi-rruga-ulqin-krythe-per-diten-e-ulqinit\/#primaryimage\",\"url\":\"https:\/\/www.visit-ulcinj.com\/blog\/wp-content\/uploads\/2016\/01\/Skender-Elezagic-SDP-Ulcinj.jpg\",\"contentUrl\":\"https:\/\/www.visit-ulcinj.com\/blog\/wp-content\/uploads\/2016\/01\/Skender-Elezagic-SDP-Ulcinj.jpg\",\"width\":960,\"height\":638},{\"@type\":\"WebPage\",\"@id\":\"https:\/\/www.visit-ulcinj.com\/blog\/2017\/03\/30\/elezaga-a-do-te-kete-rrena-dhe-premtime-boshe-jadrani-galebi-rruga-ulqin-krythe-per-diten-e-ulqinit\/#webpage\",\"url\":\"https:\/\/www.visit-ulcinj.com\/blog\/2017\/03\/30\/elezaga-a-do-te-kete-rrena-dhe-premtime-boshe-jadrani-galebi-rruga-ulqin-krythe-per-diten-e-ulqinit\/\",\"name\":\"Elezaga: A do te kete rrena dhe premtime boshe, Jadrani, Galebi, Rruga Ulqin-Kryth\u00eb p\u00ebr \\\"Dit\u00ebn e Ulqinit\\\" - Lajme nga Ulqini\",\"isPartOf\":{\"@id\":\"https:\/\/www.visit-ulcinj.com\/blog\/#website\"},\"primaryImageOfPage\":{\"@id\":\"https:\/\/www.visit-ulcinj.com\/blog\/2017\/03\/30\/elezaga-a-do-te-kete-rrena-dhe-premtime-boshe-jadrani-galebi-rruga-ulqin-krythe-per-diten-e-ulqinit\/#primaryimage\"},\"datePublished\":\"2017-03-30T12:55:21+00:00\",\"dateModified\":\"2017-03-30T12:56:29+00:00\",\"author\":{\"@id\":\"https:\/\/www.visit-ulcinj.com\/blog\/#\/schema\/person\/dcab619c614d3038751c63bc2aadc06d\"},\"description\":\"N\u00eb prag t\u00eb Dit\u00ebs s\u00eb Komun\u00ebs pushteti i Ulqinit ka pak arsye t\u00eb lavd\u00ebrohet, pohojn\u00eb n\u00eb opozit\u00ebn e Ulqinit, raporton portali Ul.info. Sipas fjal\u00ebve t\u00eb\",\"breadcrumb\":{\"@id\":\"https:\/\/www.visit-ulcinj.com\/blog\/2017\/03\/30\/elezaga-a-do-te-kete-rrena-dhe-premtime-boshe-jadrani-galebi-rruga-ulqin-krythe-per-diten-e-ulqinit\/#breadcrumb\"},\"inLanguage\":\"en-US\",\"potentialAction\":[{\"@type\":\"ReadAction\",\"target\":[\"https:\/\/www.visit-ulcinj.com\/blog\/2017\/03\/30\/elezaga-a-do-te-kete-rrena-dhe-premtime-boshe-jadrani-galebi-rruga-ulqin-krythe-per-diten-e-ulqinit\/\"]}]},{\"@type\":\"BreadcrumbList\",\"@id\":\"https:\/\/www.visit-ulcinj.com\/blog\/2017\/03\/30\/elezaga-a-do-te-kete-rrena-dhe-premtime-boshe-jadrani-galebi-rruga-ulqin-krythe-per-diten-e-ulqinit\/#breadcrumb\",\"itemListElement\":[{\"@type\":\"ListItem\",\"position\":1,\"name\":\"Elezaga: A do te kete rrena dhe premtime boshe, Jadrani, Galebi, Rruga Ulqin-Kryth\u00eb p\u00ebr &#8220;Dit\u00ebn e Ulqinit&#8221;\"}]},{\"@type\":\"Person\",\"@id\":\"https:\/\/www.visit-ulcinj.com\/blog\/#\/schema\/person\/dcab619c614d3038751c63bc2aadc06d\",\"name\":\"ulqini\",\"sameAs\":[\"http:\/\/www.visit-ulcinj.com\"],\"url\":\"https:\/\/www.visit-ulcinj.com\/blog\/author\/admin\/\"}]}<\/script>\n<!-- \/ Yoast SEO plugin. -->","yoast_head_json":{"title":"Elezaga: A do te kete rrena dhe premtime boshe, Jadrani, Galebi, Rruga Ulqin-Kryth\u00eb p\u00ebr \"Dit\u00ebn e Ulqinit\" - Lajme nga Ulqini","description":"N\u00eb prag t\u00eb Dit\u00ebs s\u00eb Komun\u00ebs pushteti i Ulqinit ka pak arsye t\u00eb lavd\u00ebrohet, pohojn\u00eb n\u00eb opozit\u00ebn e Ulqinit, raporton portali Ul.info. Sipas fjal\u00ebve t\u00eb","robots":{"index":"index","follow":"follow","max-snippet":"max-snippet:-1","max-image-preview":"max-image-preview:large","max-video-preview":"max-video-preview:-1"},"canonical":"https:\/\/www.visit-ulcinj.com\/blog\/2017\/03\/30\/elezaga-a-do-te-kete-rrena-dhe-premtime-boshe-jadrani-galebi-rruga-ulqin-krythe-per-diten-e-ulqinit\/","og_locale":"en_US","og_type":"article","og_title":"Elezaga: A do te kete rrena dhe premtime boshe, Jadrani, Galebi, Rruga Ulqin-Kryth\u00eb p\u00ebr \"Dit\u00ebn e Ulqinit\" - Lajme nga Ulqini","og_description":"N\u00eb prag t\u00eb Dit\u00ebs s\u00eb Komun\u00ebs pushteti i Ulqinit ka pak arsye t\u00eb lavd\u00ebrohet, pohojn\u00eb n\u00eb opozit\u00ebn e Ulqinit, raporton portali Ul.info. Sipas fjal\u00ebve t\u00eb","og_url":"https:\/\/www.visit-ulcinj.com\/blog\/2017\/03\/30\/elezaga-a-do-te-kete-rrena-dhe-premtime-boshe-jadrani-galebi-rruga-ulqin-krythe-per-diten-e-ulqinit\/","og_site_name":"Lajme nga Ulqini","article_published_time":"2017-03-30T12:55:21+00:00","article_modified_time":"2017-03-30T12:56:29+00:00","og_image":[{"url":"http:\/\/www.visit-ulcinj.com\/blog\/wp-content\/uploads\/2016\/01\/Skender-Elezagic-SDP-Ulcinj.jpg"}],"twitter_misc":{"Written by":"ulqini","Est. reading time":"1 minute"},"schema":{"@context":"https:\/\/schema.org","@graph":[{"@type":"WebSite","@id":"https:\/\/www.visit-ulcinj.com\/blog\/#website","url":"https:\/\/www.visit-ulcinj.com\/blog\/","name":"Lajme nga Ulqini","description":"Lajme,Vijesti,Ulqini,Ulqin,Crna Gora,Mali i Zi","potentialAction":[{"@type":"SearchAction","target":{"@type":"EntryPoint","urlTemplate":"https:\/\/www.visit-ulcinj.com\/blog\/?s={search_term_string}"},"query-input":"required name=search_term_string"}],"inLanguage":"en-US"},{"@type":"ImageObject","inLanguage":"en-US","@id":"https:\/\/www.visit-ulcinj.com\/blog\/2017\/03\/30\/elezaga-a-do-te-kete-rrena-dhe-premtime-boshe-jadrani-galebi-rruga-ulqin-krythe-per-diten-e-ulqinit\/#primaryimage","url":"https:\/\/www.visit-ulcinj.com\/blog\/wp-content\/uploads\/2016\/01\/Skender-Elezagic-SDP-Ulcinj.jpg","contentUrl":"https:\/\/www.visit-ulcinj.com\/blog\/wp-content\/uploads\/2016\/01\/Skender-Elezagic-SDP-Ulcinj.jpg","width":960,"height":638},{"@type":"WebPage","@id":"https:\/\/www.visit-ulcinj.com\/blog\/2017\/03\/30\/elezaga-a-do-te-kete-rrena-dhe-premtime-boshe-jadrani-galebi-rruga-ulqin-krythe-per-diten-e-ulqinit\/#webpage","url":"https:\/\/www.visit-ulcinj.com\/blog\/2017\/03\/30\/elezaga-a-do-te-kete-rrena-dhe-premtime-boshe-jadrani-galebi-rruga-ulqin-krythe-per-diten-e-ulqinit\/","name":"Elezaga: A do te kete rrena dhe premtime boshe, Jadrani, Galebi, Rruga Ulqin-Kryth\u00eb p\u00ebr \"Dit\u00ebn e Ulqinit\" - Lajme nga Ulqini","isPartOf":{"@id":"https:\/\/www.visit-ulcinj.com\/blog\/#website"},"primaryImageOfPage":{"@id":"https:\/\/www.visit-ulcinj.com\/blog\/2017\/03\/30\/elezaga-a-do-te-kete-rrena-dhe-premtime-boshe-jadrani-galebi-rruga-ulqin-krythe-per-diten-e-ulqinit\/#primaryimage"},"datePublished":"2017-03-30T12:55:21+00:00","dateModified":"2017-03-30T12:56:29+00:00","author":{"@id":"https:\/\/www.visit-ulcinj.com\/blog\/#\/schema\/person\/dcab619c614d3038751c63bc2aadc06d"},"description":"N\u00eb prag t\u00eb Dit\u00ebs s\u00eb Komun\u00ebs pushteti i Ulqinit ka pak arsye t\u00eb lavd\u00ebrohet, pohojn\u00eb n\u00eb opozit\u00ebn e Ulqinit, raporton portali Ul.info. Sipas fjal\u00ebve t\u00eb","breadcrumb":{"@id":"https:\/\/www.visit-ulcinj.com\/blog\/2017\/03\/30\/elezaga-a-do-te-kete-rrena-dhe-premtime-boshe-jadrani-galebi-rruga-ulqin-krythe-per-diten-e-ulqinit\/#breadcrumb"},"inLanguage":"en-US","potentialAction":[{"@type":"ReadAction","target":["https:\/\/www.visit-ulcinj.com\/blog\/2017\/03\/30\/elezaga-a-do-te-kete-rrena-dhe-premtime-boshe-jadrani-galebi-rruga-ulqin-krythe-per-diten-e-ulqinit\/"]}]},{"@type":"BreadcrumbList","@id":"https:\/\/www.visit-ulcinj.com\/blog\/2017\/03\/30\/elezaga-a-do-te-kete-rrena-dhe-premtime-boshe-jadrani-galebi-rruga-ulqin-krythe-per-diten-e-ulqinit\/#breadcrumb","itemListElement":[{"@type":"ListItem","position":1,"name":"Elezaga: A do te kete rrena dhe premtime boshe, Jadrani, Galebi, Rruga Ulqin-Kryth\u00eb p\u00ebr &#8220;Dit\u00ebn e Ulqinit&#8221;"}]},{"@type":"Person","@id":"https:\/\/www.visit-ulcinj.com\/blog\/#\/schema\/person\/dcab619c614d3038751c63bc2aadc06d","name":"ulqini","sameAs":["http:\/\/www.visit-ulcinj.com"],"url":"https:\/\/www.visit-ulcinj.com\/blog\/author\/admin\/"}]}},"jetpack_featured_media_url":"","jetpack_sharing_enabled":true,"jetpack_shortlink":"https:\/\/wp.me\/pe6lTn-r1A","_links":{"self":[{"href":"https:\/\/www.visit-ulcinj.com\/blog\/wp-json\/wp\/v2\/posts\/103886"}],"collection":[{"href":"https:\/\/www.visit-ulcinj.com\/blog\/wp-json\/wp\/v2\/posts"}],"about":[{"href":"https:\/\/www.visit-ulcinj.com\/blog\/wp-json\/wp\/v2\/types\/post"}],"author":[{"embeddable":true,"href":"https:\/\/www.visit-ulcinj.com\/blog\/wp-json\/wp\/v2\/users\/1"}],"replies":[{"embeddable":true,"href":"https:\/\/www.visit-ulcinj.com\/blog\/wp-json\/wp\/v2\/comments?post=103886"}],"version-history":[{"count":2,"href":"https:\/\/www.visit-ulcinj.com\/blog\/wp-json\/wp\/v2\/posts\/103886\/revisions"}],"predecessor-version":[{"id":103888,"href":"https:\/\/www.visit-ulcinj.com\/blog\/wp-json\/wp\/v2\/posts\/103886\/revisions\/103888"}],"wp:attachment":[{"href":"https:\/\/www.visit-ulcinj.com\/blog\/wp-json\/wp\/v2\/media?parent=103886"}],"wp:term":[{"taxonomy":"category","embeddable":true,"href":"https:\/\/www.visit-ulcinj.com\/blog\/wp-json\/wp\/v2\/categories?post=103886"},{"taxonomy":"post_tag","embeddable":true,"href":"https:\/\/www.visit-ulcinj.com\/blog\/wp-json\/wp\/v2\/tags?post=103886"}],"curies":[{"name":"wp","href":"https:\/\/api.w.org\/{rel}","templated":true}]}}