{"id":103890,"date":"2017-03-30T17:23:07","date_gmt":"2017-03-30T16:23:07","guid":{"rendered":"http:\/\/www.visit-ulcinj.com\/blog\/?p=103890"},"modified":"2017-03-30T17:23:07","modified_gmt":"2017-03-30T16:23:07","slug":"nika-mos-shitni-perralla-ne-media-se-shqipja-behet-gjuhe-zyrtare-ne-mal-te-zi","status":"publish","type":"post","link":"https:\/\/www.visit-ulcinj.com\/blog\/2017\/03\/30\/nika-mos-shitni-perralla-ne-media-se-shqipja-behet-gjuhe-zyrtare-ne-mal-te-zi\/","title":{"rendered":"Nika: Mos shitni p\u00ebrralla n\u00eb media se Shqipja b\u00ebhet gjuh\u00eb zyrtare n\u00eb Mal t\u00eb Zi"},"content":{"rendered":"<p><a href=\"http:\/\/www.visit-ulcinj.com\/blog\/wp-content\/uploads\/2014\/11\/Muhamet-Nika.jpg\"><img loading=\"lazy\" class=\"alignleft wp-image-86143 size-medium\" src=\"http:\/\/www.visit-ulcinj.com\/blog\/wp-content\/uploads\/2014\/11\/Muhamet-Nika-240x300.jpg\" alt=\"Muhamet Nika,  Sudski tuma\u010d- P\u00ebrkthyes gjyq\u00ebsor  \u201c MUHAMET NIKA \u201d Ulcinj- Ulqin Adresa:  zgrada  SO ULCINJ- nd\u00ebrtesa e KK Ulqin Telefon-i:               068 264 122 Email-i : muhamet-nika@hotmail.com  Albanski jezik-  prof. Albanskog  jezika  Gjuh\u00eb shqipe- prof. I gjuh\u00ebs shqipe\" width=\"240\" height=\"300\" srcset=\"https:\/\/www.visit-ulcinj.com\/blog\/wp-content\/uploads\/2014\/11\/Muhamet-Nika-240x300.jpg 240w, https:\/\/www.visit-ulcinj.com\/blog\/wp-content\/uploads\/2014\/11\/Muhamet-Nika.jpg 256w\" sizes=\"(max-width: 240px) 100vw, 240px\" \/><\/a>Shkruan Muhamet Nika<\/p>\n<p><strong><em>KUJT\u00a0 I DUHEN\u00a0 P\u00cbRRALLAT\u00a0 DHE\u00a0 MASHTRIMET\u00a0 SHQIP \u2013 P\u00cbR ZYRTARIZIM T\u00cb SHQIPES N\u00cb MAL T\u00cb ZI<\/em><\/strong><\/p>\n<p>&nbsp;<\/p>\n<p>Po thuhet \u00a0\u00a0se \u201cndryshimi i ligjit mbi t\u00eb drejtat dhe lirit\u00eb e pakicave n\u00eb Mal t\u00eb Zi, parashikon zyrtarizimin e gjuh\u00ebs s\u00eb pakicave n\u00eb t\u00eb gjitha komunat ku ato p\u00ebrb\u00ebjn\u00eb 5% t\u00eb popullsis\u00eb- \u00a0raporton Fakte&#8230; e kjo vlen\u00a0 edhe n\u00eb shkall\u00eb republike., kuptohet q\u00eb kjo \u00ebsht\u00eb di\u00e7ka e mire, por\u00a0 harrohet\u00a0\u00a0 t\u00eb shpjegohet\u00a0 dhe \u00a0t\u00eb thuhet q\u00eb p\u00ebrse \u00a0u fsheh numri i banor\u00ebve\u00a0\u00a0 shqiptar\u00eb sipas regjistrimit\u00a0 t\u00eb fundit \u00a0t\u00eb popullsis\u00eb ku sipas\u00a0 \u00a0\u00a0\u00a0monstatit\u00a0 , numri i banor\u00ebve shqiptar\u00eb\u00a0 ra \u00a0\u00a0nga 7 % n\u00eb 5 %?!\u00a0 Dhe a mos lidhej\u00a0 \u00a0kjo \u00a0me zyrtarizim\u00a0 t\u00eb shqipes q\u00eb po ndodh\u00eb sot. ..?!!<\/p>\n<p>Ne mendojm\u00eb se po, ngase po \u00a0\u00a0t\u00eb \u00a0ishim 7% \u00a0me regjistrim , shqipja sipas\u00a0 standardeve evropiane\u00a0 do ti binte \u00a0q\u00eb sot t\u00eb ishte \u00a0m\u00eb e\u00a0 p\u00ebrparuar.<\/p>\n<p>Andaj regjistrimi i fundit \u00a0del t\u00eb \u00a0jet\u00eb \u00a0\u00a0i manipuluar\u00a0 p\u00ebr shkak t\u00eb te drejtave q\u00eb do t\u00eb duhej t\u00eb plot\u00ebsoheshin\u00a0 nga Mali Zi ndaj nj\u00eb popullsie mbi 7%<\/p>\n<p><strong><em>Hajredin Kova\u00e7i\u00a0 e p\u00ebrg\u00ebnjeshtroi rezultatin e regjistrimit \u00a0?!<\/em><\/strong><\/p>\n<p>K\u00ebshilltari\u00a0 n\u00eb KK Ulqin, Hajrudin Kova\u00e7i\u00a0 duke\u00a0 u ky\u00e7\u00a0 n\u00eb nj\u00eb bised\u00eb\u00a0 rreth fshehjes\u00a0 s\u00eb numrit\u00a0 t\u00eb v\u00ebrtet\u00eb t\u00eb shqiptar\u00ebve\u00a0 n\u00eb k\u00ebt\u00eb republik\u00eb , ceku fjala bie \u00a0se \u00a0numri i banor\u00ebve\u00a0 , sht\u00ebpive dhe amfisnve\u00a0\u00a0 n\u00eb fshatin Dragin\u00eb\u00a0 \u00a0t\u00eb tijin, as sot pas 10 viteve nuk \u00ebsht\u00eb kaq i ul\u00ebt\u00a0 si paraqitet\u00a0 nga regjistrimi \u00a0\u00a0dhe ishte disa her\u00eb m\u00eb i madh .<\/p>\n<p>Ai na \u00a0g\u00ebzoi\u00a0 kur tha q\u00eb numri\u00a0 i banor\u00ebve\u00a0 edhe pse kishin shkuar n\u00eb m\u00ebrgim nuk ishte n\u00ebn 90 veta , por kish 113 banor, t\u00eb nj\u00ebjt\u00ebn gj\u00eb v\u00ebrtetoi edhe k\u00ebshilltari\u00a0 Kadri Sinani \u00a0i cili ceku se ishte fshehur numri real i banor\u00ebve , sht\u00ebpive\u00a0 dhe amvisnive\u00a0 n\u00eb fshatrat\u00a0 Shtod\u00ebr\u00a0 , Ambull\u00a0 etj. n\u00eb An\u00eb t\u00eb Malit<\/p>\n<p>A mos ishte edhe kjo nj\u00eb kurdisje\u00a0 e fsheht\u00eb prapa shpin\u00ebs s\u00eb popullit\u00a0 nga ato subjekte e parti q\u00eb mburr\u00ebn\u00a0 me gjoja zyrtarizim t\u00eb shqip\u00ebs n\u00eb Mal t\u00eb Zi ?!<\/p>\n<p><a href=\"http:\/\/www.visit-ulcinj.com\/blog\/wp-content\/uploads\/2017\/03\/mal-i-zi.jpg\"><img loading=\"lazy\" class=\"alignleft wp-image-103855 size-full\" src=\"http:\/\/www.visit-ulcinj.com\/blog\/wp-content\/uploads\/2017\/03\/mal-i-zi.jpg\" alt=\"mal-i-zi\" width=\"508\" height=\"423\" srcset=\"https:\/\/www.visit-ulcinj.com\/blog\/wp-content\/uploads\/2017\/03\/mal-i-zi.jpg 508w, https:\/\/www.visit-ulcinj.com\/blog\/wp-content\/uploads\/2017\/03\/mal-i-zi-300x250.jpg 300w\" sizes=\"(max-width: 508px) 100vw, 508px\" \/><\/a><\/p>\n<p><strong><em>Mos harroni se edhe kjo fotografi e Malit t\u00eb Zi, q\u00eb\u00a0 shoq\u00ebroi lajmin e mir\u00eb t\u00eb zyrtarizmit t\u00eb shqipes, qarkulloi p\u00ebr her\u00eb t\u00eb par\u00eb n\u00eb Mal t\u00eb Zi, pas \u00a0b\u00ebrjes publike t\u00eb rezultateve\u00a0 n\u00eb zgjedhjet \u00a096 ku shqiptar\u00ebt sipas ligjit zgjedhor\u00a0 fituan 5 deputet dhe \u00ebsht\u00eb\u00a0\u00a0 zona \u00a0e dyt\u00eb zgjedhore shqiptare\u00a0 q\u00eb \u00a0u fshi si e till\u00eb&#8230;?!!<\/em><\/strong><\/p>\n<p><strong><em>\u00a0<\/em><\/strong><\/p>\n<p><strong>Ulqinak\u00ebt mbajn\u00eb mend edhe koh\u00eb m\u00eb t\u00eb mira t\u00eb zyrtarizmit t\u00eb shqip\u00ebs n\u00eb komun\u00eb , se kjo e Zenk\u00ebs dhe e Gencit?!<\/strong><\/p>\n<p>N\u00ebse\u00a0 e harrojm\u00eb p\u00ebrrall\u00ebn\u00a0 q\u00eb \u00e7do gj\u00eb fillon me ne, i kujtoi t\u00eb gjith\u00eb q\u00eb n\u00eb koh\u00eb t\u00eb komunizmit\u00a0 n\u00eb Ulqin , ka qen\u00eb nj\u00eb koh\u00eb , ku zyrtar\u00ebt e Komun\u00ebs sipas testit q\u00eb i dinin t\u00eb dy gjuh\u00ebt paguheshin 10% m\u00eb shum\u00eb ?!<\/p>\n<p>E p\u00ebr \u00e7udi n\u00eb mesin e tyre q\u00eb merrnin 10% t\u00eb rrog\u00ebs m\u00eb shum\u00eb p\u00ebr k\u00ebt\u00eb \u00a0ishin edhe nja 4 zyrtar\u00eb malazez\u00eb\u00a0 t\u00eb cil\u00ebt flisnin dhe komunikonin shqip.<\/p>\n<p>E sot\u00a0 mbase \u00a0vet\u00ebm nja 4 veta shqiptar\u00eb jan\u00eb ata q\u00eb flasin\u00a0 dhe shkruajn\u00eb shqip n\u00eb administrat\u00eb?!!<\/p>\n<p>Po\u00a0 t\u00eb drejt\u00ebn obliguese\u00a0 q\u00eb abetaren shqipe ta m\u00ebsojn\u00eb n\u00eb shkolla vog\u00eblush\u00ebt tan\u00eb kur do ta fitojn\u00eb , pasi na e dha falas\u00a0 Kryetari i Bashkis\u00eb \u00a0s\u00eb Tiran\u00ebs \u00a0\u00a0Agron Velija \u00a0p\u00ebr fillorist\u00eb\u00a0 ?!!<\/p>\n","protected":false},"excerpt":{"rendered":"<p>Shkruan Muhamet Nika KUJT\u00a0 I DUHEN\u00a0 P\u00cbRRALLAT\u00a0 DHE\u00a0 MASHTRIMET\u00a0 SHQIP \u2013 P\u00cbR ZYRTARIZIM T\u00cb SHQIPES N\u00cb MAL T\u00cb ZI &nbsp; Po thuhet \u00a0\u00a0se \u201cndryshimi i ligjit mbi t\u00eb drejtat dhe lirit\u00eb e pakicave n\u00eb Mal t\u00eb Zi, parashikon zyrtarizimin e gjuh\u00ebs s\u00eb pakicave n\u00eb t\u00eb gjitha komunat ku ato p\u00ebrb\u00ebjn\u00eb 5% t\u00eb popullsis\u00eb- \u00a0raporton Fakte&#8230; [&hellip;]<\/p>\n","protected":false},"author":1,"featured_media":0,"comment_status":"closed","ping_status":"closed","sticky":false,"template":"","format":"standard","meta":{"spay_email":"","jetpack_publicize_message":"","jetpack_is_tweetstorm":false,"jetpack_publicize_feature_enabled":true},"categories":[14249],"tags":[],"jetpack_publicize_connections":[],"yoast_head":"<!-- This site is optimized with the Yoast SEO plugin v19.1 - https:\/\/yoast.com\/wordpress\/plugins\/seo\/ -->\n<title>Nika: Mos shitni p\u00ebrralla n\u00eb media se Shqipja b\u00ebhet gjuh\u00eb zyrtare n\u00eb Mal t\u00eb Zi - Lajme nga Ulqini<\/title>\n<meta name=\"description\" content=\"Shkruan Muhamet Nika KUJT\u00a0 I DUHEN\u00a0 P\u00cbRRALLAT\u00a0 DHE\u00a0 MASHTRIMET\u00a0 SHQIP \u2013 P\u00cbR ZYRTARIZIM T\u00cb SHQIPES N\u00cb MAL T\u00cb ZI &nbsp; Po thuhet \u00a0\u00a0se \u201cndryshimi i ligjit\" \/>\n<meta name=\"robots\" content=\"index, follow, max-snippet:-1, max-image-preview:large, max-video-preview:-1\" \/>\n<link rel=\"canonical\" href=\"https:\/\/www.visit-ulcinj.com\/blog\/2017\/03\/30\/nika-mos-shitni-perralla-ne-media-se-shqipja-behet-gjuhe-zyrtare-ne-mal-te-zi\/\" \/>\n<meta property=\"og:locale\" content=\"en_US\" \/>\n<meta property=\"og:type\" content=\"article\" \/>\n<meta property=\"og:title\" content=\"Nika: Mos shitni p\u00ebrralla n\u00eb media se Shqipja b\u00ebhet gjuh\u00eb zyrtare n\u00eb Mal t\u00eb Zi - Lajme nga Ulqini\" \/>\n<meta property=\"og:description\" content=\"Shkruan Muhamet Nika KUJT\u00a0 I DUHEN\u00a0 P\u00cbRRALLAT\u00a0 DHE\u00a0 MASHTRIMET\u00a0 SHQIP \u2013 P\u00cbR ZYRTARIZIM T\u00cb SHQIPES N\u00cb MAL T\u00cb ZI &nbsp; Po thuhet \u00a0\u00a0se \u201cndryshimi i ligjit\" \/>\n<meta property=\"og:url\" content=\"https:\/\/www.visit-ulcinj.com\/blog\/2017\/03\/30\/nika-mos-shitni-perralla-ne-media-se-shqipja-behet-gjuhe-zyrtare-ne-mal-te-zi\/\" \/>\n<meta property=\"og:site_name\" content=\"Lajme nga Ulqini\" \/>\n<meta property=\"article:published_time\" content=\"2017-03-30T16:23:07+00:00\" \/>\n<meta property=\"og:image\" content=\"http:\/\/www.visit-ulcinj.com\/blog\/wp-content\/uploads\/2014\/11\/Muhamet-Nika-240x300.jpg\" \/>\n<meta name=\"twitter:label1\" content=\"Written by\" \/>\n\t<meta name=\"twitter:data1\" content=\"ulqini\" \/>\n\t<meta name=\"twitter:label2\" content=\"Est. reading time\" \/>\n\t<meta name=\"twitter:data2\" content=\"3 minutes\" \/>\n<script type=\"application\/ld+json\" class=\"yoast-schema-graph\">{\"@context\":\"https:\/\/schema.org\",\"@graph\":[{\"@type\":\"WebSite\",\"@id\":\"https:\/\/www.visit-ulcinj.com\/blog\/#website\",\"url\":\"https:\/\/www.visit-ulcinj.com\/blog\/\",\"name\":\"Lajme nga Ulqini\",\"description\":\"Lajme,Vijesti,Ulqini,Ulqin,Crna Gora,Mali i Zi\",\"potentialAction\":[{\"@type\":\"SearchAction\",\"target\":{\"@type\":\"EntryPoint\",\"urlTemplate\":\"https:\/\/www.visit-ulcinj.com\/blog\/?s={search_term_string}\"},\"query-input\":\"required name=search_term_string\"}],\"inLanguage\":\"en-US\"},{\"@type\":\"ImageObject\",\"inLanguage\":\"en-US\",\"@id\":\"https:\/\/www.visit-ulcinj.com\/blog\/2017\/03\/30\/nika-mos-shitni-perralla-ne-media-se-shqipja-behet-gjuhe-zyrtare-ne-mal-te-zi\/#primaryimage\",\"url\":\"https:\/\/www.visit-ulcinj.com\/blog\/wp-content\/uploads\/2014\/11\/Muhamet-Nika.jpg\",\"contentUrl\":\"https:\/\/www.visit-ulcinj.com\/blog\/wp-content\/uploads\/2014\/11\/Muhamet-Nika.jpg\",\"width\":256,\"height\":319},{\"@type\":\"WebPage\",\"@id\":\"https:\/\/www.visit-ulcinj.com\/blog\/2017\/03\/30\/nika-mos-shitni-perralla-ne-media-se-shqipja-behet-gjuhe-zyrtare-ne-mal-te-zi\/#webpage\",\"url\":\"https:\/\/www.visit-ulcinj.com\/blog\/2017\/03\/30\/nika-mos-shitni-perralla-ne-media-se-shqipja-behet-gjuhe-zyrtare-ne-mal-te-zi\/\",\"name\":\"Nika: Mos shitni p\u00ebrralla n\u00eb media se Shqipja b\u00ebhet gjuh\u00eb zyrtare n\u00eb Mal t\u00eb Zi - Lajme nga Ulqini\",\"isPartOf\":{\"@id\":\"https:\/\/www.visit-ulcinj.com\/blog\/#website\"},\"primaryImageOfPage\":{\"@id\":\"https:\/\/www.visit-ulcinj.com\/blog\/2017\/03\/30\/nika-mos-shitni-perralla-ne-media-se-shqipja-behet-gjuhe-zyrtare-ne-mal-te-zi\/#primaryimage\"},\"datePublished\":\"2017-03-30T16:23:07+00:00\",\"dateModified\":\"2017-03-30T16:23:07+00:00\",\"author\":{\"@id\":\"https:\/\/www.visit-ulcinj.com\/blog\/#\/schema\/person\/dcab619c614d3038751c63bc2aadc06d\"},\"description\":\"Shkruan Muhamet Nika KUJT\u00a0 I DUHEN\u00a0 P\u00cbRRALLAT\u00a0 DHE\u00a0 MASHTRIMET\u00a0 SHQIP \u2013 P\u00cbR ZYRTARIZIM T\u00cb SHQIPES N\u00cb MAL T\u00cb ZI &nbsp; Po thuhet \u00a0\u00a0se \u201cndryshimi i ligjit\",\"breadcrumb\":{\"@id\":\"https:\/\/www.visit-ulcinj.com\/blog\/2017\/03\/30\/nika-mos-shitni-perralla-ne-media-se-shqipja-behet-gjuhe-zyrtare-ne-mal-te-zi\/#breadcrumb\"},\"inLanguage\":\"en-US\",\"potentialAction\":[{\"@type\":\"ReadAction\",\"target\":[\"https:\/\/www.visit-ulcinj.com\/blog\/2017\/03\/30\/nika-mos-shitni-perralla-ne-media-se-shqipja-behet-gjuhe-zyrtare-ne-mal-te-zi\/\"]}]},{\"@type\":\"BreadcrumbList\",\"@id\":\"https:\/\/www.visit-ulcinj.com\/blog\/2017\/03\/30\/nika-mos-shitni-perralla-ne-media-se-shqipja-behet-gjuhe-zyrtare-ne-mal-te-zi\/#breadcrumb\",\"itemListElement\":[{\"@type\":\"ListItem\",\"position\":1,\"name\":\"Nika: Mos shitni p\u00ebrralla n\u00eb media se Shqipja b\u00ebhet gjuh\u00eb zyrtare n\u00eb Mal t\u00eb Zi\"}]},{\"@type\":\"Person\",\"@id\":\"https:\/\/www.visit-ulcinj.com\/blog\/#\/schema\/person\/dcab619c614d3038751c63bc2aadc06d\",\"name\":\"ulqini\",\"sameAs\":[\"http:\/\/www.visit-ulcinj.com\"],\"url\":\"https:\/\/www.visit-ulcinj.com\/blog\/author\/admin\/\"}]}<\/script>\n<!-- \/ Yoast SEO plugin. -->","yoast_head_json":{"title":"Nika: Mos shitni p\u00ebrralla n\u00eb media se Shqipja b\u00ebhet gjuh\u00eb zyrtare n\u00eb Mal t\u00eb Zi - Lajme nga Ulqini","description":"Shkruan Muhamet Nika KUJT\u00a0 I DUHEN\u00a0 P\u00cbRRALLAT\u00a0 DHE\u00a0 MASHTRIMET\u00a0 SHQIP \u2013 P\u00cbR ZYRTARIZIM T\u00cb SHQIPES N\u00cb MAL T\u00cb ZI &nbsp; Po thuhet \u00a0\u00a0se \u201cndryshimi i ligjit","robots":{"index":"index","follow":"follow","max-snippet":"max-snippet:-1","max-image-preview":"max-image-preview:large","max-video-preview":"max-video-preview:-1"},"canonical":"https:\/\/www.visit-ulcinj.com\/blog\/2017\/03\/30\/nika-mos-shitni-perralla-ne-media-se-shqipja-behet-gjuhe-zyrtare-ne-mal-te-zi\/","og_locale":"en_US","og_type":"article","og_title":"Nika: Mos shitni p\u00ebrralla n\u00eb media se Shqipja b\u00ebhet gjuh\u00eb zyrtare n\u00eb Mal t\u00eb Zi - Lajme nga Ulqini","og_description":"Shkruan Muhamet Nika KUJT\u00a0 I DUHEN\u00a0 P\u00cbRRALLAT\u00a0 DHE\u00a0 MASHTRIMET\u00a0 SHQIP \u2013 P\u00cbR ZYRTARIZIM T\u00cb SHQIPES N\u00cb MAL T\u00cb ZI &nbsp; Po thuhet \u00a0\u00a0se \u201cndryshimi i ligjit","og_url":"https:\/\/www.visit-ulcinj.com\/blog\/2017\/03\/30\/nika-mos-shitni-perralla-ne-media-se-shqipja-behet-gjuhe-zyrtare-ne-mal-te-zi\/","og_site_name":"Lajme nga Ulqini","article_published_time":"2017-03-30T16:23:07+00:00","og_image":[{"url":"http:\/\/www.visit-ulcinj.com\/blog\/wp-content\/uploads\/2014\/11\/Muhamet-Nika-240x300.jpg"}],"twitter_misc":{"Written by":"ulqini","Est. reading time":"3 minutes"},"schema":{"@context":"https:\/\/schema.org","@graph":[{"@type":"WebSite","@id":"https:\/\/www.visit-ulcinj.com\/blog\/#website","url":"https:\/\/www.visit-ulcinj.com\/blog\/","name":"Lajme nga Ulqini","description":"Lajme,Vijesti,Ulqini,Ulqin,Crna Gora,Mali i Zi","potentialAction":[{"@type":"SearchAction","target":{"@type":"EntryPoint","urlTemplate":"https:\/\/www.visit-ulcinj.com\/blog\/?s={search_term_string}"},"query-input":"required name=search_term_string"}],"inLanguage":"en-US"},{"@type":"ImageObject","inLanguage":"en-US","@id":"https:\/\/www.visit-ulcinj.com\/blog\/2017\/03\/30\/nika-mos-shitni-perralla-ne-media-se-shqipja-behet-gjuhe-zyrtare-ne-mal-te-zi\/#primaryimage","url":"https:\/\/www.visit-ulcinj.com\/blog\/wp-content\/uploads\/2014\/11\/Muhamet-Nika.jpg","contentUrl":"https:\/\/www.visit-ulcinj.com\/blog\/wp-content\/uploads\/2014\/11\/Muhamet-Nika.jpg","width":256,"height":319},{"@type":"WebPage","@id":"https:\/\/www.visit-ulcinj.com\/blog\/2017\/03\/30\/nika-mos-shitni-perralla-ne-media-se-shqipja-behet-gjuhe-zyrtare-ne-mal-te-zi\/#webpage","url":"https:\/\/www.visit-ulcinj.com\/blog\/2017\/03\/30\/nika-mos-shitni-perralla-ne-media-se-shqipja-behet-gjuhe-zyrtare-ne-mal-te-zi\/","name":"Nika: Mos shitni p\u00ebrralla n\u00eb media se Shqipja b\u00ebhet gjuh\u00eb zyrtare n\u00eb Mal t\u00eb Zi - Lajme nga Ulqini","isPartOf":{"@id":"https:\/\/www.visit-ulcinj.com\/blog\/#website"},"primaryImageOfPage":{"@id":"https:\/\/www.visit-ulcinj.com\/blog\/2017\/03\/30\/nika-mos-shitni-perralla-ne-media-se-shqipja-behet-gjuhe-zyrtare-ne-mal-te-zi\/#primaryimage"},"datePublished":"2017-03-30T16:23:07+00:00","dateModified":"2017-03-30T16:23:07+00:00","author":{"@id":"https:\/\/www.visit-ulcinj.com\/blog\/#\/schema\/person\/dcab619c614d3038751c63bc2aadc06d"},"description":"Shkruan Muhamet Nika KUJT\u00a0 I DUHEN\u00a0 P\u00cbRRALLAT\u00a0 DHE\u00a0 MASHTRIMET\u00a0 SHQIP \u2013 P\u00cbR ZYRTARIZIM T\u00cb SHQIPES N\u00cb MAL T\u00cb ZI &nbsp; Po thuhet \u00a0\u00a0se \u201cndryshimi i ligjit","breadcrumb":{"@id":"https:\/\/www.visit-ulcinj.com\/blog\/2017\/03\/30\/nika-mos-shitni-perralla-ne-media-se-shqipja-behet-gjuhe-zyrtare-ne-mal-te-zi\/#breadcrumb"},"inLanguage":"en-US","potentialAction":[{"@type":"ReadAction","target":["https:\/\/www.visit-ulcinj.com\/blog\/2017\/03\/30\/nika-mos-shitni-perralla-ne-media-se-shqipja-behet-gjuhe-zyrtare-ne-mal-te-zi\/"]}]},{"@type":"BreadcrumbList","@id":"https:\/\/www.visit-ulcinj.com\/blog\/2017\/03\/30\/nika-mos-shitni-perralla-ne-media-se-shqipja-behet-gjuhe-zyrtare-ne-mal-te-zi\/#breadcrumb","itemListElement":[{"@type":"ListItem","position":1,"name":"Nika: Mos shitni p\u00ebrralla n\u00eb media se Shqipja b\u00ebhet gjuh\u00eb zyrtare n\u00eb Mal t\u00eb Zi"}]},{"@type":"Person","@id":"https:\/\/www.visit-ulcinj.com\/blog\/#\/schema\/person\/dcab619c614d3038751c63bc2aadc06d","name":"ulqini","sameAs":["http:\/\/www.visit-ulcinj.com"],"url":"https:\/\/www.visit-ulcinj.com\/blog\/author\/admin\/"}]}},"jetpack_featured_media_url":"","jetpack_sharing_enabled":true,"jetpack_shortlink":"https:\/\/wp.me\/pe6lTn-r1E","_links":{"self":[{"href":"https:\/\/www.visit-ulcinj.com\/blog\/wp-json\/wp\/v2\/posts\/103890"}],"collection":[{"href":"https:\/\/www.visit-ulcinj.com\/blog\/wp-json\/wp\/v2\/posts"}],"about":[{"href":"https:\/\/www.visit-ulcinj.com\/blog\/wp-json\/wp\/v2\/types\/post"}],"author":[{"embeddable":true,"href":"https:\/\/www.visit-ulcinj.com\/blog\/wp-json\/wp\/v2\/users\/1"}],"replies":[{"embeddable":true,"href":"https:\/\/www.visit-ulcinj.com\/blog\/wp-json\/wp\/v2\/comments?post=103890"}],"version-history":[{"count":1,"href":"https:\/\/www.visit-ulcinj.com\/blog\/wp-json\/wp\/v2\/posts\/103890\/revisions"}],"predecessor-version":[{"id":103891,"href":"https:\/\/www.visit-ulcinj.com\/blog\/wp-json\/wp\/v2\/posts\/103890\/revisions\/103891"}],"wp:attachment":[{"href":"https:\/\/www.visit-ulcinj.com\/blog\/wp-json\/wp\/v2\/media?parent=103890"}],"wp:term":[{"taxonomy":"category","embeddable":true,"href":"https:\/\/www.visit-ulcinj.com\/blog\/wp-json\/wp\/v2\/categories?post=103890"},{"taxonomy":"post_tag","embeddable":true,"href":"https:\/\/www.visit-ulcinj.com\/blog\/wp-json\/wp\/v2\/tags?post=103890"}],"curies":[{"name":"wp","href":"https:\/\/api.w.org\/{rel}","templated":true}]}}