{"id":103892,"date":"2017-03-30T17:38:18","date_gmt":"2017-03-30T16:38:18","guid":{"rendered":"http:\/\/www.visit-ulcinj.com\/blog\/?p=103892"},"modified":"2017-03-30T17:38:18","modified_gmt":"2017-03-30T16:38:18","slug":"cndikimi-sigurise-rajonale-anetaresimin-e-malit-te-zi-ne-nato","status":"publish","type":"post","link":"https:\/\/www.visit-ulcinj.com\/blog\/2017\/03\/30\/cndikimi-sigurise-rajonale-anetaresimin-e-malit-te-zi-ne-nato\/","title":{"rendered":"(\u00c7)Ndikimi i siguris\u00eb rajonale me an\u00ebtar\u00ebsimin e Malit t\u00eb Zi n\u00eb NATO!"},"content":{"rendered":"<p><a href=\"http:\/\/www.visit-ulcinj.com\/blog\/wp-content\/uploads\/2017\/03\/Mali-Zi-NATO.jpg\"><img loading=\"lazy\" class=\"alignleft wp-image-103858\" src=\"http:\/\/www.visit-ulcinj.com\/blog\/wp-content\/uploads\/2017\/03\/Mali-Zi-NATO.jpg\" alt=\"Mali Zi-NATO\" width=\"508\" height=\"343\" srcset=\"https:\/\/www.visit-ulcinj.com\/blog\/wp-content\/uploads\/2017\/03\/Mali-Zi-NATO.jpg 900w, https:\/\/www.visit-ulcinj.com\/blog\/wp-content\/uploads\/2017\/03\/Mali-Zi-NATO-300x202.jpg 300w, https:\/\/www.visit-ulcinj.com\/blog\/wp-content\/uploads\/2017\/03\/Mali-Zi-NATO-768x518.jpg 768w\" sizes=\"(max-width: 508px) 100vw, 508px\" \/><\/a>Rajoni do t\u00eb stabilizohej edhe m\u00eb tej me an\u00ebtar\u00ebsimin e Malit t\u00eb Zi n\u00eb Aleanc\u00ebn Veri-Atlantike NATO dhe se kjo d\u00ebshmon se gj\u00ebrat kan\u00eb filluar t\u00eb l\u00ebvizin n\u00eb drejtimin e duhur.<\/p>\n<p>Burim Ramadani, nga Qendra p\u00ebr Hulumtim t\u00eb Siguris\u00eb e Poltik\u00ebs, tha se an\u00ebtar\u00ebsimi i Malit t\u00eb Zi do t\u00eb ket\u00eb ndikim t\u00eb r\u00ebnd\u00ebsish\u00ebm n\u00eb sigurin\u00eb rajonale.<\/p>\n<p>\u00cbulf Lapins, drejtor i FES n\u00eb Kosov\u00eb, tha se progresi nuk \u00ebhst\u00eb I k\u00ebnaqsh\u00ebm\u00a0 dhe ka mjaft problem q\u00eb duhet eliminuar me reforma thelb\u00ebsore n\u00eb Ballkanin Per\u00ebndimor.<\/p>\n<p>\u201cMisioni i NATO-s n\u00eb rajon nuk mund t\u00eb arrihet pa nj\u00eb reform\u00eb t\u00eb thell\u00eb evroatlantike p\u00ebr sa i p\u00ebrket shteteve t\u00eb Ballkanit Per\u00ebndimor.Aleanca \u00ebsht\u00eb duke b\u00ebr\u00eb nj\u00eb angazhim me t\u00eb gjitha shtetet n\u00eb rajon, t\u00eb cilat e shohin NATO-n\u00eb si ofrues t\u00eb siguris\u00eb, stabilitetit dhe nj\u00eb mekaniz\u00ebm t\u00eb vler\u00ebsimit t\u00eb p\u00ebrzgjedhjeve t\u00eb veta t\u00eb v\u00ebshtira politike.<\/p>\n<p>\u201cMisioni i NATO-s n\u00eb rajon nuk mund t\u00eb arrihet pa reforma \u00a0p\u00ebr sa i p\u00ebrket shteteve t\u00eb Ballkanit Per\u00ebndimor. N\u00eb k\u00ebt\u00eb kontekst \u00ebsht\u00eb nj\u00eb realitet i v\u00ebshtir\u00eb p\u00ebr p\u00ebrmbushjen e k\u00ebrkesave t\u00eb NATO-s\u00eb q\u00eb t\u00eb shpenzohet 2 p\u00ebr qind e GDP-s\u00eb p\u00ebr \u00e7\u00ebshtje t\u00eb mbrojtjes gjat\u00eb dhjet\u00eb viteve t\u00eb ardhshme\u201d, tha Lapins.<\/p>\n<p>Ai shtoi se Kosova \u00ebsht\u00eb n\u00eb pozit\u00eb m\u00eb t\u00eb favorshme p\u00ebr an\u00ebtar\u00ebsim m\u00eb leht\u00eb, derisa Maqedonia do t\u00eb duhej t\u00eb b\u00ebj\u00eb marr\u00ebveshje me Greqin, derisa Serbia e Bosnja edhe p\u00ebr nj\u00eb koh\u00eb nuk do t\u00eb jen\u00eb pjes\u00eb e saj.<\/p>\n<p>\u201cKosova duhet t\u00eb p\u00ebrmir\u00ebsoi pozit\u00ebn e saj para nd\u00ebkromb\u00ebtar\u00ebve dhe duhet t\u00eb punoi m\u00eb shum\u00eb n\u00eb shtimin e njohjeve\u201d, tha Lapins.<\/p>\n<p>Kryetari i Shoqat\u00ebs s\u00eb Malazez\u00ebve n\u00eb Kosov\u00eb, Slobodan Vuji\u00e7iq, tha se an\u00ebtar\u00ebsimi i Malit t\u00eb Zi n\u00eb NATO ndikon n\u00eb stabilizimin e rajonit.<\/p>\n<p>Sipas tij ratifikimi i marr\u00ebveshjes s\u00eb demakracionit nd\u00ebrmjet Kosov\u00ebs e Malit t\u00eb Zi, \u00ebsht\u00eb kusht esencial i marr\u00ebdh\u00ebnieve t\u00eb mira fqinj\u00ebsore dhe t\u00eb partneritetit strategjik me an\u00ebtaren e ardhshme t\u00eb NATO-s, por edhe me 28 an\u00ebtar\u00ebt e tjer\u00eb q\u00eb p\u00ebrfaq\u00ebsojn\u00eb Aleanc\u00ebn e NATO-s..<\/p>\n<p>Aleksander Dedovi\u00e7, nga Mal t\u00eb Zi, tha se q\u00eb nga shpallja e pavar\u00ebsis\u00eb prioritet kan\u00eb pasur an\u00ebtar\u00ebsimin\u00eb n\u00eb t\u00eb gjitha mekanizmat nd\u00ebkromb\u00ebtare. An\u00ebtar\u00ebsimi n\u00eb NATO do t\u00eb jet\u00eb faktor stabiliteti, ku pos institucioneve shtet\u00ebrore p\u00ebr an\u00ebtar\u00ebsim n\u00eb NATO e mb\u00ebshtesin mbi 53 p\u00ebr qind e qytetar\u00ebve.<\/p>\n<p>\u201cMali i Zi, \u00ebsht\u00eb vendi i vet\u00ebm q\u00eb aplikon p\u00ebr an\u00ebtar\u00ebsim n\u00eb NATO, e q\u00eb\u00a0 ishte sulmuar nga rakteta e saja n\u00eb vitin 1999 kur ishin bashk me Serbin\u00eb. Sulmet \u00a0nj\u00ebher\u00eb u quajt\u00ebn at\u00ebher\u00eb agression, pas ca vitesh konflikte e tash quhen vet\u00ebm ngjarjet e viti 1999\u201d, tha Dedovi\u00e7.<\/p>\n<p>Sipas tij shteti me 650 mij\u00eb banor\u00eb me an\u00ebtar\u00ebsimin n\u00eb NATO do t\u00eb krijoi siguri m\u00eb t\u00eb madhe n\u00eb rajon dhe do t\u00eb forconte sundimin edhe t\u00eb ligjit \u00eb n\u00eb fusha tjera.<\/p>\n<p>\u201cAskush n\u00eb Malin e Zi, nuk ka besuar se shteti do t\u00eb, akuzoi, arrestoi e fus n\u00eb makina dhe d\u00ebnoi autor\u00ebt e krimeve t\u00eb ndryshme sidomos t\u00eb zyrtar\u00ebve t\u00eb lart\u00eb politike e oficer\u00ebve policor e ushtarak, por ja q\u00eb ka ndodhur\u201d, tha Dedovi\u00e7.<\/p>\n<p>Se an\u00ebtar\u00ebsimi i Malit t\u00eb Zi n\u00eb NATO krijon stabilitet rajonal u tha n\u00eb debatin \u201cNATO-ja dhe Ballkani Per\u00ebndimor, ndikimi n\u00eb sigurin\u00eb rajonale i an\u00ebtar\u00ebsimit t\u00eb Malit t\u00eb Zi\u201d, t\u00eb organizuar nga Friedrich Ebert Stiftung, Qendra p\u00ebr Hulumtim t\u00eb Siguris\u00eb e Poltik\u00ebs dhe Shoqata e malazez\u00ebve t\u00eb Kosov\u00ebs.<\/p>\n<p><strong><span class=\"post-meta-author\"> Toskanainfo<\/span><\/strong><\/p>\n","protected":false},"excerpt":{"rendered":"<p>Rajoni do t\u00eb stabilizohej edhe m\u00eb tej me an\u00ebtar\u00ebsimin e Malit t\u00eb Zi n\u00eb Aleanc\u00ebn Veri-Atlantike NATO dhe se kjo d\u00ebshmon se gj\u00ebrat kan\u00eb filluar t\u00eb l\u00ebvizin n\u00eb drejtimin e duhur. Burim Ramadani, nga Qendra p\u00ebr Hulumtim t\u00eb Siguris\u00eb e Poltik\u00ebs, tha se an\u00ebtar\u00ebsimi i Malit t\u00eb Zi do t\u00eb ket\u00eb ndikim t\u00eb r\u00ebnd\u00ebsish\u00ebm n\u00eb [&hellip;]<\/p>\n","protected":false},"author":1,"featured_media":0,"comment_status":"closed","ping_status":"closed","sticky":false,"template":"","format":"standard","meta":{"spay_email":"","jetpack_publicize_message":"","jetpack_is_tweetstorm":false,"jetpack_publicize_feature_enabled":true},"categories":[14],"tags":[],"jetpack_publicize_connections":[],"yoast_head":"<!-- This site is optimized with the Yoast SEO plugin v19.1 - https:\/\/yoast.com\/wordpress\/plugins\/seo\/ -->\n<title>(\u00c7)Ndikimi i siguris\u00eb rajonale me an\u00ebtar\u00ebsimin e Malit t\u00eb Zi n\u00eb NATO! - Lajme nga Ulqini<\/title>\n<meta name=\"description\" content=\"Rajoni do t\u00eb stabilizohej edhe m\u00eb tej me an\u00ebtar\u00ebsimin e Malit t\u00eb Zi n\u00eb Aleanc\u00ebn Veri-Atlantike NATO dhe se kjo d\u00ebshmon se gj\u00ebrat kan\u00eb filluar t\u00eb l\u00ebvizin\" \/>\n<meta name=\"robots\" content=\"index, follow, max-snippet:-1, max-image-preview:large, max-video-preview:-1\" \/>\n<link rel=\"canonical\" href=\"https:\/\/www.visit-ulcinj.com\/blog\/2017\/03\/30\/cndikimi-sigurise-rajonale-anetaresimin-e-malit-te-zi-ne-nato\/\" \/>\n<meta property=\"og:locale\" content=\"en_US\" \/>\n<meta property=\"og:type\" content=\"article\" \/>\n<meta property=\"og:title\" content=\"(\u00c7)Ndikimi i siguris\u00eb rajonale me an\u00ebtar\u00ebsimin e Malit t\u00eb Zi n\u00eb NATO! - Lajme nga Ulqini\" \/>\n<meta property=\"og:description\" content=\"Rajoni do t\u00eb stabilizohej edhe m\u00eb tej me an\u00ebtar\u00ebsimin e Malit t\u00eb Zi n\u00eb Aleanc\u00ebn Veri-Atlantike NATO dhe se kjo d\u00ebshmon se gj\u00ebrat kan\u00eb filluar t\u00eb l\u00ebvizin\" \/>\n<meta property=\"og:url\" content=\"https:\/\/www.visit-ulcinj.com\/blog\/2017\/03\/30\/cndikimi-sigurise-rajonale-anetaresimin-e-malit-te-zi-ne-nato\/\" \/>\n<meta property=\"og:site_name\" content=\"Lajme nga Ulqini\" \/>\n<meta property=\"article:published_time\" content=\"2017-03-30T16:38:18+00:00\" \/>\n<meta property=\"og:image\" content=\"http:\/\/www.visit-ulcinj.com\/blog\/wp-content\/uploads\/2017\/03\/Mali-Zi-NATO.jpg\" \/>\n<meta name=\"twitter:label1\" content=\"Written by\" \/>\n\t<meta name=\"twitter:data1\" content=\"ulqini\" \/>\n\t<meta name=\"twitter:label2\" content=\"Est. reading time\" \/>\n\t<meta name=\"twitter:data2\" content=\"3 minutes\" \/>\n<script type=\"application\/ld+json\" class=\"yoast-schema-graph\">{\"@context\":\"https:\/\/schema.org\",\"@graph\":[{\"@type\":\"WebSite\",\"@id\":\"https:\/\/www.visit-ulcinj.com\/blog\/#website\",\"url\":\"https:\/\/www.visit-ulcinj.com\/blog\/\",\"name\":\"Lajme nga Ulqini\",\"description\":\"Lajme,Vijesti,Ulqini,Ulqin,Crna Gora,Mali i Zi\",\"potentialAction\":[{\"@type\":\"SearchAction\",\"target\":{\"@type\":\"EntryPoint\",\"urlTemplate\":\"https:\/\/www.visit-ulcinj.com\/blog\/?s={search_term_string}\"},\"query-input\":\"required name=search_term_string\"}],\"inLanguage\":\"en-US\"},{\"@type\":\"ImageObject\",\"inLanguage\":\"en-US\",\"@id\":\"https:\/\/www.visit-ulcinj.com\/blog\/2017\/03\/30\/cndikimi-sigurise-rajonale-anetaresimin-e-malit-te-zi-ne-nato\/#primaryimage\",\"url\":\"https:\/\/www.visit-ulcinj.com\/blog\/wp-content\/uploads\/2017\/03\/Mali-Zi-NATO.jpg\",\"contentUrl\":\"https:\/\/www.visit-ulcinj.com\/blog\/wp-content\/uploads\/2017\/03\/Mali-Zi-NATO.jpg\",\"width\":900,\"height\":607},{\"@type\":\"WebPage\",\"@id\":\"https:\/\/www.visit-ulcinj.com\/blog\/2017\/03\/30\/cndikimi-sigurise-rajonale-anetaresimin-e-malit-te-zi-ne-nato\/#webpage\",\"url\":\"https:\/\/www.visit-ulcinj.com\/blog\/2017\/03\/30\/cndikimi-sigurise-rajonale-anetaresimin-e-malit-te-zi-ne-nato\/\",\"name\":\"(\u00c7)Ndikimi i siguris\u00eb rajonale me an\u00ebtar\u00ebsimin e Malit t\u00eb Zi n\u00eb NATO! - Lajme nga Ulqini\",\"isPartOf\":{\"@id\":\"https:\/\/www.visit-ulcinj.com\/blog\/#website\"},\"primaryImageOfPage\":{\"@id\":\"https:\/\/www.visit-ulcinj.com\/blog\/2017\/03\/30\/cndikimi-sigurise-rajonale-anetaresimin-e-malit-te-zi-ne-nato\/#primaryimage\"},\"datePublished\":\"2017-03-30T16:38:18+00:00\",\"dateModified\":\"2017-03-30T16:38:18+00:00\",\"author\":{\"@id\":\"https:\/\/www.visit-ulcinj.com\/blog\/#\/schema\/person\/dcab619c614d3038751c63bc2aadc06d\"},\"description\":\"Rajoni do t\u00eb stabilizohej edhe m\u00eb tej me an\u00ebtar\u00ebsimin e Malit t\u00eb Zi n\u00eb Aleanc\u00ebn Veri-Atlantike NATO dhe se kjo d\u00ebshmon se gj\u00ebrat kan\u00eb filluar t\u00eb l\u00ebvizin\",\"breadcrumb\":{\"@id\":\"https:\/\/www.visit-ulcinj.com\/blog\/2017\/03\/30\/cndikimi-sigurise-rajonale-anetaresimin-e-malit-te-zi-ne-nato\/#breadcrumb\"},\"inLanguage\":\"en-US\",\"potentialAction\":[{\"@type\":\"ReadAction\",\"target\":[\"https:\/\/www.visit-ulcinj.com\/blog\/2017\/03\/30\/cndikimi-sigurise-rajonale-anetaresimin-e-malit-te-zi-ne-nato\/\"]}]},{\"@type\":\"BreadcrumbList\",\"@id\":\"https:\/\/www.visit-ulcinj.com\/blog\/2017\/03\/30\/cndikimi-sigurise-rajonale-anetaresimin-e-malit-te-zi-ne-nato\/#breadcrumb\",\"itemListElement\":[{\"@type\":\"ListItem\",\"position\":1,\"name\":\"(\u00c7)Ndikimi i siguris\u00eb rajonale me an\u00ebtar\u00ebsimin e Malit t\u00eb Zi n\u00eb NATO!\"}]},{\"@type\":\"Person\",\"@id\":\"https:\/\/www.visit-ulcinj.com\/blog\/#\/schema\/person\/dcab619c614d3038751c63bc2aadc06d\",\"name\":\"ulqini\",\"sameAs\":[\"http:\/\/www.visit-ulcinj.com\"],\"url\":\"https:\/\/www.visit-ulcinj.com\/blog\/author\/admin\/\"}]}<\/script>\n<!-- \/ Yoast SEO plugin. -->","yoast_head_json":{"title":"(\u00c7)Ndikimi i siguris\u00eb rajonale me an\u00ebtar\u00ebsimin e Malit t\u00eb Zi n\u00eb NATO! - Lajme nga Ulqini","description":"Rajoni do t\u00eb stabilizohej edhe m\u00eb tej me an\u00ebtar\u00ebsimin e Malit t\u00eb Zi n\u00eb Aleanc\u00ebn Veri-Atlantike NATO dhe se kjo d\u00ebshmon se gj\u00ebrat kan\u00eb filluar t\u00eb l\u00ebvizin","robots":{"index":"index","follow":"follow","max-snippet":"max-snippet:-1","max-image-preview":"max-image-preview:large","max-video-preview":"max-video-preview:-1"},"canonical":"https:\/\/www.visit-ulcinj.com\/blog\/2017\/03\/30\/cndikimi-sigurise-rajonale-anetaresimin-e-malit-te-zi-ne-nato\/","og_locale":"en_US","og_type":"article","og_title":"(\u00c7)Ndikimi i siguris\u00eb rajonale me an\u00ebtar\u00ebsimin e Malit t\u00eb Zi n\u00eb NATO! - Lajme nga Ulqini","og_description":"Rajoni do t\u00eb stabilizohej edhe m\u00eb tej me an\u00ebtar\u00ebsimin e Malit t\u00eb Zi n\u00eb Aleanc\u00ebn Veri-Atlantike NATO dhe se kjo d\u00ebshmon se gj\u00ebrat kan\u00eb filluar t\u00eb l\u00ebvizin","og_url":"https:\/\/www.visit-ulcinj.com\/blog\/2017\/03\/30\/cndikimi-sigurise-rajonale-anetaresimin-e-malit-te-zi-ne-nato\/","og_site_name":"Lajme nga Ulqini","article_published_time":"2017-03-30T16:38:18+00:00","og_image":[{"url":"http:\/\/www.visit-ulcinj.com\/blog\/wp-content\/uploads\/2017\/03\/Mali-Zi-NATO.jpg"}],"twitter_misc":{"Written by":"ulqini","Est. reading time":"3 minutes"},"schema":{"@context":"https:\/\/schema.org","@graph":[{"@type":"WebSite","@id":"https:\/\/www.visit-ulcinj.com\/blog\/#website","url":"https:\/\/www.visit-ulcinj.com\/blog\/","name":"Lajme nga Ulqini","description":"Lajme,Vijesti,Ulqini,Ulqin,Crna Gora,Mali i Zi","potentialAction":[{"@type":"SearchAction","target":{"@type":"EntryPoint","urlTemplate":"https:\/\/www.visit-ulcinj.com\/blog\/?s={search_term_string}"},"query-input":"required name=search_term_string"}],"inLanguage":"en-US"},{"@type":"ImageObject","inLanguage":"en-US","@id":"https:\/\/www.visit-ulcinj.com\/blog\/2017\/03\/30\/cndikimi-sigurise-rajonale-anetaresimin-e-malit-te-zi-ne-nato\/#primaryimage","url":"https:\/\/www.visit-ulcinj.com\/blog\/wp-content\/uploads\/2017\/03\/Mali-Zi-NATO.jpg","contentUrl":"https:\/\/www.visit-ulcinj.com\/blog\/wp-content\/uploads\/2017\/03\/Mali-Zi-NATO.jpg","width":900,"height":607},{"@type":"WebPage","@id":"https:\/\/www.visit-ulcinj.com\/blog\/2017\/03\/30\/cndikimi-sigurise-rajonale-anetaresimin-e-malit-te-zi-ne-nato\/#webpage","url":"https:\/\/www.visit-ulcinj.com\/blog\/2017\/03\/30\/cndikimi-sigurise-rajonale-anetaresimin-e-malit-te-zi-ne-nato\/","name":"(\u00c7)Ndikimi i siguris\u00eb rajonale me an\u00ebtar\u00ebsimin e Malit t\u00eb Zi n\u00eb NATO! - Lajme nga Ulqini","isPartOf":{"@id":"https:\/\/www.visit-ulcinj.com\/blog\/#website"},"primaryImageOfPage":{"@id":"https:\/\/www.visit-ulcinj.com\/blog\/2017\/03\/30\/cndikimi-sigurise-rajonale-anetaresimin-e-malit-te-zi-ne-nato\/#primaryimage"},"datePublished":"2017-03-30T16:38:18+00:00","dateModified":"2017-03-30T16:38:18+00:00","author":{"@id":"https:\/\/www.visit-ulcinj.com\/blog\/#\/schema\/person\/dcab619c614d3038751c63bc2aadc06d"},"description":"Rajoni do t\u00eb stabilizohej edhe m\u00eb tej me an\u00ebtar\u00ebsimin e Malit t\u00eb Zi n\u00eb Aleanc\u00ebn Veri-Atlantike NATO dhe se kjo d\u00ebshmon se gj\u00ebrat kan\u00eb filluar t\u00eb l\u00ebvizin","breadcrumb":{"@id":"https:\/\/www.visit-ulcinj.com\/blog\/2017\/03\/30\/cndikimi-sigurise-rajonale-anetaresimin-e-malit-te-zi-ne-nato\/#breadcrumb"},"inLanguage":"en-US","potentialAction":[{"@type":"ReadAction","target":["https:\/\/www.visit-ulcinj.com\/blog\/2017\/03\/30\/cndikimi-sigurise-rajonale-anetaresimin-e-malit-te-zi-ne-nato\/"]}]},{"@type":"BreadcrumbList","@id":"https:\/\/www.visit-ulcinj.com\/blog\/2017\/03\/30\/cndikimi-sigurise-rajonale-anetaresimin-e-malit-te-zi-ne-nato\/#breadcrumb","itemListElement":[{"@type":"ListItem","position":1,"name":"(\u00c7)Ndikimi i siguris\u00eb rajonale me an\u00ebtar\u00ebsimin e Malit t\u00eb Zi n\u00eb NATO!"}]},{"@type":"Person","@id":"https:\/\/www.visit-ulcinj.com\/blog\/#\/schema\/person\/dcab619c614d3038751c63bc2aadc06d","name":"ulqini","sameAs":["http:\/\/www.visit-ulcinj.com"],"url":"https:\/\/www.visit-ulcinj.com\/blog\/author\/admin\/"}]}},"jetpack_featured_media_url":"","jetpack_sharing_enabled":true,"jetpack_shortlink":"https:\/\/wp.me\/pe6lTn-r1G","_links":{"self":[{"href":"https:\/\/www.visit-ulcinj.com\/blog\/wp-json\/wp\/v2\/posts\/103892"}],"collection":[{"href":"https:\/\/www.visit-ulcinj.com\/blog\/wp-json\/wp\/v2\/posts"}],"about":[{"href":"https:\/\/www.visit-ulcinj.com\/blog\/wp-json\/wp\/v2\/types\/post"}],"author":[{"embeddable":true,"href":"https:\/\/www.visit-ulcinj.com\/blog\/wp-json\/wp\/v2\/users\/1"}],"replies":[{"embeddable":true,"href":"https:\/\/www.visit-ulcinj.com\/blog\/wp-json\/wp\/v2\/comments?post=103892"}],"version-history":[{"count":1,"href":"https:\/\/www.visit-ulcinj.com\/blog\/wp-json\/wp\/v2\/posts\/103892\/revisions"}],"predecessor-version":[{"id":103893,"href":"https:\/\/www.visit-ulcinj.com\/blog\/wp-json\/wp\/v2\/posts\/103892\/revisions\/103893"}],"wp:attachment":[{"href":"https:\/\/www.visit-ulcinj.com\/blog\/wp-json\/wp\/v2\/media?parent=103892"}],"wp:term":[{"taxonomy":"category","embeddable":true,"href":"https:\/\/www.visit-ulcinj.com\/blog\/wp-json\/wp\/v2\/categories?post=103892"},{"taxonomy":"post_tag","embeddable":true,"href":"https:\/\/www.visit-ulcinj.com\/blog\/wp-json\/wp\/v2\/tags?post=103892"}],"curies":[{"name":"wp","href":"https:\/\/api.w.org\/{rel}","templated":true}]}}