{"id":103894,"date":"2017-03-30T19:27:56","date_gmt":"2017-03-30T18:27:56","guid":{"rendered":"http:\/\/www.visit-ulcinj.com\/blog\/?p=103894"},"modified":"2017-03-30T19:31:47","modified_gmt":"2017-03-30T18:31:47","slug":"cungu-me-lopate-ne-dore-vendos-pikat-e-vrojtimit-ne-valdanos-dhe-shtegvashe","status":"publish","type":"post","link":"https:\/\/www.visit-ulcinj.com\/blog\/2017\/03\/30\/cungu-me-lopate-ne-dore-vendos-pikat-e-vrojtimit-ne-valdanos-dhe-shtegvashe\/","title":{"rendered":"Cungu me lopat\u00eb n\u00eb dor\u00eb vendos pikat e vrojtimit ne Valdanos dhe Shtegvashe"},"content":{"rendered":"<p><strong><a href=\"http:\/\/www.visit-ulcinj.com\/blog\/wp-content\/uploads\/2017\/03\/Pikat-e-vrojtimit-ne-Valdanos-dhe-Shtegvashe.jpg\"><img loading=\"lazy\" class=\"alignleft wp-image-103895\" src=\"http:\/\/www.visit-ulcinj.com\/blog\/wp-content\/uploads\/2017\/03\/Pikat-e-vrojtimit-ne-Valdanos-dhe-Shtegvashe.jpg\" alt=\"Pikat e vrojtimit ne Valdanos dhe Shtegvashe\" width=\"508\" height=\"338\" srcset=\"https:\/\/www.visit-ulcinj.com\/blog\/wp-content\/uploads\/2017\/03\/Pikat-e-vrojtimit-ne-Valdanos-dhe-Shtegvashe.jpg 926w, https:\/\/www.visit-ulcinj.com\/blog\/wp-content\/uploads\/2017\/03\/Pikat-e-vrojtimit-ne-Valdanos-dhe-Shtegvashe-300x200.jpg 300w, https:\/\/www.visit-ulcinj.com\/blog\/wp-content\/uploads\/2017\/03\/Pikat-e-vrojtimit-ne-Valdanos-dhe-Shtegvashe-768x512.jpg 768w\" sizes=\"(max-width: 508px) 100vw, 508px\" \/><\/a>Pika e vrojtimit Mavrijan &#8211; Shtegvash\u00eb<\/strong><\/p>\n<p>P\u00ebr nder t\u00eb Dit\u00ebs s\u00eb Ulqinit\u00a0ne\u00a0kemi vendosur t\u00eb sh\u00ebnojm\u00eb\u00a0fillimin e punimeve\u00a0n\u00eb dy\u00a0pik\u00eb-vrojtimi\u00a0n\u00eb\u00a0Valdanos dhe n\u00eb Shtegvash\u00eb.<\/p>\n<p>Ngritjen\u00a0e pikave\u00a0t\u00eb vrojtimit\u00a0e ka mund\u00ebsuar Organizata\u00a0Turistike\u00a0e qytetit ton\u00eb\u00a0me \u00e7gj\u00eb edhe\u00a0e falenderojm\u00eb.<\/p>\n<p>Keto pik\u00eb-vrojtimi do t\u00eb jen\u00eb\u00a0n\u00eb\u00a0funksion t\u00eb\u00a0evidentimit t\u00eb vlerave\u00a0dhe bukurive\u00a0t\u00eb shumta turistike q\u00eb ka Ulqini\u00a0me rrethin\u00eb.<\/p>\n<p>Kjo \u00ebsht\u00eb\u00a0faza e par\u00eb e\u00a0projektit dhe p\u00ebrfundimi t\u00ebr\u00ebsisht i tyre do t\u00eb paraqes\u00eb nj\u00eb vler\u00eb t\u00eb ve\u00e7ant\u00eb p\u00ebr zhvillimin e\u00a0turizmit.<\/p>\n<p>Pika e vrojtimit n\u00eb Valdanos,\u00a0do t\u00eb jet\u00eb\u00a0nj\u00eb\u00a0mund\u00ebsi\u00a0e shk\u00eblqyer\u00a0p\u00ebr t\u00eb\u00a0shijuar\u00a0k\u00ebt\u00eb zon\u00eb me vlera\u00a0t\u00eb ve\u00e7anta\u00a0panoramike, p\u00ebrfshir\u00eb k\u00ebtu ullisht\u00ebn\u00a0dhe\u00a0pejsazhin e bukur dhe t\u00ebrheq\u00ebs.<\/p>\n<p>Nd\u00ebrkoh\u00eb nga Shtegvasha, vizitor\u00ebt do t\u00eb ken\u00eb mund\u00ebsin\u00eb\u00a0t\u00eb shijojn\u00eb bukurit\u00eb e zon\u00ebs s\u00eb An\u00ebs s\u00eb Malit, Lumin Buna\u00a0dhe viset\u00a0Shqip\u00ebris\u00eb.<\/p>\n<p>Organizata Turistike thot\u00eb se me projekt\u00a0\u00ebsht\u00eb parapar\u00eb dhe\u00a0vendparkimi p\u00ebr\u00a0automjete n\u00eb Valdanos e kjo do t\u00eb jet\u00eb dhe nj\u00eb mund\u00ebsi\u00a0q\u00eb k\u00ebto vende t\u00eb jan\u00eb\u00a0t\u00eb frekuentuara.<\/p>\n<p><a href=\"http:\/\/www.visit-ulcinj.com\/blog\/wp-content\/uploads\/2017\/03\/Pikat-e-vrojtimit-ne-Valdanos-dhe-Shtegvashe-1.jpg\"><img loading=\"lazy\" class=\"alignleft wp-image-103896\" src=\"http:\/\/www.visit-ulcinj.com\/blog\/wp-content\/uploads\/2017\/03\/Pikat-e-vrojtimit-ne-Valdanos-dhe-Shtegvashe-1.jpg\" alt=\"Pikat e vrojtimit ne Valdanos dhe Shtegvashe-1\" width=\"508\" height=\"338\" srcset=\"https:\/\/www.visit-ulcinj.com\/blog\/wp-content\/uploads\/2017\/03\/Pikat-e-vrojtimit-ne-Valdanos-dhe-Shtegvashe-1.jpg 926w, https:\/\/www.visit-ulcinj.com\/blog\/wp-content\/uploads\/2017\/03\/Pikat-e-vrojtimit-ne-Valdanos-dhe-Shtegvashe-1-300x200.jpg 300w, https:\/\/www.visit-ulcinj.com\/blog\/wp-content\/uploads\/2017\/03\/Pikat-e-vrojtimit-ne-Valdanos-dhe-Shtegvashe-1-768x512.jpg 768w\" sizes=\"(max-width: 508px) 100vw, 508px\" \/><\/a><\/p>\n","protected":false},"excerpt":{"rendered":"<p>Pika e vrojtimit Mavrijan &#8211; Shtegvash\u00eb P\u00ebr nder t\u00eb Dit\u00ebs s\u00eb Ulqinit\u00a0ne\u00a0kemi vendosur t\u00eb sh\u00ebnojm\u00eb\u00a0fillimin e punimeve\u00a0n\u00eb dy\u00a0pik\u00eb-vrojtimi\u00a0n\u00eb\u00a0Valdanos dhe n\u00eb Shtegvash\u00eb. Ngritjen\u00a0e pikave\u00a0t\u00eb vrojtimit\u00a0e ka mund\u00ebsuar Organizata\u00a0Turistike\u00a0e qytetit ton\u00eb\u00a0me \u00e7gj\u00eb edhe\u00a0e falenderojm\u00eb. Keto pik\u00eb-vrojtimi do t\u00eb jen\u00eb\u00a0n\u00eb\u00a0funksion t\u00eb\u00a0evidentimit t\u00eb vlerave\u00a0dhe bukurive\u00a0t\u00eb shumta turistike q\u00eb ka Ulqini\u00a0me rrethin\u00eb. Kjo \u00ebsht\u00eb\u00a0faza e par\u00eb e\u00a0projektit dhe p\u00ebrfundimi t\u00ebr\u00ebsisht [&hellip;]<\/p>\n","protected":false},"author":1,"featured_media":0,"comment_status":"closed","ping_status":"closed","sticky":false,"template":"","format":"standard","meta":{"spay_email":"","jetpack_publicize_message":"","jetpack_is_tweetstorm":false,"jetpack_publicize_feature_enabled":true},"categories":[7],"tags":[],"jetpack_publicize_connections":[],"yoast_head":"<!-- This site is optimized with the Yoast SEO plugin v19.1 - https:\/\/yoast.com\/wordpress\/plugins\/seo\/ -->\n<title>Cungu me lopat\u00eb n\u00eb dor\u00eb vendos pikat e vrojtimit ne Valdanos dhe Shtegvashe - Lajme nga Ulqini<\/title>\n<meta name=\"description\" content=\"Pika e vrojtimit Mavrijan - Shtegvash\u00eb P\u00ebr nder t\u00eb Dit\u00ebs s\u00eb Ulqinit\u00a0ne\u00a0kemi vendosur t\u00eb sh\u00ebnojm\u00eb\u00a0fillimin e punimeve\u00a0n\u00eb dy\u00a0pik\u00eb-vrojtimi\u00a0n\u00eb\u00a0Valdanos dhe\" \/>\n<meta name=\"robots\" content=\"index, follow, max-snippet:-1, max-image-preview:large, max-video-preview:-1\" \/>\n<link rel=\"canonical\" href=\"https:\/\/www.visit-ulcinj.com\/blog\/2017\/03\/30\/cungu-me-lopate-ne-dore-vendos-pikat-e-vrojtimit-ne-valdanos-dhe-shtegvashe\/\" \/>\n<meta property=\"og:locale\" content=\"en_US\" \/>\n<meta property=\"og:type\" content=\"article\" \/>\n<meta property=\"og:title\" content=\"Cungu me lopat\u00eb n\u00eb dor\u00eb vendos pikat e vrojtimit ne Valdanos dhe Shtegvashe - Lajme nga Ulqini\" \/>\n<meta property=\"og:description\" content=\"Pika e vrojtimit Mavrijan - Shtegvash\u00eb P\u00ebr nder t\u00eb Dit\u00ebs s\u00eb Ulqinit\u00a0ne\u00a0kemi vendosur t\u00eb sh\u00ebnojm\u00eb\u00a0fillimin e punimeve\u00a0n\u00eb dy\u00a0pik\u00eb-vrojtimi\u00a0n\u00eb\u00a0Valdanos dhe\" \/>\n<meta property=\"og:url\" content=\"https:\/\/www.visit-ulcinj.com\/blog\/2017\/03\/30\/cungu-me-lopate-ne-dore-vendos-pikat-e-vrojtimit-ne-valdanos-dhe-shtegvashe\/\" \/>\n<meta property=\"og:site_name\" content=\"Lajme nga Ulqini\" \/>\n<meta property=\"article:published_time\" content=\"2017-03-30T18:27:56+00:00\" \/>\n<meta property=\"article:modified_time\" content=\"2017-03-30T18:31:47+00:00\" \/>\n<meta property=\"og:image\" content=\"http:\/\/www.visit-ulcinj.com\/blog\/wp-content\/uploads\/2017\/03\/Pikat-e-vrojtimit-ne-Valdanos-dhe-Shtegvashe.jpg\" \/>\n<meta name=\"twitter:label1\" content=\"Written by\" \/>\n\t<meta name=\"twitter:data1\" content=\"ulqini\" \/>\n\t<meta name=\"twitter:label2\" content=\"Est. reading time\" \/>\n\t<meta name=\"twitter:data2\" content=\"1 minute\" \/>\n<script type=\"application\/ld+json\" class=\"yoast-schema-graph\">{\"@context\":\"https:\/\/schema.org\",\"@graph\":[{\"@type\":\"WebSite\",\"@id\":\"https:\/\/www.visit-ulcinj.com\/blog\/#website\",\"url\":\"https:\/\/www.visit-ulcinj.com\/blog\/\",\"name\":\"Lajme nga Ulqini\",\"description\":\"Lajme,Vijesti,Ulqini,Ulqin,Crna Gora,Mali i Zi\",\"potentialAction\":[{\"@type\":\"SearchAction\",\"target\":{\"@type\":\"EntryPoint\",\"urlTemplate\":\"https:\/\/www.visit-ulcinj.com\/blog\/?s={search_term_string}\"},\"query-input\":\"required name=search_term_string\"}],\"inLanguage\":\"en-US\"},{\"@type\":\"ImageObject\",\"inLanguage\":\"en-US\",\"@id\":\"https:\/\/www.visit-ulcinj.com\/blog\/2017\/03\/30\/cungu-me-lopate-ne-dore-vendos-pikat-e-vrojtimit-ne-valdanos-dhe-shtegvashe\/#primaryimage\",\"url\":\"https:\/\/www.visit-ulcinj.com\/blog\/wp-content\/uploads\/2017\/03\/Pikat-e-vrojtimit-ne-Valdanos-dhe-Shtegvashe.jpg\",\"contentUrl\":\"https:\/\/www.visit-ulcinj.com\/blog\/wp-content\/uploads\/2017\/03\/Pikat-e-vrojtimit-ne-Valdanos-dhe-Shtegvashe.jpg\",\"width\":926,\"height\":617},{\"@type\":\"WebPage\",\"@id\":\"https:\/\/www.visit-ulcinj.com\/blog\/2017\/03\/30\/cungu-me-lopate-ne-dore-vendos-pikat-e-vrojtimit-ne-valdanos-dhe-shtegvashe\/#webpage\",\"url\":\"https:\/\/www.visit-ulcinj.com\/blog\/2017\/03\/30\/cungu-me-lopate-ne-dore-vendos-pikat-e-vrojtimit-ne-valdanos-dhe-shtegvashe\/\",\"name\":\"Cungu me lopat\u00eb n\u00eb dor\u00eb vendos pikat e vrojtimit ne Valdanos dhe Shtegvashe - Lajme nga Ulqini\",\"isPartOf\":{\"@id\":\"https:\/\/www.visit-ulcinj.com\/blog\/#website\"},\"primaryImageOfPage\":{\"@id\":\"https:\/\/www.visit-ulcinj.com\/blog\/2017\/03\/30\/cungu-me-lopate-ne-dore-vendos-pikat-e-vrojtimit-ne-valdanos-dhe-shtegvashe\/#primaryimage\"},\"datePublished\":\"2017-03-30T18:27:56+00:00\",\"dateModified\":\"2017-03-30T18:31:47+00:00\",\"author\":{\"@id\":\"https:\/\/www.visit-ulcinj.com\/blog\/#\/schema\/person\/dcab619c614d3038751c63bc2aadc06d\"},\"description\":\"Pika e vrojtimit Mavrijan - Shtegvash\u00eb P\u00ebr nder t\u00eb Dit\u00ebs s\u00eb Ulqinit\u00a0ne\u00a0kemi vendosur t\u00eb sh\u00ebnojm\u00eb\u00a0fillimin e punimeve\u00a0n\u00eb dy\u00a0pik\u00eb-vrojtimi\u00a0n\u00eb\u00a0Valdanos dhe\",\"breadcrumb\":{\"@id\":\"https:\/\/www.visit-ulcinj.com\/blog\/2017\/03\/30\/cungu-me-lopate-ne-dore-vendos-pikat-e-vrojtimit-ne-valdanos-dhe-shtegvashe\/#breadcrumb\"},\"inLanguage\":\"en-US\",\"potentialAction\":[{\"@type\":\"ReadAction\",\"target\":[\"https:\/\/www.visit-ulcinj.com\/blog\/2017\/03\/30\/cungu-me-lopate-ne-dore-vendos-pikat-e-vrojtimit-ne-valdanos-dhe-shtegvashe\/\"]}]},{\"@type\":\"BreadcrumbList\",\"@id\":\"https:\/\/www.visit-ulcinj.com\/blog\/2017\/03\/30\/cungu-me-lopate-ne-dore-vendos-pikat-e-vrojtimit-ne-valdanos-dhe-shtegvashe\/#breadcrumb\",\"itemListElement\":[{\"@type\":\"ListItem\",\"position\":1,\"name\":\"Cungu me lopat\u00eb n\u00eb dor\u00eb vendos pikat e vrojtimit ne Valdanos dhe Shtegvashe\"}]},{\"@type\":\"Person\",\"@id\":\"https:\/\/www.visit-ulcinj.com\/blog\/#\/schema\/person\/dcab619c614d3038751c63bc2aadc06d\",\"name\":\"ulqini\",\"sameAs\":[\"http:\/\/www.visit-ulcinj.com\"],\"url\":\"https:\/\/www.visit-ulcinj.com\/blog\/author\/admin\/\"}]}<\/script>\n<!-- \/ Yoast SEO plugin. -->","yoast_head_json":{"title":"Cungu me lopat\u00eb n\u00eb dor\u00eb vendos pikat e vrojtimit ne Valdanos dhe Shtegvashe - Lajme nga Ulqini","description":"Pika e vrojtimit Mavrijan - Shtegvash\u00eb P\u00ebr nder t\u00eb Dit\u00ebs s\u00eb Ulqinit\u00a0ne\u00a0kemi vendosur t\u00eb sh\u00ebnojm\u00eb\u00a0fillimin e punimeve\u00a0n\u00eb dy\u00a0pik\u00eb-vrojtimi\u00a0n\u00eb\u00a0Valdanos dhe","robots":{"index":"index","follow":"follow","max-snippet":"max-snippet:-1","max-image-preview":"max-image-preview:large","max-video-preview":"max-video-preview:-1"},"canonical":"https:\/\/www.visit-ulcinj.com\/blog\/2017\/03\/30\/cungu-me-lopate-ne-dore-vendos-pikat-e-vrojtimit-ne-valdanos-dhe-shtegvashe\/","og_locale":"en_US","og_type":"article","og_title":"Cungu me lopat\u00eb n\u00eb dor\u00eb vendos pikat e vrojtimit ne Valdanos dhe Shtegvashe - Lajme nga Ulqini","og_description":"Pika e vrojtimit Mavrijan - Shtegvash\u00eb P\u00ebr nder t\u00eb Dit\u00ebs s\u00eb Ulqinit\u00a0ne\u00a0kemi vendosur t\u00eb sh\u00ebnojm\u00eb\u00a0fillimin e punimeve\u00a0n\u00eb dy\u00a0pik\u00eb-vrojtimi\u00a0n\u00eb\u00a0Valdanos dhe","og_url":"https:\/\/www.visit-ulcinj.com\/blog\/2017\/03\/30\/cungu-me-lopate-ne-dore-vendos-pikat-e-vrojtimit-ne-valdanos-dhe-shtegvashe\/","og_site_name":"Lajme nga Ulqini","article_published_time":"2017-03-30T18:27:56+00:00","article_modified_time":"2017-03-30T18:31:47+00:00","og_image":[{"url":"http:\/\/www.visit-ulcinj.com\/blog\/wp-content\/uploads\/2017\/03\/Pikat-e-vrojtimit-ne-Valdanos-dhe-Shtegvashe.jpg"}],"twitter_misc":{"Written by":"ulqini","Est. reading time":"1 minute"},"schema":{"@context":"https:\/\/schema.org","@graph":[{"@type":"WebSite","@id":"https:\/\/www.visit-ulcinj.com\/blog\/#website","url":"https:\/\/www.visit-ulcinj.com\/blog\/","name":"Lajme nga Ulqini","description":"Lajme,Vijesti,Ulqini,Ulqin,Crna Gora,Mali i Zi","potentialAction":[{"@type":"SearchAction","target":{"@type":"EntryPoint","urlTemplate":"https:\/\/www.visit-ulcinj.com\/blog\/?s={search_term_string}"},"query-input":"required name=search_term_string"}],"inLanguage":"en-US"},{"@type":"ImageObject","inLanguage":"en-US","@id":"https:\/\/www.visit-ulcinj.com\/blog\/2017\/03\/30\/cungu-me-lopate-ne-dore-vendos-pikat-e-vrojtimit-ne-valdanos-dhe-shtegvashe\/#primaryimage","url":"https:\/\/www.visit-ulcinj.com\/blog\/wp-content\/uploads\/2017\/03\/Pikat-e-vrojtimit-ne-Valdanos-dhe-Shtegvashe.jpg","contentUrl":"https:\/\/www.visit-ulcinj.com\/blog\/wp-content\/uploads\/2017\/03\/Pikat-e-vrojtimit-ne-Valdanos-dhe-Shtegvashe.jpg","width":926,"height":617},{"@type":"WebPage","@id":"https:\/\/www.visit-ulcinj.com\/blog\/2017\/03\/30\/cungu-me-lopate-ne-dore-vendos-pikat-e-vrojtimit-ne-valdanos-dhe-shtegvashe\/#webpage","url":"https:\/\/www.visit-ulcinj.com\/blog\/2017\/03\/30\/cungu-me-lopate-ne-dore-vendos-pikat-e-vrojtimit-ne-valdanos-dhe-shtegvashe\/","name":"Cungu me lopat\u00eb n\u00eb dor\u00eb vendos pikat e vrojtimit ne Valdanos dhe Shtegvashe - Lajme nga Ulqini","isPartOf":{"@id":"https:\/\/www.visit-ulcinj.com\/blog\/#website"},"primaryImageOfPage":{"@id":"https:\/\/www.visit-ulcinj.com\/blog\/2017\/03\/30\/cungu-me-lopate-ne-dore-vendos-pikat-e-vrojtimit-ne-valdanos-dhe-shtegvashe\/#primaryimage"},"datePublished":"2017-03-30T18:27:56+00:00","dateModified":"2017-03-30T18:31:47+00:00","author":{"@id":"https:\/\/www.visit-ulcinj.com\/blog\/#\/schema\/person\/dcab619c614d3038751c63bc2aadc06d"},"description":"Pika e vrojtimit Mavrijan - Shtegvash\u00eb P\u00ebr nder t\u00eb Dit\u00ebs s\u00eb Ulqinit\u00a0ne\u00a0kemi vendosur t\u00eb sh\u00ebnojm\u00eb\u00a0fillimin e punimeve\u00a0n\u00eb dy\u00a0pik\u00eb-vrojtimi\u00a0n\u00eb\u00a0Valdanos dhe","breadcrumb":{"@id":"https:\/\/www.visit-ulcinj.com\/blog\/2017\/03\/30\/cungu-me-lopate-ne-dore-vendos-pikat-e-vrojtimit-ne-valdanos-dhe-shtegvashe\/#breadcrumb"},"inLanguage":"en-US","potentialAction":[{"@type":"ReadAction","target":["https:\/\/www.visit-ulcinj.com\/blog\/2017\/03\/30\/cungu-me-lopate-ne-dore-vendos-pikat-e-vrojtimit-ne-valdanos-dhe-shtegvashe\/"]}]},{"@type":"BreadcrumbList","@id":"https:\/\/www.visit-ulcinj.com\/blog\/2017\/03\/30\/cungu-me-lopate-ne-dore-vendos-pikat-e-vrojtimit-ne-valdanos-dhe-shtegvashe\/#breadcrumb","itemListElement":[{"@type":"ListItem","position":1,"name":"Cungu me lopat\u00eb n\u00eb dor\u00eb vendos pikat e vrojtimit ne Valdanos dhe Shtegvashe"}]},{"@type":"Person","@id":"https:\/\/www.visit-ulcinj.com\/blog\/#\/schema\/person\/dcab619c614d3038751c63bc2aadc06d","name":"ulqini","sameAs":["http:\/\/www.visit-ulcinj.com"],"url":"https:\/\/www.visit-ulcinj.com\/blog\/author\/admin\/"}]}},"jetpack_featured_media_url":"","jetpack_sharing_enabled":true,"jetpack_shortlink":"https:\/\/wp.me\/pe6lTn-r1I","_links":{"self":[{"href":"https:\/\/www.visit-ulcinj.com\/blog\/wp-json\/wp\/v2\/posts\/103894"}],"collection":[{"href":"https:\/\/www.visit-ulcinj.com\/blog\/wp-json\/wp\/v2\/posts"}],"about":[{"href":"https:\/\/www.visit-ulcinj.com\/blog\/wp-json\/wp\/v2\/types\/post"}],"author":[{"embeddable":true,"href":"https:\/\/www.visit-ulcinj.com\/blog\/wp-json\/wp\/v2\/users\/1"}],"replies":[{"embeddable":true,"href":"https:\/\/www.visit-ulcinj.com\/blog\/wp-json\/wp\/v2\/comments?post=103894"}],"version-history":[{"count":1,"href":"https:\/\/www.visit-ulcinj.com\/blog\/wp-json\/wp\/v2\/posts\/103894\/revisions"}],"predecessor-version":[{"id":103897,"href":"https:\/\/www.visit-ulcinj.com\/blog\/wp-json\/wp\/v2\/posts\/103894\/revisions\/103897"}],"wp:attachment":[{"href":"https:\/\/www.visit-ulcinj.com\/blog\/wp-json\/wp\/v2\/media?parent=103894"}],"wp:term":[{"taxonomy":"category","embeddable":true,"href":"https:\/\/www.visit-ulcinj.com\/blog\/wp-json\/wp\/v2\/categories?post=103894"},{"taxonomy":"post_tag","embeddable":true,"href":"https:\/\/www.visit-ulcinj.com\/blog\/wp-json\/wp\/v2\/tags?post=103894"}],"curies":[{"name":"wp","href":"https:\/\/api.w.org\/{rel}","templated":true}]}}