{"id":103898,"date":"2017-03-30T19:35:46","date_gmt":"2017-03-30T18:35:46","guid":{"rendered":"http:\/\/www.visit-ulcinj.com\/blog\/?p=103898"},"modified":"2017-03-30T22:23:29","modified_gmt":"2017-03-30T21:23:29","slug":"dita-e-komunes-se-ulqinit-programi-dite-trete","status":"publish","type":"post","link":"https:\/\/www.visit-ulcinj.com\/blog\/2017\/03\/30\/dita-e-komunes-se-ulqinit-programi-dite-trete\/","title":{"rendered":"Dita e Komun\u00ebs s\u00eb Ulqinit \u2013 Programi dite trete"},"content":{"rendered":"<p><strong><a href=\"http:\/\/www.visit-ulcinj.com\/blog\/wp-content\/uploads\/2017\/03\/dita-e-ulqinit.jpg\"><img loading=\"lazy\" class=\"alignleft wp-image-103899\" src=\"http:\/\/www.visit-ulcinj.com\/blog\/wp-content\/uploads\/2017\/03\/dita-e-ulqinit.jpg\" alt=\"dita e ulqinit\" width=\"508\" height=\"381\" srcset=\"https:\/\/www.visit-ulcinj.com\/blog\/wp-content\/uploads\/2017\/03\/dita-e-ulqinit.jpg 999w, https:\/\/www.visit-ulcinj.com\/blog\/wp-content\/uploads\/2017\/03\/dita-e-ulqinit-300x225.jpg 300w, https:\/\/www.visit-ulcinj.com\/blog\/wp-content\/uploads\/2017\/03\/dita-e-ulqinit-768x576.jpg 768w\" sizes=\"(max-width: 508px) 100vw, 508px\" \/><\/a>31 mars 2017, e premt\u00eb<\/strong><\/p>\n<ol>\n<li>Hapja e konferenc\u00ebs shkencore nderkomb\u00ebtare \u201cRoli i shkenc\u00ebs n\u00eb zhvillimin ekonomik t\u00eb vendit dhe vendeve t\u00eb rajonit\u201d, salla e madhe e Kuvendit Komunal, ora 10:00<\/li>\n<li>Workshop (Pun\u00ebtori) n\u00eb ullishtari \u201c Prezantimi i metodave t\u00eb revitalizimit t\u00eb ullishatave t\u00eb vjetra\u201d, 11:00 Ullishta e Ulqinit<\/li>\n<li>Hapja e outdoor workout (palestr\u00ebs n\u00eb natyr\u00eb) n\u00eb pyllin e pishave, ora 12:00<\/li>\n<li>Hapja e turneut mbar\u00ebkomb\u00ebtar n\u00eb tenis \u201cUlqini 2017\u201d, Tennis Club Bellevue, ora 14:30<\/li>\n<\/ol>\n","protected":false},"excerpt":{"rendered":"<p>31 mars 2017, e premt\u00eb Hapja e konferenc\u00ebs shkencore nderkomb\u00ebtare \u201cRoli i shkenc\u00ebs n\u00eb zhvillimin ekonomik t\u00eb vendit dhe vendeve t\u00eb rajonit\u201d, salla e madhe e Kuvendit Komunal, ora 10:00 Workshop (Pun\u00ebtori) n\u00eb ullishtari \u201c Prezantimi i metodave t\u00eb revitalizimit t\u00eb ullishatave t\u00eb vjetra\u201d, 11:00 Ullishta e Ulqinit Hapja e outdoor workout (palestr\u00ebs n\u00eb natyr\u00eb) [&hellip;]<\/p>\n","protected":false},"author":1,"featured_media":0,"comment_status":"closed","ping_status":"closed","sticky":false,"template":"","format":"standard","meta":{"spay_email":"","jetpack_publicize_message":"","jetpack_is_tweetstorm":false,"jetpack_publicize_feature_enabled":true},"categories":[1],"tags":[],"jetpack_publicize_connections":[],"yoast_head":"<!-- This site is optimized with the Yoast SEO plugin v19.1 - https:\/\/yoast.com\/wordpress\/plugins\/seo\/ -->\n<title>Dita e Komun\u00ebs s\u00eb Ulqinit \u2013 Programi dite trete - Lajme nga Ulqini<\/title>\n<meta name=\"description\" content=\"31 mars 2017, e premt\u00eb Hapja e konferenc\u00ebs shkencore nderkomb\u00ebtare \u201cRoli i shkenc\u00ebs n\u00eb zhvillimin ekonomik t\u00eb vendit dhe vendeve t\u00eb rajonit\u201d, salla e\" \/>\n<meta name=\"robots\" content=\"index, follow, max-snippet:-1, max-image-preview:large, max-video-preview:-1\" \/>\n<link rel=\"canonical\" href=\"https:\/\/www.visit-ulcinj.com\/blog\/2017\/03\/30\/dita-e-komunes-se-ulqinit-programi-dite-trete\/\" \/>\n<meta property=\"og:locale\" content=\"en_US\" \/>\n<meta property=\"og:type\" content=\"article\" \/>\n<meta property=\"og:title\" content=\"Dita e Komun\u00ebs s\u00eb Ulqinit \u2013 Programi dite trete - Lajme nga Ulqini\" \/>\n<meta property=\"og:description\" content=\"31 mars 2017, e premt\u00eb Hapja e konferenc\u00ebs shkencore nderkomb\u00ebtare \u201cRoli i shkenc\u00ebs n\u00eb zhvillimin ekonomik t\u00eb vendit dhe vendeve t\u00eb rajonit\u201d, salla e\" \/>\n<meta property=\"og:url\" content=\"https:\/\/www.visit-ulcinj.com\/blog\/2017\/03\/30\/dita-e-komunes-se-ulqinit-programi-dite-trete\/\" \/>\n<meta property=\"og:site_name\" content=\"Lajme nga Ulqini\" \/>\n<meta property=\"article:published_time\" content=\"2017-03-30T18:35:46+00:00\" \/>\n<meta property=\"article:modified_time\" content=\"2017-03-30T21:23:29+00:00\" \/>\n<meta property=\"og:image\" content=\"http:\/\/www.visit-ulcinj.com\/blog\/wp-content\/uploads\/2017\/03\/dita-e-ulqinit.jpg\" \/>\n<meta name=\"twitter:label1\" content=\"Written by\" \/>\n\t<meta name=\"twitter:data1\" content=\"ulqini\" \/>\n<script type=\"application\/ld+json\" class=\"yoast-schema-graph\">{\"@context\":\"https:\/\/schema.org\",\"@graph\":[{\"@type\":\"WebSite\",\"@id\":\"https:\/\/www.visit-ulcinj.com\/blog\/#website\",\"url\":\"https:\/\/www.visit-ulcinj.com\/blog\/\",\"name\":\"Lajme nga Ulqini\",\"description\":\"Lajme,Vijesti,Ulqini,Ulqin,Crna Gora,Mali i Zi\",\"potentialAction\":[{\"@type\":\"SearchAction\",\"target\":{\"@type\":\"EntryPoint\",\"urlTemplate\":\"https:\/\/www.visit-ulcinj.com\/blog\/?s={search_term_string}\"},\"query-input\":\"required name=search_term_string\"}],\"inLanguage\":\"en-US\"},{\"@type\":\"ImageObject\",\"inLanguage\":\"en-US\",\"@id\":\"https:\/\/www.visit-ulcinj.com\/blog\/2017\/03\/30\/dita-e-komunes-se-ulqinit-programi-dite-trete\/#primaryimage\",\"url\":\"https:\/\/www.visit-ulcinj.com\/blog\/wp-content\/uploads\/2017\/03\/dita-e-ulqinit.jpg\",\"contentUrl\":\"https:\/\/www.visit-ulcinj.com\/blog\/wp-content\/uploads\/2017\/03\/dita-e-ulqinit.jpg\",\"width\":999,\"height\":749},{\"@type\":\"WebPage\",\"@id\":\"https:\/\/www.visit-ulcinj.com\/blog\/2017\/03\/30\/dita-e-komunes-se-ulqinit-programi-dite-trete\/#webpage\",\"url\":\"https:\/\/www.visit-ulcinj.com\/blog\/2017\/03\/30\/dita-e-komunes-se-ulqinit-programi-dite-trete\/\",\"name\":\"Dita e Komun\u00ebs s\u00eb Ulqinit \u2013 Programi dite trete - Lajme nga Ulqini\",\"isPartOf\":{\"@id\":\"https:\/\/www.visit-ulcinj.com\/blog\/#website\"},\"primaryImageOfPage\":{\"@id\":\"https:\/\/www.visit-ulcinj.com\/blog\/2017\/03\/30\/dita-e-komunes-se-ulqinit-programi-dite-trete\/#primaryimage\"},\"datePublished\":\"2017-03-30T18:35:46+00:00\",\"dateModified\":\"2017-03-30T21:23:29+00:00\",\"author\":{\"@id\":\"https:\/\/www.visit-ulcinj.com\/blog\/#\/schema\/person\/dcab619c614d3038751c63bc2aadc06d\"},\"description\":\"31 mars 2017, e premt\u00eb Hapja e konferenc\u00ebs shkencore nderkomb\u00ebtare \u201cRoli i shkenc\u00ebs n\u00eb zhvillimin ekonomik t\u00eb vendit dhe vendeve t\u00eb rajonit\u201d, salla e\",\"breadcrumb\":{\"@id\":\"https:\/\/www.visit-ulcinj.com\/blog\/2017\/03\/30\/dita-e-komunes-se-ulqinit-programi-dite-trete\/#breadcrumb\"},\"inLanguage\":\"en-US\",\"potentialAction\":[{\"@type\":\"ReadAction\",\"target\":[\"https:\/\/www.visit-ulcinj.com\/blog\/2017\/03\/30\/dita-e-komunes-se-ulqinit-programi-dite-trete\/\"]}]},{\"@type\":\"BreadcrumbList\",\"@id\":\"https:\/\/www.visit-ulcinj.com\/blog\/2017\/03\/30\/dita-e-komunes-se-ulqinit-programi-dite-trete\/#breadcrumb\",\"itemListElement\":[{\"@type\":\"ListItem\",\"position\":1,\"name\":\"Dita e Komun\u00ebs s\u00eb Ulqinit \u2013 Programi dite trete\"}]},{\"@type\":\"Person\",\"@id\":\"https:\/\/www.visit-ulcinj.com\/blog\/#\/schema\/person\/dcab619c614d3038751c63bc2aadc06d\",\"name\":\"ulqini\",\"sameAs\":[\"http:\/\/www.visit-ulcinj.com\"],\"url\":\"https:\/\/www.visit-ulcinj.com\/blog\/author\/admin\/\"}]}<\/script>\n<!-- \/ Yoast SEO plugin. -->","yoast_head_json":{"title":"Dita e Komun\u00ebs s\u00eb Ulqinit \u2013 Programi dite trete - Lajme nga Ulqini","description":"31 mars 2017, e premt\u00eb Hapja e konferenc\u00ebs shkencore nderkomb\u00ebtare \u201cRoli i shkenc\u00ebs n\u00eb zhvillimin ekonomik t\u00eb vendit dhe vendeve t\u00eb rajonit\u201d, salla e","robots":{"index":"index","follow":"follow","max-snippet":"max-snippet:-1","max-image-preview":"max-image-preview:large","max-video-preview":"max-video-preview:-1"},"canonical":"https:\/\/www.visit-ulcinj.com\/blog\/2017\/03\/30\/dita-e-komunes-se-ulqinit-programi-dite-trete\/","og_locale":"en_US","og_type":"article","og_title":"Dita e Komun\u00ebs s\u00eb Ulqinit \u2013 Programi dite trete - Lajme nga Ulqini","og_description":"31 mars 2017, e premt\u00eb Hapja e konferenc\u00ebs shkencore nderkomb\u00ebtare \u201cRoli i shkenc\u00ebs n\u00eb zhvillimin ekonomik t\u00eb vendit dhe vendeve t\u00eb rajonit\u201d, salla e","og_url":"https:\/\/www.visit-ulcinj.com\/blog\/2017\/03\/30\/dita-e-komunes-se-ulqinit-programi-dite-trete\/","og_site_name":"Lajme nga Ulqini","article_published_time":"2017-03-30T18:35:46+00:00","article_modified_time":"2017-03-30T21:23:29+00:00","og_image":[{"url":"http:\/\/www.visit-ulcinj.com\/blog\/wp-content\/uploads\/2017\/03\/dita-e-ulqinit.jpg"}],"twitter_misc":{"Written by":"ulqini"},"schema":{"@context":"https:\/\/schema.org","@graph":[{"@type":"WebSite","@id":"https:\/\/www.visit-ulcinj.com\/blog\/#website","url":"https:\/\/www.visit-ulcinj.com\/blog\/","name":"Lajme nga Ulqini","description":"Lajme,Vijesti,Ulqini,Ulqin,Crna Gora,Mali i Zi","potentialAction":[{"@type":"SearchAction","target":{"@type":"EntryPoint","urlTemplate":"https:\/\/www.visit-ulcinj.com\/blog\/?s={search_term_string}"},"query-input":"required name=search_term_string"}],"inLanguage":"en-US"},{"@type":"ImageObject","inLanguage":"en-US","@id":"https:\/\/www.visit-ulcinj.com\/blog\/2017\/03\/30\/dita-e-komunes-se-ulqinit-programi-dite-trete\/#primaryimage","url":"https:\/\/www.visit-ulcinj.com\/blog\/wp-content\/uploads\/2017\/03\/dita-e-ulqinit.jpg","contentUrl":"https:\/\/www.visit-ulcinj.com\/blog\/wp-content\/uploads\/2017\/03\/dita-e-ulqinit.jpg","width":999,"height":749},{"@type":"WebPage","@id":"https:\/\/www.visit-ulcinj.com\/blog\/2017\/03\/30\/dita-e-komunes-se-ulqinit-programi-dite-trete\/#webpage","url":"https:\/\/www.visit-ulcinj.com\/blog\/2017\/03\/30\/dita-e-komunes-se-ulqinit-programi-dite-trete\/","name":"Dita e Komun\u00ebs s\u00eb Ulqinit \u2013 Programi dite trete - Lajme nga Ulqini","isPartOf":{"@id":"https:\/\/www.visit-ulcinj.com\/blog\/#website"},"primaryImageOfPage":{"@id":"https:\/\/www.visit-ulcinj.com\/blog\/2017\/03\/30\/dita-e-komunes-se-ulqinit-programi-dite-trete\/#primaryimage"},"datePublished":"2017-03-30T18:35:46+00:00","dateModified":"2017-03-30T21:23:29+00:00","author":{"@id":"https:\/\/www.visit-ulcinj.com\/blog\/#\/schema\/person\/dcab619c614d3038751c63bc2aadc06d"},"description":"31 mars 2017, e premt\u00eb Hapja e konferenc\u00ebs shkencore nderkomb\u00ebtare \u201cRoli i shkenc\u00ebs n\u00eb zhvillimin ekonomik t\u00eb vendit dhe vendeve t\u00eb rajonit\u201d, salla e","breadcrumb":{"@id":"https:\/\/www.visit-ulcinj.com\/blog\/2017\/03\/30\/dita-e-komunes-se-ulqinit-programi-dite-trete\/#breadcrumb"},"inLanguage":"en-US","potentialAction":[{"@type":"ReadAction","target":["https:\/\/www.visit-ulcinj.com\/blog\/2017\/03\/30\/dita-e-komunes-se-ulqinit-programi-dite-trete\/"]}]},{"@type":"BreadcrumbList","@id":"https:\/\/www.visit-ulcinj.com\/blog\/2017\/03\/30\/dita-e-komunes-se-ulqinit-programi-dite-trete\/#breadcrumb","itemListElement":[{"@type":"ListItem","position":1,"name":"Dita e Komun\u00ebs s\u00eb Ulqinit \u2013 Programi dite trete"}]},{"@type":"Person","@id":"https:\/\/www.visit-ulcinj.com\/blog\/#\/schema\/person\/dcab619c614d3038751c63bc2aadc06d","name":"ulqini","sameAs":["http:\/\/www.visit-ulcinj.com"],"url":"https:\/\/www.visit-ulcinj.com\/blog\/author\/admin\/"}]}},"jetpack_featured_media_url":"","jetpack_sharing_enabled":true,"jetpack_shortlink":"https:\/\/wp.me\/pe6lTn-r1M","_links":{"self":[{"href":"https:\/\/www.visit-ulcinj.com\/blog\/wp-json\/wp\/v2\/posts\/103898"}],"collection":[{"href":"https:\/\/www.visit-ulcinj.com\/blog\/wp-json\/wp\/v2\/posts"}],"about":[{"href":"https:\/\/www.visit-ulcinj.com\/blog\/wp-json\/wp\/v2\/types\/post"}],"author":[{"embeddable":true,"href":"https:\/\/www.visit-ulcinj.com\/blog\/wp-json\/wp\/v2\/users\/1"}],"replies":[{"embeddable":true,"href":"https:\/\/www.visit-ulcinj.com\/blog\/wp-json\/wp\/v2\/comments?post=103898"}],"version-history":[{"count":1,"href":"https:\/\/www.visit-ulcinj.com\/blog\/wp-json\/wp\/v2\/posts\/103898\/revisions"}],"predecessor-version":[{"id":103900,"href":"https:\/\/www.visit-ulcinj.com\/blog\/wp-json\/wp\/v2\/posts\/103898\/revisions\/103900"}],"wp:attachment":[{"href":"https:\/\/www.visit-ulcinj.com\/blog\/wp-json\/wp\/v2\/media?parent=103898"}],"wp:term":[{"taxonomy":"category","embeddable":true,"href":"https:\/\/www.visit-ulcinj.com\/blog\/wp-json\/wp\/v2\/categories?post=103898"},{"taxonomy":"post_tag","embeddable":true,"href":"https:\/\/www.visit-ulcinj.com\/blog\/wp-json\/wp\/v2\/tags?post=103898"}],"curies":[{"name":"wp","href":"https:\/\/api.w.org\/{rel}","templated":true}]}}