{"id":103901,"date":"2017-03-30T21:05:19","date_gmt":"2017-03-30T20:05:19","guid":{"rendered":"http:\/\/www.visit-ulcinj.com\/blog\/?p=103901"},"modified":"2017-03-30T21:06:18","modified_gmt":"2017-03-30T20:06:18","slug":"ambassador-uyehara-visits-ngo-kranjania-in-ostros-foto","status":"publish","type":"post","link":"https:\/\/www.visit-ulcinj.com\/blog\/2017\/03\/30\/ambassador-uyehara-visits-ngo-kranjania-in-ostros-foto\/","title":{"rendered":"Ambassador Uyehara Visits NGO Kranjania in Ostros + Foto"},"content":{"rendered":"<p><a href=\"http:\/\/www.visit-ulcinj.com\/blog\/wp-content\/uploads\/2017\/03\/Ambassador-Uyehara-Visits-NGO-Kranjania-in-Ostros.jpg\"><img loading=\"lazy\" class=\"alignleft wp-image-103902\" src=\"http:\/\/www.visit-ulcinj.com\/blog\/wp-content\/uploads\/2017\/03\/Ambassador-Uyehara-Visits-NGO-Kranjania-in-Ostros.jpg\" alt=\"Ambassador Uyehara Visits NGO Kranjania in Ostros\" width=\"508\" height=\"336\" srcset=\"https:\/\/www.visit-ulcinj.com\/blog\/wp-content\/uploads\/2017\/03\/Ambassador-Uyehara-Visits-NGO-Kranjania-in-Ostros.jpg 960w, https:\/\/www.visit-ulcinj.com\/blog\/wp-content\/uploads\/2017\/03\/Ambassador-Uyehara-Visits-NGO-Kranjania-in-Ostros-300x198.jpg 300w, https:\/\/www.visit-ulcinj.com\/blog\/wp-content\/uploads\/2017\/03\/Ambassador-Uyehara-Visits-NGO-Kranjania-in-Ostros-768x508.jpg 768w\" sizes=\"(max-width: 508px) 100vw, 508px\" \/><\/a>Ambassador Uyehara and Public Affairs Officer Mark Weinberg visited women from the NGO Kranjanija in Ostros. The Ambassador expressed her support for the work they do and encouraged them to persevere despite the challenges. We are grateful to the NGO Kranjanija\u2019s partners over the years: The Business Startup Center in Bar, The Municipality of Bar, and the Local Community Office of Ostros for providing continuous support to these women. We enjoyed Kranjanija\u2019s handmade product<span class=\"text_exposed_show\">s and the stories of where they draw inspiration and which materials and techniques they use. If the road ever takes you to Ostros, it will be rewarding<\/span><\/p>\n<p><span class=\"text_exposed_show\">Ambasadorka Margaret Uehara i \u0160ef Odjeljenja za medije i kulturu Mark Vajnberg su danas posjetili \u017eene iz NVO Kranjanija u Ostrosu. Ambasadorka je izrazila svoju podr\u0161ku za posao kojim se bave i ohrabrila ih da istraju uprkos izazovima. Veliko hvala partnerima koji su pru\u017eali kontinuiranu podr\u0161ku NVO Kranjanija tokom godina: Biznis Centru Bar, Op\u0161tini Bar i Kancelariji Mjesne zajednice Ostros. U\u017eivali smo u Kranjanijinim rukotvorinama i pri\u010dama o njihovom nastajanju. Ukoliko vas put ikada nanese u Ostros, bi\u0107e vrijedan trud<\/span><\/p>\n<p><strong>Sourc: <span class=\"fwn fcg\"><span class=\"fcg\"><span class=\"fwb\"><a id=\"js_8y1\" class=\"profileLink\" href=\"https:\/\/www.facebook.com\/montenegro.usembassy\/?hc_ref=PAGES_TIMELINE\" data-ft=\"{&quot;tn&quot;:&quot;k&quot;}\" data-hovercard=\"\/ajax\/hovercard\/page.php?id=32665979711&amp;extragetparams=%7B%22hc_ref%22%3A%22PAGES_TIMELINE%22%7D\" data-hovercard-prefer-more-content-show=\"1\">U.S. Embassy Podgorica Facebook<\/a><\/span> <\/span><\/span><\/strong><\/p>\n\n\t\t<style type=\"text\/css\">\n\t\t\t#gallery-1 {\n\t\t\t\tmargin: auto;\n\t\t\t}\n\t\t\t#gallery-1 .gallery-item {\n\t\t\t\tfloat: left;\n\t\t\t\tmargin-top: 10px;\n\t\t\t\ttext-align: center;\n\t\t\t\twidth: 33%;\n\t\t\t}\n\t\t\t#gallery-1 img {\n\t\t\t\tborder: 2px solid #cfcfcf;\n\t\t\t}\n\t\t\t#gallery-1 .gallery-caption {\n\t\t\t\tmargin-left: 0;\n\t\t\t}\n\t\t\t\/* see gallery_shortcode() in wp-includes\/media.php *\/\n\t\t<\/style>\n\t\t<div id='gallery-1' class='gallery galleryid-103901 gallery-columns-3 gallery-size-thumbnail'><dl class='gallery-item'>\n\t\t\t<dt class='gallery-icon landscape'>\n\t\t\t\t<a href='https:\/\/www.visit-ulcinj.com\/blog\/2017\/03\/30\/ambassador-uyehara-visits-ngo-kranjania-in-ostros-foto\/ambassador-uyehara-visits-ngo-kranjania-in-ostros-1\/'><img width=\"150\" height=\"150\" src=\"https:\/\/www.visit-ulcinj.com\/blog\/wp-content\/uploads\/2017\/03\/Ambassador-Uyehara-Visits-NGO-Kranjania-in-Ostros-1-150x150.jpg\" class=\"attachment-thumbnail size-thumbnail\" alt=\"\" loading=\"lazy\" \/><\/a>\n\t\t\t<\/dt><\/dl><dl class='gallery-item'>\n\t\t\t<dt class='gallery-icon landscape'>\n\t\t\t\t<a href='https:\/\/www.visit-ulcinj.com\/blog\/2017\/03\/30\/ambassador-uyehara-visits-ngo-kranjania-in-ostros-foto\/ambassador-uyehara-visits-ngo-kranjania-in-ostros-2\/'><img width=\"150\" height=\"150\" src=\"https:\/\/www.visit-ulcinj.com\/blog\/wp-content\/uploads\/2017\/03\/Ambassador-Uyehara-Visits-NGO-Kranjania-in-Ostros-2-150x150.jpg\" class=\"attachment-thumbnail size-thumbnail\" alt=\"\" loading=\"lazy\" \/><\/a>\n\t\t\t<\/dt><\/dl><dl class='gallery-item'>\n\t\t\t<dt class='gallery-icon portrait'>\n\t\t\t\t<a href='https:\/\/www.visit-ulcinj.com\/blog\/2017\/03\/30\/ambassador-uyehara-visits-ngo-kranjania-in-ostros-foto\/ambassador-uyehara-visits-ngo-kranjania-in-ostros-3\/'><img width=\"150\" height=\"150\" src=\"https:\/\/www.visit-ulcinj.com\/blog\/wp-content\/uploads\/2017\/03\/Ambassador-Uyehara-Visits-NGO-Kranjania-in-Ostros-3-150x150.jpg\" class=\"attachment-thumbnail size-thumbnail\" alt=\"\" loading=\"lazy\" \/><\/a>\n\t\t\t<\/dt><\/dl><br style=\"clear: both\" \/><dl class='gallery-item'>\n\t\t\t<dt class='gallery-icon portrait'>\n\t\t\t\t<a href='https:\/\/www.visit-ulcinj.com\/blog\/2017\/03\/30\/ambassador-uyehara-visits-ngo-kranjania-in-ostros-foto\/ambassador-uyehara-visits-ngo-kranjania-in-ostros-4\/'><img width=\"150\" height=\"150\" src=\"https:\/\/www.visit-ulcinj.com\/blog\/wp-content\/uploads\/2017\/03\/Ambassador-Uyehara-Visits-NGO-Kranjania-in-Ostros-4-150x150.jpg\" class=\"attachment-thumbnail size-thumbnail\" alt=\"\" loading=\"lazy\" \/><\/a>\n\t\t\t<\/dt><\/dl><dl class='gallery-item'>\n\t\t\t<dt class='gallery-icon landscape'>\n\t\t\t\t<a href='https:\/\/www.visit-ulcinj.com\/blog\/2017\/03\/30\/ambassador-uyehara-visits-ngo-kranjania-in-ostros-foto\/ambassador-uyehara-visits-ngo-kranjania-in-ostros-5\/'><img width=\"150\" height=\"150\" src=\"https:\/\/www.visit-ulcinj.com\/blog\/wp-content\/uploads\/2017\/03\/Ambassador-Uyehara-Visits-NGO-Kranjania-in-Ostros-5-150x150.jpg\" class=\"attachment-thumbnail size-thumbnail\" alt=\"\" loading=\"lazy\" \/><\/a>\n\t\t\t<\/dt><\/dl><dl class='gallery-item'>\n\t\t\t<dt class='gallery-icon landscape'>\n\t\t\t\t<a href='https:\/\/www.visit-ulcinj.com\/blog\/2017\/03\/30\/ambassador-uyehara-visits-ngo-kranjania-in-ostros-foto\/ambassador-uyehara-visits-ngo-kranjania-in-ostros-6\/'><img width=\"150\" height=\"150\" src=\"https:\/\/www.visit-ulcinj.com\/blog\/wp-content\/uploads\/2017\/03\/Ambassador-Uyehara-Visits-NGO-Kranjania-in-Ostros-6-150x150.jpg\" class=\"attachment-thumbnail size-thumbnail\" alt=\"\" loading=\"lazy\" \/><\/a>\n\t\t\t<\/dt><\/dl><br style=\"clear: both\" \/><dl class='gallery-item'>\n\t\t\t<dt class='gallery-icon landscape'>\n\t\t\t\t<a href='https:\/\/www.visit-ulcinj.com\/blog\/2017\/03\/30\/ambassador-uyehara-visits-ngo-kranjania-in-ostros-foto\/ambassador-uyehara-visits-ngo-kranjania-in-ostros-7\/'><img width=\"150\" height=\"150\" src=\"https:\/\/www.visit-ulcinj.com\/blog\/wp-content\/uploads\/2017\/03\/Ambassador-Uyehara-Visits-NGO-Kranjania-in-Ostros-7-150x150.jpg\" class=\"attachment-thumbnail size-thumbnail\" alt=\"\" loading=\"lazy\" \/><\/a>\n\t\t\t<\/dt><\/dl><dl class='gallery-item'>\n\t\t\t<dt class='gallery-icon landscape'>\n\t\t\t\t<a href='https:\/\/www.visit-ulcinj.com\/blog\/2017\/03\/30\/ambassador-uyehara-visits-ngo-kranjania-in-ostros-foto\/ambassador-uyehara-visits-ngo-kranjania-in-ostros-8\/'><img width=\"150\" height=\"150\" src=\"https:\/\/www.visit-ulcinj.com\/blog\/wp-content\/uploads\/2017\/03\/Ambassador-Uyehara-Visits-NGO-Kranjania-in-Ostros-8-150x150.jpg\" class=\"attachment-thumbnail size-thumbnail\" alt=\"\" loading=\"lazy\" \/><\/a>\n\t\t\t<\/dt><\/dl><dl class='gallery-item'>\n\t\t\t<dt class='gallery-icon landscape'>\n\t\t\t\t<a href='https:\/\/www.visit-ulcinj.com\/blog\/2017\/03\/30\/ambassador-uyehara-visits-ngo-kranjania-in-ostros-foto\/ambassador-uyehara-visits-ngo-kranjania-in-ostros-9\/'><img width=\"150\" height=\"150\" src=\"https:\/\/www.visit-ulcinj.com\/blog\/wp-content\/uploads\/2017\/03\/Ambassador-Uyehara-Visits-NGO-Kranjania-in-Ostros-9-150x150.jpg\" class=\"attachment-thumbnail size-thumbnail\" alt=\"\" loading=\"lazy\" \/><\/a>\n\t\t\t<\/dt><\/dl><br style=\"clear: both\" \/>\n\t\t<\/div>\n\n","protected":false},"excerpt":{"rendered":"<p>Ambassador Uyehara and Public Affairs Officer Mark Weinberg visited women from the NGO Kranjanija in Ostros. The Ambassador expressed her support for the work they do and encouraged them to persevere despite the challenges. We are grateful to the NGO Kranjanija\u2019s partners over the years: The Business Startup Center in Bar, The Municipality of Bar, [&hellip;]<\/p>\n","protected":false},"author":1,"featured_media":0,"comment_status":"closed","ping_status":"closed","sticky":false,"template":"","format":"standard","meta":{"spay_email":"","jetpack_publicize_message":"","jetpack_is_tweetstorm":false,"jetpack_publicize_feature_enabled":true},"categories":[8337],"tags":[],"jetpack_publicize_connections":[],"yoast_head":"<!-- This site is optimized with the Yoast SEO plugin v19.1 - https:\/\/yoast.com\/wordpress\/plugins\/seo\/ -->\n<title>Ambassador Uyehara Visits NGO Kranjania in Ostros + Foto - Lajme nga Ulqini<\/title>\n<meta name=\"description\" content=\"Ambassador Uyehara and Public Affairs Officer Mark Weinberg visited women from the NGO Kranjanija in Ostros. The Ambassador expressed her support for the\" \/>\n<meta name=\"robots\" content=\"index, follow, max-snippet:-1, max-image-preview:large, max-video-preview:-1\" \/>\n<link rel=\"canonical\" href=\"https:\/\/www.visit-ulcinj.com\/blog\/2017\/03\/30\/ambassador-uyehara-visits-ngo-kranjania-in-ostros-foto\/\" \/>\n<meta property=\"og:locale\" content=\"en_US\" \/>\n<meta property=\"og:type\" content=\"article\" \/>\n<meta property=\"og:title\" content=\"Ambassador Uyehara Visits NGO Kranjania in Ostros + Foto - Lajme nga Ulqini\" \/>\n<meta property=\"og:description\" content=\"Ambassador Uyehara and Public Affairs Officer Mark Weinberg visited women from the NGO Kranjanija in Ostros. The Ambassador expressed her support for the\" \/>\n<meta property=\"og:url\" content=\"https:\/\/www.visit-ulcinj.com\/blog\/2017\/03\/30\/ambassador-uyehara-visits-ngo-kranjania-in-ostros-foto\/\" \/>\n<meta property=\"og:site_name\" content=\"Lajme nga Ulqini\" \/>\n<meta property=\"article:published_time\" content=\"2017-03-30T20:05:19+00:00\" \/>\n<meta property=\"article:modified_time\" content=\"2017-03-30T20:06:18+00:00\" \/>\n<meta property=\"og:image\" content=\"https:\/\/www.visit-ulcinj.com\/blog\/wp-content\/uploads\/2017\/03\/Ambassador-Uyehara-Visits-NGO-Kranjania-in-Ostros-1-150x150.jpg\" \/>\n<meta name=\"twitter:label1\" content=\"Written by\" \/>\n\t<meta name=\"twitter:data1\" content=\"ulqini\" \/>\n\t<meta name=\"twitter:label2\" content=\"Est. reading time\" \/>\n\t<meta name=\"twitter:data2\" content=\"1 minute\" \/>\n<script type=\"application\/ld+json\" class=\"yoast-schema-graph\">{\"@context\":\"https:\/\/schema.org\",\"@graph\":[{\"@type\":\"WebSite\",\"@id\":\"https:\/\/www.visit-ulcinj.com\/blog\/#website\",\"url\":\"https:\/\/www.visit-ulcinj.com\/blog\/\",\"name\":\"Lajme nga Ulqini\",\"description\":\"Lajme,Vijesti,Ulqini,Ulqin,Crna Gora,Mali i Zi\",\"potentialAction\":[{\"@type\":\"SearchAction\",\"target\":{\"@type\":\"EntryPoint\",\"urlTemplate\":\"https:\/\/www.visit-ulcinj.com\/blog\/?s={search_term_string}\"},\"query-input\":\"required name=search_term_string\"}],\"inLanguage\":\"en-US\"},{\"@type\":\"ImageObject\",\"inLanguage\":\"en-US\",\"@id\":\"https:\/\/www.visit-ulcinj.com\/blog\/2017\/03\/30\/ambassador-uyehara-visits-ngo-kranjania-in-ostros-foto\/#primaryimage\",\"url\":\"https:\/\/www.visit-ulcinj.com\/blog\/wp-content\/uploads\/2017\/03\/Ambassador-Uyehara-Visits-NGO-Kranjania-in-Ostros.jpg\",\"contentUrl\":\"https:\/\/www.visit-ulcinj.com\/blog\/wp-content\/uploads\/2017\/03\/Ambassador-Uyehara-Visits-NGO-Kranjania-in-Ostros.jpg\",\"width\":960,\"height\":635},{\"@type\":\"WebPage\",\"@id\":\"https:\/\/www.visit-ulcinj.com\/blog\/2017\/03\/30\/ambassador-uyehara-visits-ngo-kranjania-in-ostros-foto\/#webpage\",\"url\":\"https:\/\/www.visit-ulcinj.com\/blog\/2017\/03\/30\/ambassador-uyehara-visits-ngo-kranjania-in-ostros-foto\/\",\"name\":\"Ambassador Uyehara Visits NGO Kranjania in Ostros + Foto - Lajme nga Ulqini\",\"isPartOf\":{\"@id\":\"https:\/\/www.visit-ulcinj.com\/blog\/#website\"},\"primaryImageOfPage\":{\"@id\":\"https:\/\/www.visit-ulcinj.com\/blog\/2017\/03\/30\/ambassador-uyehara-visits-ngo-kranjania-in-ostros-foto\/#primaryimage\"},\"datePublished\":\"2017-03-30T20:05:19+00:00\",\"dateModified\":\"2017-03-30T20:06:18+00:00\",\"author\":{\"@id\":\"https:\/\/www.visit-ulcinj.com\/blog\/#\/schema\/person\/dcab619c614d3038751c63bc2aadc06d\"},\"description\":\"Ambassador Uyehara and Public Affairs Officer Mark Weinberg visited women from the NGO Kranjanija in Ostros. The Ambassador expressed her support for the\",\"breadcrumb\":{\"@id\":\"https:\/\/www.visit-ulcinj.com\/blog\/2017\/03\/30\/ambassador-uyehara-visits-ngo-kranjania-in-ostros-foto\/#breadcrumb\"},\"inLanguage\":\"en-US\",\"potentialAction\":[{\"@type\":\"ReadAction\",\"target\":[\"https:\/\/www.visit-ulcinj.com\/blog\/2017\/03\/30\/ambassador-uyehara-visits-ngo-kranjania-in-ostros-foto\/\"]}]},{\"@type\":\"BreadcrumbList\",\"@id\":\"https:\/\/www.visit-ulcinj.com\/blog\/2017\/03\/30\/ambassador-uyehara-visits-ngo-kranjania-in-ostros-foto\/#breadcrumb\",\"itemListElement\":[{\"@type\":\"ListItem\",\"position\":1,\"name\":\"Ambassador Uyehara Visits NGO Kranjania in Ostros + Foto\"}]},{\"@type\":\"Person\",\"@id\":\"https:\/\/www.visit-ulcinj.com\/blog\/#\/schema\/person\/dcab619c614d3038751c63bc2aadc06d\",\"name\":\"ulqini\",\"sameAs\":[\"http:\/\/www.visit-ulcinj.com\"],\"url\":\"https:\/\/www.visit-ulcinj.com\/blog\/author\/admin\/\"}]}<\/script>\n<!-- \/ Yoast SEO plugin. -->","yoast_head_json":{"title":"Ambassador Uyehara Visits NGO Kranjania in Ostros + Foto - Lajme nga Ulqini","description":"Ambassador Uyehara and Public Affairs Officer Mark Weinberg visited women from the NGO Kranjanija in Ostros. The Ambassador expressed her support for the","robots":{"index":"index","follow":"follow","max-snippet":"max-snippet:-1","max-image-preview":"max-image-preview:large","max-video-preview":"max-video-preview:-1"},"canonical":"https:\/\/www.visit-ulcinj.com\/blog\/2017\/03\/30\/ambassador-uyehara-visits-ngo-kranjania-in-ostros-foto\/","og_locale":"en_US","og_type":"article","og_title":"Ambassador Uyehara Visits NGO Kranjania in Ostros + Foto - Lajme nga Ulqini","og_description":"Ambassador Uyehara and Public Affairs Officer Mark Weinberg visited women from the NGO Kranjanija in Ostros. The Ambassador expressed her support for the","og_url":"https:\/\/www.visit-ulcinj.com\/blog\/2017\/03\/30\/ambassador-uyehara-visits-ngo-kranjania-in-ostros-foto\/","og_site_name":"Lajme nga Ulqini","article_published_time":"2017-03-30T20:05:19+00:00","article_modified_time":"2017-03-30T20:06:18+00:00","og_image":[{"url":"https:\/\/www.visit-ulcinj.com\/blog\/wp-content\/uploads\/2017\/03\/Ambassador-Uyehara-Visits-NGO-Kranjania-in-Ostros-1-150x150.jpg"}],"twitter_misc":{"Written by":"ulqini","Est. reading time":"1 minute"},"schema":{"@context":"https:\/\/schema.org","@graph":[{"@type":"WebSite","@id":"https:\/\/www.visit-ulcinj.com\/blog\/#website","url":"https:\/\/www.visit-ulcinj.com\/blog\/","name":"Lajme nga Ulqini","description":"Lajme,Vijesti,Ulqini,Ulqin,Crna Gora,Mali i Zi","potentialAction":[{"@type":"SearchAction","target":{"@type":"EntryPoint","urlTemplate":"https:\/\/www.visit-ulcinj.com\/blog\/?s={search_term_string}"},"query-input":"required name=search_term_string"}],"inLanguage":"en-US"},{"@type":"ImageObject","inLanguage":"en-US","@id":"https:\/\/www.visit-ulcinj.com\/blog\/2017\/03\/30\/ambassador-uyehara-visits-ngo-kranjania-in-ostros-foto\/#primaryimage","url":"https:\/\/www.visit-ulcinj.com\/blog\/wp-content\/uploads\/2017\/03\/Ambassador-Uyehara-Visits-NGO-Kranjania-in-Ostros.jpg","contentUrl":"https:\/\/www.visit-ulcinj.com\/blog\/wp-content\/uploads\/2017\/03\/Ambassador-Uyehara-Visits-NGO-Kranjania-in-Ostros.jpg","width":960,"height":635},{"@type":"WebPage","@id":"https:\/\/www.visit-ulcinj.com\/blog\/2017\/03\/30\/ambassador-uyehara-visits-ngo-kranjania-in-ostros-foto\/#webpage","url":"https:\/\/www.visit-ulcinj.com\/blog\/2017\/03\/30\/ambassador-uyehara-visits-ngo-kranjania-in-ostros-foto\/","name":"Ambassador Uyehara Visits NGO Kranjania in Ostros + Foto - Lajme nga Ulqini","isPartOf":{"@id":"https:\/\/www.visit-ulcinj.com\/blog\/#website"},"primaryImageOfPage":{"@id":"https:\/\/www.visit-ulcinj.com\/blog\/2017\/03\/30\/ambassador-uyehara-visits-ngo-kranjania-in-ostros-foto\/#primaryimage"},"datePublished":"2017-03-30T20:05:19+00:00","dateModified":"2017-03-30T20:06:18+00:00","author":{"@id":"https:\/\/www.visit-ulcinj.com\/blog\/#\/schema\/person\/dcab619c614d3038751c63bc2aadc06d"},"description":"Ambassador Uyehara and Public Affairs Officer Mark Weinberg visited women from the NGO Kranjanija in Ostros. The Ambassador expressed her support for the","breadcrumb":{"@id":"https:\/\/www.visit-ulcinj.com\/blog\/2017\/03\/30\/ambassador-uyehara-visits-ngo-kranjania-in-ostros-foto\/#breadcrumb"},"inLanguage":"en-US","potentialAction":[{"@type":"ReadAction","target":["https:\/\/www.visit-ulcinj.com\/blog\/2017\/03\/30\/ambassador-uyehara-visits-ngo-kranjania-in-ostros-foto\/"]}]},{"@type":"BreadcrumbList","@id":"https:\/\/www.visit-ulcinj.com\/blog\/2017\/03\/30\/ambassador-uyehara-visits-ngo-kranjania-in-ostros-foto\/#breadcrumb","itemListElement":[{"@type":"ListItem","position":1,"name":"Ambassador Uyehara Visits NGO Kranjania in Ostros + Foto"}]},{"@type":"Person","@id":"https:\/\/www.visit-ulcinj.com\/blog\/#\/schema\/person\/dcab619c614d3038751c63bc2aadc06d","name":"ulqini","sameAs":["http:\/\/www.visit-ulcinj.com"],"url":"https:\/\/www.visit-ulcinj.com\/blog\/author\/admin\/"}]}},"jetpack_featured_media_url":"","jetpack_sharing_enabled":true,"jetpack_shortlink":"https:\/\/wp.me\/pe6lTn-r1P","_links":{"self":[{"href":"https:\/\/www.visit-ulcinj.com\/blog\/wp-json\/wp\/v2\/posts\/103901"}],"collection":[{"href":"https:\/\/www.visit-ulcinj.com\/blog\/wp-json\/wp\/v2\/posts"}],"about":[{"href":"https:\/\/www.visit-ulcinj.com\/blog\/wp-json\/wp\/v2\/types\/post"}],"author":[{"embeddable":true,"href":"https:\/\/www.visit-ulcinj.com\/blog\/wp-json\/wp\/v2\/users\/1"}],"replies":[{"embeddable":true,"href":"https:\/\/www.visit-ulcinj.com\/blog\/wp-json\/wp\/v2\/comments?post=103901"}],"version-history":[{"count":3,"href":"https:\/\/www.visit-ulcinj.com\/blog\/wp-json\/wp\/v2\/posts\/103901\/revisions"}],"predecessor-version":[{"id":103914,"href":"https:\/\/www.visit-ulcinj.com\/blog\/wp-json\/wp\/v2\/posts\/103901\/revisions\/103914"}],"wp:attachment":[{"href":"https:\/\/www.visit-ulcinj.com\/blog\/wp-json\/wp\/v2\/media?parent=103901"}],"wp:term":[{"taxonomy":"category","embeddable":true,"href":"https:\/\/www.visit-ulcinj.com\/blog\/wp-json\/wp\/v2\/categories?post=103901"},{"taxonomy":"post_tag","embeddable":true,"href":"https:\/\/www.visit-ulcinj.com\/blog\/wp-json\/wp\/v2\/tags?post=103901"}],"curies":[{"name":"wp","href":"https:\/\/api.w.org\/{rel}","templated":true}]}}