{"id":103919,"date":"2017-03-30T22:13:23","date_gmt":"2017-03-30T21:13:23","guid":{"rendered":"http:\/\/www.visit-ulcinj.com\/blog\/?p=103919"},"modified":"2017-03-30T22:13:23","modified_gmt":"2017-03-30T21:13:23","slug":"nxehet-debati-nikolle-camaj-pergjigjet-nik-gjeloshit","status":"publish","type":"post","link":"https:\/\/www.visit-ulcinj.com\/blog\/2017\/03\/30\/nxehet-debati-nikolle-camaj-pergjigjet-nik-gjeloshit\/","title":{"rendered":"&#8216;Nxehet&#8217; debati, Nikoll\u00eb Camaj i p\u00ebrgjigjet Nik Gjeloshit"},"content":{"rendered":"<p class=\"title\"><strong><a href=\"http:\/\/www.visit-ulcinj.com\/blog\/wp-content\/uploads\/2017\/03\/Nikoll\u00eb-Camaj.jpg\"><img loading=\"lazy\" class=\"alignleft wp-image-103920\" src=\"http:\/\/www.visit-ulcinj.com\/blog\/wp-content\/uploads\/2017\/03\/Nikoll\u00eb-Camaj.jpg\" alt=\"Nikoll\u00eb Camaj\" width=\"508\" height=\"508\" srcset=\"https:\/\/www.visit-ulcinj.com\/blog\/wp-content\/uploads\/2017\/03\/Nikoll\u00eb-Camaj.jpg 768w, https:\/\/www.visit-ulcinj.com\/blog\/wp-content\/uploads\/2017\/03\/Nikoll\u00eb-Camaj-150x150.jpg 150w, https:\/\/www.visit-ulcinj.com\/blog\/wp-content\/uploads\/2017\/03\/Nikoll\u00eb-Camaj-300x300.jpg 300w\" sizes=\"(max-width: 508px) 100vw, 508px\" \/><\/a>Nikoll\u00eb Camaj: Kur t\u00eb tjer\u00ebt rrinin t\u00eb fshehur, un\u00eb isha n\u00eb Rozhaj\u00eb, n\u00eb Bukel, n\u00eb Plav\u00eb, n\u00eb Meteh, n\u00eb kampet e t\u00eb zhvendosurve nga Kosova\u2026<\/strong><\/p>\n<div class=\"td-post-content\">\n<div>\n<div class=\"_1t_p clearfix\">\n<div class=\"_41ud\">\n<div class=\"clearfix _o46 _3erg _29_7 direction_ltr text_align_ltr\">\n<div class=\"_3058 _ui9 _hh7 _aol _s1- _52mr _3oh-\" data-tooltip-content=\"8:32.MD\" data-hover=\"tooltip\" data-tooltip-position=\"left\">\n<div class=\"_aok\"><span class=\"_3oh- _58nk\">Dashamir\u00eb t\u00eb LD-s\u00eb dhe List\u00ebs #guxim Lexova, edhe lexuat, edhe nj\u00eb pamflet shpif\u00ebs, denigrues, p\u00ebrul\u00ebs dhe fyes t\u00eb Nik Gjeloshit, drejtuar jo vet\u00ebm mua, por edhe grupit, duke e quajtur \u201cbashk\u00ebsi boshe\u201d. Un\u00eb po ia p\u00ebrmend emrin, sepse, p\u00ebr fat t\u00eb keq, paraqet realitet politik, sado t\u00eb dob\u00ebt, dhe s\u2019kemi nga t\u2019ia mbajm\u00eb, por LD ka vendosur t\u00eb mos ulet n\u00eb terrenin e tij manipulativ, dhe nuk do t\u2019u p\u00ebrgjigjet shkrimeve q\u00eb kan\u00eb p\u00ebr q\u00ebllim zhvler\u00ebsimin e debatit, uljen n\u00eb nivelin personal dhe ikjen nga tema konkrete, e q\u00eb \u00ebsht\u00eb mashtrimi i radh\u00ebs ndaj qytetar\u00ebve t\u00eb Mal\u00ebsis\u00eb, i projektuar nga Qeveria e Malit t\u00eb Zi.<\/span><\/div>\n<div class=\"_aok\"><\/div>\n<div class=\"_aok\"><\/div>\n<\/div>\n<\/div>\n<\/div>\n<\/div>\n<\/div>\n<\/div>\n<div class=\"_aok\"><span class=\"_3oh- _58nk\">Por, u b\u00ebjm\u00eb t\u00eb ditur miqve ton\u00eb se, pa marr\u00eb para sysh se \u00e7far\u00eb fjalorit do t\u00eb p\u00ebrdorin z\u00ebdh\u00ebn\u00ebsit e qeveris\u00eb, ne nuk do t\u00eb heqim dor\u00eb nga reagimi, n\u00eb \u00e7do anomalie q\u00eb Qeveria e Malit t\u00eb Zi do t\u2019i kurdis n\u00eb d\u00ebm t\u00eb shqiptar\u00ebve. Ajo i nd\u00ebrron z\u00ebdh\u00ebn\u00ebsit, sipas nevoje, dhe si duket k\u00ebsaj radhe k\u00ebt\u00eb pun\u00eb m\u00eb s\u00eb mirit ua kryen Nika(?). Por, me Nik\u00ebn nuk dua t\u00eb merrem, as p\u00ebr faktin, se po t\u00eb ulesha n\u00eb terrenin e tij, do t\u00eb duhej t\u00eb prek\u00eb njer\u00ebz q\u00eb nuk e meritojn\u00eb, dhe t\u00eb cil\u00ebt i respektoj, t\u00eb cil\u00ebt e besoj se nuk ndihen mirr\u00eb nga k\u00ebto lloj shkrimesh, prandaj po ia l\u00ebm\u00eb opinionit q\u00eb t\u00eb vler\u00ebsoj edhe nivelin edhe argumentet.<\/span><\/div>\n<div class=\"_aok\"><\/div>\n<div class=\"_aok\"><span class=\"_3oh- _58nk\">P\u00ebr fund, t\u00eb ve\u00e7oj di\u00e7ka dy \u00e7\u00ebshtje nga pamfleti i Nik\u00ebs. E para, se teksti ishte identik, pothuaj 100%, me tekstin q\u00eb pati shkruar aso kohe kur ia kundershtuam komun\u00ebn e kryeqytetit, e t\u00eb cilin e t\u00ebrhoqi disa dit\u00eb pas, kur po lante duart si Ponc Pilati, dhe e dyta, se UDSH nuk paska asnj\u00eb vot\u00eb n\u00eb Mal\u00ebsi, por t\u00eb gjitha i takuekan Nik\u00ebs! Kjo e fundit vet\u00ebm se s\u2019m\u00eb b\u00ebri t\u00eb klith\u00eb; Nik\u00eb Gjeloshi t\u00eb past\u00eb Mal\u00ebsia, por mu dukt pak, mu dukt e vog\u00ebl kjo. Prandaj klitha: Nik\u00eb Gjeloshi t\u00eb past Mali i Zi! Po s\u2019duhet harrua, as Nika as t\u00eb tjer\u00ebt, se balta q\u00eb po ia merrni Qeveris\u00eb, p\u00ebr t\u00eb p\u00ebrbaltur v\u00ebllez\u00ebrit tuaj, do t\u2019u mbuloj\u00eb deri n\u00eb fyt, her\u00ebdo-kurdo.<\/span><\/div>\n<div class=\"_aok\"><\/div>\n<div class=\"_aok\"><span class=\"_3oh- _58nk\">T\u00eb nderuar miq, k\u00ebrkoj ndjes\u00eb p\u00ebr koh\u00ebn q\u00eb jua kam marr\u00eb, por edhe p\u00ebr at\u00eb q\u00eb do t\u2019ua marr, se nuk e kam nd\u00ebrmend t\u00eb hesht, sado q\u00eb t\u00eb krekos\u00ebn t\u00eb bashkuarit me \u201ct\u00eb fortin\u201d!<\/span><\/div>\n<div class=\"_aok\"><\/div>\n<div class=\"_aok\"><span class=\"_3oh- _58nk\">P.S. Dua t\u00eb fal\u00ebnderoj Nik\u00ebn q\u00eb m\u00eb krijoi mund\u00ebsin\u00eb q\u00eb, natyrisht jo p\u00ebr hir\u00eb t\u00eb tij dhe t\u00eb t\u00eb krekosurve t\u00eb tjer\u00eb, por p\u00ebr hir\u00eb t\u00eb miqve t\u00eb mi, t\u00eb flas p\u00ebr di\u00e7ka q\u00eb tentohet t\u00eb paraqitet si m\u00ebkat i Nikoll\u00eb Camaj. Fjala \u00ebsht\u00eb pr\u00eb angazhimin tim si ndihm\u00ebs-sekretar p\u00ebr medie (1998-2002). K\u00ebt\u00eb kurr s\u2019e mohova. Ishte ky nj\u00eb vendim i Partis\u00eb sime, dhe aty qendrova 4 vite, derisa dhash dor\u00ebheqje, p\u00ebr shkak t\u00eb pak\u00ebnaq\u00ebsis\u00eb me qendrimin e Qeveris\u00eb ndaj kanalit t\u00eb posa\u00e7\u00ebm televiziv, n\u00eb shqip. P\u00ebrndryshe, jam i vetmi shqiptar, deri m\u00eb sot, q\u00eb ka dh\u00ebn\u00eb dor\u00ebheqje dhe \u00ebsht\u00eb kthye n\u00eb Tuz t\u00eb punoj\u00eb si m\u00ebsimdh\u00ebn\u00ebs, sepse t\u00eb tjer\u00ebt kan\u00eb nd\u00ebrrua parti, e parti, vetme p\u00ebr t\u00eb ruajtur pozit\u00ebn, pun\u00ebn e zyr\u00ebn. Po ashtu dua t\u00eb ve\u00e7oj, p\u00ebr miqt\u00eb e mi t\u00eb respektuar, se koha kur un\u00eb isha atje, ishte koh\u00eb tejet e rrezikshme p\u00ebr shqiptar\u00ebt dhe, derisa shumica e politikan\u00ebve shqiptar\u00eb dhe k\u00ebtyre q\u00eb krekosen sot, rrinin t\u00eb feshur, mos t\u00eb them se ku, un\u00eb isha n\u00eb Rozhaj\u00eb, n\u00eb Bukel, n\u00eb Plav\u00eb, n\u00eb Meteh, n\u00eb kampet e t\u00eb zhvendosurve nga Kosova, me gazetar\u00eb t\u00eb huaj, punuam filmin e par\u00eb mbi ekzodin kosvar\u00eb, me t\u00eb plagosur e t\u00eb tjer\u00eb, n\u00eb sh\u00ebrbim p\u00ebr t\u2019i strehuar e p\u00ebrcjellur n\u00eb vendin e sigurt\u2026kurse n\u00eb planin praktik mediet shqipe aso kohe p\u00ebsuan nj\u00eb ekspansion, private e t\u00eb shtetit, me mbi 30 pun\u00ebsime t\u00eb reja, madje edhe familjar\u00eb t\u00eb disa mjeranave q\u00eb shfryjn\u00eb p\u00ebrdit\u00eb!<\/span><\/div>\n<div class=\"_aok\"><\/div>\n<div class=\"_aok\"><span class=\"_3oh- _58nk\">V\u00ebllaz\u00ebrisht Nikoll\u00eb Camaj.<\/span><\/div>\n<div class=\"_aok\"><\/div>\n<div class=\"_aok\"><strong><span class=\"meta_author\">Ismet Azizi<\/span> <\/strong><\/div>\n<div class=\"_aok\"><strong>Burimi: Kosova p\u00ebr Sanxhakun<\/strong><\/div>\n","protected":false},"excerpt":{"rendered":"<p>Nikoll\u00eb Camaj: Kur t\u00eb tjer\u00ebt rrinin t\u00eb fshehur, un\u00eb isha n\u00eb Rozhaj\u00eb, n\u00eb Bukel, n\u00eb Plav\u00eb, n\u00eb Meteh, n\u00eb kampet e t\u00eb zhvendosurve nga Kosova\u2026 Dashamir\u00eb t\u00eb LD-s\u00eb dhe List\u00ebs #guxim Lexova, edhe lexuat, edhe nj\u00eb pamflet shpif\u00ebs, denigrues, p\u00ebrul\u00ebs dhe fyes t\u00eb Nik Gjeloshit, drejtuar jo vet\u00ebm mua, por edhe grupit, duke e quajtur [&hellip;]<\/p>\n","protected":false},"author":1,"featured_media":0,"comment_status":"closed","ping_status":"closed","sticky":false,"template":"","format":"standard","meta":{"spay_email":"","jetpack_publicize_message":"","jetpack_is_tweetstorm":false,"jetpack_publicize_feature_enabled":true},"categories":[14],"tags":[],"jetpack_publicize_connections":[],"yoast_head":"<!-- This site is optimized with the Yoast SEO plugin v19.1 - https:\/\/yoast.com\/wordpress\/plugins\/seo\/ -->\n<title>&#039;Nxehet&#039; debati, Nikoll\u00eb Camaj i p\u00ebrgjigjet Nik Gjeloshit - Lajme nga Ulqini<\/title>\n<meta name=\"description\" content=\"Nikoll\u00eb Camaj: Kur t\u00eb tjer\u00ebt rrinin t\u00eb fshehur, un\u00eb isha n\u00eb Rozhaj\u00eb, n\u00eb Bukel, n\u00eb Plav\u00eb, n\u00eb Meteh, n\u00eb kampet e t\u00eb zhvendosurve nga Kosova\u2026 Dashamir\u00eb t\u00eb\" \/>\n<meta name=\"robots\" content=\"index, follow, max-snippet:-1, max-image-preview:large, max-video-preview:-1\" \/>\n<link rel=\"canonical\" href=\"https:\/\/www.visit-ulcinj.com\/blog\/2017\/03\/30\/nxehet-debati-nikolle-camaj-pergjigjet-nik-gjeloshit\/\" \/>\n<meta property=\"og:locale\" content=\"en_US\" \/>\n<meta property=\"og:type\" content=\"article\" \/>\n<meta property=\"og:title\" content=\"&#039;Nxehet&#039; debati, Nikoll\u00eb Camaj i p\u00ebrgjigjet Nik Gjeloshit - Lajme nga Ulqini\" \/>\n<meta property=\"og:description\" content=\"Nikoll\u00eb Camaj: Kur t\u00eb tjer\u00ebt rrinin t\u00eb fshehur, un\u00eb isha n\u00eb Rozhaj\u00eb, n\u00eb Bukel, n\u00eb Plav\u00eb, n\u00eb Meteh, n\u00eb kampet e t\u00eb zhvendosurve nga Kosova\u2026 Dashamir\u00eb t\u00eb\" \/>\n<meta property=\"og:url\" content=\"https:\/\/www.visit-ulcinj.com\/blog\/2017\/03\/30\/nxehet-debati-nikolle-camaj-pergjigjet-nik-gjeloshit\/\" \/>\n<meta property=\"og:site_name\" content=\"Lajme nga Ulqini\" \/>\n<meta property=\"article:published_time\" content=\"2017-03-30T21:13:23+00:00\" \/>\n<meta name=\"twitter:label1\" content=\"Written by\" \/>\n\t<meta name=\"twitter:data1\" content=\"ulqini\" \/>\n\t<meta name=\"twitter:label2\" content=\"Est. reading time\" \/>\n\t<meta name=\"twitter:data2\" content=\"4 minutes\" \/>\n<script type=\"application\/ld+json\" class=\"yoast-schema-graph\">{\"@context\":\"https:\/\/schema.org\",\"@graph\":[{\"@type\":\"WebSite\",\"@id\":\"https:\/\/www.visit-ulcinj.com\/blog\/#website\",\"url\":\"https:\/\/www.visit-ulcinj.com\/blog\/\",\"name\":\"Lajme nga Ulqini\",\"description\":\"Lajme,Vijesti,Ulqini,Ulqin,Crna Gora,Mali i Zi\",\"potentialAction\":[{\"@type\":\"SearchAction\",\"target\":{\"@type\":\"EntryPoint\",\"urlTemplate\":\"https:\/\/www.visit-ulcinj.com\/blog\/?s={search_term_string}\"},\"query-input\":\"required name=search_term_string\"}],\"inLanguage\":\"en-US\"},{\"@type\":\"WebPage\",\"@id\":\"https:\/\/www.visit-ulcinj.com\/blog\/2017\/03\/30\/nxehet-debati-nikolle-camaj-pergjigjet-nik-gjeloshit\/#webpage\",\"url\":\"https:\/\/www.visit-ulcinj.com\/blog\/2017\/03\/30\/nxehet-debati-nikolle-camaj-pergjigjet-nik-gjeloshit\/\",\"name\":\"'Nxehet' debati, Nikoll\u00eb Camaj i p\u00ebrgjigjet Nik Gjeloshit - Lajme nga Ulqini\",\"isPartOf\":{\"@id\":\"https:\/\/www.visit-ulcinj.com\/blog\/#website\"},\"datePublished\":\"2017-03-30T21:13:23+00:00\",\"dateModified\":\"2017-03-30T21:13:23+00:00\",\"author\":{\"@id\":\"https:\/\/www.visit-ulcinj.com\/blog\/#\/schema\/person\/dcab619c614d3038751c63bc2aadc06d\"},\"description\":\"Nikoll\u00eb Camaj: Kur t\u00eb tjer\u00ebt rrinin t\u00eb fshehur, un\u00eb isha n\u00eb Rozhaj\u00eb, n\u00eb Bukel, n\u00eb Plav\u00eb, n\u00eb Meteh, n\u00eb kampet e t\u00eb zhvendosurve nga Kosova\u2026 Dashamir\u00eb t\u00eb\",\"breadcrumb\":{\"@id\":\"https:\/\/www.visit-ulcinj.com\/blog\/2017\/03\/30\/nxehet-debati-nikolle-camaj-pergjigjet-nik-gjeloshit\/#breadcrumb\"},\"inLanguage\":\"en-US\",\"potentialAction\":[{\"@type\":\"ReadAction\",\"target\":[\"https:\/\/www.visit-ulcinj.com\/blog\/2017\/03\/30\/nxehet-debati-nikolle-camaj-pergjigjet-nik-gjeloshit\/\"]}]},{\"@type\":\"BreadcrumbList\",\"@id\":\"https:\/\/www.visit-ulcinj.com\/blog\/2017\/03\/30\/nxehet-debati-nikolle-camaj-pergjigjet-nik-gjeloshit\/#breadcrumb\",\"itemListElement\":[{\"@type\":\"ListItem\",\"position\":1,\"name\":\"&#8216;Nxehet&#8217; debati, Nikoll\u00eb Camaj i p\u00ebrgjigjet Nik Gjeloshit\"}]},{\"@type\":\"Person\",\"@id\":\"https:\/\/www.visit-ulcinj.com\/blog\/#\/schema\/person\/dcab619c614d3038751c63bc2aadc06d\",\"name\":\"ulqini\",\"sameAs\":[\"http:\/\/www.visit-ulcinj.com\"],\"url\":\"https:\/\/www.visit-ulcinj.com\/blog\/author\/admin\/\"}]}<\/script>\n<!-- \/ Yoast SEO plugin. -->","yoast_head_json":{"title":"'Nxehet' debati, Nikoll\u00eb Camaj i p\u00ebrgjigjet Nik Gjeloshit - Lajme nga Ulqini","description":"Nikoll\u00eb Camaj: Kur t\u00eb tjer\u00ebt rrinin t\u00eb fshehur, un\u00eb isha n\u00eb Rozhaj\u00eb, n\u00eb Bukel, n\u00eb Plav\u00eb, n\u00eb Meteh, n\u00eb kampet e t\u00eb zhvendosurve nga Kosova\u2026 Dashamir\u00eb t\u00eb","robots":{"index":"index","follow":"follow","max-snippet":"max-snippet:-1","max-image-preview":"max-image-preview:large","max-video-preview":"max-video-preview:-1"},"canonical":"https:\/\/www.visit-ulcinj.com\/blog\/2017\/03\/30\/nxehet-debati-nikolle-camaj-pergjigjet-nik-gjeloshit\/","og_locale":"en_US","og_type":"article","og_title":"'Nxehet' debati, Nikoll\u00eb Camaj i p\u00ebrgjigjet Nik Gjeloshit - Lajme nga Ulqini","og_description":"Nikoll\u00eb Camaj: Kur t\u00eb tjer\u00ebt rrinin t\u00eb fshehur, un\u00eb isha n\u00eb Rozhaj\u00eb, n\u00eb Bukel, n\u00eb Plav\u00eb, n\u00eb Meteh, n\u00eb kampet e t\u00eb zhvendosurve nga Kosova\u2026 Dashamir\u00eb t\u00eb","og_url":"https:\/\/www.visit-ulcinj.com\/blog\/2017\/03\/30\/nxehet-debati-nikolle-camaj-pergjigjet-nik-gjeloshit\/","og_site_name":"Lajme nga Ulqini","article_published_time":"2017-03-30T21:13:23+00:00","twitter_misc":{"Written by":"ulqini","Est. reading time":"4 minutes"},"schema":{"@context":"https:\/\/schema.org","@graph":[{"@type":"WebSite","@id":"https:\/\/www.visit-ulcinj.com\/blog\/#website","url":"https:\/\/www.visit-ulcinj.com\/blog\/","name":"Lajme nga Ulqini","description":"Lajme,Vijesti,Ulqini,Ulqin,Crna Gora,Mali i Zi","potentialAction":[{"@type":"SearchAction","target":{"@type":"EntryPoint","urlTemplate":"https:\/\/www.visit-ulcinj.com\/blog\/?s={search_term_string}"},"query-input":"required name=search_term_string"}],"inLanguage":"en-US"},{"@type":"WebPage","@id":"https:\/\/www.visit-ulcinj.com\/blog\/2017\/03\/30\/nxehet-debati-nikolle-camaj-pergjigjet-nik-gjeloshit\/#webpage","url":"https:\/\/www.visit-ulcinj.com\/blog\/2017\/03\/30\/nxehet-debati-nikolle-camaj-pergjigjet-nik-gjeloshit\/","name":"'Nxehet' debati, Nikoll\u00eb Camaj i p\u00ebrgjigjet Nik Gjeloshit - Lajme nga Ulqini","isPartOf":{"@id":"https:\/\/www.visit-ulcinj.com\/blog\/#website"},"datePublished":"2017-03-30T21:13:23+00:00","dateModified":"2017-03-30T21:13:23+00:00","author":{"@id":"https:\/\/www.visit-ulcinj.com\/blog\/#\/schema\/person\/dcab619c614d3038751c63bc2aadc06d"},"description":"Nikoll\u00eb Camaj: Kur t\u00eb tjer\u00ebt rrinin t\u00eb fshehur, un\u00eb isha n\u00eb Rozhaj\u00eb, n\u00eb Bukel, n\u00eb Plav\u00eb, n\u00eb Meteh, n\u00eb kampet e t\u00eb zhvendosurve nga Kosova\u2026 Dashamir\u00eb t\u00eb","breadcrumb":{"@id":"https:\/\/www.visit-ulcinj.com\/blog\/2017\/03\/30\/nxehet-debati-nikolle-camaj-pergjigjet-nik-gjeloshit\/#breadcrumb"},"inLanguage":"en-US","potentialAction":[{"@type":"ReadAction","target":["https:\/\/www.visit-ulcinj.com\/blog\/2017\/03\/30\/nxehet-debati-nikolle-camaj-pergjigjet-nik-gjeloshit\/"]}]},{"@type":"BreadcrumbList","@id":"https:\/\/www.visit-ulcinj.com\/blog\/2017\/03\/30\/nxehet-debati-nikolle-camaj-pergjigjet-nik-gjeloshit\/#breadcrumb","itemListElement":[{"@type":"ListItem","position":1,"name":"&#8216;Nxehet&#8217; debati, Nikoll\u00eb Camaj i p\u00ebrgjigjet Nik Gjeloshit"}]},{"@type":"Person","@id":"https:\/\/www.visit-ulcinj.com\/blog\/#\/schema\/person\/dcab619c614d3038751c63bc2aadc06d","name":"ulqini","sameAs":["http:\/\/www.visit-ulcinj.com"],"url":"https:\/\/www.visit-ulcinj.com\/blog\/author\/admin\/"}]}},"jetpack_featured_media_url":"","jetpack_sharing_enabled":true,"jetpack_shortlink":"https:\/\/wp.me\/pe6lTn-r27","_links":{"self":[{"href":"https:\/\/www.visit-ulcinj.com\/blog\/wp-json\/wp\/v2\/posts\/103919"}],"collection":[{"href":"https:\/\/www.visit-ulcinj.com\/blog\/wp-json\/wp\/v2\/posts"}],"about":[{"href":"https:\/\/www.visit-ulcinj.com\/blog\/wp-json\/wp\/v2\/types\/post"}],"author":[{"embeddable":true,"href":"https:\/\/www.visit-ulcinj.com\/blog\/wp-json\/wp\/v2\/users\/1"}],"replies":[{"embeddable":true,"href":"https:\/\/www.visit-ulcinj.com\/blog\/wp-json\/wp\/v2\/comments?post=103919"}],"version-history":[{"count":1,"href":"https:\/\/www.visit-ulcinj.com\/blog\/wp-json\/wp\/v2\/posts\/103919\/revisions"}],"predecessor-version":[{"id":103921,"href":"https:\/\/www.visit-ulcinj.com\/blog\/wp-json\/wp\/v2\/posts\/103919\/revisions\/103921"}],"wp:attachment":[{"href":"https:\/\/www.visit-ulcinj.com\/blog\/wp-json\/wp\/v2\/media?parent=103919"}],"wp:term":[{"taxonomy":"category","embeddable":true,"href":"https:\/\/www.visit-ulcinj.com\/blog\/wp-json\/wp\/v2\/categories?post=103919"},{"taxonomy":"post_tag","embeddable":true,"href":"https:\/\/www.visit-ulcinj.com\/blog\/wp-json\/wp\/v2\/tags?post=103919"}],"curies":[{"name":"wp","href":"https:\/\/api.w.org\/{rel}","templated":true}]}}