{"id":103922,"date":"2017-03-30T22:21:10","date_gmt":"2017-03-30T21:21:10","guid":{"rendered":"http:\/\/www.visit-ulcinj.com\/blog\/?p=103922"},"modified":"2017-03-30T22:21:10","modified_gmt":"2017-03-30T21:21:10","slug":"gjeloshaj-ti-dhe-subjekti-qe-perfaqeson-shume-vite-perpara-keni-qene-pjese-e-pushtetit","status":"publish","type":"post","link":"https:\/\/www.visit-ulcinj.com\/blog\/2017\/03\/30\/gjeloshaj-ti-dhe-subjekti-qe-perfaqeson-shume-vite-perpara-keni-qene-pjese-e-pushtetit\/","title":{"rendered":"Gjeloshaj: Ti dhe &#8220;subjekti&#8221; q\u00eb p\u00ebrfaq\u00ebson shum\u00eb vite p\u00ebrpara keni qen\u00eb pjes\u00eb e pushtetit"},"content":{"rendered":"<p><a href=\"http:\/\/www.visit-ulcinj.com\/blog\/wp-content\/uploads\/2017\/03\/Nik-Gjeloshaj.jpg\"><img loading=\"lazy\" class=\"alignleft wp-image-103923 size-medium\" src=\"http:\/\/www.visit-ulcinj.com\/blog\/wp-content\/uploads\/2017\/03\/Nik-Gjeloshaj-300x298.jpg\" alt=\"Nik Gjeloshaj\" width=\"300\" height=\"298\" srcset=\"https:\/\/www.visit-ulcinj.com\/blog\/wp-content\/uploads\/2017\/03\/Nik-Gjeloshaj-300x298.jpg 300w, https:\/\/www.visit-ulcinj.com\/blog\/wp-content\/uploads\/2017\/03\/Nik-Gjeloshaj-150x150.jpg 150w, https:\/\/www.visit-ulcinj.com\/blog\/wp-content\/uploads\/2017\/03\/Nik-Gjeloshaj.jpg 317w\" sizes=\"(max-width: 300px) 100vw, 300px\" \/><\/a>T\u00eb nderuar miq,<\/p>\n<p>Sikurse edhe veprova n\u00eb deklarat\u00ebn e fundit, as tani nuk dua t\u00eb debatoj, biles fare nuk dua t&#8217;ia p\u00ebrm\u00ebnd emrin, e aq m\u00eb pak\u00eb dua t\u00eb ulem n\u00eb nivelin e tij debatues!<\/p>\n<p>P\u00ebr opionin e gjer\u00eb deshta t&#8217;i sqaroj disa \u00e7\u00ebshtje q\u00eb &#8220;politikani&#8221; n\u00eb fjal\u00eb potencon n\u00eb deklarat\u00ebn e tij, gjegj\u00ebsisht t\u00eb LD-s\u00eb, subjektit i cili q\u00eb nga themelimi, afro 3 dekada nuk ka kapacitet t\u00eb organizoj Kuvendin e dyt\u00eb brenda partiak, e mos t\u00eb flasim p\u00ebr kapacitetin e tyre n\u00eb realizimin e \u00e7\u00ebshtj<span class=\"text_exposed_show\">eve t\u00eb shqiptar\u00ebve n\u00eb Mal t\u00eb Zi. <\/span><\/p>\n<div class=\"text_exposed_show\">\n<p>Veprimtarin\u00eb time n\u00eb parti politike e fillova n\u00eb Alternativ\u00ebn Shqiptare, vet\u00ebm me nj\u00eb q\u00ebllim kryesor, formimin e Komun\u00ebs s\u00eb Tuzit. P\u00ebr faktin q\u00eb manipulatori n\u00eb fjal\u00eb me angazhimin e tij politik afro tre dekada, po d\u00ebshmohet edhe sot, se nuk do t\u00eb kishte kapacitet ta zgjidhte.<br \/>\nTi dhe &#8220;subjekti&#8221; q\u00eb p\u00ebrfaq\u00ebson shum\u00eb vite p\u00ebrpara keni qen\u00eb pjes\u00eb e pushteti, biles n\u00eb koh\u00ebrat shum\u00eb delikate p\u00ebr shqiptar\u00ebt, dhe shum\u00eb mir\u00eb dihet rezultati juaj, sidomos n\u00eb shp\u00ebrguljen e shqiptar\u00ebve&#8230;<\/p>\n<p>Pa p\u00ebrmend k\u00ebtu, sepse ato i din\u00eb opinioni i gjer\u00eb, p\u00ebr dallim nga ju, ne me argumente sado t\u00eb vogla po e d\u00ebshmojm\u00eb veprimtarin\u00eb konkrete n\u00eb t\u00eb mir\u00ebn e shqiptar\u00ebve n\u00eb Mal t\u00eb Zi. Kuptoj p\u00ebr frustrimin dhe &#8220;kapjen pas shkum\u00ebve t\u00eb detit&#8221;, se mbas jush, sidomos, rrin\u00eb vet\u00ebm bashk\u00ebsi boshe!<\/p>\n<p>Mos u merr me g\u00ebnjeshtra, por pranoje moskapacitetin t\u00ebnd p\u00ebr mosnjohjen e ligjeve q\u00eb definojn\u00eb p\u00ebr vet\u00ebqeverisje lokale!<br \/>\nMos manipulo p\u00ebr Alternativ\u00ebn Shqiptare! Mos manipulo p\u00ebr Komun\u00ebn e kryeqytetit, shum\u00eb mir\u00eb e din\u00eb se un\u00eb n\u00eb Parlament kam votuar kundra saj!<\/p>\n<p>Mos manipulo p\u00ebr vota, sepse shum\u00eb mir\u00eb e din\u00eb q\u00eb edhe n\u00eb vendin t\u00ebnd t\u00eb kam fituar, un\u00eb i treti, e ti i pari! Mos manipulator i d\u00ebshmuar!<\/p>\n<p>T\u00eb nderuar qytetar\u00eb,<\/p>\n<p>Ai njeri q\u00eb vepron, edhe mund t\u00eb gaboj. Natyrisht q\u00eb ka shum\u00eb gj\u00ebra q\u00eb edhe mund t\u00eb &#8220;l\u00ebpih\u00ebn&#8221;, por e sigurt\u00eb \u00ebsht\u00eb, q\u00eb ka edhe disa t\u00eb tjera q\u00eb, JO vet\u00ebm se S&#8217;MUND t\u00eb l\u00ebpih\u00ebn, POR mbesin n\u00eb histori p\u00ebrjet\u00eb, jan\u00eb shkruar biles me shkronjat m\u00eb t\u00eb err\u00ebta, e q\u00eb m\u00eb s\u00eb miri e p\u00ebrshkruajn\u00eb pasqyr\u00ebn e politikanit n\u00eb fjal\u00eb, e jo vet\u00ebm&#8230;; pa dyshim q\u00eb k\u00ebt\u00eb e dijn\u00eb shum\u00eb mir\u00eb, jo vet\u00ebm shqiptar\u00ebt q\u00eb jetojn\u00eb n\u00eb Mal t\u00eb Zi, diaspor\u00eb, por edhe ata p\u00ebrtej kufirirt&#8230;<\/p>\n<p>Mua nuk ma lejon edukata morale q\u00eb t\u00eb ulem n\u00eb nivelin e tij t\u00eb debatimit manipulator, aq m\u00eb pak kur flet p\u00ebr p\u00ebrrallat e tij : dhelpra..,luani dhe miu..etj&#8230;, por q\u00eb pa hezitim mund t\u00eb pohoj q\u00eb shum\u00eb shpejt, sikurse \u00ebsht\u00eb d\u00ebshmuar edhe p\u00ebr DH\u00cbSHTIMTAR\u00cbT sikurse ai, do t\u00eb d\u00ebshmohet se kush \u00ebsht\u00eb n\u00eb t\u00eb drejt\u00eb, kush g\u00ebnjen,manipulon&#8230;etj.,etj&#8230;<\/p>\n<p>NGJ<\/p>\n<p id=\"js_1nb\" class=\"_5pbw _5vra _11dd\" data-ft=\"{&quot;tn&quot;:&quot;C&quot;}\"><strong><span class=\"fwn fcg\"><span class=\"fwb fcg\" data-ft=\"{&quot;tn&quot;:&quot;k&quot;}\"><a id=\"js_3xt\" href=\"https:\/\/www.facebook.com\/Nik-Gjeloshaj-638633769597292\/?ref=page_internal&amp;hc_ref=PAGES_TIMELINE&amp;fref=nf\" data-hovercard=\"\/ajax\/hovercard\/page.php?id=638633769597292&amp;extragetparams=%7B%22hc_ref%22%3A%22PAGES_TIMELINE%22%2C%22fref%22%3A%22nf%22%7D\" data-hovercard-prefer-more-content-show=\"1\">Nik Gjeloshaj Facebook<\/a><\/span><\/span><\/strong><\/p>\n<\/div>\n","protected":false},"excerpt":{"rendered":"<p>T\u00eb nderuar miq, Sikurse edhe veprova n\u00eb deklarat\u00ebn e fundit, as tani nuk dua t\u00eb debatoj, biles fare nuk dua t&#8217;ia p\u00ebrm\u00ebnd emrin, e aq m\u00eb pak\u00eb dua t\u00eb ulem n\u00eb nivelin e tij debatues! P\u00ebr opionin e gjer\u00eb deshta t&#8217;i sqaroj disa \u00e7\u00ebshtje q\u00eb &#8220;politikani&#8221; n\u00eb fjal\u00eb potencon n\u00eb deklarat\u00ebn e tij, gjegj\u00ebsisht t\u00eb [&hellip;]<\/p>\n","protected":false},"author":1,"featured_media":0,"comment_status":"closed","ping_status":"closed","sticky":false,"template":"","format":"standard","meta":{"spay_email":"","jetpack_publicize_message":"","jetpack_is_tweetstorm":false,"jetpack_publicize_feature_enabled":true},"categories":[6950],"tags":[],"jetpack_publicize_connections":[],"yoast_head":"<!-- This site is optimized with the Yoast SEO plugin v19.1 - https:\/\/yoast.com\/wordpress\/plugins\/seo\/ -->\n<title>Gjeloshaj: Ti dhe &quot;subjekti&quot; q\u00eb p\u00ebrfaq\u00ebson shum\u00eb vite p\u00ebrpara keni qen\u00eb pjes\u00eb e pushtetit - Lajme nga Ulqini<\/title>\n<meta name=\"description\" content=\"T\u00eb nderuar miq, Sikurse edhe veprova n\u00eb deklarat\u00ebn e fundit, as tani nuk dua t\u00eb debatoj, biles fare nuk dua t&#039;ia p\u00ebrm\u00ebnd emrin, e aq m\u00eb pak\u00eb dua t\u00eb ulem\" \/>\n<meta name=\"robots\" content=\"index, follow, max-snippet:-1, max-image-preview:large, max-video-preview:-1\" \/>\n<link rel=\"canonical\" href=\"https:\/\/www.visit-ulcinj.com\/blog\/2017\/03\/30\/gjeloshaj-ti-dhe-subjekti-qe-perfaqeson-shume-vite-perpara-keni-qene-pjese-e-pushtetit\/\" \/>\n<meta property=\"og:locale\" content=\"en_US\" \/>\n<meta property=\"og:type\" content=\"article\" \/>\n<meta property=\"og:title\" content=\"Gjeloshaj: Ti dhe &quot;subjekti&quot; q\u00eb p\u00ebrfaq\u00ebson shum\u00eb vite p\u00ebrpara keni qen\u00eb pjes\u00eb e pushtetit - Lajme nga Ulqini\" \/>\n<meta property=\"og:description\" content=\"T\u00eb nderuar miq, Sikurse edhe veprova n\u00eb deklarat\u00ebn e fundit, as tani nuk dua t\u00eb debatoj, biles fare nuk dua t&#039;ia p\u00ebrm\u00ebnd emrin, e aq m\u00eb pak\u00eb dua t\u00eb ulem\" \/>\n<meta property=\"og:url\" content=\"https:\/\/www.visit-ulcinj.com\/blog\/2017\/03\/30\/gjeloshaj-ti-dhe-subjekti-qe-perfaqeson-shume-vite-perpara-keni-qene-pjese-e-pushtetit\/\" \/>\n<meta property=\"og:site_name\" content=\"Lajme nga Ulqini\" \/>\n<meta property=\"article:published_time\" content=\"2017-03-30T21:21:10+00:00\" \/>\n<meta property=\"og:image\" content=\"http:\/\/www.visit-ulcinj.com\/blog\/wp-content\/uploads\/2017\/03\/Nik-Gjeloshaj-300x298.jpg\" \/>\n<meta name=\"twitter:label1\" content=\"Written by\" \/>\n\t<meta name=\"twitter:data1\" content=\"ulqini\" \/>\n\t<meta name=\"twitter:label2\" content=\"Est. reading time\" \/>\n\t<meta name=\"twitter:data2\" content=\"3 minutes\" \/>\n<script type=\"application\/ld+json\" class=\"yoast-schema-graph\">{\"@context\":\"https:\/\/schema.org\",\"@graph\":[{\"@type\":\"WebSite\",\"@id\":\"https:\/\/www.visit-ulcinj.com\/blog\/#website\",\"url\":\"https:\/\/www.visit-ulcinj.com\/blog\/\",\"name\":\"Lajme nga Ulqini\",\"description\":\"Lajme,Vijesti,Ulqini,Ulqin,Crna Gora,Mali i Zi\",\"potentialAction\":[{\"@type\":\"SearchAction\",\"target\":{\"@type\":\"EntryPoint\",\"urlTemplate\":\"https:\/\/www.visit-ulcinj.com\/blog\/?s={search_term_string}\"},\"query-input\":\"required name=search_term_string\"}],\"inLanguage\":\"en-US\"},{\"@type\":\"ImageObject\",\"inLanguage\":\"en-US\",\"@id\":\"https:\/\/www.visit-ulcinj.com\/blog\/2017\/03\/30\/gjeloshaj-ti-dhe-subjekti-qe-perfaqeson-shume-vite-perpara-keni-qene-pjese-e-pushtetit\/#primaryimage\",\"url\":\"https:\/\/www.visit-ulcinj.com\/blog\/wp-content\/uploads\/2017\/03\/Nik-Gjeloshaj.jpg\",\"contentUrl\":\"https:\/\/www.visit-ulcinj.com\/blog\/wp-content\/uploads\/2017\/03\/Nik-Gjeloshaj.jpg\",\"width\":317,\"height\":315},{\"@type\":\"WebPage\",\"@id\":\"https:\/\/www.visit-ulcinj.com\/blog\/2017\/03\/30\/gjeloshaj-ti-dhe-subjekti-qe-perfaqeson-shume-vite-perpara-keni-qene-pjese-e-pushtetit\/#webpage\",\"url\":\"https:\/\/www.visit-ulcinj.com\/blog\/2017\/03\/30\/gjeloshaj-ti-dhe-subjekti-qe-perfaqeson-shume-vite-perpara-keni-qene-pjese-e-pushtetit\/\",\"name\":\"Gjeloshaj: Ti dhe \\\"subjekti\\\" q\u00eb p\u00ebrfaq\u00ebson shum\u00eb vite p\u00ebrpara keni qen\u00eb pjes\u00eb e pushtetit - Lajme nga Ulqini\",\"isPartOf\":{\"@id\":\"https:\/\/www.visit-ulcinj.com\/blog\/#website\"},\"primaryImageOfPage\":{\"@id\":\"https:\/\/www.visit-ulcinj.com\/blog\/2017\/03\/30\/gjeloshaj-ti-dhe-subjekti-qe-perfaqeson-shume-vite-perpara-keni-qene-pjese-e-pushtetit\/#primaryimage\"},\"datePublished\":\"2017-03-30T21:21:10+00:00\",\"dateModified\":\"2017-03-30T21:21:10+00:00\",\"author\":{\"@id\":\"https:\/\/www.visit-ulcinj.com\/blog\/#\/schema\/person\/dcab619c614d3038751c63bc2aadc06d\"},\"description\":\"T\u00eb nderuar miq, Sikurse edhe veprova n\u00eb deklarat\u00ebn e fundit, as tani nuk dua t\u00eb debatoj, biles fare nuk dua t'ia p\u00ebrm\u00ebnd emrin, e aq m\u00eb pak\u00eb dua t\u00eb ulem\",\"breadcrumb\":{\"@id\":\"https:\/\/www.visit-ulcinj.com\/blog\/2017\/03\/30\/gjeloshaj-ti-dhe-subjekti-qe-perfaqeson-shume-vite-perpara-keni-qene-pjese-e-pushtetit\/#breadcrumb\"},\"inLanguage\":\"en-US\",\"potentialAction\":[{\"@type\":\"ReadAction\",\"target\":[\"https:\/\/www.visit-ulcinj.com\/blog\/2017\/03\/30\/gjeloshaj-ti-dhe-subjekti-qe-perfaqeson-shume-vite-perpara-keni-qene-pjese-e-pushtetit\/\"]}]},{\"@type\":\"BreadcrumbList\",\"@id\":\"https:\/\/www.visit-ulcinj.com\/blog\/2017\/03\/30\/gjeloshaj-ti-dhe-subjekti-qe-perfaqeson-shume-vite-perpara-keni-qene-pjese-e-pushtetit\/#breadcrumb\",\"itemListElement\":[{\"@type\":\"ListItem\",\"position\":1,\"name\":\"Gjeloshaj: Ti dhe &#8220;subjekti&#8221; q\u00eb p\u00ebrfaq\u00ebson shum\u00eb vite p\u00ebrpara keni qen\u00eb pjes\u00eb e pushtetit\"}]},{\"@type\":\"Person\",\"@id\":\"https:\/\/www.visit-ulcinj.com\/blog\/#\/schema\/person\/dcab619c614d3038751c63bc2aadc06d\",\"name\":\"ulqini\",\"sameAs\":[\"http:\/\/www.visit-ulcinj.com\"],\"url\":\"https:\/\/www.visit-ulcinj.com\/blog\/author\/admin\/\"}]}<\/script>\n<!-- \/ Yoast SEO plugin. -->","yoast_head_json":{"title":"Gjeloshaj: Ti dhe \"subjekti\" q\u00eb p\u00ebrfaq\u00ebson shum\u00eb vite p\u00ebrpara keni qen\u00eb pjes\u00eb e pushtetit - Lajme nga Ulqini","description":"T\u00eb nderuar miq, Sikurse edhe veprova n\u00eb deklarat\u00ebn e fundit, as tani nuk dua t\u00eb debatoj, biles fare nuk dua t'ia p\u00ebrm\u00ebnd emrin, e aq m\u00eb pak\u00eb dua t\u00eb ulem","robots":{"index":"index","follow":"follow","max-snippet":"max-snippet:-1","max-image-preview":"max-image-preview:large","max-video-preview":"max-video-preview:-1"},"canonical":"https:\/\/www.visit-ulcinj.com\/blog\/2017\/03\/30\/gjeloshaj-ti-dhe-subjekti-qe-perfaqeson-shume-vite-perpara-keni-qene-pjese-e-pushtetit\/","og_locale":"en_US","og_type":"article","og_title":"Gjeloshaj: Ti dhe \"subjekti\" q\u00eb p\u00ebrfaq\u00ebson shum\u00eb vite p\u00ebrpara keni qen\u00eb pjes\u00eb e pushtetit - Lajme nga Ulqini","og_description":"T\u00eb nderuar miq, Sikurse edhe veprova n\u00eb deklarat\u00ebn e fundit, as tani nuk dua t\u00eb debatoj, biles fare nuk dua t'ia p\u00ebrm\u00ebnd emrin, e aq m\u00eb pak\u00eb dua t\u00eb ulem","og_url":"https:\/\/www.visit-ulcinj.com\/blog\/2017\/03\/30\/gjeloshaj-ti-dhe-subjekti-qe-perfaqeson-shume-vite-perpara-keni-qene-pjese-e-pushtetit\/","og_site_name":"Lajme nga Ulqini","article_published_time":"2017-03-30T21:21:10+00:00","og_image":[{"url":"http:\/\/www.visit-ulcinj.com\/blog\/wp-content\/uploads\/2017\/03\/Nik-Gjeloshaj-300x298.jpg"}],"twitter_misc":{"Written by":"ulqini","Est. reading time":"3 minutes"},"schema":{"@context":"https:\/\/schema.org","@graph":[{"@type":"WebSite","@id":"https:\/\/www.visit-ulcinj.com\/blog\/#website","url":"https:\/\/www.visit-ulcinj.com\/blog\/","name":"Lajme nga Ulqini","description":"Lajme,Vijesti,Ulqini,Ulqin,Crna Gora,Mali i Zi","potentialAction":[{"@type":"SearchAction","target":{"@type":"EntryPoint","urlTemplate":"https:\/\/www.visit-ulcinj.com\/blog\/?s={search_term_string}"},"query-input":"required name=search_term_string"}],"inLanguage":"en-US"},{"@type":"ImageObject","inLanguage":"en-US","@id":"https:\/\/www.visit-ulcinj.com\/blog\/2017\/03\/30\/gjeloshaj-ti-dhe-subjekti-qe-perfaqeson-shume-vite-perpara-keni-qene-pjese-e-pushtetit\/#primaryimage","url":"https:\/\/www.visit-ulcinj.com\/blog\/wp-content\/uploads\/2017\/03\/Nik-Gjeloshaj.jpg","contentUrl":"https:\/\/www.visit-ulcinj.com\/blog\/wp-content\/uploads\/2017\/03\/Nik-Gjeloshaj.jpg","width":317,"height":315},{"@type":"WebPage","@id":"https:\/\/www.visit-ulcinj.com\/blog\/2017\/03\/30\/gjeloshaj-ti-dhe-subjekti-qe-perfaqeson-shume-vite-perpara-keni-qene-pjese-e-pushtetit\/#webpage","url":"https:\/\/www.visit-ulcinj.com\/blog\/2017\/03\/30\/gjeloshaj-ti-dhe-subjekti-qe-perfaqeson-shume-vite-perpara-keni-qene-pjese-e-pushtetit\/","name":"Gjeloshaj: Ti dhe \"subjekti\" q\u00eb p\u00ebrfaq\u00ebson shum\u00eb vite p\u00ebrpara keni qen\u00eb pjes\u00eb e pushtetit - Lajme nga Ulqini","isPartOf":{"@id":"https:\/\/www.visit-ulcinj.com\/blog\/#website"},"primaryImageOfPage":{"@id":"https:\/\/www.visit-ulcinj.com\/blog\/2017\/03\/30\/gjeloshaj-ti-dhe-subjekti-qe-perfaqeson-shume-vite-perpara-keni-qene-pjese-e-pushtetit\/#primaryimage"},"datePublished":"2017-03-30T21:21:10+00:00","dateModified":"2017-03-30T21:21:10+00:00","author":{"@id":"https:\/\/www.visit-ulcinj.com\/blog\/#\/schema\/person\/dcab619c614d3038751c63bc2aadc06d"},"description":"T\u00eb nderuar miq, Sikurse edhe veprova n\u00eb deklarat\u00ebn e fundit, as tani nuk dua t\u00eb debatoj, biles fare nuk dua t'ia p\u00ebrm\u00ebnd emrin, e aq m\u00eb pak\u00eb dua t\u00eb ulem","breadcrumb":{"@id":"https:\/\/www.visit-ulcinj.com\/blog\/2017\/03\/30\/gjeloshaj-ti-dhe-subjekti-qe-perfaqeson-shume-vite-perpara-keni-qene-pjese-e-pushtetit\/#breadcrumb"},"inLanguage":"en-US","potentialAction":[{"@type":"ReadAction","target":["https:\/\/www.visit-ulcinj.com\/blog\/2017\/03\/30\/gjeloshaj-ti-dhe-subjekti-qe-perfaqeson-shume-vite-perpara-keni-qene-pjese-e-pushtetit\/"]}]},{"@type":"BreadcrumbList","@id":"https:\/\/www.visit-ulcinj.com\/blog\/2017\/03\/30\/gjeloshaj-ti-dhe-subjekti-qe-perfaqeson-shume-vite-perpara-keni-qene-pjese-e-pushtetit\/#breadcrumb","itemListElement":[{"@type":"ListItem","position":1,"name":"Gjeloshaj: Ti dhe &#8220;subjekti&#8221; q\u00eb p\u00ebrfaq\u00ebson shum\u00eb vite p\u00ebrpara keni qen\u00eb pjes\u00eb e pushtetit"}]},{"@type":"Person","@id":"https:\/\/www.visit-ulcinj.com\/blog\/#\/schema\/person\/dcab619c614d3038751c63bc2aadc06d","name":"ulqini","sameAs":["http:\/\/www.visit-ulcinj.com"],"url":"https:\/\/www.visit-ulcinj.com\/blog\/author\/admin\/"}]}},"jetpack_featured_media_url":"","jetpack_sharing_enabled":true,"jetpack_shortlink":"https:\/\/wp.me\/pe6lTn-r2a","_links":{"self":[{"href":"https:\/\/www.visit-ulcinj.com\/blog\/wp-json\/wp\/v2\/posts\/103922"}],"collection":[{"href":"https:\/\/www.visit-ulcinj.com\/blog\/wp-json\/wp\/v2\/posts"}],"about":[{"href":"https:\/\/www.visit-ulcinj.com\/blog\/wp-json\/wp\/v2\/types\/post"}],"author":[{"embeddable":true,"href":"https:\/\/www.visit-ulcinj.com\/blog\/wp-json\/wp\/v2\/users\/1"}],"replies":[{"embeddable":true,"href":"https:\/\/www.visit-ulcinj.com\/blog\/wp-json\/wp\/v2\/comments?post=103922"}],"version-history":[{"count":1,"href":"https:\/\/www.visit-ulcinj.com\/blog\/wp-json\/wp\/v2\/posts\/103922\/revisions"}],"predecessor-version":[{"id":103924,"href":"https:\/\/www.visit-ulcinj.com\/blog\/wp-json\/wp\/v2\/posts\/103922\/revisions\/103924"}],"wp:attachment":[{"href":"https:\/\/www.visit-ulcinj.com\/blog\/wp-json\/wp\/v2\/media?parent=103922"}],"wp:term":[{"taxonomy":"category","embeddable":true,"href":"https:\/\/www.visit-ulcinj.com\/blog\/wp-json\/wp\/v2\/categories?post=103922"},{"taxonomy":"post_tag","embeddable":true,"href":"https:\/\/www.visit-ulcinj.com\/blog\/wp-json\/wp\/v2\/tags?post=103922"}],"curies":[{"name":"wp","href":"https:\/\/api.w.org\/{rel}","templated":true}]}}