{"id":103928,"date":"2017-03-30T22:51:52","date_gmt":"2017-03-30T21:51:52","guid":{"rendered":"http:\/\/www.visit-ulcinj.com\/blog\/?p=103928"},"modified":"2017-04-01T16:12:48","modified_gmt":"2017-04-01T15:12:48","slug":"reagim-partise-demokratike-ndaj-shpifjeve-te-portalit-partiak-lajm","status":"publish","type":"post","link":"https:\/\/www.visit-ulcinj.com\/blog\/2017\/03\/30\/reagim-partise-demokratike-ndaj-shpifjeve-te-portalit-partiak-lajm\/","title":{"rendered":"Reagim i Partis\u00eb Demokratike ndaj shpifjeve t\u00eb portalit partiak Lajm.me"},"content":{"rendered":"<p class=\"x_MsoNormal\"><strong><a href=\"http:\/\/www.visit-ulcinj.com\/blog\/wp-content\/uploads\/2017\/03\/Reagim-i-Partis\u00eb-Demokratike-Ulqin.jpg\"><img loading=\"lazy\" class=\"alignleft wp-image-103929 size-medium\" src=\"http:\/\/www.visit-ulcinj.com\/blog\/wp-content\/uploads\/2017\/03\/Reagim-i-Partis\u00eb-Demokratike-Ulqin-235x300.jpg\" alt=\"Reagim i Partis\u00eb Demokratike Ulqin\" width=\"235\" height=\"300\" srcset=\"https:\/\/www.visit-ulcinj.com\/blog\/wp-content\/uploads\/2017\/03\/Reagim-i-Partis\u00eb-Demokratike-Ulqin-235x300.jpg 235w, https:\/\/www.visit-ulcinj.com\/blog\/wp-content\/uploads\/2017\/03\/Reagim-i-Partis\u00eb-Demokratike-Ulqin.jpg 753w\" sizes=\"(max-width: 235px) 100vw, 235px\" \/><\/a>N\u00eb redaksin\u00eb e Portalit ton\u00eb mb\u00ebrriti kumtesa p\u00ebr opinion e Sh\u00ebrbimit p\u00ebr informim t\u00eb Partis\u00eb demokratike t\u00eb cil\u00ebn e transmetojm\u00eb n\u00eb t\u00ebr\u00ebsi, raporton portali Ul.info.<em><br \/>\n<\/em><\/strong><\/p>\n<p class=\"x_MsoNormal\"><span lang=\"SQ\">Portali\u00a0Lajm.me\u00a0i njohur p\u00ebr anshm\u00ebrin\u00eb e tij politike vazhdon fushat\u00ebn e shpifjeve dhe trillimeve kund\u00ebr Partis\u00eb Demokratike.\u00a0<\/span><\/p>\n<p class=\"x_MsoNormal\"><span lang=\"SQ\">Lajmi i fundit p\u00ebr ndryshimet n\u00eb strukturat drejtuese t\u00eb Partis\u00eb Demokratike n\u00eb prag t\u00eb Kuvendit t\u00eb Dyt\u00eb Zgjedhor \u00ebsht\u00eb p\u00ebrpjekje e manipulimit t\u00eb opinionit publik, t\u00eb vetmen gj\u00eb q\u00eb din t\u00eb b\u00ebj\u00eb mir\u00eb ky portal.\u00a0<\/span><\/p>\n<p class=\"x_MsoNormal\"><span lang=\"SQ\">Si duket puna serioze n\u00eb p\u00ebrgatitjen e Kuvendit t\u00eb Dyt\u00eb t\u00eb Partis\u00eb Demokratike q\u00eb kan\u00eb si rezultat mb\u00ebshtetjen m\u00eb t\u00eb madhe t\u00eb k\u00ebtij subjekti i shqet\u00ebson tutor\u00ebt e portalit\u00a0lajm.me\u00a0t\u00eb cil\u00ebt tentojn\u00eb q\u00eb me lajme t\u00eb pav\u00ebrteta t\u00eb manipulojn\u00eb opinionin publik p\u00ebr ndryshime n\u00eb Partin\u00eb Demokratike,ato emra dhe ato ndryshime nuk jan tem ne partin ton.<\/span><\/p>\n<p class=\"x_MsoNormal\"><span lang=\"SQ\">Njoftojm\u00eb opinionin publik se p\u00ebrgatitjet p\u00ebr organizimin e Kuvendi t\u00eb dyt\u00eb t\u00eb Partis\u00eb Demokratike po b\u00ebhen n\u00eb bashk\u00ebveprim dhe koordinim me t\u00eb gjitha strukturat dhe aktivist\u00ebt partiak dhe ku do t\u00eb marrin pjes\u00eb mbi 200 delegat\u00eb. Prandaj lajme t\u00eb tilla nuk e zbehin suksesin e Kuvendit q\u00eb do t\u00eb vendos\u00eb p\u00ebr ndryshimet n\u00eb strukturat udh\u00ebheq\u00ebse t\u00eb Partis\u00eb Demokratike.\u00a0<\/span><\/p>\n<p><b><span lang=\"SQ\">\u00a0Sh\u00ebrbimi p\u00ebr informim i PD<\/span><\/b><\/p>\n","protected":false},"excerpt":{"rendered":"<p>N\u00eb redaksin\u00eb e Portalit ton\u00eb mb\u00ebrriti kumtesa p\u00ebr opinion e Sh\u00ebrbimit p\u00ebr informim t\u00eb Partis\u00eb demokratike t\u00eb cil\u00ebn e transmetojm\u00eb n\u00eb t\u00ebr\u00ebsi, raporton portali Ul.info. Portali\u00a0Lajm.me\u00a0i njohur p\u00ebr anshm\u00ebrin\u00eb e tij politike vazhdon fushat\u00ebn e shpifjeve dhe trillimeve kund\u00ebr Partis\u00eb Demokratike.\u00a0 Lajmi i fundit p\u00ebr ndryshimet n\u00eb strukturat drejtuese t\u00eb Partis\u00eb Demokratike n\u00eb prag t\u00eb [&hellip;]<\/p>\n","protected":false},"author":1,"featured_media":0,"comment_status":"closed","ping_status":"closed","sticky":false,"template":"","format":"standard","meta":{"spay_email":"","jetpack_publicize_message":"","jetpack_is_tweetstorm":false,"jetpack_publicize_feature_enabled":true},"categories":[13],"tags":[],"jetpack_publicize_connections":[],"yoast_head":"<!-- This site is optimized with the Yoast SEO plugin v19.1 - https:\/\/yoast.com\/wordpress\/plugins\/seo\/ -->\n<title>Reagim i Partis\u00eb Demokratike ndaj shpifjeve t\u00eb portalit partiak Lajm.me - Lajme nga Ulqini<\/title>\n<meta name=\"description\" content=\"N\u00eb redaksin\u00eb e Portalit ton\u00eb mb\u00ebrriti kumtesa p\u00ebr opinion e Sh\u00ebrbimit p\u00ebr informim t\u00eb Partis\u00eb demokratike t\u00eb cil\u00ebn e transmetojm\u00eb n\u00eb t\u00ebr\u00ebsi, raporton\" \/>\n<meta name=\"robots\" content=\"index, follow, max-snippet:-1, max-image-preview:large, max-video-preview:-1\" \/>\n<link rel=\"canonical\" href=\"https:\/\/www.visit-ulcinj.com\/blog\/2017\/03\/30\/reagim-partise-demokratike-ndaj-shpifjeve-te-portalit-partiak-lajm\/\" \/>\n<meta property=\"og:locale\" content=\"en_US\" \/>\n<meta property=\"og:type\" content=\"article\" \/>\n<meta property=\"og:title\" content=\"Reagim i Partis\u00eb Demokratike ndaj shpifjeve t\u00eb portalit partiak Lajm.me - Lajme nga Ulqini\" \/>\n<meta property=\"og:description\" content=\"N\u00eb redaksin\u00eb e Portalit ton\u00eb mb\u00ebrriti kumtesa p\u00ebr opinion e Sh\u00ebrbimit p\u00ebr informim t\u00eb Partis\u00eb demokratike t\u00eb cil\u00ebn e transmetojm\u00eb n\u00eb t\u00ebr\u00ebsi, raporton\" \/>\n<meta property=\"og:url\" content=\"https:\/\/www.visit-ulcinj.com\/blog\/2017\/03\/30\/reagim-partise-demokratike-ndaj-shpifjeve-te-portalit-partiak-lajm\/\" \/>\n<meta property=\"og:site_name\" content=\"Lajme nga Ulqini\" \/>\n<meta property=\"article:published_time\" content=\"2017-03-30T21:51:52+00:00\" \/>\n<meta property=\"article:modified_time\" content=\"2017-04-01T15:12:48+00:00\" \/>\n<meta name=\"twitter:label1\" content=\"Written by\" \/>\n\t<meta name=\"twitter:data1\" content=\"ulqini\" \/>\n\t<meta name=\"twitter:label2\" content=\"Est. reading time\" \/>\n\t<meta name=\"twitter:data2\" content=\"1 minute\" \/>\n<script type=\"application\/ld+json\" class=\"yoast-schema-graph\">{\"@context\":\"https:\/\/schema.org\",\"@graph\":[{\"@type\":\"WebSite\",\"@id\":\"https:\/\/www.visit-ulcinj.com\/blog\/#website\",\"url\":\"https:\/\/www.visit-ulcinj.com\/blog\/\",\"name\":\"Lajme nga Ulqini\",\"description\":\"Lajme,Vijesti,Ulqini,Ulqin,Crna Gora,Mali i Zi\",\"potentialAction\":[{\"@type\":\"SearchAction\",\"target\":{\"@type\":\"EntryPoint\",\"urlTemplate\":\"https:\/\/www.visit-ulcinj.com\/blog\/?s={search_term_string}\"},\"query-input\":\"required name=search_term_string\"}],\"inLanguage\":\"en-US\"},{\"@type\":\"WebPage\",\"@id\":\"https:\/\/www.visit-ulcinj.com\/blog\/2017\/03\/30\/reagim-partise-demokratike-ndaj-shpifjeve-te-portalit-partiak-lajm\/#webpage\",\"url\":\"https:\/\/www.visit-ulcinj.com\/blog\/2017\/03\/30\/reagim-partise-demokratike-ndaj-shpifjeve-te-portalit-partiak-lajm\/\",\"name\":\"Reagim i Partis\u00eb Demokratike ndaj shpifjeve t\u00eb portalit partiak Lajm.me - Lajme nga Ulqini\",\"isPartOf\":{\"@id\":\"https:\/\/www.visit-ulcinj.com\/blog\/#website\"},\"datePublished\":\"2017-03-30T21:51:52+00:00\",\"dateModified\":\"2017-04-01T15:12:48+00:00\",\"author\":{\"@id\":\"https:\/\/www.visit-ulcinj.com\/blog\/#\/schema\/person\/dcab619c614d3038751c63bc2aadc06d\"},\"description\":\"N\u00eb redaksin\u00eb e Portalit ton\u00eb mb\u00ebrriti kumtesa p\u00ebr opinion e Sh\u00ebrbimit p\u00ebr informim t\u00eb Partis\u00eb demokratike t\u00eb cil\u00ebn e transmetojm\u00eb n\u00eb t\u00ebr\u00ebsi, raporton\",\"breadcrumb\":{\"@id\":\"https:\/\/www.visit-ulcinj.com\/blog\/2017\/03\/30\/reagim-partise-demokratike-ndaj-shpifjeve-te-portalit-partiak-lajm\/#breadcrumb\"},\"inLanguage\":\"en-US\",\"potentialAction\":[{\"@type\":\"ReadAction\",\"target\":[\"https:\/\/www.visit-ulcinj.com\/blog\/2017\/03\/30\/reagim-partise-demokratike-ndaj-shpifjeve-te-portalit-partiak-lajm\/\"]}]},{\"@type\":\"BreadcrumbList\",\"@id\":\"https:\/\/www.visit-ulcinj.com\/blog\/2017\/03\/30\/reagim-partise-demokratike-ndaj-shpifjeve-te-portalit-partiak-lajm\/#breadcrumb\",\"itemListElement\":[{\"@type\":\"ListItem\",\"position\":1,\"name\":\"Reagim i Partis\u00eb Demokratike ndaj shpifjeve t\u00eb portalit partiak Lajm.me\"}]},{\"@type\":\"Person\",\"@id\":\"https:\/\/www.visit-ulcinj.com\/blog\/#\/schema\/person\/dcab619c614d3038751c63bc2aadc06d\",\"name\":\"ulqini\",\"sameAs\":[\"http:\/\/www.visit-ulcinj.com\"],\"url\":\"https:\/\/www.visit-ulcinj.com\/blog\/author\/admin\/\"}]}<\/script>\n<!-- \/ Yoast SEO plugin. -->","yoast_head_json":{"title":"Reagim i Partis\u00eb Demokratike ndaj shpifjeve t\u00eb portalit partiak Lajm.me - Lajme nga Ulqini","description":"N\u00eb redaksin\u00eb e Portalit ton\u00eb mb\u00ebrriti kumtesa p\u00ebr opinion e Sh\u00ebrbimit p\u00ebr informim t\u00eb Partis\u00eb demokratike t\u00eb cil\u00ebn e transmetojm\u00eb n\u00eb t\u00ebr\u00ebsi, raporton","robots":{"index":"index","follow":"follow","max-snippet":"max-snippet:-1","max-image-preview":"max-image-preview:large","max-video-preview":"max-video-preview:-1"},"canonical":"https:\/\/www.visit-ulcinj.com\/blog\/2017\/03\/30\/reagim-partise-demokratike-ndaj-shpifjeve-te-portalit-partiak-lajm\/","og_locale":"en_US","og_type":"article","og_title":"Reagim i Partis\u00eb Demokratike ndaj shpifjeve t\u00eb portalit partiak Lajm.me - Lajme nga Ulqini","og_description":"N\u00eb redaksin\u00eb e Portalit ton\u00eb mb\u00ebrriti kumtesa p\u00ebr opinion e Sh\u00ebrbimit p\u00ebr informim t\u00eb Partis\u00eb demokratike t\u00eb cil\u00ebn e transmetojm\u00eb n\u00eb t\u00ebr\u00ebsi, raporton","og_url":"https:\/\/www.visit-ulcinj.com\/blog\/2017\/03\/30\/reagim-partise-demokratike-ndaj-shpifjeve-te-portalit-partiak-lajm\/","og_site_name":"Lajme nga Ulqini","article_published_time":"2017-03-30T21:51:52+00:00","article_modified_time":"2017-04-01T15:12:48+00:00","twitter_misc":{"Written by":"ulqini","Est. reading time":"1 minute"},"schema":{"@context":"https:\/\/schema.org","@graph":[{"@type":"WebSite","@id":"https:\/\/www.visit-ulcinj.com\/blog\/#website","url":"https:\/\/www.visit-ulcinj.com\/blog\/","name":"Lajme nga Ulqini","description":"Lajme,Vijesti,Ulqini,Ulqin,Crna Gora,Mali i Zi","potentialAction":[{"@type":"SearchAction","target":{"@type":"EntryPoint","urlTemplate":"https:\/\/www.visit-ulcinj.com\/blog\/?s={search_term_string}"},"query-input":"required name=search_term_string"}],"inLanguage":"en-US"},{"@type":"WebPage","@id":"https:\/\/www.visit-ulcinj.com\/blog\/2017\/03\/30\/reagim-partise-demokratike-ndaj-shpifjeve-te-portalit-partiak-lajm\/#webpage","url":"https:\/\/www.visit-ulcinj.com\/blog\/2017\/03\/30\/reagim-partise-demokratike-ndaj-shpifjeve-te-portalit-partiak-lajm\/","name":"Reagim i Partis\u00eb Demokratike ndaj shpifjeve t\u00eb portalit partiak Lajm.me - Lajme nga Ulqini","isPartOf":{"@id":"https:\/\/www.visit-ulcinj.com\/blog\/#website"},"datePublished":"2017-03-30T21:51:52+00:00","dateModified":"2017-04-01T15:12:48+00:00","author":{"@id":"https:\/\/www.visit-ulcinj.com\/blog\/#\/schema\/person\/dcab619c614d3038751c63bc2aadc06d"},"description":"N\u00eb redaksin\u00eb e Portalit ton\u00eb mb\u00ebrriti kumtesa p\u00ebr opinion e Sh\u00ebrbimit p\u00ebr informim t\u00eb Partis\u00eb demokratike t\u00eb cil\u00ebn e transmetojm\u00eb n\u00eb t\u00ebr\u00ebsi, raporton","breadcrumb":{"@id":"https:\/\/www.visit-ulcinj.com\/blog\/2017\/03\/30\/reagim-partise-demokratike-ndaj-shpifjeve-te-portalit-partiak-lajm\/#breadcrumb"},"inLanguage":"en-US","potentialAction":[{"@type":"ReadAction","target":["https:\/\/www.visit-ulcinj.com\/blog\/2017\/03\/30\/reagim-partise-demokratike-ndaj-shpifjeve-te-portalit-partiak-lajm\/"]}]},{"@type":"BreadcrumbList","@id":"https:\/\/www.visit-ulcinj.com\/blog\/2017\/03\/30\/reagim-partise-demokratike-ndaj-shpifjeve-te-portalit-partiak-lajm\/#breadcrumb","itemListElement":[{"@type":"ListItem","position":1,"name":"Reagim i Partis\u00eb Demokratike ndaj shpifjeve t\u00eb portalit partiak Lajm.me"}]},{"@type":"Person","@id":"https:\/\/www.visit-ulcinj.com\/blog\/#\/schema\/person\/dcab619c614d3038751c63bc2aadc06d","name":"ulqini","sameAs":["http:\/\/www.visit-ulcinj.com"],"url":"https:\/\/www.visit-ulcinj.com\/blog\/author\/admin\/"}]}},"jetpack_featured_media_url":"","jetpack_sharing_enabled":true,"jetpack_shortlink":"https:\/\/wp.me\/pe6lTn-r2g","_links":{"self":[{"href":"https:\/\/www.visit-ulcinj.com\/blog\/wp-json\/wp\/v2\/posts\/103928"}],"collection":[{"href":"https:\/\/www.visit-ulcinj.com\/blog\/wp-json\/wp\/v2\/posts"}],"about":[{"href":"https:\/\/www.visit-ulcinj.com\/blog\/wp-json\/wp\/v2\/types\/post"}],"author":[{"embeddable":true,"href":"https:\/\/www.visit-ulcinj.com\/blog\/wp-json\/wp\/v2\/users\/1"}],"replies":[{"embeddable":true,"href":"https:\/\/www.visit-ulcinj.com\/blog\/wp-json\/wp\/v2\/comments?post=103928"}],"version-history":[{"count":1,"href":"https:\/\/www.visit-ulcinj.com\/blog\/wp-json\/wp\/v2\/posts\/103928\/revisions"}],"predecessor-version":[{"id":103930,"href":"https:\/\/www.visit-ulcinj.com\/blog\/wp-json\/wp\/v2\/posts\/103928\/revisions\/103930"}],"wp:attachment":[{"href":"https:\/\/www.visit-ulcinj.com\/blog\/wp-json\/wp\/v2\/media?parent=103928"}],"wp:term":[{"taxonomy":"category","embeddable":true,"href":"https:\/\/www.visit-ulcinj.com\/blog\/wp-json\/wp\/v2\/categories?post=103928"},{"taxonomy":"post_tag","embeddable":true,"href":"https:\/\/www.visit-ulcinj.com\/blog\/wp-json\/wp\/v2\/tags?post=103928"}],"curies":[{"name":"wp","href":"https:\/\/api.w.org\/{rel}","templated":true}]}}