{"id":103939,"date":"2017-03-31T06:58:39","date_gmt":"2017-03-31T05:58:39","guid":{"rendered":"http:\/\/www.visit-ulcinj.com\/blog\/?p=103939"},"modified":"2017-03-31T07:00:17","modified_gmt":"2017-03-31T06:00:17","slug":"otvorena-nova-trznica-u-anamalskom-predijelu-foto","status":"publish","type":"post","link":"https:\/\/www.visit-ulcinj.com\/blog\/2017\/03\/31\/otvorena-nova-trznica-u-anamalskom-predijelu-foto\/","title":{"rendered":"Otvorena nova tr\u017enica u Anamalskom predijelu + Foto"},"content":{"rendered":"<p><a href=\"http:\/\/www.visit-ulcinj.com\/blog\/wp-content\/uploads\/2017\/03\/Hapet-tregu-i-ri-i-fruta-perimeve-n\u00eb-An\u00eb-t\u00eb-Malit-1.jpg\"><img loading=\"lazy\" class=\"alignleft wp-image-103869\" src=\"http:\/\/www.visit-ulcinj.com\/blog\/wp-content\/uploads\/2017\/03\/Hapet-tregu-i-ri-i-fruta-perimeve-n\u00eb-An\u00eb-t\u00eb-Malit-1.jpg\" alt=\"Hapet tregu i ri i fruta-perimeve n\u00eb An\u00eb t\u00eb Malit-1\" width=\"508\" height=\"339\" srcset=\"https:\/\/www.visit-ulcinj.com\/blog\/wp-content\/uploads\/2017\/03\/Hapet-tregu-i-ri-i-fruta-perimeve-n\u00eb-An\u00eb-t\u00eb-Malit-1.jpg 925w, https:\/\/www.visit-ulcinj.com\/blog\/wp-content\/uploads\/2017\/03\/Hapet-tregu-i-ri-i-fruta-perimeve-n\u00eb-An\u00eb-t\u00eb-Malit-1-300x200.jpg 300w, https:\/\/www.visit-ulcinj.com\/blog\/wp-content\/uploads\/2017\/03\/Hapet-tregu-i-ri-i-fruta-perimeve-n\u00eb-An\u00eb-t\u00eb-Malit-1-768x512.jpg 768w\" sizes=\"(max-width: 508px) 100vw, 508px\" \/><\/a>Anamalski predio od sada\u00a0\u0107e dobiti i svoju novu tr\u017enicu. Poljoprivrednici \u0107e od sada mo\u0107i izlo\u017eiti svoje proizvode na tr\u017enici koja ispunjuje osnovne kriterijume i higijeni\u010dke osnove.Ovim putem \u0107e se sprije\u010diti pojava uli\u010dne prodaje i uspostaviti novi re\u017eim regularne prodaje na pijaci.Na ceremoniji je u\u010destvovao predsjednik Nazif Cungu koji je u neposrednoj komunikaciji sa poljoprivrednicima najavio brojne investicije u narednom periodu.Radove je izvr\u0161ilo \u201eD.O.O. Komunalne Djelatnosti\u201c.<\/p>\n\n\t\t<style type=\"text\/css\">\n\t\t\t#gallery-1 {\n\t\t\t\tmargin: auto;\n\t\t\t}\n\t\t\t#gallery-1 .gallery-item {\n\t\t\t\tfloat: left;\n\t\t\t\tmargin-top: 10px;\n\t\t\t\ttext-align: center;\n\t\t\t\twidth: 33%;\n\t\t\t}\n\t\t\t#gallery-1 img {\n\t\t\t\tborder: 2px solid #cfcfcf;\n\t\t\t}\n\t\t\t#gallery-1 .gallery-caption {\n\t\t\t\tmargin-left: 0;\n\t\t\t}\n\t\t\t\/* see gallery_shortcode() in wp-includes\/media.php *\/\n\t\t<\/style>\n\t\t<div id='gallery-1' class='gallery galleryid-103939 gallery-columns-3 gallery-size-thumbnail'><dl class='gallery-item'>\n\t\t\t<dt class='gallery-icon landscape'>\n\t\t\t\t<a href='https:\/\/www.visit-ulcinj.com\/blog\/2017\/03\/30\/hapet-tregu-ri-fruta-perimeve-ne-ane-te-malit-foto\/hapet-tregu-i-ri-i-fruta-perimeve-ne-ane-te-malit-6\/'><img width=\"150\" height=\"150\" src=\"https:\/\/www.visit-ulcinj.com\/blog\/wp-content\/uploads\/2017\/03\/Hapet-tregu-i-ri-i-fruta-perimeve-n\u00eb-An\u00eb-t\u00eb-Malit-6-150x150.jpg\" class=\"attachment-thumbnail size-thumbnail\" alt=\"\" loading=\"lazy\" \/><\/a>\n\t\t\t<\/dt><\/dl><dl class='gallery-item'>\n\t\t\t<dt class='gallery-icon landscape'>\n\t\t\t\t<a href='https:\/\/www.visit-ulcinj.com\/blog\/2017\/03\/30\/hapet-tregu-ri-fruta-perimeve-ne-ane-te-malit-foto\/hapet-tregu-i-ri-i-fruta-perimeve-ne-ane-te-malit-4\/'><img width=\"150\" height=\"150\" src=\"https:\/\/www.visit-ulcinj.com\/blog\/wp-content\/uploads\/2017\/03\/Hapet-tregu-i-ri-i-fruta-perimeve-n\u00eb-An\u00eb-t\u00eb-Malit-4-150x150.jpg\" class=\"attachment-thumbnail size-thumbnail\" alt=\"\" loading=\"lazy\" \/><\/a>\n\t\t\t<\/dt><\/dl><dl class='gallery-item'>\n\t\t\t<dt class='gallery-icon landscape'>\n\t\t\t\t<a href='https:\/\/www.visit-ulcinj.com\/blog\/2017\/03\/30\/hapet-tregu-ri-fruta-perimeve-ne-ane-te-malit-foto\/hapet-tregu-i-ri-i-fruta-perimeve-ne-ane-te-malit-5\/'><img width=\"150\" height=\"150\" src=\"https:\/\/www.visit-ulcinj.com\/blog\/wp-content\/uploads\/2017\/03\/Hapet-tregu-i-ri-i-fruta-perimeve-n\u00eb-An\u00eb-t\u00eb-Malit-5-150x150.jpg\" class=\"attachment-thumbnail size-thumbnail\" alt=\"\" loading=\"lazy\" \/><\/a>\n\t\t\t<\/dt><\/dl><br style=\"clear: both\" \/><dl class='gallery-item'>\n\t\t\t<dt class='gallery-icon landscape'>\n\t\t\t\t<a href='https:\/\/www.visit-ulcinj.com\/blog\/2017\/03\/30\/hapet-tregu-ri-fruta-perimeve-ne-ane-te-malit-foto\/hapet-tregu-i-ri-i-fruta-perimeve-ne-ane-te-malit-3\/'><img width=\"150\" height=\"150\" src=\"https:\/\/www.visit-ulcinj.com\/blog\/wp-content\/uploads\/2017\/03\/Hapet-tregu-i-ri-i-fruta-perimeve-n\u00eb-An\u00eb-t\u00eb-Malit-3-150x150.jpg\" class=\"attachment-thumbnail size-thumbnail\" alt=\"\" loading=\"lazy\" \/><\/a>\n\t\t\t<\/dt><\/dl><dl class='gallery-item'>\n\t\t\t<dt class='gallery-icon landscape'>\n\t\t\t\t<a href='https:\/\/www.visit-ulcinj.com\/blog\/2017\/03\/30\/hapet-tregu-ri-fruta-perimeve-ne-ane-te-malit-foto\/hapet-tregu-i-ri-i-fruta-perimeve-ne-ane-te-malit-2\/'><img width=\"150\" height=\"150\" src=\"https:\/\/www.visit-ulcinj.com\/blog\/wp-content\/uploads\/2017\/03\/Hapet-tregu-i-ri-i-fruta-perimeve-n\u00eb-An\u00eb-t\u00eb-Malit-2-150x150.jpg\" class=\"attachment-thumbnail size-thumbnail\" alt=\"\" loading=\"lazy\" \/><\/a>\n\t\t\t<\/dt><\/dl><dl class='gallery-item'>\n\t\t\t<dt class='gallery-icon landscape'>\n\t\t\t\t<a href='https:\/\/www.visit-ulcinj.com\/blog\/2017\/03\/30\/hapet-tregu-ri-fruta-perimeve-ne-ane-te-malit-foto\/hapet-tregu-i-ri-i-fruta-perimeve-ne-ane-te-malit\/'><img width=\"150\" height=\"150\" src=\"https:\/\/www.visit-ulcinj.com\/blog\/wp-content\/uploads\/2017\/03\/Hapet-tregu-i-ri-i-fruta-perimeve-n\u00eb-An\u00eb-t\u00eb-Malit-150x150.jpg\" class=\"attachment-thumbnail size-thumbnail\" alt=\"\" loading=\"lazy\" \/><\/a>\n\t\t\t<\/dt><\/dl><br style=\"clear: both\" \/>\n\t\t<\/div>\n\n","protected":false},"excerpt":{"rendered":"<p>Anamalski predio od sada\u00a0\u0107e dobiti i svoju novu tr\u017enicu. Poljoprivrednici \u0107e od sada mo\u0107i izlo\u017eiti svoje proizvode na tr\u017enici koja ispunjuje osnovne kriterijume i higijeni\u010dke osnove.Ovim putem \u0107e se sprije\u010diti pojava uli\u010dne prodaje i uspostaviti novi re\u017eim regularne prodaje na pijaci.Na ceremoniji je u\u010destvovao predsjednik Nazif Cungu koji je u neposrednoj komunikaciji sa poljoprivrednicima najavio [&hellip;]<\/p>\n","protected":false},"author":1,"featured_media":0,"comment_status":"closed","ping_status":"closed","sticky":false,"template":"","format":"standard","meta":{"spay_email":"","jetpack_publicize_message":"","jetpack_is_tweetstorm":false,"jetpack_publicize_feature_enabled":true},"categories":[8337],"tags":[],"jetpack_publicize_connections":[],"yoast_head":"<!-- This site is optimized with the Yoast SEO plugin v19.1 - https:\/\/yoast.com\/wordpress\/plugins\/seo\/ -->\n<title>Otvorena nova tr\u017enica u Anamalskom predijelu + Foto - Lajme nga Ulqini<\/title>\n<meta name=\"description\" content=\"Anamalski predio od sada\u00a0\u0107e dobiti i svoju novu tr\u017enicu. Poljoprivrednici \u0107e od sada mo\u0107i izlo\u017eiti svoje proizvode na tr\u017enici koja ispunjuje osnovne\" \/>\n<meta name=\"robots\" content=\"index, follow, max-snippet:-1, max-image-preview:large, max-video-preview:-1\" \/>\n<link rel=\"canonical\" href=\"https:\/\/www.visit-ulcinj.com\/blog\/2017\/03\/31\/otvorena-nova-trznica-u-anamalskom-predijelu-foto\/\" \/>\n<meta property=\"og:locale\" content=\"en_US\" \/>\n<meta property=\"og:type\" content=\"article\" \/>\n<meta property=\"og:title\" content=\"Otvorena nova tr\u017enica u Anamalskom predijelu + Foto - Lajme nga Ulqini\" \/>\n<meta property=\"og:description\" content=\"Anamalski predio od sada\u00a0\u0107e dobiti i svoju novu tr\u017enicu. Poljoprivrednici \u0107e od sada mo\u0107i izlo\u017eiti svoje proizvode na tr\u017enici koja ispunjuje osnovne\" \/>\n<meta property=\"og:url\" content=\"https:\/\/www.visit-ulcinj.com\/blog\/2017\/03\/31\/otvorena-nova-trznica-u-anamalskom-predijelu-foto\/\" \/>\n<meta property=\"og:site_name\" content=\"Lajme nga Ulqini\" \/>\n<meta property=\"article:published_time\" content=\"2017-03-31T05:58:39+00:00\" \/>\n<meta property=\"article:modified_time\" content=\"2017-03-31T06:00:17+00:00\" \/>\n<meta property=\"og:image\" content=\"https:\/\/www.visit-ulcinj.com\/blog\/wp-content\/uploads\/2017\/03\/Hapet-tregu-i-ri-i-fruta-perimeve-n\u00eb-An\u00eb-t\u00eb-Malit-6-150x150.jpg\" \/>\n<meta name=\"twitter:label1\" content=\"Written by\" \/>\n\t<meta name=\"twitter:data1\" content=\"ulqini\" \/>\n<script type=\"application\/ld+json\" class=\"yoast-schema-graph\">{\"@context\":\"https:\/\/schema.org\",\"@graph\":[{\"@type\":\"WebSite\",\"@id\":\"https:\/\/www.visit-ulcinj.com\/blog\/#website\",\"url\":\"https:\/\/www.visit-ulcinj.com\/blog\/\",\"name\":\"Lajme nga Ulqini\",\"description\":\"Lajme,Vijesti,Ulqini,Ulqin,Crna Gora,Mali i Zi\",\"potentialAction\":[{\"@type\":\"SearchAction\",\"target\":{\"@type\":\"EntryPoint\",\"urlTemplate\":\"https:\/\/www.visit-ulcinj.com\/blog\/?s={search_term_string}\"},\"query-input\":\"required name=search_term_string\"}],\"inLanguage\":\"en-US\"},{\"@type\":\"WebPage\",\"@id\":\"https:\/\/www.visit-ulcinj.com\/blog\/2017\/03\/31\/otvorena-nova-trznica-u-anamalskom-predijelu-foto\/#webpage\",\"url\":\"https:\/\/www.visit-ulcinj.com\/blog\/2017\/03\/31\/otvorena-nova-trznica-u-anamalskom-predijelu-foto\/\",\"name\":\"Otvorena nova tr\u017enica u Anamalskom predijelu + Foto - Lajme nga Ulqini\",\"isPartOf\":{\"@id\":\"https:\/\/www.visit-ulcinj.com\/blog\/#website\"},\"datePublished\":\"2017-03-31T05:58:39+00:00\",\"dateModified\":\"2017-03-31T06:00:17+00:00\",\"author\":{\"@id\":\"https:\/\/www.visit-ulcinj.com\/blog\/#\/schema\/person\/dcab619c614d3038751c63bc2aadc06d\"},\"description\":\"Anamalski predio od sada\u00a0\u0107e dobiti i svoju novu tr\u017enicu. Poljoprivrednici \u0107e od sada mo\u0107i izlo\u017eiti svoje proizvode na tr\u017enici koja ispunjuje osnovne\",\"breadcrumb\":{\"@id\":\"https:\/\/www.visit-ulcinj.com\/blog\/2017\/03\/31\/otvorena-nova-trznica-u-anamalskom-predijelu-foto\/#breadcrumb\"},\"inLanguage\":\"en-US\",\"potentialAction\":[{\"@type\":\"ReadAction\",\"target\":[\"https:\/\/www.visit-ulcinj.com\/blog\/2017\/03\/31\/otvorena-nova-trznica-u-anamalskom-predijelu-foto\/\"]}]},{\"@type\":\"BreadcrumbList\",\"@id\":\"https:\/\/www.visit-ulcinj.com\/blog\/2017\/03\/31\/otvorena-nova-trznica-u-anamalskom-predijelu-foto\/#breadcrumb\",\"itemListElement\":[{\"@type\":\"ListItem\",\"position\":1,\"name\":\"Otvorena nova tr\u017enica u Anamalskom predijelu + Foto\"}]},{\"@type\":\"Person\",\"@id\":\"https:\/\/www.visit-ulcinj.com\/blog\/#\/schema\/person\/dcab619c614d3038751c63bc2aadc06d\",\"name\":\"ulqini\",\"sameAs\":[\"http:\/\/www.visit-ulcinj.com\"],\"url\":\"https:\/\/www.visit-ulcinj.com\/blog\/author\/admin\/\"}]}<\/script>\n<!-- \/ Yoast SEO plugin. -->","yoast_head_json":{"title":"Otvorena nova tr\u017enica u Anamalskom predijelu + Foto - Lajme nga Ulqini","description":"Anamalski predio od sada\u00a0\u0107e dobiti i svoju novu tr\u017enicu. Poljoprivrednici \u0107e od sada mo\u0107i izlo\u017eiti svoje proizvode na tr\u017enici koja ispunjuje osnovne","robots":{"index":"index","follow":"follow","max-snippet":"max-snippet:-1","max-image-preview":"max-image-preview:large","max-video-preview":"max-video-preview:-1"},"canonical":"https:\/\/www.visit-ulcinj.com\/blog\/2017\/03\/31\/otvorena-nova-trznica-u-anamalskom-predijelu-foto\/","og_locale":"en_US","og_type":"article","og_title":"Otvorena nova tr\u017enica u Anamalskom predijelu + Foto - Lajme nga Ulqini","og_description":"Anamalski predio od sada\u00a0\u0107e dobiti i svoju novu tr\u017enicu. Poljoprivrednici \u0107e od sada mo\u0107i izlo\u017eiti svoje proizvode na tr\u017enici koja ispunjuje osnovne","og_url":"https:\/\/www.visit-ulcinj.com\/blog\/2017\/03\/31\/otvorena-nova-trznica-u-anamalskom-predijelu-foto\/","og_site_name":"Lajme nga Ulqini","article_published_time":"2017-03-31T05:58:39+00:00","article_modified_time":"2017-03-31T06:00:17+00:00","og_image":[{"url":"https:\/\/www.visit-ulcinj.com\/blog\/wp-content\/uploads\/2017\/03\/Hapet-tregu-i-ri-i-fruta-perimeve-n\u00eb-An\u00eb-t\u00eb-Malit-6-150x150.jpg"}],"twitter_misc":{"Written by":"ulqini"},"schema":{"@context":"https:\/\/schema.org","@graph":[{"@type":"WebSite","@id":"https:\/\/www.visit-ulcinj.com\/blog\/#website","url":"https:\/\/www.visit-ulcinj.com\/blog\/","name":"Lajme nga Ulqini","description":"Lajme,Vijesti,Ulqini,Ulqin,Crna Gora,Mali i Zi","potentialAction":[{"@type":"SearchAction","target":{"@type":"EntryPoint","urlTemplate":"https:\/\/www.visit-ulcinj.com\/blog\/?s={search_term_string}"},"query-input":"required name=search_term_string"}],"inLanguage":"en-US"},{"@type":"WebPage","@id":"https:\/\/www.visit-ulcinj.com\/blog\/2017\/03\/31\/otvorena-nova-trznica-u-anamalskom-predijelu-foto\/#webpage","url":"https:\/\/www.visit-ulcinj.com\/blog\/2017\/03\/31\/otvorena-nova-trznica-u-anamalskom-predijelu-foto\/","name":"Otvorena nova tr\u017enica u Anamalskom predijelu + Foto - Lajme nga Ulqini","isPartOf":{"@id":"https:\/\/www.visit-ulcinj.com\/blog\/#website"},"datePublished":"2017-03-31T05:58:39+00:00","dateModified":"2017-03-31T06:00:17+00:00","author":{"@id":"https:\/\/www.visit-ulcinj.com\/blog\/#\/schema\/person\/dcab619c614d3038751c63bc2aadc06d"},"description":"Anamalski predio od sada\u00a0\u0107e dobiti i svoju novu tr\u017enicu. Poljoprivrednici \u0107e od sada mo\u0107i izlo\u017eiti svoje proizvode na tr\u017enici koja ispunjuje osnovne","breadcrumb":{"@id":"https:\/\/www.visit-ulcinj.com\/blog\/2017\/03\/31\/otvorena-nova-trznica-u-anamalskom-predijelu-foto\/#breadcrumb"},"inLanguage":"en-US","potentialAction":[{"@type":"ReadAction","target":["https:\/\/www.visit-ulcinj.com\/blog\/2017\/03\/31\/otvorena-nova-trznica-u-anamalskom-predijelu-foto\/"]}]},{"@type":"BreadcrumbList","@id":"https:\/\/www.visit-ulcinj.com\/blog\/2017\/03\/31\/otvorena-nova-trznica-u-anamalskom-predijelu-foto\/#breadcrumb","itemListElement":[{"@type":"ListItem","position":1,"name":"Otvorena nova tr\u017enica u Anamalskom predijelu + Foto"}]},{"@type":"Person","@id":"https:\/\/www.visit-ulcinj.com\/blog\/#\/schema\/person\/dcab619c614d3038751c63bc2aadc06d","name":"ulqini","sameAs":["http:\/\/www.visit-ulcinj.com"],"url":"https:\/\/www.visit-ulcinj.com\/blog\/author\/admin\/"}]}},"jetpack_featured_media_url":"","jetpack_sharing_enabled":true,"jetpack_shortlink":"https:\/\/wp.me\/pe6lTn-r2r","_links":{"self":[{"href":"https:\/\/www.visit-ulcinj.com\/blog\/wp-json\/wp\/v2\/posts\/103939"}],"collection":[{"href":"https:\/\/www.visit-ulcinj.com\/blog\/wp-json\/wp\/v2\/posts"}],"about":[{"href":"https:\/\/www.visit-ulcinj.com\/blog\/wp-json\/wp\/v2\/types\/post"}],"author":[{"embeddable":true,"href":"https:\/\/www.visit-ulcinj.com\/blog\/wp-json\/wp\/v2\/users\/1"}],"replies":[{"embeddable":true,"href":"https:\/\/www.visit-ulcinj.com\/blog\/wp-json\/wp\/v2\/comments?post=103939"}],"version-history":[{"count":4,"href":"https:\/\/www.visit-ulcinj.com\/blog\/wp-json\/wp\/v2\/posts\/103939\/revisions"}],"predecessor-version":[{"id":103943,"href":"https:\/\/www.visit-ulcinj.com\/blog\/wp-json\/wp\/v2\/posts\/103939\/revisions\/103943"}],"wp:attachment":[{"href":"https:\/\/www.visit-ulcinj.com\/blog\/wp-json\/wp\/v2\/media?parent=103939"}],"wp:term":[{"taxonomy":"category","embeddable":true,"href":"https:\/\/www.visit-ulcinj.com\/blog\/wp-json\/wp\/v2\/categories?post=103939"},{"taxonomy":"post_tag","embeddable":true,"href":"https:\/\/www.visit-ulcinj.com\/blog\/wp-json\/wp\/v2\/tags?post=103939"}],"curies":[{"name":"wp","href":"https:\/\/api.w.org\/{rel}","templated":true}]}}