{"id":103946,"date":"2017-03-31T08:09:37","date_gmt":"2017-03-31T07:09:37","guid":{"rendered":"http:\/\/www.visit-ulcinj.com\/blog\/?p=103946"},"modified":"2017-03-31T08:22:28","modified_gmt":"2017-03-31T07:22:28","slug":"videolajm-ja-si-rezervohet-parkingu-kjo-mundet-edhe-ne-ulqin","status":"publish","type":"post","link":"https:\/\/www.visit-ulcinj.com\/blog\/2017\/03\/31\/videolajm-ja-si-rezervohet-parkingu-kjo-mundet-edhe-ne-ulqin\/","title":{"rendered":"Video\/Lajm: Ja si rezervohet parkingu, kjo mundet edhe ne Ulqin"},"content":{"rendered":"<p><a href=\"http:\/\/www.visit-ulcinj.com\/blog\/wp-content\/uploads\/2017\/03\/Video-Lajm-Ja-si-rezervohet-parkingu-ne-Ulqin.jpg\"><img loading=\"lazy\" class=\"alignleft wp-image-103947\" src=\"http:\/\/www.visit-ulcinj.com\/blog\/wp-content\/uploads\/2017\/03\/Video-Lajm-Ja-si-rezervohet-parkingu-ne-Ulqin.jpg\" alt=\"Video-Lajm- Ja si rezervohet parkingu ne Ulqin\" width=\"508\" height=\"504\" \/><\/a>Siguria n\u00eb rrug\u00ebt e Ulqinit nuk \u00ebsht\u00eb n\u00eb nivelin e duhur, gj\u00eb q\u00eb b\u00ebn\u00eb q\u00eb shum\u00eb nga qytetar\u00ebt t\u00eb ndjehen t\u00eb rrezikuar p\u00ebr shkak t\u00eb hap\u00ebsir\u00ebs s\u00eb ngusht\u00eb t\u00eb l\u00ebvizshm\u00ebris\u00eb s\u00eb veturave.<br \/>\nPapun\u00ebsia dhe infrastruktura si dhe parkingu n\u00eb Komun\u00ebn e Ulqinit jan\u00eb tri \u00e7\u00ebshtjet m\u00eb problematike p\u00ebr qytetar\u00ebt e k\u00ebtij vendi.<\/p>\n<p><iframe loading=\"lazy\" style=\"border: none; overflow: hidden;\" src=\"https:\/\/www.facebook.com\/plugins\/video.php?href=https%3A%2F%2Fwww.facebook.com%2FAapduVadodara%2Fvideos%2F615837658607693%2F&amp;show_text=0&amp;width=508\" width=\"508\" height=\"400\" frameborder=\"0\" scrolling=\"no\" allowfullscreen=\"allowfullscreen\"><\/iframe><\/p>\n","protected":false},"excerpt":{"rendered":"<p>Siguria n\u00eb rrug\u00ebt e Ulqinit nuk \u00ebsht\u00eb n\u00eb nivelin e duhur, gj\u00eb q\u00eb b\u00ebn\u00eb q\u00eb shum\u00eb nga qytetar\u00ebt t\u00eb ndjehen t\u00eb rrezikuar p\u00ebr shkak t\u00eb hap\u00ebsir\u00ebs s\u00eb ngusht\u00eb t\u00eb l\u00ebvizshm\u00ebris\u00eb s\u00eb veturave. Papun\u00ebsia dhe infrastruktura si dhe parkingu n\u00eb Komun\u00ebn e Ulqinit jan\u00eb tri \u00e7\u00ebshtjet m\u00eb problematike p\u00ebr qytetar\u00ebt e k\u00ebtij vendi.<\/p>\n","protected":false},"author":1,"featured_media":0,"comment_status":"closed","ping_status":"closed","sticky":false,"template":"","format":"standard","meta":{"spay_email":"","jetpack_publicize_message":"","jetpack_is_tweetstorm":false,"jetpack_publicize_feature_enabled":true},"categories":[15],"tags":[],"jetpack_publicize_connections":[],"yoast_head":"<!-- This site is optimized with the Yoast SEO plugin v19.1 - https:\/\/yoast.com\/wordpress\/plugins\/seo\/ -->\n<title>Video\/Lajm: Ja si rezervohet parkingu, kjo mundet edhe ne Ulqin - Lajme nga Ulqini<\/title>\n<meta name=\"description\" content=\"Siguria n\u00eb rrug\u00ebt e Ulqinit nuk \u00ebsht\u00eb n\u00eb nivelin e duhur, gj\u00eb q\u00eb b\u00ebn\u00eb q\u00eb shum\u00eb nga qytetar\u00ebt t\u00eb ndjehen t\u00eb rrezikuar p\u00ebr shkak t\u00eb hap\u00ebsir\u00ebs s\u00eb ngusht\u00eb t\u00eb\" \/>\n<meta name=\"robots\" content=\"index, follow, max-snippet:-1, max-image-preview:large, max-video-preview:-1\" \/>\n<link rel=\"canonical\" href=\"https:\/\/www.visit-ulcinj.com\/blog\/2017\/03\/31\/videolajm-ja-si-rezervohet-parkingu-kjo-mundet-edhe-ne-ulqin\/\" \/>\n<meta property=\"og:locale\" content=\"en_US\" \/>\n<meta property=\"og:type\" content=\"article\" \/>\n<meta property=\"og:title\" content=\"Video\/Lajm: Ja si rezervohet parkingu, kjo mundet edhe ne Ulqin - Lajme nga Ulqini\" \/>\n<meta property=\"og:description\" content=\"Siguria n\u00eb rrug\u00ebt e Ulqinit nuk \u00ebsht\u00eb n\u00eb nivelin e duhur, gj\u00eb q\u00eb b\u00ebn\u00eb q\u00eb shum\u00eb nga qytetar\u00ebt t\u00eb ndjehen t\u00eb rrezikuar p\u00ebr shkak t\u00eb hap\u00ebsir\u00ebs s\u00eb ngusht\u00eb t\u00eb\" \/>\n<meta property=\"og:url\" content=\"https:\/\/www.visit-ulcinj.com\/blog\/2017\/03\/31\/videolajm-ja-si-rezervohet-parkingu-kjo-mundet-edhe-ne-ulqin\/\" \/>\n<meta property=\"og:site_name\" content=\"Lajme nga Ulqini\" \/>\n<meta property=\"article:published_time\" content=\"2017-03-31T07:09:37+00:00\" \/>\n<meta property=\"article:modified_time\" content=\"2017-03-31T07:22:28+00:00\" \/>\n<meta property=\"og:image\" content=\"http:\/\/www.visit-ulcinj.com\/blog\/wp-content\/uploads\/2017\/03\/Video-Lajm-Ja-si-rezervohet-parkingu-ne-Ulqin.jpg\" \/>\n<meta name=\"twitter:label1\" content=\"Written by\" \/>\n\t<meta name=\"twitter:data1\" content=\"ulqini\" \/>\n<script type=\"application\/ld+json\" class=\"yoast-schema-graph\">{\"@context\":\"https:\/\/schema.org\",\"@graph\":[{\"@type\":\"WebSite\",\"@id\":\"https:\/\/www.visit-ulcinj.com\/blog\/#website\",\"url\":\"https:\/\/www.visit-ulcinj.com\/blog\/\",\"name\":\"Lajme nga Ulqini\",\"description\":\"Lajme,Vijesti,Ulqini,Ulqin,Crna Gora,Mali i Zi\",\"potentialAction\":[{\"@type\":\"SearchAction\",\"target\":{\"@type\":\"EntryPoint\",\"urlTemplate\":\"https:\/\/www.visit-ulcinj.com\/blog\/?s={search_term_string}\"},\"query-input\":\"required name=search_term_string\"}],\"inLanguage\":\"en-US\"},{\"@type\":\"ImageObject\",\"inLanguage\":\"en-US\",\"@id\":\"https:\/\/www.visit-ulcinj.com\/blog\/2017\/03\/31\/videolajm-ja-si-rezervohet-parkingu-kjo-mundet-edhe-ne-ulqin\/#primaryimage\",\"url\":\"http:\/\/www.visit-ulcinj.com\/blog\/wp-content\/uploads\/2017\/03\/Video-Lajm-Ja-si-rezervohet-parkingu-ne-Ulqin.jpg\",\"contentUrl\":\"http:\/\/www.visit-ulcinj.com\/blog\/wp-content\/uploads\/2017\/03\/Video-Lajm-Ja-si-rezervohet-parkingu-ne-Ulqin.jpg\"},{\"@type\":\"WebPage\",\"@id\":\"https:\/\/www.visit-ulcinj.com\/blog\/2017\/03\/31\/videolajm-ja-si-rezervohet-parkingu-kjo-mundet-edhe-ne-ulqin\/#webpage\",\"url\":\"https:\/\/www.visit-ulcinj.com\/blog\/2017\/03\/31\/videolajm-ja-si-rezervohet-parkingu-kjo-mundet-edhe-ne-ulqin\/\",\"name\":\"Video\/Lajm: Ja si rezervohet parkingu, kjo mundet edhe ne Ulqin - Lajme nga Ulqini\",\"isPartOf\":{\"@id\":\"https:\/\/www.visit-ulcinj.com\/blog\/#website\"},\"primaryImageOfPage\":{\"@id\":\"https:\/\/www.visit-ulcinj.com\/blog\/2017\/03\/31\/videolajm-ja-si-rezervohet-parkingu-kjo-mundet-edhe-ne-ulqin\/#primaryimage\"},\"datePublished\":\"2017-03-31T07:09:37+00:00\",\"dateModified\":\"2017-03-31T07:22:28+00:00\",\"author\":{\"@id\":\"https:\/\/www.visit-ulcinj.com\/blog\/#\/schema\/person\/dcab619c614d3038751c63bc2aadc06d\"},\"description\":\"Siguria n\u00eb rrug\u00ebt e Ulqinit nuk \u00ebsht\u00eb n\u00eb nivelin e duhur, gj\u00eb q\u00eb b\u00ebn\u00eb q\u00eb shum\u00eb nga qytetar\u00ebt t\u00eb ndjehen t\u00eb rrezikuar p\u00ebr shkak t\u00eb hap\u00ebsir\u00ebs s\u00eb ngusht\u00eb t\u00eb\",\"breadcrumb\":{\"@id\":\"https:\/\/www.visit-ulcinj.com\/blog\/2017\/03\/31\/videolajm-ja-si-rezervohet-parkingu-kjo-mundet-edhe-ne-ulqin\/#breadcrumb\"},\"inLanguage\":\"en-US\",\"potentialAction\":[{\"@type\":\"ReadAction\",\"target\":[\"https:\/\/www.visit-ulcinj.com\/blog\/2017\/03\/31\/videolajm-ja-si-rezervohet-parkingu-kjo-mundet-edhe-ne-ulqin\/\"]}]},{\"@type\":\"BreadcrumbList\",\"@id\":\"https:\/\/www.visit-ulcinj.com\/blog\/2017\/03\/31\/videolajm-ja-si-rezervohet-parkingu-kjo-mundet-edhe-ne-ulqin\/#breadcrumb\",\"itemListElement\":[{\"@type\":\"ListItem\",\"position\":1,\"name\":\"Video\/Lajm: Ja si rezervohet parkingu, kjo mundet edhe ne Ulqin\"}]},{\"@type\":\"Person\",\"@id\":\"https:\/\/www.visit-ulcinj.com\/blog\/#\/schema\/person\/dcab619c614d3038751c63bc2aadc06d\",\"name\":\"ulqini\",\"sameAs\":[\"http:\/\/www.visit-ulcinj.com\"],\"url\":\"https:\/\/www.visit-ulcinj.com\/blog\/author\/admin\/\"}]}<\/script>\n<!-- \/ Yoast SEO plugin. -->","yoast_head_json":{"title":"Video\/Lajm: Ja si rezervohet parkingu, kjo mundet edhe ne Ulqin - Lajme nga Ulqini","description":"Siguria n\u00eb rrug\u00ebt e Ulqinit nuk \u00ebsht\u00eb n\u00eb nivelin e duhur, gj\u00eb q\u00eb b\u00ebn\u00eb q\u00eb shum\u00eb nga qytetar\u00ebt t\u00eb ndjehen t\u00eb rrezikuar p\u00ebr shkak t\u00eb hap\u00ebsir\u00ebs s\u00eb ngusht\u00eb t\u00eb","robots":{"index":"index","follow":"follow","max-snippet":"max-snippet:-1","max-image-preview":"max-image-preview:large","max-video-preview":"max-video-preview:-1"},"canonical":"https:\/\/www.visit-ulcinj.com\/blog\/2017\/03\/31\/videolajm-ja-si-rezervohet-parkingu-kjo-mundet-edhe-ne-ulqin\/","og_locale":"en_US","og_type":"article","og_title":"Video\/Lajm: Ja si rezervohet parkingu, kjo mundet edhe ne Ulqin - Lajme nga Ulqini","og_description":"Siguria n\u00eb rrug\u00ebt e Ulqinit nuk \u00ebsht\u00eb n\u00eb nivelin e duhur, gj\u00eb q\u00eb b\u00ebn\u00eb q\u00eb shum\u00eb nga qytetar\u00ebt t\u00eb ndjehen t\u00eb rrezikuar p\u00ebr shkak t\u00eb hap\u00ebsir\u00ebs s\u00eb ngusht\u00eb t\u00eb","og_url":"https:\/\/www.visit-ulcinj.com\/blog\/2017\/03\/31\/videolajm-ja-si-rezervohet-parkingu-kjo-mundet-edhe-ne-ulqin\/","og_site_name":"Lajme nga Ulqini","article_published_time":"2017-03-31T07:09:37+00:00","article_modified_time":"2017-03-31T07:22:28+00:00","og_image":[{"url":"http:\/\/www.visit-ulcinj.com\/blog\/wp-content\/uploads\/2017\/03\/Video-Lajm-Ja-si-rezervohet-parkingu-ne-Ulqin.jpg"}],"twitter_misc":{"Written by":"ulqini"},"schema":{"@context":"https:\/\/schema.org","@graph":[{"@type":"WebSite","@id":"https:\/\/www.visit-ulcinj.com\/blog\/#website","url":"https:\/\/www.visit-ulcinj.com\/blog\/","name":"Lajme nga Ulqini","description":"Lajme,Vijesti,Ulqini,Ulqin,Crna Gora,Mali i Zi","potentialAction":[{"@type":"SearchAction","target":{"@type":"EntryPoint","urlTemplate":"https:\/\/www.visit-ulcinj.com\/blog\/?s={search_term_string}"},"query-input":"required name=search_term_string"}],"inLanguage":"en-US"},{"@type":"ImageObject","inLanguage":"en-US","@id":"https:\/\/www.visit-ulcinj.com\/blog\/2017\/03\/31\/videolajm-ja-si-rezervohet-parkingu-kjo-mundet-edhe-ne-ulqin\/#primaryimage","url":"http:\/\/www.visit-ulcinj.com\/blog\/wp-content\/uploads\/2017\/03\/Video-Lajm-Ja-si-rezervohet-parkingu-ne-Ulqin.jpg","contentUrl":"http:\/\/www.visit-ulcinj.com\/blog\/wp-content\/uploads\/2017\/03\/Video-Lajm-Ja-si-rezervohet-parkingu-ne-Ulqin.jpg"},{"@type":"WebPage","@id":"https:\/\/www.visit-ulcinj.com\/blog\/2017\/03\/31\/videolajm-ja-si-rezervohet-parkingu-kjo-mundet-edhe-ne-ulqin\/#webpage","url":"https:\/\/www.visit-ulcinj.com\/blog\/2017\/03\/31\/videolajm-ja-si-rezervohet-parkingu-kjo-mundet-edhe-ne-ulqin\/","name":"Video\/Lajm: Ja si rezervohet parkingu, kjo mundet edhe ne Ulqin - Lajme nga Ulqini","isPartOf":{"@id":"https:\/\/www.visit-ulcinj.com\/blog\/#website"},"primaryImageOfPage":{"@id":"https:\/\/www.visit-ulcinj.com\/blog\/2017\/03\/31\/videolajm-ja-si-rezervohet-parkingu-kjo-mundet-edhe-ne-ulqin\/#primaryimage"},"datePublished":"2017-03-31T07:09:37+00:00","dateModified":"2017-03-31T07:22:28+00:00","author":{"@id":"https:\/\/www.visit-ulcinj.com\/blog\/#\/schema\/person\/dcab619c614d3038751c63bc2aadc06d"},"description":"Siguria n\u00eb rrug\u00ebt e Ulqinit nuk \u00ebsht\u00eb n\u00eb nivelin e duhur, gj\u00eb q\u00eb b\u00ebn\u00eb q\u00eb shum\u00eb nga qytetar\u00ebt t\u00eb ndjehen t\u00eb rrezikuar p\u00ebr shkak t\u00eb hap\u00ebsir\u00ebs s\u00eb ngusht\u00eb t\u00eb","breadcrumb":{"@id":"https:\/\/www.visit-ulcinj.com\/blog\/2017\/03\/31\/videolajm-ja-si-rezervohet-parkingu-kjo-mundet-edhe-ne-ulqin\/#breadcrumb"},"inLanguage":"en-US","potentialAction":[{"@type":"ReadAction","target":["https:\/\/www.visit-ulcinj.com\/blog\/2017\/03\/31\/videolajm-ja-si-rezervohet-parkingu-kjo-mundet-edhe-ne-ulqin\/"]}]},{"@type":"BreadcrumbList","@id":"https:\/\/www.visit-ulcinj.com\/blog\/2017\/03\/31\/videolajm-ja-si-rezervohet-parkingu-kjo-mundet-edhe-ne-ulqin\/#breadcrumb","itemListElement":[{"@type":"ListItem","position":1,"name":"Video\/Lajm: Ja si rezervohet parkingu, kjo mundet edhe ne Ulqin"}]},{"@type":"Person","@id":"https:\/\/www.visit-ulcinj.com\/blog\/#\/schema\/person\/dcab619c614d3038751c63bc2aadc06d","name":"ulqini","sameAs":["http:\/\/www.visit-ulcinj.com"],"url":"https:\/\/www.visit-ulcinj.com\/blog\/author\/admin\/"}]}},"jetpack_featured_media_url":"","jetpack_sharing_enabled":true,"jetpack_shortlink":"https:\/\/wp.me\/pe6lTn-r2y","_links":{"self":[{"href":"https:\/\/www.visit-ulcinj.com\/blog\/wp-json\/wp\/v2\/posts\/103946"}],"collection":[{"href":"https:\/\/www.visit-ulcinj.com\/blog\/wp-json\/wp\/v2\/posts"}],"about":[{"href":"https:\/\/www.visit-ulcinj.com\/blog\/wp-json\/wp\/v2\/types\/post"}],"author":[{"embeddable":true,"href":"https:\/\/www.visit-ulcinj.com\/blog\/wp-json\/wp\/v2\/users\/1"}],"replies":[{"embeddable":true,"href":"https:\/\/www.visit-ulcinj.com\/blog\/wp-json\/wp\/v2\/comments?post=103946"}],"version-history":[{"count":4,"href":"https:\/\/www.visit-ulcinj.com\/blog\/wp-json\/wp\/v2\/posts\/103946\/revisions"}],"predecessor-version":[{"id":103951,"href":"https:\/\/www.visit-ulcinj.com\/blog\/wp-json\/wp\/v2\/posts\/103946\/revisions\/103951"}],"wp:attachment":[{"href":"https:\/\/www.visit-ulcinj.com\/blog\/wp-json\/wp\/v2\/media?parent=103946"}],"wp:term":[{"taxonomy":"category","embeddable":true,"href":"https:\/\/www.visit-ulcinj.com\/blog\/wp-json\/wp\/v2\/categories?post=103946"},{"taxonomy":"post_tag","embeddable":true,"href":"https:\/\/www.visit-ulcinj.com\/blog\/wp-json\/wp\/v2\/tags?post=103946"}],"curies":[{"name":"wp","href":"https:\/\/api.w.org\/{rel}","templated":true}]}}