{"id":103952,"date":"2017-03-31T08:32:27","date_gmt":"2017-03-31T07:32:27","guid":{"rendered":"http:\/\/www.visit-ulcinj.com\/blog\/?p=103952"},"modified":"2017-03-31T08:32:54","modified_gmt":"2017-03-31T07:32:54","slug":"ullirinje-mrekulli-natyrore-e-ulqinit-foto","status":"publish","type":"post","link":"https:\/\/www.visit-ulcinj.com\/blog\/2017\/03\/31\/ullirinje-mrekulli-natyrore-e-ulqinit-foto\/","title":{"rendered":"Ulliri,nj\u00eb mrekulli natyrore e Ulqinit + Foto"},"content":{"rendered":"<p><a href=\"http:\/\/www.visit-ulcinj.com\/blog\/wp-content\/uploads\/2017\/03\/Prof.-Dr.-Hajri-Ismaili-Dita-e-komunes-se-Ulqinit.jpg\"><img loading=\"lazy\" class=\"alignleft wp-image-103953\" src=\"http:\/\/www.visit-ulcinj.com\/blog\/wp-content\/uploads\/2017\/03\/Prof.-Dr.-Hajri-Ismaili-Dita-e-komunes-se-Ulqinit.jpg\" alt=\"Prof. Dr. Hajri Ismaili - Dita e komunes se Ulqinit\" width=\"508\" height=\"338\" srcset=\"https:\/\/www.visit-ulcinj.com\/blog\/wp-content\/uploads\/2017\/03\/Prof.-Dr.-Hajri-Ismaili-Dita-e-komunes-se-Ulqinit.jpg 926w, https:\/\/www.visit-ulcinj.com\/blog\/wp-content\/uploads\/2017\/03\/Prof.-Dr.-Hajri-Ismaili-Dita-e-komunes-se-Ulqinit-300x200.jpg 300w, https:\/\/www.visit-ulcinj.com\/blog\/wp-content\/uploads\/2017\/03\/Prof.-Dr.-Hajri-Ismaili-Dita-e-komunes-se-Ulqinit-768x512.jpg 768w\" sizes=\"(max-width: 508px) 100vw, 508px\" \/><\/a>Qyteti yn\u00eb prej shekujsh \u00ebsht\u00eb i njohur p\u00ebr ullisht\u00ebn dhe prodhimin e vajit.<\/p>\n<p>Kjo tradit\u00eb \u00ebsht\u00eb gdhendur n\u00eb amblemin e qytetit dhe n\u00eb kremtimin e Dit\u00ebs s\u00eb tij.<\/p>\n<p>N\u00eb kuad\u00ebr t\u00eb aktiviteteve q\u00eb po zhvillohen\u00a0 p\u00ebr\u00a0 nder t\u00eb Dit\u00ebs s\u00eb Ulqinit\u00a0 u\u00a0 mbajt\u00a0 ligjerata,, ,,Ulliri, vaji i ullirit\u00a0 dhe perspektiva\u00a0 e zhvillimit\u00a0 t\u00eb ullishtaris\u00eb\u00a0 n\u00eb rajonin\u00a0 adriatikojonian,, ku ligjeroi\u00a0 Prof. Dr. Hajri Ismaili\u00a0 nga\u00a0 Universiteti\u00a0 Bujq\u00ebsor i Tiran\u00ebs.<\/p>\n<p>Fillimisht Prof. Ismaili u prit\u00a0 nga Kryetari i komun\u00ebs Nazif Cungu\u00a0 dhe bashk\u00ebpun\u00ebtor\u00ebt e tij.<\/p>\n\n\t\t<style type=\"text\/css\">\n\t\t\t#gallery-1 {\n\t\t\t\tmargin: auto;\n\t\t\t}\n\t\t\t#gallery-1 .gallery-item {\n\t\t\t\tfloat: left;\n\t\t\t\tmargin-top: 10px;\n\t\t\t\ttext-align: center;\n\t\t\t\twidth: 50%;\n\t\t\t}\n\t\t\t#gallery-1 img {\n\t\t\t\tborder: 2px solid #cfcfcf;\n\t\t\t}\n\t\t\t#gallery-1 .gallery-caption {\n\t\t\t\tmargin-left: 0;\n\t\t\t}\n\t\t\t\/* see gallery_shortcode() in wp-includes\/media.php *\/\n\t\t<\/style>\n\t\t<div id='gallery-1' class='gallery galleryid-103952 gallery-columns-2 gallery-size-thumbnail'><dl class='gallery-item'>\n\t\t\t<dt class='gallery-icon landscape'>\n\t\t\t\t<a href='https:\/\/www.visit-ulcinj.com\/blog\/2017\/03\/31\/ullirinje-mrekulli-natyrore-e-ulqinit-foto\/prof-dr-hajri-ismaili-dita-e-komunes-se-ulqinit-1\/'><img width=\"150\" height=\"150\" src=\"https:\/\/www.visit-ulcinj.com\/blog\/wp-content\/uploads\/2017\/03\/Prof.-Dr.-Hajri-Ismaili-Dita-e-komunes-se-Ulqinit-1-150x150.jpg\" class=\"attachment-thumbnail size-thumbnail\" alt=\"\" loading=\"lazy\" \/><\/a>\n\t\t\t<\/dt><\/dl><dl class='gallery-item'>\n\t\t\t<dt class='gallery-icon landscape'>\n\t\t\t\t<a href='https:\/\/www.visit-ulcinj.com\/blog\/2017\/03\/31\/ullirinje-mrekulli-natyrore-e-ulqinit-foto\/prof-dr-hajri-ismaili-dita-e-komunes-se-ulqinit-cakuli\/'><img width=\"150\" height=\"150\" src=\"https:\/\/www.visit-ulcinj.com\/blog\/wp-content\/uploads\/2017\/03\/Prof.-Dr.-Hajri-Ismaili-Dita-e-komunes-se-Ulqinit-Cakuli-150x150.jpg\" class=\"attachment-thumbnail size-thumbnail\" alt=\"\" loading=\"lazy\" \/><\/a>\n\t\t\t<\/dt><\/dl><br style=\"clear: both\" \/><dl class='gallery-item'>\n\t\t\t<dt class='gallery-icon landscape'>\n\t\t\t\t<a href='https:\/\/www.visit-ulcinj.com\/blog\/2017\/03\/31\/ullirinje-mrekulli-natyrore-e-ulqinit-foto\/prof-dr-hajri-ismaili-dita-e-komunes-se-ulqinit-cakuli-cungu\/'><img width=\"150\" height=\"150\" src=\"https:\/\/www.visit-ulcinj.com\/blog\/wp-content\/uploads\/2017\/03\/Prof.-Dr.-Hajri-Ismaili-Dita-e-komunes-se-Ulqinit-Cakuli-Cungu-150x150.jpg\" class=\"attachment-thumbnail size-thumbnail\" alt=\"\" loading=\"lazy\" \/><\/a>\n\t\t\t<\/dt><\/dl><dl class='gallery-item'>\n\t\t\t<dt class='gallery-icon landscape'>\n\t\t\t\t<a href='https:\/\/www.visit-ulcinj.com\/blog\/2017\/03\/31\/ullirinje-mrekulli-natyrore-e-ulqinit-foto\/prof-dr-hajri-ismaili-dita-e-komunes-se-ulqinit-cakuli-cungu-1\/'><img width=\"150\" height=\"150\" src=\"https:\/\/www.visit-ulcinj.com\/blog\/wp-content\/uploads\/2017\/03\/Prof.-Dr.-Hajri-Ismaili-Dita-e-komunes-se-Ulqinit-Cakuli-Cungu-1-150x150.jpg\" class=\"attachment-thumbnail size-thumbnail\" alt=\"\" loading=\"lazy\" \/><\/a>\n\t\t\t<\/dt><\/dl><br style=\"clear: both\" \/>\n\t\t<\/div>\n\n","protected":false},"excerpt":{"rendered":"<p>Qyteti yn\u00eb prej shekujsh \u00ebsht\u00eb i njohur p\u00ebr ullisht\u00ebn dhe prodhimin e vajit. Kjo tradit\u00eb \u00ebsht\u00eb gdhendur n\u00eb amblemin e qytetit dhe n\u00eb kremtimin e Dit\u00ebs s\u00eb tij. N\u00eb kuad\u00ebr t\u00eb aktiviteteve q\u00eb po zhvillohen\u00a0 p\u00ebr\u00a0 nder t\u00eb Dit\u00ebs s\u00eb Ulqinit\u00a0 u\u00a0 mbajt\u00a0 ligjerata,, ,,Ulliri, vaji i ullirit\u00a0 dhe perspektiva\u00a0 e zhvillimit\u00a0 t\u00eb ullishtaris\u00eb\u00a0 n\u00eb [&hellip;]<\/p>\n","protected":false},"author":1,"featured_media":0,"comment_status":"closed","ping_status":"closed","sticky":false,"template":"","format":"standard","meta":{"spay_email":"","jetpack_publicize_message":"","jetpack_is_tweetstorm":false,"jetpack_publicize_feature_enabled":true},"categories":[1],"tags":[],"jetpack_publicize_connections":[],"yoast_head":"<!-- This site is optimized with the Yoast SEO plugin v19.1 - https:\/\/yoast.com\/wordpress\/plugins\/seo\/ -->\n<title>Ulliri,nj\u00eb mrekulli natyrore e Ulqinit + Foto - Lajme nga Ulqini<\/title>\n<meta name=\"description\" content=\"Qyteti yn\u00eb prej shekujsh \u00ebsht\u00eb i njohur p\u00ebr ullisht\u00ebn dhe prodhimin e vajit. Kjo tradit\u00eb \u00ebsht\u00eb gdhendur n\u00eb amblemin e qytetit dhe n\u00eb kremtimin e Dit\u00ebs s\u00eb\" \/>\n<meta name=\"robots\" content=\"index, follow, max-snippet:-1, max-image-preview:large, max-video-preview:-1\" \/>\n<link rel=\"canonical\" href=\"https:\/\/www.visit-ulcinj.com\/blog\/2017\/03\/31\/ullirinje-mrekulli-natyrore-e-ulqinit-foto\/\" \/>\n<meta property=\"og:locale\" content=\"en_US\" \/>\n<meta property=\"og:type\" content=\"article\" \/>\n<meta property=\"og:title\" content=\"Ulliri,nj\u00eb mrekulli natyrore e Ulqinit + Foto - Lajme nga Ulqini\" \/>\n<meta property=\"og:description\" content=\"Qyteti yn\u00eb prej shekujsh \u00ebsht\u00eb i njohur p\u00ebr ullisht\u00ebn dhe prodhimin e vajit. Kjo tradit\u00eb \u00ebsht\u00eb gdhendur n\u00eb amblemin e qytetit dhe n\u00eb kremtimin e Dit\u00ebs s\u00eb\" \/>\n<meta property=\"og:url\" content=\"https:\/\/www.visit-ulcinj.com\/blog\/2017\/03\/31\/ullirinje-mrekulli-natyrore-e-ulqinit-foto\/\" \/>\n<meta property=\"og:site_name\" content=\"Lajme nga Ulqini\" \/>\n<meta property=\"article:published_time\" content=\"2017-03-31T07:32:27+00:00\" \/>\n<meta property=\"article:modified_time\" content=\"2017-03-31T07:32:54+00:00\" \/>\n<meta property=\"og:image\" content=\"https:\/\/www.visit-ulcinj.com\/blog\/wp-content\/uploads\/2017\/03\/Prof.-Dr.-Hajri-Ismaili-Dita-e-komunes-se-Ulqinit-1-150x150.jpg\" \/>\n<meta name=\"twitter:label1\" content=\"Written by\" \/>\n\t<meta name=\"twitter:data1\" content=\"ulqini\" \/>\n<script type=\"application\/ld+json\" class=\"yoast-schema-graph\">{\"@context\":\"https:\/\/schema.org\",\"@graph\":[{\"@type\":\"WebSite\",\"@id\":\"https:\/\/www.visit-ulcinj.com\/blog\/#website\",\"url\":\"https:\/\/www.visit-ulcinj.com\/blog\/\",\"name\":\"Lajme nga Ulqini\",\"description\":\"Lajme,Vijesti,Ulqini,Ulqin,Crna Gora,Mali i Zi\",\"potentialAction\":[{\"@type\":\"SearchAction\",\"target\":{\"@type\":\"EntryPoint\",\"urlTemplate\":\"https:\/\/www.visit-ulcinj.com\/blog\/?s={search_term_string}\"},\"query-input\":\"required name=search_term_string\"}],\"inLanguage\":\"en-US\"},{\"@type\":\"ImageObject\",\"inLanguage\":\"en-US\",\"@id\":\"https:\/\/www.visit-ulcinj.com\/blog\/2017\/03\/31\/ullirinje-mrekulli-natyrore-e-ulqinit-foto\/#primaryimage\",\"url\":\"https:\/\/www.visit-ulcinj.com\/blog\/wp-content\/uploads\/2017\/03\/Prof.-Dr.-Hajri-Ismaili-Dita-e-komunes-se-Ulqinit.jpg\",\"contentUrl\":\"https:\/\/www.visit-ulcinj.com\/blog\/wp-content\/uploads\/2017\/03\/Prof.-Dr.-Hajri-Ismaili-Dita-e-komunes-se-Ulqinit.jpg\",\"width\":926,\"height\":617},{\"@type\":\"WebPage\",\"@id\":\"https:\/\/www.visit-ulcinj.com\/blog\/2017\/03\/31\/ullirinje-mrekulli-natyrore-e-ulqinit-foto\/#webpage\",\"url\":\"https:\/\/www.visit-ulcinj.com\/blog\/2017\/03\/31\/ullirinje-mrekulli-natyrore-e-ulqinit-foto\/\",\"name\":\"Ulliri,nj\u00eb mrekulli natyrore e Ulqinit + Foto - Lajme nga Ulqini\",\"isPartOf\":{\"@id\":\"https:\/\/www.visit-ulcinj.com\/blog\/#website\"},\"primaryImageOfPage\":{\"@id\":\"https:\/\/www.visit-ulcinj.com\/blog\/2017\/03\/31\/ullirinje-mrekulli-natyrore-e-ulqinit-foto\/#primaryimage\"},\"datePublished\":\"2017-03-31T07:32:27+00:00\",\"dateModified\":\"2017-03-31T07:32:54+00:00\",\"author\":{\"@id\":\"https:\/\/www.visit-ulcinj.com\/blog\/#\/schema\/person\/dcab619c614d3038751c63bc2aadc06d\"},\"description\":\"Qyteti yn\u00eb prej shekujsh \u00ebsht\u00eb i njohur p\u00ebr ullisht\u00ebn dhe prodhimin e vajit. Kjo tradit\u00eb \u00ebsht\u00eb gdhendur n\u00eb amblemin e qytetit dhe n\u00eb kremtimin e Dit\u00ebs s\u00eb\",\"breadcrumb\":{\"@id\":\"https:\/\/www.visit-ulcinj.com\/blog\/2017\/03\/31\/ullirinje-mrekulli-natyrore-e-ulqinit-foto\/#breadcrumb\"},\"inLanguage\":\"en-US\",\"potentialAction\":[{\"@type\":\"ReadAction\",\"target\":[\"https:\/\/www.visit-ulcinj.com\/blog\/2017\/03\/31\/ullirinje-mrekulli-natyrore-e-ulqinit-foto\/\"]}]},{\"@type\":\"BreadcrumbList\",\"@id\":\"https:\/\/www.visit-ulcinj.com\/blog\/2017\/03\/31\/ullirinje-mrekulli-natyrore-e-ulqinit-foto\/#breadcrumb\",\"itemListElement\":[{\"@type\":\"ListItem\",\"position\":1,\"name\":\"Ulliri,nj\u00eb mrekulli natyrore e Ulqinit + Foto\"}]},{\"@type\":\"Person\",\"@id\":\"https:\/\/www.visit-ulcinj.com\/blog\/#\/schema\/person\/dcab619c614d3038751c63bc2aadc06d\",\"name\":\"ulqini\",\"sameAs\":[\"http:\/\/www.visit-ulcinj.com\"],\"url\":\"https:\/\/www.visit-ulcinj.com\/blog\/author\/admin\/\"}]}<\/script>\n<!-- \/ Yoast SEO plugin. -->","yoast_head_json":{"title":"Ulliri,nj\u00eb mrekulli natyrore e Ulqinit + Foto - Lajme nga Ulqini","description":"Qyteti yn\u00eb prej shekujsh \u00ebsht\u00eb i njohur p\u00ebr ullisht\u00ebn dhe prodhimin e vajit. Kjo tradit\u00eb \u00ebsht\u00eb gdhendur n\u00eb amblemin e qytetit dhe n\u00eb kremtimin e Dit\u00ebs s\u00eb","robots":{"index":"index","follow":"follow","max-snippet":"max-snippet:-1","max-image-preview":"max-image-preview:large","max-video-preview":"max-video-preview:-1"},"canonical":"https:\/\/www.visit-ulcinj.com\/blog\/2017\/03\/31\/ullirinje-mrekulli-natyrore-e-ulqinit-foto\/","og_locale":"en_US","og_type":"article","og_title":"Ulliri,nj\u00eb mrekulli natyrore e Ulqinit + Foto - Lajme nga Ulqini","og_description":"Qyteti yn\u00eb prej shekujsh \u00ebsht\u00eb i njohur p\u00ebr ullisht\u00ebn dhe prodhimin e vajit. Kjo tradit\u00eb \u00ebsht\u00eb gdhendur n\u00eb amblemin e qytetit dhe n\u00eb kremtimin e Dit\u00ebs s\u00eb","og_url":"https:\/\/www.visit-ulcinj.com\/blog\/2017\/03\/31\/ullirinje-mrekulli-natyrore-e-ulqinit-foto\/","og_site_name":"Lajme nga Ulqini","article_published_time":"2017-03-31T07:32:27+00:00","article_modified_time":"2017-03-31T07:32:54+00:00","og_image":[{"url":"https:\/\/www.visit-ulcinj.com\/blog\/wp-content\/uploads\/2017\/03\/Prof.-Dr.-Hajri-Ismaili-Dita-e-komunes-se-Ulqinit-1-150x150.jpg"}],"twitter_misc":{"Written by":"ulqini"},"schema":{"@context":"https:\/\/schema.org","@graph":[{"@type":"WebSite","@id":"https:\/\/www.visit-ulcinj.com\/blog\/#website","url":"https:\/\/www.visit-ulcinj.com\/blog\/","name":"Lajme nga Ulqini","description":"Lajme,Vijesti,Ulqini,Ulqin,Crna Gora,Mali i Zi","potentialAction":[{"@type":"SearchAction","target":{"@type":"EntryPoint","urlTemplate":"https:\/\/www.visit-ulcinj.com\/blog\/?s={search_term_string}"},"query-input":"required name=search_term_string"}],"inLanguage":"en-US"},{"@type":"ImageObject","inLanguage":"en-US","@id":"https:\/\/www.visit-ulcinj.com\/blog\/2017\/03\/31\/ullirinje-mrekulli-natyrore-e-ulqinit-foto\/#primaryimage","url":"https:\/\/www.visit-ulcinj.com\/blog\/wp-content\/uploads\/2017\/03\/Prof.-Dr.-Hajri-Ismaili-Dita-e-komunes-se-Ulqinit.jpg","contentUrl":"https:\/\/www.visit-ulcinj.com\/blog\/wp-content\/uploads\/2017\/03\/Prof.-Dr.-Hajri-Ismaili-Dita-e-komunes-se-Ulqinit.jpg","width":926,"height":617},{"@type":"WebPage","@id":"https:\/\/www.visit-ulcinj.com\/blog\/2017\/03\/31\/ullirinje-mrekulli-natyrore-e-ulqinit-foto\/#webpage","url":"https:\/\/www.visit-ulcinj.com\/blog\/2017\/03\/31\/ullirinje-mrekulli-natyrore-e-ulqinit-foto\/","name":"Ulliri,nj\u00eb mrekulli natyrore e Ulqinit + Foto - Lajme nga Ulqini","isPartOf":{"@id":"https:\/\/www.visit-ulcinj.com\/blog\/#website"},"primaryImageOfPage":{"@id":"https:\/\/www.visit-ulcinj.com\/blog\/2017\/03\/31\/ullirinje-mrekulli-natyrore-e-ulqinit-foto\/#primaryimage"},"datePublished":"2017-03-31T07:32:27+00:00","dateModified":"2017-03-31T07:32:54+00:00","author":{"@id":"https:\/\/www.visit-ulcinj.com\/blog\/#\/schema\/person\/dcab619c614d3038751c63bc2aadc06d"},"description":"Qyteti yn\u00eb prej shekujsh \u00ebsht\u00eb i njohur p\u00ebr ullisht\u00ebn dhe prodhimin e vajit. Kjo tradit\u00eb \u00ebsht\u00eb gdhendur n\u00eb amblemin e qytetit dhe n\u00eb kremtimin e Dit\u00ebs s\u00eb","breadcrumb":{"@id":"https:\/\/www.visit-ulcinj.com\/blog\/2017\/03\/31\/ullirinje-mrekulli-natyrore-e-ulqinit-foto\/#breadcrumb"},"inLanguage":"en-US","potentialAction":[{"@type":"ReadAction","target":["https:\/\/www.visit-ulcinj.com\/blog\/2017\/03\/31\/ullirinje-mrekulli-natyrore-e-ulqinit-foto\/"]}]},{"@type":"BreadcrumbList","@id":"https:\/\/www.visit-ulcinj.com\/blog\/2017\/03\/31\/ullirinje-mrekulli-natyrore-e-ulqinit-foto\/#breadcrumb","itemListElement":[{"@type":"ListItem","position":1,"name":"Ulliri,nj\u00eb mrekulli natyrore e Ulqinit + Foto"}]},{"@type":"Person","@id":"https:\/\/www.visit-ulcinj.com\/blog\/#\/schema\/person\/dcab619c614d3038751c63bc2aadc06d","name":"ulqini","sameAs":["http:\/\/www.visit-ulcinj.com"],"url":"https:\/\/www.visit-ulcinj.com\/blog\/author\/admin\/"}]}},"jetpack_featured_media_url":"","jetpack_sharing_enabled":true,"jetpack_shortlink":"https:\/\/wp.me\/pe6lTn-r2E","_links":{"self":[{"href":"https:\/\/www.visit-ulcinj.com\/blog\/wp-json\/wp\/v2\/posts\/103952"}],"collection":[{"href":"https:\/\/www.visit-ulcinj.com\/blog\/wp-json\/wp\/v2\/posts"}],"about":[{"href":"https:\/\/www.visit-ulcinj.com\/blog\/wp-json\/wp\/v2\/types\/post"}],"author":[{"embeddable":true,"href":"https:\/\/www.visit-ulcinj.com\/blog\/wp-json\/wp\/v2\/users\/1"}],"replies":[{"embeddable":true,"href":"https:\/\/www.visit-ulcinj.com\/blog\/wp-json\/wp\/v2\/comments?post=103952"}],"version-history":[{"count":2,"href":"https:\/\/www.visit-ulcinj.com\/blog\/wp-json\/wp\/v2\/posts\/103952\/revisions"}],"predecessor-version":[{"id":103959,"href":"https:\/\/www.visit-ulcinj.com\/blog\/wp-json\/wp\/v2\/posts\/103952\/revisions\/103959"}],"wp:attachment":[{"href":"https:\/\/www.visit-ulcinj.com\/blog\/wp-json\/wp\/v2\/media?parent=103952"}],"wp:term":[{"taxonomy":"category","embeddable":true,"href":"https:\/\/www.visit-ulcinj.com\/blog\/wp-json\/wp\/v2\/categories?post=103952"},{"taxonomy":"post_tag","embeddable":true,"href":"https:\/\/www.visit-ulcinj.com\/blog\/wp-json\/wp\/v2\/tags?post=103952"}],"curies":[{"name":"wp","href":"https:\/\/api.w.org\/{rel}","templated":true}]}}