{"id":103960,"date":"2017-03-31T15:21:37","date_gmt":"2017-03-31T14:21:37","guid":{"rendered":"http:\/\/www.visit-ulcinj.com\/blog\/?p=103960"},"modified":"2017-03-31T15:56:58","modified_gmt":"2017-03-31T14:56:58","slug":"sot-ne-ulqin-perfundoi-punimet-konferenca-e-nente-shkencore-nderkombetare","status":"publish","type":"post","link":"https:\/\/www.visit-ulcinj.com\/blog\/2017\/03\/31\/sot-ne-ulqin-perfundoi-punimet-konferenca-e-nente-shkencore-nderkombetare\/","title":{"rendered":"Sot n\u00eb Ulqin p\u00ebrfundoi punimet konferenca e n\u00ebnt\u00eb shkencore nd\u00ebrkomb\u00ebtare"},"content":{"rendered":"<p><strong><a href=\"http:\/\/www.visit-ulcinj.com\/blog\/wp-content\/uploads\/2017\/03\/konferenca-e-n\u00ebnt\u00eb-shkencore-nd\u00ebrkomb\u00ebtare-1.jpg\"><img loading=\"lazy\" class=\"alignleft wp-image-103969\" src=\"http:\/\/www.visit-ulcinj.com\/blog\/wp-content\/uploads\/2017\/03\/konferenca-e-n\u00ebnt\u00eb-shkencore-nd\u00ebrkomb\u00ebtare-1.jpg\" alt=\"konferenca e n\u00ebnt\u00eb shkencore nd\u00ebrkomb\u00ebtare-1\" width=\"508\" height=\"338\" srcset=\"https:\/\/www.visit-ulcinj.com\/blog\/wp-content\/uploads\/2017\/03\/konferenca-e-n\u00ebnt\u00eb-shkencore-nd\u00ebrkomb\u00ebtare-1.jpg 926w, https:\/\/www.visit-ulcinj.com\/blog\/wp-content\/uploads\/2017\/03\/konferenca-e-n\u00ebnt\u00eb-shkencore-nd\u00ebrkomb\u00ebtare-1-300x200.jpg 300w, https:\/\/www.visit-ulcinj.com\/blog\/wp-content\/uploads\/2017\/03\/konferenca-e-n\u00ebnt\u00eb-shkencore-nd\u00ebrkomb\u00ebtare-1-768x512.jpg 768w\" sizes=\"(max-width: 508px) 100vw, 508px\" \/><\/a>Shkruan Muhamet Nika<\/strong><\/p>\n<p>Ashtu\u00a0 si\u00e7 \u00ebsht\u00eb b\u00ebr\u00eb tashm\u00eb tradit\u00eb , \u00a0\u00a0n\u00eb prag t\u00eb dit\u00ebs s\u00eb Ulqinit, sot n\u00eb Ulqin u organizua konferenca\u00a0 e n\u00ebnt\u00eb\u00a0 \u00a0shkencore q\u00eb organizon Instituti p\u00ebr K\u00ebrkime Shkencore dhe Zhvillim\u00a0\u00a0 n\u00eb Ulqin i prir\u00eb nga Dr. Elez Osmani. \u00a0P\u00ebr ndryshe profesor\u00a0 n\u00eb disa\u00a0 universitetet.<\/p>\n<p>Konferenca ishte e organizuar nga instituti \u00a0i cekur nd\u00ebrsa \u00a0i p\u00ebrkrahur nga \u00a0Qeveria\u00a0 e Malit t\u00eb Zi , Komuna e Ulqinit n\u00eb bashk\u00ebpunim me Universitetin e Shkodr\u00ebs , Kolegjin Dukagjini dhe Organizata Turistike e Ulqinit.<\/p>\n<p>N\u00eb seanc\u00eb\u00a0\u00a0 edhe k\u00ebsaj here\u00a0 nuk munguan\u00a0 studiuesit\u00a0 m\u00eb\u00a0 eminent\u00eb\u00a0 t\u00eb rajonit\u00a0 &#8211; vendet\u00a0 ballkanike\u00a0 q\u00eb debatuan\u00a0 n\u00eb tem\u00ebn roli i arsimit dhe shkenc\u00ebs\u00a0 n\u00eb zhvillimin ekonomik t\u00eb vendeve t\u00eb rajonit.<\/p>\n<p>Ajo \u00e7far\u00eb nuk na p\u00eblqeu\u00a0 dhe q\u00eb ra n\u00eb sy , po duket\u00a0 si rezultat i neglizhenc\u00ebs ishte\u00a0 mungesa\u00a0 e dukshme\u00a0 e trurit shkencor ulqinak\u00a0 p\u00ebr dallim nga vitet tjera , si t\u00eb thuash\u00a0 mungoi interesimi\u00a0 p\u00ebr\u00a0 t\u00eb shfryt\u00ebzuar nj\u00eb rast t\u00eb mir\u00eb\u00a0 p\u00ebr t\u00eb u informuar\u00a0 p\u00ebr rolin dhe r\u00ebnd\u00ebsin\u00eb e arsimit e edukimit n\u00eb k\u00ebt\u00eb fush\u00eb nga dijet m\u00eb t\u00eb avancuara shkencore.<\/p>\n<p>P\u00ebr nj\u00eb vend\u00a0 normal\u00a0 kjo edhe do ishte shqet\u00ebsuese\u00a0 , por duke e ditur q\u00eb edhe n\u00eb k\u00ebt\u00eb\u00a0 segment t\u00eb jet\u00ebs\u00a0\u00a0\u00a0 ve\u00e7ohemi\u00a0 p\u00ebr nj\u00eb vet\u00ebk\u00ebnaq\u00ebsi\u00a0 provinciale\u00a0 \u00ebsht\u00eb plot\u00ebsisht e kuptueshme q\u00eb tan\u00ebt(ekspert\u00ebt), t\u00eb mos vrapojn\u00eb pas\u00a0 mendjes dhe arritjes\u00a0 s\u00eb\u00a0 mjediseve m\u00eb t\u00eb \u00a0organizuara \u00a0n\u00eb\u00a0 Rajon.<\/p>\n<p><strong>Muhamet Nika<\/strong><\/p>\n<p>&nbsp;<\/p>\n<p><strong>N\u00eb kuad\u00ebr t\u00eb aktiviteteve per nder t\u00eb Dit\u00ebs s\u00eb Ulqinit u mbajt Konferenca\u00a0 e\u00a0 ix-t\u00eb Shkencore Nd\u00ebrkomb\u00ebtare<\/strong><\/p>\n<p><strong>\u00a0\u00a0\u00a0\u00a0\u00a0\u00a0\u00a0\u00a0\u00a0\u00a0\u00a0\u00a0\u00a0\u00a0\u00a0\u00a0\u00a0\u00a0 ,,Roli i arsimit\u00a0 dhe shkenc\u00ebs n\u00eb yhvillimin\u00a0 ekonimik\u00a0 t\u00eb vendeve t\u00eb rajonit,, <\/strong><\/p>\n<p>Kjo Konference\u00a0 q\u00eb\u00a0 e organizon Instituti\u00a0 p\u00ebr k\u00ebrkime shkencore\u00a0 dhe zhvillim , Komuna e Ulqinit,Organizata Turistike\u00a0 dhe Universiteti\u00a0 i Shkodr\u00ebs ,,Luigj Gurakuqi,, edhe k\u00ebt\u00eb\u00a0 vit\u00a0 t\u00ebrhoqi\u00a0 v\u00ebm\u00ebndjen e nj\u00eb numri t\u00eb madh t\u00eb\u00a0 studiuesve dhe ekspert\u00ebve nga vende te rajonit. Tashm\u00eb \u00ebsht\u00eb b\u00ebr\u00eb tradit\u00eb q\u00eb\u00a0 kumtesat e\u00a0 botuara t\u00eb botohen n\u00eb\u00a0 edicionin e vecante\u00a0 te revist\u00ebs qe e\u00a0 boton Instituti\u00a0 per k\u00ebrkime shkencore dhe zhvillim.<\/p>\n<p>Komuna Ulqinit<\/p>\n<p>&nbsp;<\/p>\n\n\t\t<style type=\"text\/css\">\n\t\t\t#gallery-1 {\n\t\t\t\tmargin: auto;\n\t\t\t}\n\t\t\t#gallery-1 .gallery-item {\n\t\t\t\tfloat: left;\n\t\t\t\tmargin-top: 10px;\n\t\t\t\ttext-align: center;\n\t\t\t\twidth: 33%;\n\t\t\t}\n\t\t\t#gallery-1 img {\n\t\t\t\tborder: 2px solid #cfcfcf;\n\t\t\t}\n\t\t\t#gallery-1 .gallery-caption {\n\t\t\t\tmargin-left: 0;\n\t\t\t}\n\t\t\t\/* see gallery_shortcode() in wp-includes\/media.php *\/\n\t\t<\/style>\n\t\t<div id='gallery-1' class='gallery galleryid-103960 gallery-columns-3 gallery-size-thumbnail'><dl class='gallery-item'>\n\t\t\t<dt class='gallery-icon landscape'>\n\t\t\t\t<a href='https:\/\/www.visit-ulcinj.com\/blog\/2017\/03\/31\/sot-ne-ulqin-perfundoi-punimet-konferenca-e-nente-shkencore-nderkombetare\/konferenca-e-nente-shkencore-nderkombetare-2\/'><img width=\"150\" height=\"150\" src=\"https:\/\/www.visit-ulcinj.com\/blog\/wp-content\/uploads\/2017\/03\/konferenca-e-n\u00ebnt\u00eb-shkencore-nd\u00ebrkomb\u00ebtare-2-150x150.jpg\" class=\"attachment-thumbnail size-thumbnail\" alt=\"\" loading=\"lazy\" \/><\/a>\n\t\t\t<\/dt><\/dl><dl class='gallery-item'>\n\t\t\t<dt class='gallery-icon landscape'>\n\t\t\t\t<a href='https:\/\/www.visit-ulcinj.com\/blog\/2017\/03\/31\/sot-ne-ulqin-perfundoi-punimet-konferenca-e-nente-shkencore-nderkombetare\/konferenca-e-nente-shkencore-nderkombetare-3\/'><img width=\"150\" height=\"150\" src=\"https:\/\/www.visit-ulcinj.com\/blog\/wp-content\/uploads\/2017\/03\/konferenca-e-n\u00ebnt\u00eb-shkencore-nd\u00ebrkomb\u00ebtare-3-150x150.jpg\" class=\"attachment-thumbnail size-thumbnail\" alt=\"\" loading=\"lazy\" \/><\/a>\n\t\t\t<\/dt><\/dl><dl class='gallery-item'>\n\t\t\t<dt class='gallery-icon landscape'>\n\t\t\t\t<a href='https:\/\/www.visit-ulcinj.com\/blog\/2017\/03\/31\/sot-ne-ulqin-perfundoi-punimet-konferenca-e-nente-shkencore-nderkombetare\/konferenca-e-nente-shkencore-nderkombetare-4\/'><img width=\"150\" height=\"150\" src=\"https:\/\/www.visit-ulcinj.com\/blog\/wp-content\/uploads\/2017\/03\/konferenca-e-n\u00ebnt\u00eb-shkencore-nd\u00ebrkomb\u00ebtare-4-150x150.jpg\" class=\"attachment-thumbnail size-thumbnail\" alt=\"\" loading=\"lazy\" \/><\/a>\n\t\t\t<\/dt><\/dl><br style=\"clear: both\" \/>\n\t\t<\/div>\n\n","protected":false},"excerpt":{"rendered":"<p>Shkruan Muhamet Nika Ashtu\u00a0 si\u00e7 \u00ebsht\u00eb b\u00ebr\u00eb tashm\u00eb tradit\u00eb , \u00a0\u00a0n\u00eb prag t\u00eb dit\u00ebs s\u00eb Ulqinit, sot n\u00eb Ulqin u organizua konferenca\u00a0 e n\u00ebnt\u00eb\u00a0 \u00a0shkencore q\u00eb organizon Instituti p\u00ebr K\u00ebrkime Shkencore dhe Zhvillim\u00a0\u00a0 n\u00eb Ulqin i prir\u00eb nga Dr. Elez Osmani. \u00a0P\u00ebr ndryshe profesor\u00a0 n\u00eb disa\u00a0 universitetet. Konferenca ishte e organizuar nga instituti \u00a0i cekur [&hellip;]<\/p>\n","protected":false},"author":1,"featured_media":0,"comment_status":"closed","ping_status":"closed","sticky":false,"template":"","format":"standard","meta":{"spay_email":"","jetpack_publicize_message":"","jetpack_is_tweetstorm":false,"jetpack_publicize_feature_enabled":true},"categories":[10],"tags":[],"jetpack_publicize_connections":[],"yoast_head":"<!-- This site is optimized with the Yoast SEO plugin v19.1 - https:\/\/yoast.com\/wordpress\/plugins\/seo\/ -->\n<title>Sot n\u00eb Ulqin p\u00ebrfundoi punimet konferenca e n\u00ebnt\u00eb shkencore nd\u00ebrkomb\u00ebtare - Lajme nga Ulqini<\/title>\n<meta name=\"description\" content=\"Shkruan Muhamet Nika Ashtu\u00a0 si\u00e7 \u00ebsht\u00eb b\u00ebr\u00eb tashm\u00eb tradit\u00eb , \u00a0\u00a0n\u00eb prag t\u00eb dit\u00ebs s\u00eb Ulqinit, sot n\u00eb Ulqin u organizua konferenca\u00a0 e n\u00ebnt\u00eb\u00a0 \u00a0shkencore q\u00eb\" \/>\n<meta name=\"robots\" content=\"index, follow, max-snippet:-1, max-image-preview:large, max-video-preview:-1\" \/>\n<link rel=\"canonical\" href=\"https:\/\/www.visit-ulcinj.com\/blog\/2017\/03\/31\/sot-ne-ulqin-perfundoi-punimet-konferenca-e-nente-shkencore-nderkombetare\/\" \/>\n<meta property=\"og:locale\" content=\"en_US\" \/>\n<meta property=\"og:type\" content=\"article\" \/>\n<meta property=\"og:title\" content=\"Sot n\u00eb Ulqin p\u00ebrfundoi punimet konferenca e n\u00ebnt\u00eb shkencore nd\u00ebrkomb\u00ebtare - Lajme nga Ulqini\" \/>\n<meta property=\"og:description\" content=\"Shkruan Muhamet Nika Ashtu\u00a0 si\u00e7 \u00ebsht\u00eb b\u00ebr\u00eb tashm\u00eb tradit\u00eb , \u00a0\u00a0n\u00eb prag t\u00eb dit\u00ebs s\u00eb Ulqinit, sot n\u00eb Ulqin u organizua konferenca\u00a0 e n\u00ebnt\u00eb\u00a0 \u00a0shkencore q\u00eb\" \/>\n<meta property=\"og:url\" content=\"https:\/\/www.visit-ulcinj.com\/blog\/2017\/03\/31\/sot-ne-ulqin-perfundoi-punimet-konferenca-e-nente-shkencore-nderkombetare\/\" \/>\n<meta property=\"og:site_name\" content=\"Lajme nga Ulqini\" \/>\n<meta property=\"article:published_time\" content=\"2017-03-31T14:21:37+00:00\" \/>\n<meta property=\"article:modified_time\" content=\"2017-03-31T14:56:58+00:00\" \/>\n<meta property=\"og:image\" content=\"https:\/\/www.visit-ulcinj.com\/blog\/wp-content\/uploads\/2017\/03\/konferenca-e-n\u00ebnt\u00eb-shkencore-nd\u00ebrkomb\u00ebtare-2-150x150.jpg\" \/>\n<meta name=\"twitter:label1\" content=\"Written by\" \/>\n\t<meta name=\"twitter:data1\" content=\"ulqini\" \/>\n\t<meta name=\"twitter:label2\" content=\"Est. reading time\" \/>\n\t<meta name=\"twitter:data2\" content=\"2 minutes\" \/>\n<script type=\"application\/ld+json\" class=\"yoast-schema-graph\">{\"@context\":\"https:\/\/schema.org\",\"@graph\":[{\"@type\":\"WebSite\",\"@id\":\"https:\/\/www.visit-ulcinj.com\/blog\/#website\",\"url\":\"https:\/\/www.visit-ulcinj.com\/blog\/\",\"name\":\"Lajme nga Ulqini\",\"description\":\"Lajme,Vijesti,Ulqini,Ulqin,Crna Gora,Mali i Zi\",\"potentialAction\":[{\"@type\":\"SearchAction\",\"target\":{\"@type\":\"EntryPoint\",\"urlTemplate\":\"https:\/\/www.visit-ulcinj.com\/blog\/?s={search_term_string}\"},\"query-input\":\"required name=search_term_string\"}],\"inLanguage\":\"en-US\"},{\"@type\":\"WebPage\",\"@id\":\"https:\/\/www.visit-ulcinj.com\/blog\/2017\/03\/31\/sot-ne-ulqin-perfundoi-punimet-konferenca-e-nente-shkencore-nderkombetare\/#webpage\",\"url\":\"https:\/\/www.visit-ulcinj.com\/blog\/2017\/03\/31\/sot-ne-ulqin-perfundoi-punimet-konferenca-e-nente-shkencore-nderkombetare\/\",\"name\":\"Sot n\u00eb Ulqin p\u00ebrfundoi punimet konferenca e n\u00ebnt\u00eb shkencore nd\u00ebrkomb\u00ebtare - Lajme nga Ulqini\",\"isPartOf\":{\"@id\":\"https:\/\/www.visit-ulcinj.com\/blog\/#website\"},\"datePublished\":\"2017-03-31T14:21:37+00:00\",\"dateModified\":\"2017-03-31T14:56:58+00:00\",\"author\":{\"@id\":\"https:\/\/www.visit-ulcinj.com\/blog\/#\/schema\/person\/dcab619c614d3038751c63bc2aadc06d\"},\"description\":\"Shkruan Muhamet Nika Ashtu\u00a0 si\u00e7 \u00ebsht\u00eb b\u00ebr\u00eb tashm\u00eb tradit\u00eb , \u00a0\u00a0n\u00eb prag t\u00eb dit\u00ebs s\u00eb Ulqinit, sot n\u00eb Ulqin u organizua konferenca\u00a0 e n\u00ebnt\u00eb\u00a0 \u00a0shkencore q\u00eb\",\"breadcrumb\":{\"@id\":\"https:\/\/www.visit-ulcinj.com\/blog\/2017\/03\/31\/sot-ne-ulqin-perfundoi-punimet-konferenca-e-nente-shkencore-nderkombetare\/#breadcrumb\"},\"inLanguage\":\"en-US\",\"potentialAction\":[{\"@type\":\"ReadAction\",\"target\":[\"https:\/\/www.visit-ulcinj.com\/blog\/2017\/03\/31\/sot-ne-ulqin-perfundoi-punimet-konferenca-e-nente-shkencore-nderkombetare\/\"]}]},{\"@type\":\"BreadcrumbList\",\"@id\":\"https:\/\/www.visit-ulcinj.com\/blog\/2017\/03\/31\/sot-ne-ulqin-perfundoi-punimet-konferenca-e-nente-shkencore-nderkombetare\/#breadcrumb\",\"itemListElement\":[{\"@type\":\"ListItem\",\"position\":1,\"name\":\"Sot n\u00eb Ulqin p\u00ebrfundoi punimet konferenca e n\u00ebnt\u00eb shkencore nd\u00ebrkomb\u00ebtare\"}]},{\"@type\":\"Person\",\"@id\":\"https:\/\/www.visit-ulcinj.com\/blog\/#\/schema\/person\/dcab619c614d3038751c63bc2aadc06d\",\"name\":\"ulqini\",\"sameAs\":[\"http:\/\/www.visit-ulcinj.com\"],\"url\":\"https:\/\/www.visit-ulcinj.com\/blog\/author\/admin\/\"}]}<\/script>\n<!-- \/ Yoast SEO plugin. -->","yoast_head_json":{"title":"Sot n\u00eb Ulqin p\u00ebrfundoi punimet konferenca e n\u00ebnt\u00eb shkencore nd\u00ebrkomb\u00ebtare - Lajme nga Ulqini","description":"Shkruan Muhamet Nika Ashtu\u00a0 si\u00e7 \u00ebsht\u00eb b\u00ebr\u00eb tashm\u00eb tradit\u00eb , \u00a0\u00a0n\u00eb prag t\u00eb dit\u00ebs s\u00eb Ulqinit, sot n\u00eb Ulqin u organizua konferenca\u00a0 e n\u00ebnt\u00eb\u00a0 \u00a0shkencore q\u00eb","robots":{"index":"index","follow":"follow","max-snippet":"max-snippet:-1","max-image-preview":"max-image-preview:large","max-video-preview":"max-video-preview:-1"},"canonical":"https:\/\/www.visit-ulcinj.com\/blog\/2017\/03\/31\/sot-ne-ulqin-perfundoi-punimet-konferenca-e-nente-shkencore-nderkombetare\/","og_locale":"en_US","og_type":"article","og_title":"Sot n\u00eb Ulqin p\u00ebrfundoi punimet konferenca e n\u00ebnt\u00eb shkencore nd\u00ebrkomb\u00ebtare - Lajme nga Ulqini","og_description":"Shkruan Muhamet Nika Ashtu\u00a0 si\u00e7 \u00ebsht\u00eb b\u00ebr\u00eb tashm\u00eb tradit\u00eb , \u00a0\u00a0n\u00eb prag t\u00eb dit\u00ebs s\u00eb Ulqinit, sot n\u00eb Ulqin u organizua konferenca\u00a0 e n\u00ebnt\u00eb\u00a0 \u00a0shkencore q\u00eb","og_url":"https:\/\/www.visit-ulcinj.com\/blog\/2017\/03\/31\/sot-ne-ulqin-perfundoi-punimet-konferenca-e-nente-shkencore-nderkombetare\/","og_site_name":"Lajme nga Ulqini","article_published_time":"2017-03-31T14:21:37+00:00","article_modified_time":"2017-03-31T14:56:58+00:00","og_image":[{"url":"https:\/\/www.visit-ulcinj.com\/blog\/wp-content\/uploads\/2017\/03\/konferenca-e-n\u00ebnt\u00eb-shkencore-nd\u00ebrkomb\u00ebtare-2-150x150.jpg"}],"twitter_misc":{"Written by":"ulqini","Est. reading time":"2 minutes"},"schema":{"@context":"https:\/\/schema.org","@graph":[{"@type":"WebSite","@id":"https:\/\/www.visit-ulcinj.com\/blog\/#website","url":"https:\/\/www.visit-ulcinj.com\/blog\/","name":"Lajme nga Ulqini","description":"Lajme,Vijesti,Ulqini,Ulqin,Crna Gora,Mali i Zi","potentialAction":[{"@type":"SearchAction","target":{"@type":"EntryPoint","urlTemplate":"https:\/\/www.visit-ulcinj.com\/blog\/?s={search_term_string}"},"query-input":"required name=search_term_string"}],"inLanguage":"en-US"},{"@type":"WebPage","@id":"https:\/\/www.visit-ulcinj.com\/blog\/2017\/03\/31\/sot-ne-ulqin-perfundoi-punimet-konferenca-e-nente-shkencore-nderkombetare\/#webpage","url":"https:\/\/www.visit-ulcinj.com\/blog\/2017\/03\/31\/sot-ne-ulqin-perfundoi-punimet-konferenca-e-nente-shkencore-nderkombetare\/","name":"Sot n\u00eb Ulqin p\u00ebrfundoi punimet konferenca e n\u00ebnt\u00eb shkencore nd\u00ebrkomb\u00ebtare - Lajme nga Ulqini","isPartOf":{"@id":"https:\/\/www.visit-ulcinj.com\/blog\/#website"},"datePublished":"2017-03-31T14:21:37+00:00","dateModified":"2017-03-31T14:56:58+00:00","author":{"@id":"https:\/\/www.visit-ulcinj.com\/blog\/#\/schema\/person\/dcab619c614d3038751c63bc2aadc06d"},"description":"Shkruan Muhamet Nika Ashtu\u00a0 si\u00e7 \u00ebsht\u00eb b\u00ebr\u00eb tashm\u00eb tradit\u00eb , \u00a0\u00a0n\u00eb prag t\u00eb dit\u00ebs s\u00eb Ulqinit, sot n\u00eb Ulqin u organizua konferenca\u00a0 e n\u00ebnt\u00eb\u00a0 \u00a0shkencore q\u00eb","breadcrumb":{"@id":"https:\/\/www.visit-ulcinj.com\/blog\/2017\/03\/31\/sot-ne-ulqin-perfundoi-punimet-konferenca-e-nente-shkencore-nderkombetare\/#breadcrumb"},"inLanguage":"en-US","potentialAction":[{"@type":"ReadAction","target":["https:\/\/www.visit-ulcinj.com\/blog\/2017\/03\/31\/sot-ne-ulqin-perfundoi-punimet-konferenca-e-nente-shkencore-nderkombetare\/"]}]},{"@type":"BreadcrumbList","@id":"https:\/\/www.visit-ulcinj.com\/blog\/2017\/03\/31\/sot-ne-ulqin-perfundoi-punimet-konferenca-e-nente-shkencore-nderkombetare\/#breadcrumb","itemListElement":[{"@type":"ListItem","position":1,"name":"Sot n\u00eb Ulqin p\u00ebrfundoi punimet konferenca e n\u00ebnt\u00eb shkencore nd\u00ebrkomb\u00ebtare"}]},{"@type":"Person","@id":"https:\/\/www.visit-ulcinj.com\/blog\/#\/schema\/person\/dcab619c614d3038751c63bc2aadc06d","name":"ulqini","sameAs":["http:\/\/www.visit-ulcinj.com"],"url":"https:\/\/www.visit-ulcinj.com\/blog\/author\/admin\/"}]}},"jetpack_featured_media_url":"","jetpack_sharing_enabled":true,"jetpack_shortlink":"https:\/\/wp.me\/pe6lTn-r2M","_links":{"self":[{"href":"https:\/\/www.visit-ulcinj.com\/blog\/wp-json\/wp\/v2\/posts\/103960"}],"collection":[{"href":"https:\/\/www.visit-ulcinj.com\/blog\/wp-json\/wp\/v2\/posts"}],"about":[{"href":"https:\/\/www.visit-ulcinj.com\/blog\/wp-json\/wp\/v2\/types\/post"}],"author":[{"embeddable":true,"href":"https:\/\/www.visit-ulcinj.com\/blog\/wp-json\/wp\/v2\/users\/1"}],"replies":[{"embeddable":true,"href":"https:\/\/www.visit-ulcinj.com\/blog\/wp-json\/wp\/v2\/comments?post=103960"}],"version-history":[{"count":4,"href":"https:\/\/www.visit-ulcinj.com\/blog\/wp-json\/wp\/v2\/posts\/103960\/revisions"}],"predecessor-version":[{"id":103975,"href":"https:\/\/www.visit-ulcinj.com\/blog\/wp-json\/wp\/v2\/posts\/103960\/revisions\/103975"}],"wp:attachment":[{"href":"https:\/\/www.visit-ulcinj.com\/blog\/wp-json\/wp\/v2\/media?parent=103960"}],"wp:term":[{"taxonomy":"category","embeddable":true,"href":"https:\/\/www.visit-ulcinj.com\/blog\/wp-json\/wp\/v2\/categories?post=103960"},{"taxonomy":"post_tag","embeddable":true,"href":"https:\/\/www.visit-ulcinj.com\/blog\/wp-json\/wp\/v2\/tags?post=103960"}],"curies":[{"name":"wp","href":"https:\/\/api.w.org\/{rel}","templated":true}]}}