{"id":103963,"date":"2017-03-31T15:29:22","date_gmt":"2017-03-31T14:29:22","guid":{"rendered":"http:\/\/www.visit-ulcinj.com\/blog\/?p=103963"},"modified":"2017-04-04T17:41:02","modified_gmt":"2017-04-04T16:41:02","slug":"ulqin-perurohet-palestra-sportive-ne-natyre","status":"publish","type":"post","link":"https:\/\/www.visit-ulcinj.com\/blog\/2017\/03\/31\/ulqin-perurohet-palestra-sportive-ne-natyre\/","title":{"rendered":"Ulqin: P\u00ebrurohet palestra sportive n\u00eb natyr\u00eb + Foto + Video"},"content":{"rendered":"<p><a href=\"http:\/\/www.visit-ulcinj.com\/blog\/wp-content\/uploads\/2017\/03\/P\u00ebrurohet-palestra-sportive-n\u00eb-natyr\u00eb-Ulqin-4.jpg\"><img loading=\"lazy\" class=\"alignleft wp-image-103976\" src=\"http:\/\/www.visit-ulcinj.com\/blog\/wp-content\/uploads\/2017\/03\/P\u00ebrurohet-palestra-sportive-n\u00eb-natyr\u00eb-Ulqin-4.jpg\" alt=\"P\u00ebrurohet palestra sportive n\u00eb natyr\u00eb -Ulqin\" width=\"508\" height=\"381\" srcset=\"https:\/\/www.visit-ulcinj.com\/blog\/wp-content\/uploads\/2017\/03\/P\u00ebrurohet-palestra-sportive-n\u00eb-natyr\u00eb-Ulqin-4.jpg 823w, https:\/\/www.visit-ulcinj.com\/blog\/wp-content\/uploads\/2017\/03\/P\u00ebrurohet-palestra-sportive-n\u00eb-natyr\u00eb-Ulqin-4-300x225.jpg 300w, https:\/\/www.visit-ulcinj.com\/blog\/wp-content\/uploads\/2017\/03\/P\u00ebrurohet-palestra-sportive-n\u00eb-natyr\u00eb-Ulqin-4-768x576.jpg 768w\" sizes=\"(max-width: 508px) 100vw, 508px\" \/><\/a>Me rastin e dit\u00ebs s\u00eb Komun\u00ebs s\u00eb Ulqinit me 31.03.2017, \u00ebsht\u00eb b\u00ebr\u00eb hapja e palestr\u00ebs sportive n\u00eb natyr\u00eb q\u00eb \u00ebsht\u00eb e para n\u00eb qytetin ton\u00eb. Hapjen e kan\u00eb b\u00ebr\u00eb n\u00ebnkryetari i Komun\u00ebs Arian Murati dhe Drejtori i Organizat\u00ebs Turistike t\u00eb Ulqinit Mr Fuad Haxhibeti n\u00eb baz\u00eb t\u00eb Plan programit p\u00ebr vitin 2017. Kjo palest\u00ebr ndodhet n\u00eb shetitoren e Pyllit t\u00eb pishave, dhe \u00ebsht\u00eb e punuar dhe nd\u00ebrtuar q\u00eb t\u00eb jet\u00eb ne dispozicion t\u00eb gjith\u00eb qytetar\u00ebve q\u00eb koh\u00ebn e lir\u00eb e kalojn\u00eb me aktivitete rekreative dhe sportive. Punimet jan\u00eb b\u00ebre nga nd\u00ebrmarrja Explorer nga Podgorica.<\/p>\n<p>Nd\u00ebrtimi i k\u00ebsaj palestre \u00ebsht\u00eb i pari nd\u00ebr projektet q\u00eb Organizata Turistike e Ulqinit planifikon t\u00eb nd\u00ebrtoj\u00eb p\u00ebr k\u00ebt\u00eb sezon\u00eb turistike, sepse gur\u00eb themeli p\u00ebr vendpanoramat n\u00eb Valdanos dhe Shtegvash\u00eb \u00ebsht\u00eb vur\u00eb dhe menjiher pritet n\u00eb nd\u00ebrtimin e faz\u00ebs s\u00eb par\u00eb pas mbarimit t\u00eb procedurave nd\u00ebrtimore, tha drejtori i OT duke shtuar q\u00eb me k\u00ebto projekte Organizata Turistike ka japur p\u00ebrkrahjen e saj n\u00eb revitalizimin e k\u00ebtyre lokacioneve.<\/p>\n<p>Poashtu, gjat\u00eb k\u00ebtij muaji kemi prezentimet n\u00eb panairet rajonale t\u00eb Shkupit, Prishtin\u00ebs dhe Lukavacit.<\/p>\n<p>Sezoni veror 2017 zyrtarisht do t\u00eb filloje me manifestimin tradicional <strong>T\u00eb gjith\u00eb p\u00ebr turiz\u00ebm<\/strong> gjat\u00eb koh\u00ebs s\u00eb festave t\u00eb 1 majit, ku edhe pregaditjet kan\u00eb filluar.<\/p>\n<p><iframe loading=\"lazy\" frameborder=\"0\" width=\"508\" height=\"340\" src=\"\/\/www.dailymotion.com\/embed\/video\/x5gv99u?autoPlay=1\" allowfullscreen><\/iframe><\/p>\n\n\t\t<style type=\"text\/css\">\n\t\t\t#gallery-1 {\n\t\t\t\tmargin: auto;\n\t\t\t}\n\t\t\t#gallery-1 .gallery-item {\n\t\t\t\tfloat: left;\n\t\t\t\tmargin-top: 10px;\n\t\t\t\ttext-align: center;\n\t\t\t\twidth: 33%;\n\t\t\t}\n\t\t\t#gallery-1 img {\n\t\t\t\tborder: 2px solid #cfcfcf;\n\t\t\t}\n\t\t\t#gallery-1 .gallery-caption {\n\t\t\t\tmargin-left: 0;\n\t\t\t}\n\t\t\t\/* see gallery_shortcode() in wp-includes\/media.php *\/\n\t\t<\/style>\n\t\t<div id='gallery-1' class='gallery galleryid-103963 gallery-columns-3 gallery-size-thumbnail'><dl class='gallery-item'>\n\t\t\t<dt class='gallery-icon portrait'>\n\t\t\t\t<a href='https:\/\/www.visit-ulcinj.com\/blog\/2017\/03\/31\/ulqin-perurohet-palestra-sportive-ne-natyre\/perurohet-palestra-sportive-ne-natyre-ulqin-1-2\/'><img width=\"150\" height=\"150\" src=\"https:\/\/www.visit-ulcinj.com\/blog\/wp-content\/uploads\/2017\/03\/P\u00ebrurohet-palestra-sportive-n\u00eb-natyr\u00eb-Ulqin-1-1-150x150.jpg\" class=\"attachment-thumbnail size-thumbnail\" alt=\"\" loading=\"lazy\" \/><\/a>\n\t\t\t<\/dt><\/dl><dl class='gallery-item'>\n\t\t\t<dt class='gallery-icon portrait'>\n\t\t\t\t<a href='https:\/\/www.visit-ulcinj.com\/blog\/2017\/03\/31\/ulqin-perurohet-palestra-sportive-ne-natyre\/perurohet-palestra-sportive-ne-natyre-ulqin-2-2\/'><img width=\"150\" height=\"150\" src=\"https:\/\/www.visit-ulcinj.com\/blog\/wp-content\/uploads\/2017\/03\/P\u00ebrurohet-palestra-sportive-n\u00eb-natyr\u00eb-Ulqin-2-1-150x150.jpg\" class=\"attachment-thumbnail size-thumbnail\" alt=\"\" loading=\"lazy\" \/><\/a>\n\t\t\t<\/dt><\/dl><dl class='gallery-item'>\n\t\t\t<dt class='gallery-icon portrait'>\n\t\t\t\t<a href='https:\/\/www.visit-ulcinj.com\/blog\/2017\/03\/31\/ulqin-perurohet-palestra-sportive-ne-natyre\/perurohet-palestra-sportive-ne-natyre-ulqin-3-2\/'><img width=\"150\" height=\"150\" src=\"https:\/\/www.visit-ulcinj.com\/blog\/wp-content\/uploads\/2017\/03\/P\u00ebrurohet-palestra-sportive-n\u00eb-natyr\u00eb-Ulqin-3-1-150x150.jpg\" class=\"attachment-thumbnail size-thumbnail\" alt=\"\" loading=\"lazy\" \/><\/a>\n\t\t\t<\/dt><\/dl><br style=\"clear: both\" \/><dl class='gallery-item'>\n\t\t\t<dt class='gallery-icon landscape'>\n\t\t\t\t<a href='https:\/\/www.visit-ulcinj.com\/blog\/2017\/03\/31\/ulqin-perurohet-palestra-sportive-ne-natyre\/perurohet-palestra-sportive-ne-natyre-ulqin-4-2\/'><img width=\"150\" height=\"150\" src=\"https:\/\/www.visit-ulcinj.com\/blog\/wp-content\/uploads\/2017\/03\/P\u00ebrurohet-palestra-sportive-n\u00eb-natyr\u00eb-Ulqin-4-1-150x150.jpg\" class=\"attachment-thumbnail size-thumbnail\" alt=\"\" loading=\"lazy\" \/><\/a>\n\t\t\t<\/dt><\/dl><dl class='gallery-item'>\n\t\t\t<dt class='gallery-icon landscape'>\n\t\t\t\t<a href='https:\/\/www.visit-ulcinj.com\/blog\/2017\/03\/31\/ulqin-perurohet-palestra-sportive-ne-natyre\/perurohet-palestra-sportive-ne-natyre-ulqin-5\/'><img width=\"150\" height=\"150\" src=\"https:\/\/www.visit-ulcinj.com\/blog\/wp-content\/uploads\/2017\/03\/P\u00ebrurohet-palestra-sportive-n\u00eb-natyr\u00eb-Ulqin-5-150x150.jpg\" class=\"attachment-thumbnail size-thumbnail\" alt=\"\" loading=\"lazy\" \/><\/a>\n\t\t\t<\/dt><\/dl><dl class='gallery-item'>\n\t\t\t<dt class='gallery-icon landscape'>\n\t\t\t\t<a href='https:\/\/www.visit-ulcinj.com\/blog\/2017\/03\/31\/ulqin-perurohet-palestra-sportive-ne-natyre\/perurohet-palestra-sportive-ne-natyre-ulqin-6\/'><img width=\"150\" height=\"150\" src=\"https:\/\/www.visit-ulcinj.com\/blog\/wp-content\/uploads\/2017\/03\/P\u00ebrurohet-palestra-sportive-n\u00eb-natyr\u00eb-Ulqin-6-150x150.jpg\" class=\"attachment-thumbnail size-thumbnail\" alt=\"\" loading=\"lazy\" \/><\/a>\n\t\t\t<\/dt><\/dl><br style=\"clear: both\" \/><dl class='gallery-item'>\n\t\t\t<dt class='gallery-icon landscape'>\n\t\t\t\t<a href='https:\/\/www.visit-ulcinj.com\/blog\/2017\/03\/31\/ulqin-perurohet-palestra-sportive-ne-natyre\/perurohet-palestra-sportive-ne-natyre-ulqin-7\/'><img width=\"150\" height=\"150\" src=\"https:\/\/www.visit-ulcinj.com\/blog\/wp-content\/uploads\/2017\/03\/P\u00ebrurohet-palestra-sportive-n\u00eb-natyr\u00eb-Ulqin-7-150x150.jpg\" class=\"attachment-thumbnail size-thumbnail\" alt=\"\" loading=\"lazy\" \/><\/a>\n\t\t\t<\/dt><\/dl><dl class='gallery-item'>\n\t\t\t<dt class='gallery-icon landscape'>\n\t\t\t\t<a href='https:\/\/www.visit-ulcinj.com\/blog\/2017\/03\/31\/ulqin-perurohet-palestra-sportive-ne-natyre\/perurohet-palestra-sportive-ne-natyre-ulqin-8\/'><img width=\"150\" height=\"150\" src=\"https:\/\/www.visit-ulcinj.com\/blog\/wp-content\/uploads\/2017\/03\/P\u00ebrurohet-palestra-sportive-n\u00eb-natyr\u00eb-Ulqin-8-150x150.jpg\" class=\"attachment-thumbnail size-thumbnail\" alt=\"\" loading=\"lazy\" \/><\/a>\n\t\t\t<\/dt><\/dl><dl class='gallery-item'>\n\t\t\t<dt class='gallery-icon landscape'>\n\t\t\t\t<a href='https:\/\/www.visit-ulcinj.com\/blog\/2017\/03\/31\/ulqin-perurohet-palestra-sportive-ne-natyre\/perurohet-palestra-sportive-ne-natyre-ulqin-9\/'><img width=\"150\" height=\"150\" src=\"https:\/\/www.visit-ulcinj.com\/blog\/wp-content\/uploads\/2017\/03\/P\u00ebrurohet-palestra-sportive-n\u00eb-natyr\u00eb-Ulqin-9-150x150.jpg\" class=\"attachment-thumbnail size-thumbnail\" alt=\"\" loading=\"lazy\" \/><\/a>\n\t\t\t<\/dt><\/dl><br style=\"clear: both\" \/>\n\t\t<\/div>\n\n","protected":false},"excerpt":{"rendered":"<p>Me rastin e dit\u00ebs s\u00eb Komun\u00ebs s\u00eb Ulqinit me 31.03.2017, \u00ebsht\u00eb b\u00ebr\u00eb hapja e palestr\u00ebs sportive n\u00eb natyr\u00eb q\u00eb \u00ebsht\u00eb e para n\u00eb qytetin ton\u00eb. Hapjen e kan\u00eb b\u00ebr\u00eb n\u00ebnkryetari i Komun\u00ebs Arian Murati dhe Drejtori i Organizat\u00ebs Turistike t\u00eb Ulqinit Mr Fuad Haxhibeti n\u00eb baz\u00eb t\u00eb Plan programit p\u00ebr vitin 2017. Kjo palest\u00ebr ndodhet [&hellip;]<\/p>\n","protected":false},"author":1,"featured_media":0,"comment_status":"closed","ping_status":"closed","sticky":false,"template":"","format":"standard","meta":{"spay_email":"","jetpack_publicize_message":"","jetpack_is_tweetstorm":false,"jetpack_publicize_feature_enabled":true},"categories":[15],"tags":[],"jetpack_publicize_connections":[],"yoast_head":"<!-- This site is optimized with the Yoast SEO plugin v19.1 - https:\/\/yoast.com\/wordpress\/plugins\/seo\/ -->\n<title>Ulqin: P\u00ebrurohet palestra sportive n\u00eb natyr\u00eb + Foto + Video - Lajme nga Ulqini<\/title>\n<meta name=\"description\" content=\"Me rastin e dit\u00ebs s\u00eb Komun\u00ebs s\u00eb Ulqinit me 31.03.2017, \u00ebsht\u00eb b\u00ebr\u00eb hapja e palestr\u00ebs sportive n\u00eb natyr\u00eb q\u00eb \u00ebsht\u00eb e para n\u00eb qytetin ton\u00eb. Hapjen e kan\u00eb b\u00ebr\u00eb\" \/>\n<meta name=\"robots\" content=\"index, follow, max-snippet:-1, max-image-preview:large, max-video-preview:-1\" \/>\n<link rel=\"canonical\" href=\"https:\/\/www.visit-ulcinj.com\/blog\/2017\/03\/31\/ulqin-perurohet-palestra-sportive-ne-natyre\/\" \/>\n<meta property=\"og:locale\" content=\"en_US\" \/>\n<meta property=\"og:type\" content=\"article\" \/>\n<meta property=\"og:title\" content=\"Ulqin: P\u00ebrurohet palestra sportive n\u00eb natyr\u00eb + Foto + Video - Lajme nga Ulqini\" \/>\n<meta property=\"og:description\" content=\"Me rastin e dit\u00ebs s\u00eb Komun\u00ebs s\u00eb Ulqinit me 31.03.2017, \u00ebsht\u00eb b\u00ebr\u00eb hapja e palestr\u00ebs sportive n\u00eb natyr\u00eb q\u00eb \u00ebsht\u00eb e para n\u00eb qytetin ton\u00eb. Hapjen e kan\u00eb b\u00ebr\u00eb\" \/>\n<meta property=\"og:url\" content=\"https:\/\/www.visit-ulcinj.com\/blog\/2017\/03\/31\/ulqin-perurohet-palestra-sportive-ne-natyre\/\" \/>\n<meta property=\"og:site_name\" content=\"Lajme nga Ulqini\" \/>\n<meta property=\"article:published_time\" content=\"2017-03-31T14:29:22+00:00\" \/>\n<meta property=\"article:modified_time\" content=\"2017-04-04T16:41:02+00:00\" \/>\n<meta property=\"og:image\" content=\"https:\/\/www.visit-ulcinj.com\/blog\/wp-content\/uploads\/2017\/03\/P\u00ebrurohet-palestra-sportive-n\u00eb-natyr\u00eb-Ulqin-1-1-150x150.jpg\" \/>\n<meta name=\"twitter:label1\" content=\"Written by\" \/>\n\t<meta name=\"twitter:data1\" content=\"ulqini\" \/>\n\t<meta name=\"twitter:label2\" content=\"Est. reading time\" \/>\n\t<meta name=\"twitter:data2\" content=\"1 minute\" \/>\n<script type=\"application\/ld+json\" class=\"yoast-schema-graph\">{\"@context\":\"https:\/\/schema.org\",\"@graph\":[{\"@type\":\"WebSite\",\"@id\":\"https:\/\/www.visit-ulcinj.com\/blog\/#website\",\"url\":\"https:\/\/www.visit-ulcinj.com\/blog\/\",\"name\":\"Lajme nga Ulqini\",\"description\":\"Lajme,Vijesti,Ulqini,Ulqin,Crna Gora,Mali i Zi\",\"potentialAction\":[{\"@type\":\"SearchAction\",\"target\":{\"@type\":\"EntryPoint\",\"urlTemplate\":\"https:\/\/www.visit-ulcinj.com\/blog\/?s={search_term_string}\"},\"query-input\":\"required name=search_term_string\"}],\"inLanguage\":\"en-US\"},{\"@type\":\"WebPage\",\"@id\":\"https:\/\/www.visit-ulcinj.com\/blog\/2017\/03\/31\/ulqin-perurohet-palestra-sportive-ne-natyre\/#webpage\",\"url\":\"https:\/\/www.visit-ulcinj.com\/blog\/2017\/03\/31\/ulqin-perurohet-palestra-sportive-ne-natyre\/\",\"name\":\"Ulqin: P\u00ebrurohet palestra sportive n\u00eb natyr\u00eb + Foto + Video - Lajme nga Ulqini\",\"isPartOf\":{\"@id\":\"https:\/\/www.visit-ulcinj.com\/blog\/#website\"},\"datePublished\":\"2017-03-31T14:29:22+00:00\",\"dateModified\":\"2017-04-04T16:41:02+00:00\",\"author\":{\"@id\":\"https:\/\/www.visit-ulcinj.com\/blog\/#\/schema\/person\/dcab619c614d3038751c63bc2aadc06d\"},\"description\":\"Me rastin e dit\u00ebs s\u00eb Komun\u00ebs s\u00eb Ulqinit me 31.03.2017, \u00ebsht\u00eb b\u00ebr\u00eb hapja e palestr\u00ebs sportive n\u00eb natyr\u00eb q\u00eb \u00ebsht\u00eb e para n\u00eb qytetin ton\u00eb. Hapjen e kan\u00eb b\u00ebr\u00eb\",\"breadcrumb\":{\"@id\":\"https:\/\/www.visit-ulcinj.com\/blog\/2017\/03\/31\/ulqin-perurohet-palestra-sportive-ne-natyre\/#breadcrumb\"},\"inLanguage\":\"en-US\",\"potentialAction\":[{\"@type\":\"ReadAction\",\"target\":[\"https:\/\/www.visit-ulcinj.com\/blog\/2017\/03\/31\/ulqin-perurohet-palestra-sportive-ne-natyre\/\"]}]},{\"@type\":\"BreadcrumbList\",\"@id\":\"https:\/\/www.visit-ulcinj.com\/blog\/2017\/03\/31\/ulqin-perurohet-palestra-sportive-ne-natyre\/#breadcrumb\",\"itemListElement\":[{\"@type\":\"ListItem\",\"position\":1,\"name\":\"Ulqin: P\u00ebrurohet palestra sportive n\u00eb natyr\u00eb + Foto + Video\"}]},{\"@type\":\"Person\",\"@id\":\"https:\/\/www.visit-ulcinj.com\/blog\/#\/schema\/person\/dcab619c614d3038751c63bc2aadc06d\",\"name\":\"ulqini\",\"sameAs\":[\"http:\/\/www.visit-ulcinj.com\"],\"url\":\"https:\/\/www.visit-ulcinj.com\/blog\/author\/admin\/\"}]}<\/script>\n<!-- \/ Yoast SEO plugin. -->","yoast_head_json":{"title":"Ulqin: P\u00ebrurohet palestra sportive n\u00eb natyr\u00eb + Foto + Video - Lajme nga Ulqini","description":"Me rastin e dit\u00ebs s\u00eb Komun\u00ebs s\u00eb Ulqinit me 31.03.2017, \u00ebsht\u00eb b\u00ebr\u00eb hapja e palestr\u00ebs sportive n\u00eb natyr\u00eb q\u00eb \u00ebsht\u00eb e para n\u00eb qytetin ton\u00eb. Hapjen e kan\u00eb b\u00ebr\u00eb","robots":{"index":"index","follow":"follow","max-snippet":"max-snippet:-1","max-image-preview":"max-image-preview:large","max-video-preview":"max-video-preview:-1"},"canonical":"https:\/\/www.visit-ulcinj.com\/blog\/2017\/03\/31\/ulqin-perurohet-palestra-sportive-ne-natyre\/","og_locale":"en_US","og_type":"article","og_title":"Ulqin: P\u00ebrurohet palestra sportive n\u00eb natyr\u00eb + Foto + Video - Lajme nga Ulqini","og_description":"Me rastin e dit\u00ebs s\u00eb Komun\u00ebs s\u00eb Ulqinit me 31.03.2017, \u00ebsht\u00eb b\u00ebr\u00eb hapja e palestr\u00ebs sportive n\u00eb natyr\u00eb q\u00eb \u00ebsht\u00eb e para n\u00eb qytetin ton\u00eb. Hapjen e kan\u00eb b\u00ebr\u00eb","og_url":"https:\/\/www.visit-ulcinj.com\/blog\/2017\/03\/31\/ulqin-perurohet-palestra-sportive-ne-natyre\/","og_site_name":"Lajme nga Ulqini","article_published_time":"2017-03-31T14:29:22+00:00","article_modified_time":"2017-04-04T16:41:02+00:00","og_image":[{"url":"https:\/\/www.visit-ulcinj.com\/blog\/wp-content\/uploads\/2017\/03\/P\u00ebrurohet-palestra-sportive-n\u00eb-natyr\u00eb-Ulqin-1-1-150x150.jpg"}],"twitter_misc":{"Written by":"ulqini","Est. reading time":"1 minute"},"schema":{"@context":"https:\/\/schema.org","@graph":[{"@type":"WebSite","@id":"https:\/\/www.visit-ulcinj.com\/blog\/#website","url":"https:\/\/www.visit-ulcinj.com\/blog\/","name":"Lajme nga Ulqini","description":"Lajme,Vijesti,Ulqini,Ulqin,Crna Gora,Mali i Zi","potentialAction":[{"@type":"SearchAction","target":{"@type":"EntryPoint","urlTemplate":"https:\/\/www.visit-ulcinj.com\/blog\/?s={search_term_string}"},"query-input":"required name=search_term_string"}],"inLanguage":"en-US"},{"@type":"WebPage","@id":"https:\/\/www.visit-ulcinj.com\/blog\/2017\/03\/31\/ulqin-perurohet-palestra-sportive-ne-natyre\/#webpage","url":"https:\/\/www.visit-ulcinj.com\/blog\/2017\/03\/31\/ulqin-perurohet-palestra-sportive-ne-natyre\/","name":"Ulqin: P\u00ebrurohet palestra sportive n\u00eb natyr\u00eb + Foto + Video - Lajme nga Ulqini","isPartOf":{"@id":"https:\/\/www.visit-ulcinj.com\/blog\/#website"},"datePublished":"2017-03-31T14:29:22+00:00","dateModified":"2017-04-04T16:41:02+00:00","author":{"@id":"https:\/\/www.visit-ulcinj.com\/blog\/#\/schema\/person\/dcab619c614d3038751c63bc2aadc06d"},"description":"Me rastin e dit\u00ebs s\u00eb Komun\u00ebs s\u00eb Ulqinit me 31.03.2017, \u00ebsht\u00eb b\u00ebr\u00eb hapja e palestr\u00ebs sportive n\u00eb natyr\u00eb q\u00eb \u00ebsht\u00eb e para n\u00eb qytetin ton\u00eb. Hapjen e kan\u00eb b\u00ebr\u00eb","breadcrumb":{"@id":"https:\/\/www.visit-ulcinj.com\/blog\/2017\/03\/31\/ulqin-perurohet-palestra-sportive-ne-natyre\/#breadcrumb"},"inLanguage":"en-US","potentialAction":[{"@type":"ReadAction","target":["https:\/\/www.visit-ulcinj.com\/blog\/2017\/03\/31\/ulqin-perurohet-palestra-sportive-ne-natyre\/"]}]},{"@type":"BreadcrumbList","@id":"https:\/\/www.visit-ulcinj.com\/blog\/2017\/03\/31\/ulqin-perurohet-palestra-sportive-ne-natyre\/#breadcrumb","itemListElement":[{"@type":"ListItem","position":1,"name":"Ulqin: P\u00ebrurohet palestra sportive n\u00eb natyr\u00eb + Foto + Video"}]},{"@type":"Person","@id":"https:\/\/www.visit-ulcinj.com\/blog\/#\/schema\/person\/dcab619c614d3038751c63bc2aadc06d","name":"ulqini","sameAs":["http:\/\/www.visit-ulcinj.com"],"url":"https:\/\/www.visit-ulcinj.com\/blog\/author\/admin\/"}]}},"jetpack_featured_media_url":"","jetpack_sharing_enabled":true,"jetpack_shortlink":"https:\/\/wp.me\/pe6lTn-r2P","_links":{"self":[{"href":"https:\/\/www.visit-ulcinj.com\/blog\/wp-json\/wp\/v2\/posts\/103963"}],"collection":[{"href":"https:\/\/www.visit-ulcinj.com\/blog\/wp-json\/wp\/v2\/posts"}],"about":[{"href":"https:\/\/www.visit-ulcinj.com\/blog\/wp-json\/wp\/v2\/types\/post"}],"author":[{"embeddable":true,"href":"https:\/\/www.visit-ulcinj.com\/blog\/wp-json\/wp\/v2\/users\/1"}],"replies":[{"embeddable":true,"href":"https:\/\/www.visit-ulcinj.com\/blog\/wp-json\/wp\/v2\/comments?post=103963"}],"version-history":[{"count":5,"href":"https:\/\/www.visit-ulcinj.com\/blog\/wp-json\/wp\/v2\/posts\/103963\/revisions"}],"predecessor-version":[{"id":104166,"href":"https:\/\/www.visit-ulcinj.com\/blog\/wp-json\/wp\/v2\/posts\/103963\/revisions\/104166"}],"wp:attachment":[{"href":"https:\/\/www.visit-ulcinj.com\/blog\/wp-json\/wp\/v2\/media?parent=103963"}],"wp:term":[{"taxonomy":"category","embeddable":true,"href":"https:\/\/www.visit-ulcinj.com\/blog\/wp-json\/wp\/v2\/categories?post=103963"},{"taxonomy":"post_tag","embeddable":true,"href":"https:\/\/www.visit-ulcinj.com\/blog\/wp-json\/wp\/v2\/tags?post=103963"}],"curies":[{"name":"wp","href":"https:\/\/api.w.org\/{rel}","templated":true}]}}