{"id":103989,"date":"2017-03-31T17:14:41","date_gmt":"2017-03-31T16:14:41","guid":{"rendered":"http:\/\/www.visit-ulcinj.com\/blog\/?p=103989"},"modified":"2017-03-31T17:17:39","modified_gmt":"2017-03-31T16:17:39","slug":"ulcinj-otvaranje-teretane-u-prirodi","status":"publish","type":"post","link":"https:\/\/www.visit-ulcinj.com\/blog\/2017\/03\/31\/ulcinj-otvaranje-teretane-u-prirodi\/","title":{"rendered":"Ulcinj: Otvaranje teretane u prirodi + Foto"},"content":{"rendered":"<p><a href=\"http:\/\/www.visit-ulcinj.com\/blog\/wp-content\/uploads\/2017\/03\/P\u00ebrurohet-palestra-sportive-n\u00eb-natyr\u00eb-Ulqin-4-1.jpg\"><img loading=\"lazy\" class=\"alignleft wp-image-103980\" src=\"http:\/\/www.visit-ulcinj.com\/blog\/wp-content\/uploads\/2017\/03\/P\u00ebrurohet-palestra-sportive-n\u00eb-natyr\u00eb-Ulqin-4-1.jpg\" alt=\"P\u00ebrurohet palestra sportive n\u00eb natyr\u00eb -Ulqin-4\" width=\"508\" height=\"338\" srcset=\"https:\/\/www.visit-ulcinj.com\/blog\/wp-content\/uploads\/2017\/03\/P\u00ebrurohet-palestra-sportive-n\u00eb-natyr\u00eb-Ulqin-4-1.jpg 926w, https:\/\/www.visit-ulcinj.com\/blog\/wp-content\/uploads\/2017\/03\/P\u00ebrurohet-palestra-sportive-n\u00eb-natyr\u00eb-Ulqin-4-1-300x200.jpg 300w, https:\/\/www.visit-ulcinj.com\/blog\/wp-content\/uploads\/2017\/03\/P\u00ebrurohet-palestra-sportive-n\u00eb-natyr\u00eb-Ulqin-4-1-768x512.jpg 768w\" sizes=\"(max-width: 508px) 100vw, 508px\" \/><\/a>Povodom dana Op\u0161tine Ulcinj, dana 31.03.2017.godine otvorena je prva teretana u prirodi u na\u0161em gradu, a teretanu su otvorili Potpredsjednik Op\u0161tine Arian Murati i Direktor TO Ulcinj Mr Fuad Had\u017eibeti shodno Plan programu za 2017.godinu. Izvo\u0111a\u010d radova teretane je renomirana firma Explorer Doo iz Podgorice. Teretana se nalazi na \u0161etali\u0161tu borove \u0161ume izme\u0111u pla\u017ee Sapore di mare i \u017eenske pla\u017ee. Prilago\u0111ena je i pristupa\u010dna svim pje\u0161a\u010dima i gra\u0111anima koji slobodno vrijeme koriste za rekreativne aktivnosti.<\/p>\n<p>Izgradnja teretane je prva u nizu projekata koje Turisti\u010dka Organizacija Ulcinj planira za ovogodi\u0161nju turisti\u010dku sezonu, jer kamen temeljac za vidikovce u Valdanosu i \u0160tegva\u0161i su ve\u0107 postavljeni i \u010deka se sa po\u010detkom igradnje nakon svih zavr\u0161enih procedura, rekao je direktor TO Ulcinj g.Had\u017eibeti dodaju\u0107i da TO Ulcinj ovim projektima daje svoj doprinos revitalizaciji ovih rejona.<\/p>\n<p>Tako\u0111e, u toku su pripreme za prezentaciju turisti\u010dke ponude na sajmovima regiona i to u Skoplju, Pri\u0161tini i Lukavcu.<\/p>\n<p>Ljetnja turisti\u010dka sezona 2017 \u0107e zvani\u010dno po\u010deti tradicionalnom manifestacijom <strong>Svi za turizam<\/strong> za vrijeme prvo majskih praznika, \u010dije su pripreme ve\u0107 uveliko po\u010dele.<\/p>\n\n\t\t<style type=\"text\/css\">\n\t\t\t#gallery-1 {\n\t\t\t\tmargin: auto;\n\t\t\t}\n\t\t\t#gallery-1 .gallery-item {\n\t\t\t\tfloat: left;\n\t\t\t\tmargin-top: 10px;\n\t\t\t\ttext-align: center;\n\t\t\t\twidth: 33%;\n\t\t\t}\n\t\t\t#gallery-1 img {\n\t\t\t\tborder: 2px solid #cfcfcf;\n\t\t\t}\n\t\t\t#gallery-1 .gallery-caption {\n\t\t\t\tmargin-left: 0;\n\t\t\t}\n\t\t\t\/* see gallery_shortcode() in wp-includes\/media.php *\/\n\t\t<\/style>\n\t\t<div id='gallery-1' class='gallery galleryid-103989 gallery-columns-3 gallery-size-thumbnail'><dl class='gallery-item'>\n\t\t\t<dt class='gallery-icon landscape'>\n\t\t\t\t<a href='https:\/\/www.visit-ulcinj.com\/blog\/2017\/03\/31\/ulqin-perurohet-palestra-sportive-ne-natyre\/perurohet-palestra-sportive-ne-natyre-ulqin-8\/'><img width=\"150\" height=\"150\" src=\"https:\/\/www.visit-ulcinj.com\/blog\/wp-content\/uploads\/2017\/03\/P\u00ebrurohet-palestra-sportive-n\u00eb-natyr\u00eb-Ulqin-8-150x150.jpg\" class=\"attachment-thumbnail size-thumbnail\" alt=\"\" loading=\"lazy\" \/><\/a>\n\t\t\t<\/dt><\/dl><dl class='gallery-item'>\n\t\t\t<dt class='gallery-icon landscape'>\n\t\t\t\t<a href='https:\/\/www.visit-ulcinj.com\/blog\/2017\/03\/31\/ulqin-perurohet-palestra-sportive-ne-natyre\/perurohet-palestra-sportive-ne-natyre-ulqin-9\/'><img width=\"150\" height=\"150\" src=\"https:\/\/www.visit-ulcinj.com\/blog\/wp-content\/uploads\/2017\/03\/P\u00ebrurohet-palestra-sportive-n\u00eb-natyr\u00eb-Ulqin-9-150x150.jpg\" class=\"attachment-thumbnail size-thumbnail\" alt=\"\" loading=\"lazy\" \/><\/a>\n\t\t\t<\/dt><\/dl><dl class='gallery-item'>\n\t\t\t<dt class='gallery-icon landscape'>\n\t\t\t\t<a href='https:\/\/www.visit-ulcinj.com\/blog\/2017\/03\/31\/ulqin-perurohet-palestra-sportive-ne-natyre\/perurohet-palestra-sportive-ne-natyre-ulqin-7\/'><img width=\"150\" height=\"150\" src=\"https:\/\/www.visit-ulcinj.com\/blog\/wp-content\/uploads\/2017\/03\/P\u00ebrurohet-palestra-sportive-n\u00eb-natyr\u00eb-Ulqin-7-150x150.jpg\" class=\"attachment-thumbnail size-thumbnail\" alt=\"\" loading=\"lazy\" \/><\/a>\n\t\t\t<\/dt><\/dl><br style=\"clear: both\" \/><dl class='gallery-item'>\n\t\t\t<dt class='gallery-icon landscape'>\n\t\t\t\t<a href='https:\/\/www.visit-ulcinj.com\/blog\/2017\/03\/31\/ulqin-perurohet-palestra-sportive-ne-natyre\/perurohet-palestra-sportive-ne-natyre-ulqin-6\/'><img width=\"150\" height=\"150\" src=\"https:\/\/www.visit-ulcinj.com\/blog\/wp-content\/uploads\/2017\/03\/P\u00ebrurohet-palestra-sportive-n\u00eb-natyr\u00eb-Ulqin-6-150x150.jpg\" class=\"attachment-thumbnail size-thumbnail\" alt=\"\" loading=\"lazy\" \/><\/a>\n\t\t\t<\/dt><\/dl><dl class='gallery-item'>\n\t\t\t<dt class='gallery-icon landscape'>\n\t\t\t\t<a href='https:\/\/www.visit-ulcinj.com\/blog\/2017\/03\/31\/ulqin-perurohet-palestra-sportive-ne-natyre\/perurohet-palestra-sportive-ne-natyre-ulqin-5\/'><img width=\"150\" height=\"150\" src=\"https:\/\/www.visit-ulcinj.com\/blog\/wp-content\/uploads\/2017\/03\/P\u00ebrurohet-palestra-sportive-n\u00eb-natyr\u00eb-Ulqin-5-150x150.jpg\" class=\"attachment-thumbnail size-thumbnail\" alt=\"\" loading=\"lazy\" \/><\/a>\n\t\t\t<\/dt><\/dl><dl class='gallery-item'>\n\t\t\t<dt class='gallery-icon portrait'>\n\t\t\t\t<a href='https:\/\/www.visit-ulcinj.com\/blog\/2017\/03\/31\/ulqin-perurohet-palestra-sportive-ne-natyre\/perurohet-palestra-sportive-ne-natyre-ulqin-3-2\/'><img width=\"150\" height=\"150\" src=\"https:\/\/www.visit-ulcinj.com\/blog\/wp-content\/uploads\/2017\/03\/P\u00ebrurohet-palestra-sportive-n\u00eb-natyr\u00eb-Ulqin-3-1-150x150.jpg\" class=\"attachment-thumbnail size-thumbnail\" alt=\"\" loading=\"lazy\" \/><\/a>\n\t\t\t<\/dt><\/dl><br style=\"clear: both\" \/><dl class='gallery-item'>\n\t\t\t<dt class='gallery-icon portrait'>\n\t\t\t\t<a href='https:\/\/www.visit-ulcinj.com\/blog\/2017\/03\/31\/ulqin-perurohet-palestra-sportive-ne-natyre\/perurohet-palestra-sportive-ne-natyre-ulqin-2-2\/'><img width=\"150\" height=\"150\" src=\"https:\/\/www.visit-ulcinj.com\/blog\/wp-content\/uploads\/2017\/03\/P\u00ebrurohet-palestra-sportive-n\u00eb-natyr\u00eb-Ulqin-2-1-150x150.jpg\" class=\"attachment-thumbnail size-thumbnail\" alt=\"\" loading=\"lazy\" \/><\/a>\n\t\t\t<\/dt><\/dl><dl class='gallery-item'>\n\t\t\t<dt class='gallery-icon portrait'>\n\t\t\t\t<a href='https:\/\/www.visit-ulcinj.com\/blog\/2017\/03\/31\/ulqin-perurohet-palestra-sportive-ne-natyre\/perurohet-palestra-sportive-ne-natyre-ulqin-1-2\/'><img width=\"150\" height=\"150\" src=\"https:\/\/www.visit-ulcinj.com\/blog\/wp-content\/uploads\/2017\/03\/P\u00ebrurohet-palestra-sportive-n\u00eb-natyr\u00eb-Ulqin-1-1-150x150.jpg\" class=\"attachment-thumbnail size-thumbnail\" alt=\"\" loading=\"lazy\" \/><\/a>\n\t\t\t<\/dt><\/dl><dl class='gallery-item'>\n\t\t\t<dt class='gallery-icon landscape'>\n\t\t\t\t<a href='https:\/\/www.visit-ulcinj.com\/blog\/2017\/03\/31\/ulqin-perurohet-palestra-sportive-ne-natyre\/perurohet-palestra-sportive-ne-natyre-ulqin-4\/'><img width=\"150\" height=\"150\" src=\"https:\/\/www.visit-ulcinj.com\/blog\/wp-content\/uploads\/2017\/03\/P\u00ebrurohet-palestra-sportive-n\u00eb-natyr\u00eb-Ulqin-4-150x150.jpg\" class=\"attachment-thumbnail size-thumbnail\" alt=\"\" loading=\"lazy\" \/><\/a>\n\t\t\t<\/dt><\/dl><br style=\"clear: both\" \/>\n\t\t<\/div>\n\n","protected":false},"excerpt":{"rendered":"<p>Povodom dana Op\u0161tine Ulcinj, dana 31.03.2017.godine otvorena je prva teretana u prirodi u na\u0161em gradu, a teretanu su otvorili Potpredsjednik Op\u0161tine Arian Murati i Direktor TO Ulcinj Mr Fuad Had\u017eibeti shodno Plan programu za 2017.godinu. Izvo\u0111a\u010d radova teretane je renomirana firma Explorer Doo iz Podgorice. Teretana se nalazi na \u0161etali\u0161tu borove \u0161ume izme\u0111u pla\u017ee Sapore [&hellip;]<\/p>\n","protected":false},"author":1,"featured_media":0,"comment_status":"closed","ping_status":"closed","sticky":false,"template":"","format":"standard","meta":{"spay_email":"","jetpack_publicize_message":"","jetpack_is_tweetstorm":false,"jetpack_publicize_feature_enabled":true},"categories":[8337],"tags":[],"jetpack_publicize_connections":[],"yoast_head":"<!-- This site is optimized with the Yoast SEO plugin v19.1 - https:\/\/yoast.com\/wordpress\/plugins\/seo\/ -->\n<title>Ulcinj: Otvaranje teretane u prirodi + Foto - Lajme nga Ulqini<\/title>\n<meta name=\"description\" content=\"Povodom dana Op\u0161tine Ulcinj, dana 31.03.2017.godine otvorena je prva teretana u prirodi u na\u0161em gradu, a teretanu su otvorili Potpredsjednik Op\u0161tine Arian\" \/>\n<meta name=\"robots\" content=\"index, follow, max-snippet:-1, max-image-preview:large, max-video-preview:-1\" \/>\n<link rel=\"canonical\" href=\"https:\/\/www.visit-ulcinj.com\/blog\/2017\/03\/31\/ulcinj-otvaranje-teretane-u-prirodi\/\" \/>\n<meta property=\"og:locale\" content=\"en_US\" \/>\n<meta property=\"og:type\" content=\"article\" \/>\n<meta property=\"og:title\" content=\"Ulcinj: Otvaranje teretane u prirodi + Foto - Lajme nga Ulqini\" \/>\n<meta property=\"og:description\" content=\"Povodom dana Op\u0161tine Ulcinj, dana 31.03.2017.godine otvorena je prva teretana u prirodi u na\u0161em gradu, a teretanu su otvorili Potpredsjednik Op\u0161tine Arian\" \/>\n<meta property=\"og:url\" content=\"https:\/\/www.visit-ulcinj.com\/blog\/2017\/03\/31\/ulcinj-otvaranje-teretane-u-prirodi\/\" \/>\n<meta property=\"og:site_name\" content=\"Lajme nga Ulqini\" \/>\n<meta property=\"article:published_time\" content=\"2017-03-31T16:14:41+00:00\" \/>\n<meta property=\"article:modified_time\" content=\"2017-03-31T16:17:39+00:00\" \/>\n<meta property=\"og:image\" content=\"https:\/\/www.visit-ulcinj.com\/blog\/wp-content\/uploads\/2017\/03\/P\u00ebrurohet-palestra-sportive-n\u00eb-natyr\u00eb-Ulqin-8-150x150.jpg\" \/>\n<meta name=\"twitter:label1\" content=\"Written by\" \/>\n\t<meta name=\"twitter:data1\" content=\"ulqini\" \/>\n\t<meta name=\"twitter:label2\" content=\"Est. reading time\" \/>\n\t<meta name=\"twitter:data2\" content=\"1 minute\" \/>\n<script type=\"application\/ld+json\" class=\"yoast-schema-graph\">{\"@context\":\"https:\/\/schema.org\",\"@graph\":[{\"@type\":\"WebSite\",\"@id\":\"https:\/\/www.visit-ulcinj.com\/blog\/#website\",\"url\":\"https:\/\/www.visit-ulcinj.com\/blog\/\",\"name\":\"Lajme nga Ulqini\",\"description\":\"Lajme,Vijesti,Ulqini,Ulqin,Crna Gora,Mali i Zi\",\"potentialAction\":[{\"@type\":\"SearchAction\",\"target\":{\"@type\":\"EntryPoint\",\"urlTemplate\":\"https:\/\/www.visit-ulcinj.com\/blog\/?s={search_term_string}\"},\"query-input\":\"required name=search_term_string\"}],\"inLanguage\":\"en-US\"},{\"@type\":\"WebPage\",\"@id\":\"https:\/\/www.visit-ulcinj.com\/blog\/2017\/03\/31\/ulcinj-otvaranje-teretane-u-prirodi\/#webpage\",\"url\":\"https:\/\/www.visit-ulcinj.com\/blog\/2017\/03\/31\/ulcinj-otvaranje-teretane-u-prirodi\/\",\"name\":\"Ulcinj: Otvaranje teretane u prirodi + Foto - Lajme nga Ulqini\",\"isPartOf\":{\"@id\":\"https:\/\/www.visit-ulcinj.com\/blog\/#website\"},\"datePublished\":\"2017-03-31T16:14:41+00:00\",\"dateModified\":\"2017-03-31T16:17:39+00:00\",\"author\":{\"@id\":\"https:\/\/www.visit-ulcinj.com\/blog\/#\/schema\/person\/dcab619c614d3038751c63bc2aadc06d\"},\"description\":\"Povodom dana Op\u0161tine Ulcinj, dana 31.03.2017.godine otvorena je prva teretana u prirodi u na\u0161em gradu, a teretanu su otvorili Potpredsjednik Op\u0161tine Arian\",\"breadcrumb\":{\"@id\":\"https:\/\/www.visit-ulcinj.com\/blog\/2017\/03\/31\/ulcinj-otvaranje-teretane-u-prirodi\/#breadcrumb\"},\"inLanguage\":\"en-US\",\"potentialAction\":[{\"@type\":\"ReadAction\",\"target\":[\"https:\/\/www.visit-ulcinj.com\/blog\/2017\/03\/31\/ulcinj-otvaranje-teretane-u-prirodi\/\"]}]},{\"@type\":\"BreadcrumbList\",\"@id\":\"https:\/\/www.visit-ulcinj.com\/blog\/2017\/03\/31\/ulcinj-otvaranje-teretane-u-prirodi\/#breadcrumb\",\"itemListElement\":[{\"@type\":\"ListItem\",\"position\":1,\"name\":\"Ulcinj: Otvaranje teretane u prirodi + Foto\"}]},{\"@type\":\"Person\",\"@id\":\"https:\/\/www.visit-ulcinj.com\/blog\/#\/schema\/person\/dcab619c614d3038751c63bc2aadc06d\",\"name\":\"ulqini\",\"sameAs\":[\"http:\/\/www.visit-ulcinj.com\"],\"url\":\"https:\/\/www.visit-ulcinj.com\/blog\/author\/admin\/\"}]}<\/script>\n<!-- \/ Yoast SEO plugin. -->","yoast_head_json":{"title":"Ulcinj: Otvaranje teretane u prirodi + Foto - Lajme nga Ulqini","description":"Povodom dana Op\u0161tine Ulcinj, dana 31.03.2017.godine otvorena je prva teretana u prirodi u na\u0161em gradu, a teretanu su otvorili Potpredsjednik Op\u0161tine Arian","robots":{"index":"index","follow":"follow","max-snippet":"max-snippet:-1","max-image-preview":"max-image-preview:large","max-video-preview":"max-video-preview:-1"},"canonical":"https:\/\/www.visit-ulcinj.com\/blog\/2017\/03\/31\/ulcinj-otvaranje-teretane-u-prirodi\/","og_locale":"en_US","og_type":"article","og_title":"Ulcinj: Otvaranje teretane u prirodi + Foto - Lajme nga Ulqini","og_description":"Povodom dana Op\u0161tine Ulcinj, dana 31.03.2017.godine otvorena je prva teretana u prirodi u na\u0161em gradu, a teretanu su otvorili Potpredsjednik Op\u0161tine Arian","og_url":"https:\/\/www.visit-ulcinj.com\/blog\/2017\/03\/31\/ulcinj-otvaranje-teretane-u-prirodi\/","og_site_name":"Lajme nga Ulqini","article_published_time":"2017-03-31T16:14:41+00:00","article_modified_time":"2017-03-31T16:17:39+00:00","og_image":[{"url":"https:\/\/www.visit-ulcinj.com\/blog\/wp-content\/uploads\/2017\/03\/P\u00ebrurohet-palestra-sportive-n\u00eb-natyr\u00eb-Ulqin-8-150x150.jpg"}],"twitter_misc":{"Written by":"ulqini","Est. reading time":"1 minute"},"schema":{"@context":"https:\/\/schema.org","@graph":[{"@type":"WebSite","@id":"https:\/\/www.visit-ulcinj.com\/blog\/#website","url":"https:\/\/www.visit-ulcinj.com\/blog\/","name":"Lajme nga Ulqini","description":"Lajme,Vijesti,Ulqini,Ulqin,Crna Gora,Mali i Zi","potentialAction":[{"@type":"SearchAction","target":{"@type":"EntryPoint","urlTemplate":"https:\/\/www.visit-ulcinj.com\/blog\/?s={search_term_string}"},"query-input":"required name=search_term_string"}],"inLanguage":"en-US"},{"@type":"WebPage","@id":"https:\/\/www.visit-ulcinj.com\/blog\/2017\/03\/31\/ulcinj-otvaranje-teretane-u-prirodi\/#webpage","url":"https:\/\/www.visit-ulcinj.com\/blog\/2017\/03\/31\/ulcinj-otvaranje-teretane-u-prirodi\/","name":"Ulcinj: Otvaranje teretane u prirodi + Foto - Lajme nga Ulqini","isPartOf":{"@id":"https:\/\/www.visit-ulcinj.com\/blog\/#website"},"datePublished":"2017-03-31T16:14:41+00:00","dateModified":"2017-03-31T16:17:39+00:00","author":{"@id":"https:\/\/www.visit-ulcinj.com\/blog\/#\/schema\/person\/dcab619c614d3038751c63bc2aadc06d"},"description":"Povodom dana Op\u0161tine Ulcinj, dana 31.03.2017.godine otvorena je prva teretana u prirodi u na\u0161em gradu, a teretanu su otvorili Potpredsjednik Op\u0161tine Arian","breadcrumb":{"@id":"https:\/\/www.visit-ulcinj.com\/blog\/2017\/03\/31\/ulcinj-otvaranje-teretane-u-prirodi\/#breadcrumb"},"inLanguage":"en-US","potentialAction":[{"@type":"ReadAction","target":["https:\/\/www.visit-ulcinj.com\/blog\/2017\/03\/31\/ulcinj-otvaranje-teretane-u-prirodi\/"]}]},{"@type":"BreadcrumbList","@id":"https:\/\/www.visit-ulcinj.com\/blog\/2017\/03\/31\/ulcinj-otvaranje-teretane-u-prirodi\/#breadcrumb","itemListElement":[{"@type":"ListItem","position":1,"name":"Ulcinj: Otvaranje teretane u prirodi + Foto"}]},{"@type":"Person","@id":"https:\/\/www.visit-ulcinj.com\/blog\/#\/schema\/person\/dcab619c614d3038751c63bc2aadc06d","name":"ulqini","sameAs":["http:\/\/www.visit-ulcinj.com"],"url":"https:\/\/www.visit-ulcinj.com\/blog\/author\/admin\/"}]}},"jetpack_featured_media_url":"","jetpack_sharing_enabled":true,"jetpack_shortlink":"https:\/\/wp.me\/pe6lTn-r3f","_links":{"self":[{"href":"https:\/\/www.visit-ulcinj.com\/blog\/wp-json\/wp\/v2\/posts\/103989"}],"collection":[{"href":"https:\/\/www.visit-ulcinj.com\/blog\/wp-json\/wp\/v2\/posts"}],"about":[{"href":"https:\/\/www.visit-ulcinj.com\/blog\/wp-json\/wp\/v2\/types\/post"}],"author":[{"embeddable":true,"href":"https:\/\/www.visit-ulcinj.com\/blog\/wp-json\/wp\/v2\/users\/1"}],"replies":[{"embeddable":true,"href":"https:\/\/www.visit-ulcinj.com\/blog\/wp-json\/wp\/v2\/comments?post=103989"}],"version-history":[{"count":2,"href":"https:\/\/www.visit-ulcinj.com\/blog\/wp-json\/wp\/v2\/posts\/103989\/revisions"}],"predecessor-version":[{"id":103991,"href":"https:\/\/www.visit-ulcinj.com\/blog\/wp-json\/wp\/v2\/posts\/103989\/revisions\/103991"}],"wp:attachment":[{"href":"https:\/\/www.visit-ulcinj.com\/blog\/wp-json\/wp\/v2\/media?parent=103989"}],"wp:term":[{"taxonomy":"category","embeddable":true,"href":"https:\/\/www.visit-ulcinj.com\/blog\/wp-json\/wp\/v2\/categories?post=103989"},{"taxonomy":"post_tag","embeddable":true,"href":"https:\/\/www.visit-ulcinj.com\/blog\/wp-json\/wp\/v2\/tags?post=103989"}],"curies":[{"name":"wp","href":"https:\/\/api.w.org\/{rel}","templated":true}]}}