{"id":103992,"date":"2017-03-31T22:23:45","date_gmt":"2017-03-31T21:23:45","guid":{"rendered":"http:\/\/www.visit-ulcinj.com\/blog\/?p=103992"},"modified":"2017-04-01T12:01:47","modified_gmt":"2017-04-01T11:01:47","slug":"ne-fund-rruga-krythe-ulqin-te-behet-ne-2017","status":"publish","type":"post","link":"https:\/\/www.visit-ulcinj.com\/blog\/2017\/03\/31\/ne-fund-rruga-krythe-ulqin-te-behet-ne-2017\/","title":{"rendered":"M\u00eb n\u00eb fund, rruga Kryth\u00eb &#8211; Ulqin do t\u00eb b\u00ebhet n\u00eb 2017"},"content":{"rendered":"<p class=\"row-big-title\"><strong><a href=\"http:\/\/www.visit-ulcinj.com\/blog\/wp-content\/uploads\/2017\/03\/Dushko-Markovic-NazifCungu-Loro-Nrekic-Rruga-Krythe-Ulqin.jpg\"><img loading=\"lazy\" class=\"alignleft wp-image-103993\" src=\"http:\/\/www.visit-ulcinj.com\/blog\/wp-content\/uploads\/2017\/03\/Dushko-Markovic-NazifCungu-Loro-Nrekic-Rruga-Krythe-Ulqin.jpg\" alt=\"Dushko Markovic-NazifCungu-Loro Nrekic-Rruga Krythe-Ulqin\" width=\"508\" height=\"338\" srcset=\"https:\/\/www.visit-ulcinj.com\/blog\/wp-content\/uploads\/2017\/03\/Dushko-Markovic-NazifCungu-Loro-Nrekic-Rruga-Krythe-Ulqin.jpg 1002w, https:\/\/www.visit-ulcinj.com\/blog\/wp-content\/uploads\/2017\/03\/Dushko-Markovic-NazifCungu-Loro-Nrekic-Rruga-Krythe-Ulqin-300x199.jpg 300w, https:\/\/www.visit-ulcinj.com\/blog\/wp-content\/uploads\/2017\/03\/Dushko-Markovic-NazifCungu-Loro-Nrekic-Rruga-Krythe-Ulqin-768x510.jpg 768w\" sizes=\"(max-width: 508px) 100vw, 508px\" \/><\/a>Rruga Kryth\u00eb &#8211; Ulqin prioritet i qeveris\u00eb dhe Komun\u00ebs s\u00eb Ulqinit p\u00ebr vitin 2017<\/strong><\/p>\n<p><strong><span class=\"st\">Rruga do t\u00eb jet\u00eb me standarde bashk\u00ebkohore dhe rritje t\u00eb ndjeshme t\u00eb siguris\u00eb s\u00eb qarkullimit rrugor, me vler\u00eb prej <\/span>9.5 milion euro n\u00eb investime kapitale p\u00ebr zhvillimin e infrastuktur\u00ebn rrugore n\u00eb territorin\u00eb e Komun\u00ebs s\u00eb Ulqinit m\u00eb t\u00eb cilat do p\u00ebrfundohet\u00a0 rruga Kryth\u00eb &#8211; Ulqini , leht\u00ebsimi i procedurave n\u00eb dogana,\u00a0 racionalizim i administrat\u00ebs lokale n\u00ebp\u00ebrmjet rritjes s\u00eb efikasitetit\u00a0 si dhe rregullimi i infrastuktur\u00ebs komunale si kusht p\u00ebr fillimin e investimeve ishin temat q\u00eb Kryeministri i Malit t\u00eb Zi Dushko Markoviq bisedoi m\u00eb Kryetarin e Komun\u00ebs s\u00eb Ulqinit Nazif Cungu dhe Kryetarin e Kuvendit Loro Nrekiq.<\/strong><\/p>\n<p>Ky takim miq\u00ebsore q\u00eb vjen n\u00eb kuad\u00ebr t\u00eb dit\u00ebs s\u00eb fest\u00ebs s\u00eb Ulqinit, Kryeminstri Dushko Markoviq uroi t\u00eb gjith\u00eb qytetar\u00ebt dhe udh\u00ebheq\u00ebsit e Komun\u00ebs s\u00eb Ulqinit , sa m\u00eb shum\u00eb zhvillim dhe prosperitet n\u00eb t\u00eb mir\u00eb t\u00eb gjith\u00eb qytetar\u00ebve.<\/p>\n<p>Kryetari Cungu theksoi nevoj\u00ebn p\u00ebr rritjen e kapaciteteve hoteliere, me \u00e7\u2019rast u cek interesimi i kompanive me renome europiane si Karizma dhe TUI t\u00eb cilat d\u00ebshirojn\u00eb t\u00eb investojn\u00eb n\u00eb Rivier\u00ebn e Ulqinit.<\/p>\n<p>Kryetari Cungu dhe Nrekiq kan\u00eb p\u00ebrs\u00ebritur nevoj\u00ebn e zgjidhjes s\u00eb problemit t\u00eb nd\u00ebrtimit t\u00eb eg\u00ebr n\u00eb hap\u00ebsir\u00ebn e komun\u00ebs s\u00eb Ulqinit dhe kushtet t\u00eb cilat jan\u00eb krijuar pas miratimit t\u00eb Planit hap\u00ebsinor, si parakusht p\u00ebr rregullimin e k\u00ebtij problem.<\/p>\n<p>Cungu potencoi interesimin e lart\u00eb t\u00eb investitor\u00ebve t\u00eb huaj p\u00ebr Ulqinin dhe besimin q\u00eb qeverisja\u00a0 lokale mund t\u00eb siguroj m\u00eb mb\u00ebshtetjen e diaspor\u00ebs p\u00ebr zhvillimin e Ulqinit.<\/p>\n<p><a href=\"http:\/\/www.visit-ulcinj.com\/blog\/wp-content\/uploads\/2017\/03\/Dushko-Markovic-NazifCungu-Loro-Nrekic-Rruga-Krythe-Ulqin-2.jpg\"><img loading=\"lazy\" class=\"alignleft wp-image-103996\" src=\"http:\/\/www.visit-ulcinj.com\/blog\/wp-content\/uploads\/2017\/03\/Dushko-Markovic-NazifCungu-Loro-Nrekic-Rruga-Krythe-Ulqin-2.jpg\" alt=\"Dushko Markovic-NazifCungu-Loro Nrekic-Rruga Krythe-Ulqin-2\" width=\"508\" height=\"338\" srcset=\"https:\/\/www.visit-ulcinj.com\/blog\/wp-content\/uploads\/2017\/03\/Dushko-Markovic-NazifCungu-Loro-Nrekic-Rruga-Krythe-Ulqin-2.jpg 999w, https:\/\/www.visit-ulcinj.com\/blog\/wp-content\/uploads\/2017\/03\/Dushko-Markovic-NazifCungu-Loro-Nrekic-Rruga-Krythe-Ulqin-2-300x199.jpg 300w, https:\/\/www.visit-ulcinj.com\/blog\/wp-content\/uploads\/2017\/03\/Dushko-Markovic-NazifCungu-Loro-Nrekic-Rruga-Krythe-Ulqin-2-768x510.jpg 768w\" sizes=\"(max-width: 508px) 100vw, 508px\" \/><\/a> <a href=\"http:\/\/www.visit-ulcinj.com\/blog\/wp-content\/uploads\/2017\/03\/Dushko-Markovic-NazifCungu-Loro-Nrekic-Rruga-Krythe-Ulqin-3.jpg\"><img loading=\"lazy\" class=\"alignleft wp-image-103997\" src=\"http:\/\/www.visit-ulcinj.com\/blog\/wp-content\/uploads\/2017\/03\/Dushko-Markovic-NazifCungu-Loro-Nrekic-Rruga-Krythe-Ulqin-3.jpg\" alt=\"Dushko Markovic-NazifCungu-Loro Nrekic-Rruga Krythe-Ulqin-3\" width=\"508\" height=\"338\" srcset=\"https:\/\/www.visit-ulcinj.com\/blog\/wp-content\/uploads\/2017\/03\/Dushko-Markovic-NazifCungu-Loro-Nrekic-Rruga-Krythe-Ulqin-3.jpg 999w, https:\/\/www.visit-ulcinj.com\/blog\/wp-content\/uploads\/2017\/03\/Dushko-Markovic-NazifCungu-Loro-Nrekic-Rruga-Krythe-Ulqin-3-300x199.jpg 300w, https:\/\/www.visit-ulcinj.com\/blog\/wp-content\/uploads\/2017\/03\/Dushko-Markovic-NazifCungu-Loro-Nrekic-Rruga-Krythe-Ulqin-3-768x510.jpg 768w\" sizes=\"(max-width: 508px) 100vw, 508px\" \/><\/a><\/p>\n<p class=\"row-big-title\">\n","protected":false},"excerpt":{"rendered":"<p>Rruga Kryth\u00eb &#8211; Ulqin prioritet i qeveris\u00eb dhe Komun\u00ebs s\u00eb Ulqinit p\u00ebr vitin 2017 Rruga do t\u00eb jet\u00eb me standarde bashk\u00ebkohore dhe rritje t\u00eb ndjeshme t\u00eb siguris\u00eb s\u00eb qarkullimit rrugor, me vler\u00eb prej 9.5 milion euro n\u00eb investime kapitale p\u00ebr zhvillimin e infrastuktur\u00ebn rrugore n\u00eb territorin\u00eb e Komun\u00ebs s\u00eb Ulqinit m\u00eb t\u00eb cilat do p\u00ebrfundohet\u00a0 [&hellip;]<\/p>\n","protected":false},"author":1,"featured_media":0,"comment_status":"closed","ping_status":"closed","sticky":false,"template":"","format":"standard","meta":{"spay_email":"","jetpack_publicize_message":"","jetpack_is_tweetstorm":false,"jetpack_publicize_feature_enabled":true},"categories":[1],"tags":[],"jetpack_publicize_connections":[],"yoast_head":"<!-- This site is optimized with the Yoast SEO plugin v19.1 - https:\/\/yoast.com\/wordpress\/plugins\/seo\/ -->\n<title>M\u00eb n\u00eb fund, rruga Kryth\u00eb - Ulqin do t\u00eb b\u00ebhet n\u00eb 2017 - Lajme nga Ulqini<\/title>\n<meta name=\"description\" content=\"Rruga Kryth\u00eb - Ulqin prioritet i qeveris\u00eb dhe Komun\u00ebs s\u00eb Ulqinit p\u00ebr vitin 2017 Rruga do t\u00eb jet\u00eb me standarde bashk\u00ebkohore dhe rritje t\u00eb ndjeshme t\u00eb\" \/>\n<meta name=\"robots\" content=\"index, follow, max-snippet:-1, max-image-preview:large, max-video-preview:-1\" \/>\n<link rel=\"canonical\" href=\"https:\/\/www.visit-ulcinj.com\/blog\/2017\/03\/31\/ne-fund-rruga-krythe-ulqin-te-behet-ne-2017\/\" \/>\n<meta property=\"og:locale\" content=\"en_US\" \/>\n<meta property=\"og:type\" content=\"article\" \/>\n<meta property=\"og:title\" content=\"M\u00eb n\u00eb fund, rruga Kryth\u00eb - Ulqin do t\u00eb b\u00ebhet n\u00eb 2017 - Lajme nga Ulqini\" \/>\n<meta property=\"og:description\" content=\"Rruga Kryth\u00eb - Ulqin prioritet i qeveris\u00eb dhe Komun\u00ebs s\u00eb Ulqinit p\u00ebr vitin 2017 Rruga do t\u00eb jet\u00eb me standarde bashk\u00ebkohore dhe rritje t\u00eb ndjeshme t\u00eb\" \/>\n<meta property=\"og:url\" content=\"https:\/\/www.visit-ulcinj.com\/blog\/2017\/03\/31\/ne-fund-rruga-krythe-ulqin-te-behet-ne-2017\/\" \/>\n<meta property=\"og:site_name\" content=\"Lajme nga Ulqini\" \/>\n<meta property=\"article:published_time\" content=\"2017-03-31T21:23:45+00:00\" \/>\n<meta property=\"article:modified_time\" content=\"2017-04-01T11:01:47+00:00\" \/>\n<meta property=\"og:image\" content=\"http:\/\/www.visit-ulcinj.com\/blog\/wp-content\/uploads\/2017\/03\/Dushko-Markovic-NazifCungu-Loro-Nrekic-Rruga-Krythe-Ulqin.jpg\" \/>\n<meta name=\"twitter:label1\" content=\"Written by\" \/>\n\t<meta name=\"twitter:data1\" content=\"ulqini\" \/>\n\t<meta name=\"twitter:label2\" content=\"Est. reading time\" \/>\n\t<meta name=\"twitter:data2\" content=\"1 minute\" \/>\n<script type=\"application\/ld+json\" class=\"yoast-schema-graph\">{\"@context\":\"https:\/\/schema.org\",\"@graph\":[{\"@type\":\"WebSite\",\"@id\":\"https:\/\/www.visit-ulcinj.com\/blog\/#website\",\"url\":\"https:\/\/www.visit-ulcinj.com\/blog\/\",\"name\":\"Lajme nga Ulqini\",\"description\":\"Lajme,Vijesti,Ulqini,Ulqin,Crna Gora,Mali i Zi\",\"potentialAction\":[{\"@type\":\"SearchAction\",\"target\":{\"@type\":\"EntryPoint\",\"urlTemplate\":\"https:\/\/www.visit-ulcinj.com\/blog\/?s={search_term_string}\"},\"query-input\":\"required name=search_term_string\"}],\"inLanguage\":\"en-US\"},{\"@type\":\"ImageObject\",\"inLanguage\":\"en-US\",\"@id\":\"https:\/\/www.visit-ulcinj.com\/blog\/2017\/03\/31\/ne-fund-rruga-krythe-ulqin-te-behet-ne-2017\/#primaryimage\",\"url\":\"https:\/\/www.visit-ulcinj.com\/blog\/wp-content\/uploads\/2017\/03\/Dushko-Markovic-NazifCungu-Loro-Nrekic-Rruga-Krythe-Ulqin.jpg\",\"contentUrl\":\"https:\/\/www.visit-ulcinj.com\/blog\/wp-content\/uploads\/2017\/03\/Dushko-Markovic-NazifCungu-Loro-Nrekic-Rruga-Krythe-Ulqin.jpg\",\"width\":1002,\"height\":666},{\"@type\":\"WebPage\",\"@id\":\"https:\/\/www.visit-ulcinj.com\/blog\/2017\/03\/31\/ne-fund-rruga-krythe-ulqin-te-behet-ne-2017\/#webpage\",\"url\":\"https:\/\/www.visit-ulcinj.com\/blog\/2017\/03\/31\/ne-fund-rruga-krythe-ulqin-te-behet-ne-2017\/\",\"name\":\"M\u00eb n\u00eb fund, rruga Kryth\u00eb - Ulqin do t\u00eb b\u00ebhet n\u00eb 2017 - Lajme nga Ulqini\",\"isPartOf\":{\"@id\":\"https:\/\/www.visit-ulcinj.com\/blog\/#website\"},\"primaryImageOfPage\":{\"@id\":\"https:\/\/www.visit-ulcinj.com\/blog\/2017\/03\/31\/ne-fund-rruga-krythe-ulqin-te-behet-ne-2017\/#primaryimage\"},\"datePublished\":\"2017-03-31T21:23:45+00:00\",\"dateModified\":\"2017-04-01T11:01:47+00:00\",\"author\":{\"@id\":\"https:\/\/www.visit-ulcinj.com\/blog\/#\/schema\/person\/dcab619c614d3038751c63bc2aadc06d\"},\"description\":\"Rruga Kryth\u00eb - Ulqin prioritet i qeveris\u00eb dhe Komun\u00ebs s\u00eb Ulqinit p\u00ebr vitin 2017 Rruga do t\u00eb jet\u00eb me standarde bashk\u00ebkohore dhe rritje t\u00eb ndjeshme t\u00eb\",\"breadcrumb\":{\"@id\":\"https:\/\/www.visit-ulcinj.com\/blog\/2017\/03\/31\/ne-fund-rruga-krythe-ulqin-te-behet-ne-2017\/#breadcrumb\"},\"inLanguage\":\"en-US\",\"potentialAction\":[{\"@type\":\"ReadAction\",\"target\":[\"https:\/\/www.visit-ulcinj.com\/blog\/2017\/03\/31\/ne-fund-rruga-krythe-ulqin-te-behet-ne-2017\/\"]}]},{\"@type\":\"BreadcrumbList\",\"@id\":\"https:\/\/www.visit-ulcinj.com\/blog\/2017\/03\/31\/ne-fund-rruga-krythe-ulqin-te-behet-ne-2017\/#breadcrumb\",\"itemListElement\":[{\"@type\":\"ListItem\",\"position\":1,\"name\":\"M\u00eb n\u00eb fund, rruga Kryth\u00eb &#8211; Ulqin do t\u00eb b\u00ebhet n\u00eb 2017\"}]},{\"@type\":\"Person\",\"@id\":\"https:\/\/www.visit-ulcinj.com\/blog\/#\/schema\/person\/dcab619c614d3038751c63bc2aadc06d\",\"name\":\"ulqini\",\"sameAs\":[\"http:\/\/www.visit-ulcinj.com\"],\"url\":\"https:\/\/www.visit-ulcinj.com\/blog\/author\/admin\/\"}]}<\/script>\n<!-- \/ Yoast SEO plugin. -->","yoast_head_json":{"title":"M\u00eb n\u00eb fund, rruga Kryth\u00eb - Ulqin do t\u00eb b\u00ebhet n\u00eb 2017 - Lajme nga Ulqini","description":"Rruga Kryth\u00eb - Ulqin prioritet i qeveris\u00eb dhe Komun\u00ebs s\u00eb Ulqinit p\u00ebr vitin 2017 Rruga do t\u00eb jet\u00eb me standarde bashk\u00ebkohore dhe rritje t\u00eb ndjeshme t\u00eb","robots":{"index":"index","follow":"follow","max-snippet":"max-snippet:-1","max-image-preview":"max-image-preview:large","max-video-preview":"max-video-preview:-1"},"canonical":"https:\/\/www.visit-ulcinj.com\/blog\/2017\/03\/31\/ne-fund-rruga-krythe-ulqin-te-behet-ne-2017\/","og_locale":"en_US","og_type":"article","og_title":"M\u00eb n\u00eb fund, rruga Kryth\u00eb - Ulqin do t\u00eb b\u00ebhet n\u00eb 2017 - Lajme nga Ulqini","og_description":"Rruga Kryth\u00eb - Ulqin prioritet i qeveris\u00eb dhe Komun\u00ebs s\u00eb Ulqinit p\u00ebr vitin 2017 Rruga do t\u00eb jet\u00eb me standarde bashk\u00ebkohore dhe rritje t\u00eb ndjeshme t\u00eb","og_url":"https:\/\/www.visit-ulcinj.com\/blog\/2017\/03\/31\/ne-fund-rruga-krythe-ulqin-te-behet-ne-2017\/","og_site_name":"Lajme nga Ulqini","article_published_time":"2017-03-31T21:23:45+00:00","article_modified_time":"2017-04-01T11:01:47+00:00","og_image":[{"url":"http:\/\/www.visit-ulcinj.com\/blog\/wp-content\/uploads\/2017\/03\/Dushko-Markovic-NazifCungu-Loro-Nrekic-Rruga-Krythe-Ulqin.jpg"}],"twitter_misc":{"Written by":"ulqini","Est. reading time":"1 minute"},"schema":{"@context":"https:\/\/schema.org","@graph":[{"@type":"WebSite","@id":"https:\/\/www.visit-ulcinj.com\/blog\/#website","url":"https:\/\/www.visit-ulcinj.com\/blog\/","name":"Lajme nga Ulqini","description":"Lajme,Vijesti,Ulqini,Ulqin,Crna Gora,Mali i Zi","potentialAction":[{"@type":"SearchAction","target":{"@type":"EntryPoint","urlTemplate":"https:\/\/www.visit-ulcinj.com\/blog\/?s={search_term_string}"},"query-input":"required name=search_term_string"}],"inLanguage":"en-US"},{"@type":"ImageObject","inLanguage":"en-US","@id":"https:\/\/www.visit-ulcinj.com\/blog\/2017\/03\/31\/ne-fund-rruga-krythe-ulqin-te-behet-ne-2017\/#primaryimage","url":"https:\/\/www.visit-ulcinj.com\/blog\/wp-content\/uploads\/2017\/03\/Dushko-Markovic-NazifCungu-Loro-Nrekic-Rruga-Krythe-Ulqin.jpg","contentUrl":"https:\/\/www.visit-ulcinj.com\/blog\/wp-content\/uploads\/2017\/03\/Dushko-Markovic-NazifCungu-Loro-Nrekic-Rruga-Krythe-Ulqin.jpg","width":1002,"height":666},{"@type":"WebPage","@id":"https:\/\/www.visit-ulcinj.com\/blog\/2017\/03\/31\/ne-fund-rruga-krythe-ulqin-te-behet-ne-2017\/#webpage","url":"https:\/\/www.visit-ulcinj.com\/blog\/2017\/03\/31\/ne-fund-rruga-krythe-ulqin-te-behet-ne-2017\/","name":"M\u00eb n\u00eb fund, rruga Kryth\u00eb - Ulqin do t\u00eb b\u00ebhet n\u00eb 2017 - Lajme nga Ulqini","isPartOf":{"@id":"https:\/\/www.visit-ulcinj.com\/blog\/#website"},"primaryImageOfPage":{"@id":"https:\/\/www.visit-ulcinj.com\/blog\/2017\/03\/31\/ne-fund-rruga-krythe-ulqin-te-behet-ne-2017\/#primaryimage"},"datePublished":"2017-03-31T21:23:45+00:00","dateModified":"2017-04-01T11:01:47+00:00","author":{"@id":"https:\/\/www.visit-ulcinj.com\/blog\/#\/schema\/person\/dcab619c614d3038751c63bc2aadc06d"},"description":"Rruga Kryth\u00eb - Ulqin prioritet i qeveris\u00eb dhe Komun\u00ebs s\u00eb Ulqinit p\u00ebr vitin 2017 Rruga do t\u00eb jet\u00eb me standarde bashk\u00ebkohore dhe rritje t\u00eb ndjeshme t\u00eb","breadcrumb":{"@id":"https:\/\/www.visit-ulcinj.com\/blog\/2017\/03\/31\/ne-fund-rruga-krythe-ulqin-te-behet-ne-2017\/#breadcrumb"},"inLanguage":"en-US","potentialAction":[{"@type":"ReadAction","target":["https:\/\/www.visit-ulcinj.com\/blog\/2017\/03\/31\/ne-fund-rruga-krythe-ulqin-te-behet-ne-2017\/"]}]},{"@type":"BreadcrumbList","@id":"https:\/\/www.visit-ulcinj.com\/blog\/2017\/03\/31\/ne-fund-rruga-krythe-ulqin-te-behet-ne-2017\/#breadcrumb","itemListElement":[{"@type":"ListItem","position":1,"name":"M\u00eb n\u00eb fund, rruga Kryth\u00eb &#8211; Ulqin do t\u00eb b\u00ebhet n\u00eb 2017"}]},{"@type":"Person","@id":"https:\/\/www.visit-ulcinj.com\/blog\/#\/schema\/person\/dcab619c614d3038751c63bc2aadc06d","name":"ulqini","sameAs":["http:\/\/www.visit-ulcinj.com"],"url":"https:\/\/www.visit-ulcinj.com\/blog\/author\/admin\/"}]}},"jetpack_featured_media_url":"","jetpack_sharing_enabled":true,"jetpack_shortlink":"https:\/\/wp.me\/pe6lTn-r3i","_links":{"self":[{"href":"https:\/\/www.visit-ulcinj.com\/blog\/wp-json\/wp\/v2\/posts\/103992"}],"collection":[{"href":"https:\/\/www.visit-ulcinj.com\/blog\/wp-json\/wp\/v2\/posts"}],"about":[{"href":"https:\/\/www.visit-ulcinj.com\/blog\/wp-json\/wp\/v2\/types\/post"}],"author":[{"embeddable":true,"href":"https:\/\/www.visit-ulcinj.com\/blog\/wp-json\/wp\/v2\/users\/1"}],"replies":[{"embeddable":true,"href":"https:\/\/www.visit-ulcinj.com\/blog\/wp-json\/wp\/v2\/comments?post=103992"}],"version-history":[{"count":3,"href":"https:\/\/www.visit-ulcinj.com\/blog\/wp-json\/wp\/v2\/posts\/103992\/revisions"}],"predecessor-version":[{"id":103998,"href":"https:\/\/www.visit-ulcinj.com\/blog\/wp-json\/wp\/v2\/posts\/103992\/revisions\/103998"}],"wp:attachment":[{"href":"https:\/\/www.visit-ulcinj.com\/blog\/wp-json\/wp\/v2\/media?parent=103992"}],"wp:term":[{"taxonomy":"category","embeddable":true,"href":"https:\/\/www.visit-ulcinj.com\/blog\/wp-json\/wp\/v2\/categories?post=103992"},{"taxonomy":"post_tag","embeddable":true,"href":"https:\/\/www.visit-ulcinj.com\/blog\/wp-json\/wp\/v2\/tags?post=103992"}],"curies":[{"name":"wp","href":"https:\/\/api.w.org\/{rel}","templated":true}]}}