{"id":104002,"date":"2017-04-01T15:43:48","date_gmt":"2017-04-01T14:43:48","guid":{"rendered":"http:\/\/www.visit-ulcinj.com\/blog\/?p=104002"},"modified":"2017-04-02T11:21:12","modified_gmt":"2017-04-02T10:21:12","slug":"ufo-ne-ulqin-ja-fotoja-qe-ka-pushtuar-rrjetet-sociale-sejdo-ismaili","status":"publish","type":"post","link":"https:\/\/www.visit-ulcinj.com\/blog\/2017\/04\/01\/ufo-ne-ulqin-ja-fotoja-qe-ka-pushtuar-rrjetet-sociale-sejdo-ismaili\/","title":{"rendered":"UFO n\u00eb Ulqin? Ja fotoja q\u00eb ka pushtuar rrjetet sociale &#8211; Sejdo Ismaili"},"content":{"rendered":"<p><a href=\"http:\/\/www.visit-ulcinj.com\/blog\/wp-content\/uploads\/2017\/04\/UFO-n\u00eb-Ulqin-Ja-fotoja-q\u00eb-ka-pushtuar-rrjetet-sociale.jpg\"><img loading=\"lazy\" class=\"alignleft wp-image-104003\" src=\"http:\/\/www.visit-ulcinj.com\/blog\/wp-content\/uploads\/2017\/04\/UFO-n\u00eb-Ulqin-Ja-fotoja-q\u00eb-ka-pushtuar-rrjetet-sociale.jpg\" alt=\"UFO n\u00eb Ulqin- Ja fotoja q\u00eb ka pushtuar rrjetet sociale\" width=\"508\" height=\"292\" srcset=\"https:\/\/www.visit-ulcinj.com\/blog\/wp-content\/uploads\/2017\/04\/UFO-n\u00eb-Ulqin-Ja-fotoja-q\u00eb-ka-pushtuar-rrjetet-sociale.jpg 596w, https:\/\/www.visit-ulcinj.com\/blog\/wp-content\/uploads\/2017\/04\/UFO-n\u00eb-Ulqin-Ja-fotoja-q\u00eb-ka-pushtuar-rrjetet-sociale-300x172.jpg 300w\" sizes=\"(max-width: 508px) 100vw, 508px\" \/><\/a>Video <strong>Ulqini Trailer<\/strong> ka pushtuar rrjetet sociale t\u00eb Facebookut nga kamermani dhe fotografi i njohur Sejdo Ismaili. Sipas Sejdo Ismailit UFO-T nga anija kozmike jan ulur n\u00eb qytetin e Ulqinit p\u00ebr ta vizituar dhe ti shikojn planet, dhe zhvillimin hapsinor dhe ekonomik t\u00eb komun\u00ebs s\u00eb Ulqinit.<\/p>\n<p>N\u00eb video <strong>Ulqini Trailer<\/strong> shifet se UFO-T kishin ber\u00eb luft n\u00eb <strong>\u201eKino Salla\u201c<\/strong>, ku ato e kishin sulmuar objektin n\u00eb fjal\u00eb dhe e kishin shkatruar deri n\u00eb temelin e saj.<\/p>\n<p>Nd\u00ebrsa ne gjithe e dim\u00eb se b\u00ebhet fjal\u00eb p\u00ebr nj\u00eb fotomontazh\u00eb dhe se ky \u00ebsht\u00eb aplikacion i gatsh\u00ebm n\u00eb programet e internetit.<\/p>\n<p><iframe loading=\"lazy\" style=\"border: none; overflow: hidden;\" src=\"https:\/\/www.facebook.com\/plugins\/video.php?href=https%3A%2F%2Fwww.facebook.com%2Fsejdo.ismaili%2Fvideos%2Fvb.842313990%2F10155102364833991%2F%3Ftype%3D3&amp;show_text=0&amp;width=508\" width=\"508\" height=\"360\" frameborder=\"0\" scrolling=\"no\" allowfullscreen=\"allowfullscreen\"><\/iframe><\/p>\n","protected":false},"excerpt":{"rendered":"<p>Video Ulqini Trailer ka pushtuar rrjetet sociale t\u00eb Facebookut nga kamermani dhe fotografi i njohur Sejdo Ismaili. Sipas Sejdo Ismailit UFO-T nga anija kozmike jan ulur n\u00eb qytetin e Ulqinit p\u00ebr ta vizituar dhe ti shikojn planet, dhe zhvillimin hapsinor dhe ekonomik t\u00eb komun\u00ebs s\u00eb Ulqinit. N\u00eb video Ulqini Trailer shifet se UFO-T kishin ber\u00eb [&hellip;]<\/p>\n","protected":false},"author":1,"featured_media":0,"comment_status":"closed","ping_status":"closed","sticky":false,"template":"","format":"standard","meta":{"spay_email":"","jetpack_publicize_message":"","jetpack_is_tweetstorm":false,"jetpack_publicize_feature_enabled":true},"categories":[6950,14],"tags":[],"jetpack_publicize_connections":[],"yoast_head":"<!-- This site is optimized with the Yoast SEO plugin v19.1 - https:\/\/yoast.com\/wordpress\/plugins\/seo\/ -->\n<title>UFO n\u00eb Ulqin? Ja fotoja q\u00eb ka pushtuar rrjetet sociale - Sejdo Ismaili - Lajme nga Ulqini<\/title>\n<meta name=\"description\" content=\"Video Ulqini Trailer ka pushtuar rrjetet sociale t\u00eb Facebookut nga kamermani dhe fotografi i njohur Sejdo Ismaili. Sipas Sejdo Ismailit UFO-T nga anija\" \/>\n<meta name=\"robots\" content=\"index, follow, max-snippet:-1, max-image-preview:large, max-video-preview:-1\" \/>\n<link rel=\"canonical\" href=\"https:\/\/www.visit-ulcinj.com\/blog\/2017\/04\/01\/ufo-ne-ulqin-ja-fotoja-qe-ka-pushtuar-rrjetet-sociale-sejdo-ismaili\/\" \/>\n<meta property=\"og:locale\" content=\"en_US\" \/>\n<meta property=\"og:type\" content=\"article\" \/>\n<meta property=\"og:title\" content=\"UFO n\u00eb Ulqin? Ja fotoja q\u00eb ka pushtuar rrjetet sociale - Sejdo Ismaili - Lajme nga Ulqini\" \/>\n<meta property=\"og:description\" content=\"Video Ulqini Trailer ka pushtuar rrjetet sociale t\u00eb Facebookut nga kamermani dhe fotografi i njohur Sejdo Ismaili. Sipas Sejdo Ismailit UFO-T nga anija\" \/>\n<meta property=\"og:url\" content=\"https:\/\/www.visit-ulcinj.com\/blog\/2017\/04\/01\/ufo-ne-ulqin-ja-fotoja-qe-ka-pushtuar-rrjetet-sociale-sejdo-ismaili\/\" \/>\n<meta property=\"og:site_name\" content=\"Lajme nga Ulqini\" \/>\n<meta property=\"article:published_time\" content=\"2017-04-01T14:43:48+00:00\" \/>\n<meta property=\"article:modified_time\" content=\"2017-04-02T10:21:12+00:00\" \/>\n<meta name=\"twitter:label1\" content=\"Written by\" \/>\n\t<meta name=\"twitter:data1\" content=\"ulqini\" \/>\n\t<meta name=\"twitter:label2\" content=\"Est. reading time\" \/>\n\t<meta name=\"twitter:data2\" content=\"1 minute\" \/>\n<script type=\"application\/ld+json\" class=\"yoast-schema-graph\">{\"@context\":\"https:\/\/schema.org\",\"@graph\":[{\"@type\":\"WebSite\",\"@id\":\"https:\/\/www.visit-ulcinj.com\/blog\/#website\",\"url\":\"https:\/\/www.visit-ulcinj.com\/blog\/\",\"name\":\"Lajme nga Ulqini\",\"description\":\"Lajme,Vijesti,Ulqini,Ulqin,Crna Gora,Mali i Zi\",\"potentialAction\":[{\"@type\":\"SearchAction\",\"target\":{\"@type\":\"EntryPoint\",\"urlTemplate\":\"https:\/\/www.visit-ulcinj.com\/blog\/?s={search_term_string}\"},\"query-input\":\"required name=search_term_string\"}],\"inLanguage\":\"en-US\"},{\"@type\":\"WebPage\",\"@id\":\"https:\/\/www.visit-ulcinj.com\/blog\/2017\/04\/01\/ufo-ne-ulqin-ja-fotoja-qe-ka-pushtuar-rrjetet-sociale-sejdo-ismaili\/#webpage\",\"url\":\"https:\/\/www.visit-ulcinj.com\/blog\/2017\/04\/01\/ufo-ne-ulqin-ja-fotoja-qe-ka-pushtuar-rrjetet-sociale-sejdo-ismaili\/\",\"name\":\"UFO n\u00eb Ulqin? Ja fotoja q\u00eb ka pushtuar rrjetet sociale - Sejdo Ismaili - Lajme nga Ulqini\",\"isPartOf\":{\"@id\":\"https:\/\/www.visit-ulcinj.com\/blog\/#website\"},\"datePublished\":\"2017-04-01T14:43:48+00:00\",\"dateModified\":\"2017-04-02T10:21:12+00:00\",\"author\":{\"@id\":\"https:\/\/www.visit-ulcinj.com\/blog\/#\/schema\/person\/dcab619c614d3038751c63bc2aadc06d\"},\"description\":\"Video Ulqini Trailer ka pushtuar rrjetet sociale t\u00eb Facebookut nga kamermani dhe fotografi i njohur Sejdo Ismaili. Sipas Sejdo Ismailit UFO-T nga anija\",\"breadcrumb\":{\"@id\":\"https:\/\/www.visit-ulcinj.com\/blog\/2017\/04\/01\/ufo-ne-ulqin-ja-fotoja-qe-ka-pushtuar-rrjetet-sociale-sejdo-ismaili\/#breadcrumb\"},\"inLanguage\":\"en-US\",\"potentialAction\":[{\"@type\":\"ReadAction\",\"target\":[\"https:\/\/www.visit-ulcinj.com\/blog\/2017\/04\/01\/ufo-ne-ulqin-ja-fotoja-qe-ka-pushtuar-rrjetet-sociale-sejdo-ismaili\/\"]}]},{\"@type\":\"BreadcrumbList\",\"@id\":\"https:\/\/www.visit-ulcinj.com\/blog\/2017\/04\/01\/ufo-ne-ulqin-ja-fotoja-qe-ka-pushtuar-rrjetet-sociale-sejdo-ismaili\/#breadcrumb\",\"itemListElement\":[{\"@type\":\"ListItem\",\"position\":1,\"name\":\"UFO n\u00eb Ulqin? Ja fotoja q\u00eb ka pushtuar rrjetet sociale &#8211; Sejdo Ismaili\"}]},{\"@type\":\"Person\",\"@id\":\"https:\/\/www.visit-ulcinj.com\/blog\/#\/schema\/person\/dcab619c614d3038751c63bc2aadc06d\",\"name\":\"ulqini\",\"sameAs\":[\"http:\/\/www.visit-ulcinj.com\"],\"url\":\"https:\/\/www.visit-ulcinj.com\/blog\/author\/admin\/\"}]}<\/script>\n<!-- \/ Yoast SEO plugin. -->","yoast_head_json":{"title":"UFO n\u00eb Ulqin? Ja fotoja q\u00eb ka pushtuar rrjetet sociale - Sejdo Ismaili - Lajme nga Ulqini","description":"Video Ulqini Trailer ka pushtuar rrjetet sociale t\u00eb Facebookut nga kamermani dhe fotografi i njohur Sejdo Ismaili. Sipas Sejdo Ismailit UFO-T nga anija","robots":{"index":"index","follow":"follow","max-snippet":"max-snippet:-1","max-image-preview":"max-image-preview:large","max-video-preview":"max-video-preview:-1"},"canonical":"https:\/\/www.visit-ulcinj.com\/blog\/2017\/04\/01\/ufo-ne-ulqin-ja-fotoja-qe-ka-pushtuar-rrjetet-sociale-sejdo-ismaili\/","og_locale":"en_US","og_type":"article","og_title":"UFO n\u00eb Ulqin? Ja fotoja q\u00eb ka pushtuar rrjetet sociale - Sejdo Ismaili - Lajme nga Ulqini","og_description":"Video Ulqini Trailer ka pushtuar rrjetet sociale t\u00eb Facebookut nga kamermani dhe fotografi i njohur Sejdo Ismaili. Sipas Sejdo Ismailit UFO-T nga anija","og_url":"https:\/\/www.visit-ulcinj.com\/blog\/2017\/04\/01\/ufo-ne-ulqin-ja-fotoja-qe-ka-pushtuar-rrjetet-sociale-sejdo-ismaili\/","og_site_name":"Lajme nga Ulqini","article_published_time":"2017-04-01T14:43:48+00:00","article_modified_time":"2017-04-02T10:21:12+00:00","twitter_misc":{"Written by":"ulqini","Est. reading time":"1 minute"},"schema":{"@context":"https:\/\/schema.org","@graph":[{"@type":"WebSite","@id":"https:\/\/www.visit-ulcinj.com\/blog\/#website","url":"https:\/\/www.visit-ulcinj.com\/blog\/","name":"Lajme nga Ulqini","description":"Lajme,Vijesti,Ulqini,Ulqin,Crna Gora,Mali i Zi","potentialAction":[{"@type":"SearchAction","target":{"@type":"EntryPoint","urlTemplate":"https:\/\/www.visit-ulcinj.com\/blog\/?s={search_term_string}"},"query-input":"required name=search_term_string"}],"inLanguage":"en-US"},{"@type":"WebPage","@id":"https:\/\/www.visit-ulcinj.com\/blog\/2017\/04\/01\/ufo-ne-ulqin-ja-fotoja-qe-ka-pushtuar-rrjetet-sociale-sejdo-ismaili\/#webpage","url":"https:\/\/www.visit-ulcinj.com\/blog\/2017\/04\/01\/ufo-ne-ulqin-ja-fotoja-qe-ka-pushtuar-rrjetet-sociale-sejdo-ismaili\/","name":"UFO n\u00eb Ulqin? Ja fotoja q\u00eb ka pushtuar rrjetet sociale - Sejdo Ismaili - Lajme nga Ulqini","isPartOf":{"@id":"https:\/\/www.visit-ulcinj.com\/blog\/#website"},"datePublished":"2017-04-01T14:43:48+00:00","dateModified":"2017-04-02T10:21:12+00:00","author":{"@id":"https:\/\/www.visit-ulcinj.com\/blog\/#\/schema\/person\/dcab619c614d3038751c63bc2aadc06d"},"description":"Video Ulqini Trailer ka pushtuar rrjetet sociale t\u00eb Facebookut nga kamermani dhe fotografi i njohur Sejdo Ismaili. Sipas Sejdo Ismailit UFO-T nga anija","breadcrumb":{"@id":"https:\/\/www.visit-ulcinj.com\/blog\/2017\/04\/01\/ufo-ne-ulqin-ja-fotoja-qe-ka-pushtuar-rrjetet-sociale-sejdo-ismaili\/#breadcrumb"},"inLanguage":"en-US","potentialAction":[{"@type":"ReadAction","target":["https:\/\/www.visit-ulcinj.com\/blog\/2017\/04\/01\/ufo-ne-ulqin-ja-fotoja-qe-ka-pushtuar-rrjetet-sociale-sejdo-ismaili\/"]}]},{"@type":"BreadcrumbList","@id":"https:\/\/www.visit-ulcinj.com\/blog\/2017\/04\/01\/ufo-ne-ulqin-ja-fotoja-qe-ka-pushtuar-rrjetet-sociale-sejdo-ismaili\/#breadcrumb","itemListElement":[{"@type":"ListItem","position":1,"name":"UFO n\u00eb Ulqin? Ja fotoja q\u00eb ka pushtuar rrjetet sociale &#8211; Sejdo Ismaili"}]},{"@type":"Person","@id":"https:\/\/www.visit-ulcinj.com\/blog\/#\/schema\/person\/dcab619c614d3038751c63bc2aadc06d","name":"ulqini","sameAs":["http:\/\/www.visit-ulcinj.com"],"url":"https:\/\/www.visit-ulcinj.com\/blog\/author\/admin\/"}]}},"jetpack_featured_media_url":"","jetpack_sharing_enabled":true,"jetpack_shortlink":"https:\/\/wp.me\/pe6lTn-r3s","_links":{"self":[{"href":"https:\/\/www.visit-ulcinj.com\/blog\/wp-json\/wp\/v2\/posts\/104002"}],"collection":[{"href":"https:\/\/www.visit-ulcinj.com\/blog\/wp-json\/wp\/v2\/posts"}],"about":[{"href":"https:\/\/www.visit-ulcinj.com\/blog\/wp-json\/wp\/v2\/types\/post"}],"author":[{"embeddable":true,"href":"https:\/\/www.visit-ulcinj.com\/blog\/wp-json\/wp\/v2\/users\/1"}],"replies":[{"embeddable":true,"href":"https:\/\/www.visit-ulcinj.com\/blog\/wp-json\/wp\/v2\/comments?post=104002"}],"version-history":[{"count":2,"href":"https:\/\/www.visit-ulcinj.com\/blog\/wp-json\/wp\/v2\/posts\/104002\/revisions"}],"predecessor-version":[{"id":104040,"href":"https:\/\/www.visit-ulcinj.com\/blog\/wp-json\/wp\/v2\/posts\/104002\/revisions\/104040"}],"wp:attachment":[{"href":"https:\/\/www.visit-ulcinj.com\/blog\/wp-json\/wp\/v2\/media?parent=104002"}],"wp:term":[{"taxonomy":"category","embeddable":true,"href":"https:\/\/www.visit-ulcinj.com\/blog\/wp-json\/wp\/v2\/categories?post=104002"},{"taxonomy":"post_tag","embeddable":true,"href":"https:\/\/www.visit-ulcinj.com\/blog\/wp-json\/wp\/v2\/tags?post=104002"}],"curies":[{"name":"wp","href":"https:\/\/api.w.org\/{rel}","templated":true}]}}