{"id":104032,"date":"2017-04-02T11:02:48","date_gmt":"2017-04-02T10:02:48","guid":{"rendered":"http:\/\/www.visit-ulcinj.com\/blog\/?p=104032"},"modified":"2017-04-02T11:06:59","modified_gmt":"2017-04-02T10:06:59","slug":"pogledajte-ovako-bi-mogao-izgledati-vidikovac-na-valdanos","status":"publish","type":"post","link":"https:\/\/www.visit-ulcinj.com\/blog\/2017\/04\/02\/pogledajte-ovako-bi-mogao-izgledati-vidikovac-na-valdanos\/","title":{"rendered":"Pogledajte &#8211; Ovako bi mogao izgledati Vidikovac na Valdanos"},"content":{"rendered":"<p><strong><a href=\"http:\/\/www.visit-ulcinj.com\/blog\/wp-content\/uploads\/2017\/04\/Vidikovac-na-Valdanos.jpg\"><img loading=\"lazy\" class=\"alignleft wp-image-104033\" src=\"http:\/\/www.visit-ulcinj.com\/blog\/wp-content\/uploads\/2017\/04\/Vidikovac-na-Valdanos.jpg\" alt=\"Vidikovac na Valdanos\" width=\"508\" height=\"319\" srcset=\"https:\/\/www.visit-ulcinj.com\/blog\/wp-content\/uploads\/2017\/04\/Vidikovac-na-Valdanos.jpg 560w, https:\/\/www.visit-ulcinj.com\/blog\/wp-content\/uploads\/2017\/04\/Vidikovac-na-Valdanos-300x189.jpg 300w\" sizes=\"(max-width: 508px) 100vw, 508px\" \/><\/a>Foto: <span class=\"credits__author\"><a href=\"http:\/\/www.vijesti.me\/autori\/azra-adrovic-24894\/profil\">Azra Adrovi\u0107<\/a><\/span><\/strong><\/p>\n<p><strong>TO Ulcinj ula\u017ee 50.000 eura: Valdanos dobija vidikovac<\/strong><\/p>\n<p><strong>\u201cVidikovac \u0107e mo\u0107i da se koristi ve\u0107 u toku ove sezone, dok \u0107emo sa drugom fazom gradnje po\u010deti nakon ljeta. U svakom slu\u010daju, turisti \u0107e u narednih par mjeseci mo\u0107i da posjete ovo mjesto\u201d, saop\u0161tio je Cungu<\/strong><\/p>\n<p><span class=\"credits__author\"> <strong>Autor: <a href=\"http:\/\/www.vijesti.me\/autori\/azra-adrovic-24894\/profil\">Azra Adrovi\u0107<\/a> <\/strong><\/span><\/p>\n<p>Jedan od najupe\u010datljivijih simbola Ulcinja &#8211; Valdanos, uskoro \u0107e dobiti vidikovac.<\/p>\n<p>Predsjednici ulcinjske Op\u0161tine i Turisti\u010dke organizacije (TO), Nazif Cungu i Fuad Had\u017eibeti, obe\u0107ali su izgradnju vidikovca na mjestu na kojem su nesavjesni gra\u0111ani bacali sme\u0107e.<\/p>\n<p>Iz Op\u0161tine Ulcinj kazali su da \u0107e radovi po\u010deti nakon \u0161to tender naredne sedmice bude zavr\u0161en.<\/p>\n<p>\u201cVidikovac \u0107e mo\u0107i da se koristi ve\u0107 u toku ove sezone, dok \u0107emo sa drugom fazom gradnje po\u010deti nakon ljeta. U svakom slu\u010daju, turisti \u0107e u narednih par mjeseci mo\u0107i da posjete ovo mjesto\u201d, saop\u0161tio je Cungu.<\/p>\n<p>Investitor je TO, a bi\u0107e ulo\u017eeno 50.000 eura.<\/p>\n<p>Had\u017eibeti ka\u017ee da jo\u0161 nijesu obezbijedili sav novac.<\/p>\n<p>Had\u017eibeti je najavio da planiraju da renoviraju stare \u010desme prema Valdanosu, postave pametnu klupu.<\/p>\n<p>\u201cCilj nam je da turistima omogu\u0107imo \u0161to bogatiji turisti\u010dki paket\u201d.<\/p>\n<p>Pored projekta na Valdanosu, Op\u0161tina i TO Ulcinj, u saradnji sa Agencijom za izgradnju i razvoj, postavili su prekju\u010de kamen-temeljac i za vidikovac na brdu Stegva\u0161, na granici Ulcinja i Bara, za koji \u0107e biti izvojeno 25.000 eura.<\/p>\n<p><strong>Izvor: Vijesti Online<\/strong><\/p>\n<p><a href=\"http:\/\/www.visit-ulcinj.com\/blog\/wp-content\/uploads\/2017\/04\/Vidikovac-na-Valdanos-1.jpg\"><img loading=\"lazy\" class=\"alignleft wp-image-104034\" src=\"http:\/\/www.visit-ulcinj.com\/blog\/wp-content\/uploads\/2017\/04\/Vidikovac-na-Valdanos-1.jpg\" alt=\"Vidikovac na Valdanos-1\" width=\"508\" height=\"265\" srcset=\"https:\/\/www.visit-ulcinj.com\/blog\/wp-content\/uploads\/2017\/04\/Vidikovac-na-Valdanos-1.jpg 702w, https:\/\/www.visit-ulcinj.com\/blog\/wp-content\/uploads\/2017\/04\/Vidikovac-na-Valdanos-1-300x156.jpg 300w\" sizes=\"(max-width: 508px) 100vw, 508px\" \/><\/a><\/p>\n<p><a href=\"http:\/\/www.visit-ulcinj.com\/blog\/wp-content\/uploads\/2017\/03\/Pikat-e-vrojtimit-ne-Valdanos-dhe-Shtegvashe.jpg\"><img loading=\"lazy\" class=\"alignleft wp-image-103895\" src=\"http:\/\/www.visit-ulcinj.com\/blog\/wp-content\/uploads\/2017\/03\/Pikat-e-vrojtimit-ne-Valdanos-dhe-Shtegvashe.jpg\" alt=\"Pikat e vrojtimit ne Valdanos dhe Shtegvashe\" width=\"508\" height=\"338\" srcset=\"https:\/\/www.visit-ulcinj.com\/blog\/wp-content\/uploads\/2017\/03\/Pikat-e-vrojtimit-ne-Valdanos-dhe-Shtegvashe.jpg 926w, https:\/\/www.visit-ulcinj.com\/blog\/wp-content\/uploads\/2017\/03\/Pikat-e-vrojtimit-ne-Valdanos-dhe-Shtegvashe-300x200.jpg 300w, https:\/\/www.visit-ulcinj.com\/blog\/wp-content\/uploads\/2017\/03\/Pikat-e-vrojtimit-ne-Valdanos-dhe-Shtegvashe-768x512.jpg 768w\" sizes=\"(max-width: 508px) 100vw, 508px\" \/><\/a><\/p>\n<p>&nbsp;<\/p>\n","protected":false},"excerpt":{"rendered":"<p>Foto: Azra Adrovi\u0107 TO Ulcinj ula\u017ee 50.000 eura: Valdanos dobija vidikovac \u201cVidikovac \u0107e mo\u0107i da se koristi ve\u0107 u toku ove sezone, dok \u0107emo sa drugom fazom gradnje po\u010deti nakon ljeta. U svakom slu\u010daju, turisti \u0107e u narednih par mjeseci mo\u0107i da posjete ovo mjesto\u201d, saop\u0161tio je Cungu Autor: Azra Adrovi\u0107 Jedan od najupe\u010datljivijih simbola [&hellip;]<\/p>\n","protected":false},"author":1,"featured_media":0,"comment_status":"closed","ping_status":"closed","sticky":false,"template":"","format":"standard","meta":{"spay_email":"","jetpack_publicize_message":"","jetpack_is_tweetstorm":false,"jetpack_publicize_feature_enabled":true},"categories":[6950],"tags":[],"jetpack_publicize_connections":[],"yoast_head":"<!-- This site is optimized with the Yoast SEO plugin v19.1 - https:\/\/yoast.com\/wordpress\/plugins\/seo\/ -->\n<title>Pogledajte - Ovako bi mogao izgledati Vidikovac na Valdanos - Lajme nga Ulqini<\/title>\n<meta name=\"description\" content=\"Foto: Azra Adrovi\u0107 TO Ulcinj ula\u017ee 50.000 eura: Valdanos dobija vidikovac \u201cVidikovac \u0107e mo\u0107i da se koristi ve\u0107 u toku ove sezone, dok \u0107emo sa drugom fazom\" \/>\n<meta name=\"robots\" content=\"index, follow, max-snippet:-1, max-image-preview:large, max-video-preview:-1\" \/>\n<link rel=\"canonical\" href=\"https:\/\/www.visit-ulcinj.com\/blog\/2017\/04\/02\/pogledajte-ovako-bi-mogao-izgledati-vidikovac-na-valdanos\/\" \/>\n<meta property=\"og:locale\" content=\"en_US\" \/>\n<meta property=\"og:type\" content=\"article\" \/>\n<meta property=\"og:title\" content=\"Pogledajte - Ovako bi mogao izgledati Vidikovac na Valdanos - Lajme nga Ulqini\" \/>\n<meta property=\"og:description\" content=\"Foto: Azra Adrovi\u0107 TO Ulcinj ula\u017ee 50.000 eura: Valdanos dobija vidikovac \u201cVidikovac \u0107e mo\u0107i da se koristi ve\u0107 u toku ove sezone, dok \u0107emo sa drugom fazom\" \/>\n<meta property=\"og:url\" content=\"https:\/\/www.visit-ulcinj.com\/blog\/2017\/04\/02\/pogledajte-ovako-bi-mogao-izgledati-vidikovac-na-valdanos\/\" \/>\n<meta property=\"og:site_name\" content=\"Lajme nga Ulqini\" \/>\n<meta property=\"article:published_time\" content=\"2017-04-02T10:02:48+00:00\" \/>\n<meta property=\"article:modified_time\" content=\"2017-04-02T10:06:59+00:00\" \/>\n<meta property=\"og:image\" content=\"http:\/\/www.visit-ulcinj.com\/blog\/wp-content\/uploads\/2017\/04\/Vidikovac-na-Valdanos.jpg\" \/>\n<meta name=\"twitter:label1\" content=\"Written by\" \/>\n\t<meta name=\"twitter:data1\" content=\"ulqini\" \/>\n\t<meta name=\"twitter:label2\" content=\"Est. reading time\" \/>\n\t<meta name=\"twitter:data2\" content=\"1 minute\" \/>\n<script type=\"application\/ld+json\" class=\"yoast-schema-graph\">{\"@context\":\"https:\/\/schema.org\",\"@graph\":[{\"@type\":\"WebSite\",\"@id\":\"https:\/\/www.visit-ulcinj.com\/blog\/#website\",\"url\":\"https:\/\/www.visit-ulcinj.com\/blog\/\",\"name\":\"Lajme nga Ulqini\",\"description\":\"Lajme,Vijesti,Ulqini,Ulqin,Crna Gora,Mali i Zi\",\"potentialAction\":[{\"@type\":\"SearchAction\",\"target\":{\"@type\":\"EntryPoint\",\"urlTemplate\":\"https:\/\/www.visit-ulcinj.com\/blog\/?s={search_term_string}\"},\"query-input\":\"required name=search_term_string\"}],\"inLanguage\":\"en-US\"},{\"@type\":\"ImageObject\",\"inLanguage\":\"en-US\",\"@id\":\"https:\/\/www.visit-ulcinj.com\/blog\/2017\/04\/02\/pogledajte-ovako-bi-mogao-izgledati-vidikovac-na-valdanos\/#primaryimage\",\"url\":\"https:\/\/www.visit-ulcinj.com\/blog\/wp-content\/uploads\/2017\/04\/Vidikovac-na-Valdanos.jpg\",\"contentUrl\":\"https:\/\/www.visit-ulcinj.com\/blog\/wp-content\/uploads\/2017\/04\/Vidikovac-na-Valdanos.jpg\",\"width\":560,\"height\":352},{\"@type\":\"WebPage\",\"@id\":\"https:\/\/www.visit-ulcinj.com\/blog\/2017\/04\/02\/pogledajte-ovako-bi-mogao-izgledati-vidikovac-na-valdanos\/#webpage\",\"url\":\"https:\/\/www.visit-ulcinj.com\/blog\/2017\/04\/02\/pogledajte-ovako-bi-mogao-izgledati-vidikovac-na-valdanos\/\",\"name\":\"Pogledajte - Ovako bi mogao izgledati Vidikovac na Valdanos - Lajme nga Ulqini\",\"isPartOf\":{\"@id\":\"https:\/\/www.visit-ulcinj.com\/blog\/#website\"},\"primaryImageOfPage\":{\"@id\":\"https:\/\/www.visit-ulcinj.com\/blog\/2017\/04\/02\/pogledajte-ovako-bi-mogao-izgledati-vidikovac-na-valdanos\/#primaryimage\"},\"datePublished\":\"2017-04-02T10:02:48+00:00\",\"dateModified\":\"2017-04-02T10:06:59+00:00\",\"author\":{\"@id\":\"https:\/\/www.visit-ulcinj.com\/blog\/#\/schema\/person\/dcab619c614d3038751c63bc2aadc06d\"},\"description\":\"Foto: Azra Adrovi\u0107 TO Ulcinj ula\u017ee 50.000 eura: Valdanos dobija vidikovac \u201cVidikovac \u0107e mo\u0107i da se koristi ve\u0107 u toku ove sezone, dok \u0107emo sa drugom fazom\",\"breadcrumb\":{\"@id\":\"https:\/\/www.visit-ulcinj.com\/blog\/2017\/04\/02\/pogledajte-ovako-bi-mogao-izgledati-vidikovac-na-valdanos\/#breadcrumb\"},\"inLanguage\":\"en-US\",\"potentialAction\":[{\"@type\":\"ReadAction\",\"target\":[\"https:\/\/www.visit-ulcinj.com\/blog\/2017\/04\/02\/pogledajte-ovako-bi-mogao-izgledati-vidikovac-na-valdanos\/\"]}]},{\"@type\":\"BreadcrumbList\",\"@id\":\"https:\/\/www.visit-ulcinj.com\/blog\/2017\/04\/02\/pogledajte-ovako-bi-mogao-izgledati-vidikovac-na-valdanos\/#breadcrumb\",\"itemListElement\":[{\"@type\":\"ListItem\",\"position\":1,\"name\":\"Pogledajte &#8211; Ovako bi mogao izgledati Vidikovac na Valdanos\"}]},{\"@type\":\"Person\",\"@id\":\"https:\/\/www.visit-ulcinj.com\/blog\/#\/schema\/person\/dcab619c614d3038751c63bc2aadc06d\",\"name\":\"ulqini\",\"sameAs\":[\"http:\/\/www.visit-ulcinj.com\"],\"url\":\"https:\/\/www.visit-ulcinj.com\/blog\/author\/admin\/\"}]}<\/script>\n<!-- \/ Yoast SEO plugin. -->","yoast_head_json":{"title":"Pogledajte - Ovako bi mogao izgledati Vidikovac na Valdanos - Lajme nga Ulqini","description":"Foto: Azra Adrovi\u0107 TO Ulcinj ula\u017ee 50.000 eura: Valdanos dobija vidikovac \u201cVidikovac \u0107e mo\u0107i da se koristi ve\u0107 u toku ove sezone, dok \u0107emo sa drugom fazom","robots":{"index":"index","follow":"follow","max-snippet":"max-snippet:-1","max-image-preview":"max-image-preview:large","max-video-preview":"max-video-preview:-1"},"canonical":"https:\/\/www.visit-ulcinj.com\/blog\/2017\/04\/02\/pogledajte-ovako-bi-mogao-izgledati-vidikovac-na-valdanos\/","og_locale":"en_US","og_type":"article","og_title":"Pogledajte - Ovako bi mogao izgledati Vidikovac na Valdanos - Lajme nga Ulqini","og_description":"Foto: Azra Adrovi\u0107 TO Ulcinj ula\u017ee 50.000 eura: Valdanos dobija vidikovac \u201cVidikovac \u0107e mo\u0107i da se koristi ve\u0107 u toku ove sezone, dok \u0107emo sa drugom fazom","og_url":"https:\/\/www.visit-ulcinj.com\/blog\/2017\/04\/02\/pogledajte-ovako-bi-mogao-izgledati-vidikovac-na-valdanos\/","og_site_name":"Lajme nga Ulqini","article_published_time":"2017-04-02T10:02:48+00:00","article_modified_time":"2017-04-02T10:06:59+00:00","og_image":[{"url":"http:\/\/www.visit-ulcinj.com\/blog\/wp-content\/uploads\/2017\/04\/Vidikovac-na-Valdanos.jpg"}],"twitter_misc":{"Written by":"ulqini","Est. reading time":"1 minute"},"schema":{"@context":"https:\/\/schema.org","@graph":[{"@type":"WebSite","@id":"https:\/\/www.visit-ulcinj.com\/blog\/#website","url":"https:\/\/www.visit-ulcinj.com\/blog\/","name":"Lajme nga Ulqini","description":"Lajme,Vijesti,Ulqini,Ulqin,Crna Gora,Mali i Zi","potentialAction":[{"@type":"SearchAction","target":{"@type":"EntryPoint","urlTemplate":"https:\/\/www.visit-ulcinj.com\/blog\/?s={search_term_string}"},"query-input":"required name=search_term_string"}],"inLanguage":"en-US"},{"@type":"ImageObject","inLanguage":"en-US","@id":"https:\/\/www.visit-ulcinj.com\/blog\/2017\/04\/02\/pogledajte-ovako-bi-mogao-izgledati-vidikovac-na-valdanos\/#primaryimage","url":"https:\/\/www.visit-ulcinj.com\/blog\/wp-content\/uploads\/2017\/04\/Vidikovac-na-Valdanos.jpg","contentUrl":"https:\/\/www.visit-ulcinj.com\/blog\/wp-content\/uploads\/2017\/04\/Vidikovac-na-Valdanos.jpg","width":560,"height":352},{"@type":"WebPage","@id":"https:\/\/www.visit-ulcinj.com\/blog\/2017\/04\/02\/pogledajte-ovako-bi-mogao-izgledati-vidikovac-na-valdanos\/#webpage","url":"https:\/\/www.visit-ulcinj.com\/blog\/2017\/04\/02\/pogledajte-ovako-bi-mogao-izgledati-vidikovac-na-valdanos\/","name":"Pogledajte - Ovako bi mogao izgledati Vidikovac na Valdanos - Lajme nga Ulqini","isPartOf":{"@id":"https:\/\/www.visit-ulcinj.com\/blog\/#website"},"primaryImageOfPage":{"@id":"https:\/\/www.visit-ulcinj.com\/blog\/2017\/04\/02\/pogledajte-ovako-bi-mogao-izgledati-vidikovac-na-valdanos\/#primaryimage"},"datePublished":"2017-04-02T10:02:48+00:00","dateModified":"2017-04-02T10:06:59+00:00","author":{"@id":"https:\/\/www.visit-ulcinj.com\/blog\/#\/schema\/person\/dcab619c614d3038751c63bc2aadc06d"},"description":"Foto: Azra Adrovi\u0107 TO Ulcinj ula\u017ee 50.000 eura: Valdanos dobija vidikovac \u201cVidikovac \u0107e mo\u0107i da se koristi ve\u0107 u toku ove sezone, dok \u0107emo sa drugom fazom","breadcrumb":{"@id":"https:\/\/www.visit-ulcinj.com\/blog\/2017\/04\/02\/pogledajte-ovako-bi-mogao-izgledati-vidikovac-na-valdanos\/#breadcrumb"},"inLanguage":"en-US","potentialAction":[{"@type":"ReadAction","target":["https:\/\/www.visit-ulcinj.com\/blog\/2017\/04\/02\/pogledajte-ovako-bi-mogao-izgledati-vidikovac-na-valdanos\/"]}]},{"@type":"BreadcrumbList","@id":"https:\/\/www.visit-ulcinj.com\/blog\/2017\/04\/02\/pogledajte-ovako-bi-mogao-izgledati-vidikovac-na-valdanos\/#breadcrumb","itemListElement":[{"@type":"ListItem","position":1,"name":"Pogledajte &#8211; Ovako bi mogao izgledati Vidikovac na Valdanos"}]},{"@type":"Person","@id":"https:\/\/www.visit-ulcinj.com\/blog\/#\/schema\/person\/dcab619c614d3038751c63bc2aadc06d","name":"ulqini","sameAs":["http:\/\/www.visit-ulcinj.com"],"url":"https:\/\/www.visit-ulcinj.com\/blog\/author\/admin\/"}]}},"jetpack_featured_media_url":"","jetpack_sharing_enabled":true,"jetpack_shortlink":"https:\/\/wp.me\/pe6lTn-r3W","_links":{"self":[{"href":"https:\/\/www.visit-ulcinj.com\/blog\/wp-json\/wp\/v2\/posts\/104032"}],"collection":[{"href":"https:\/\/www.visit-ulcinj.com\/blog\/wp-json\/wp\/v2\/posts"}],"about":[{"href":"https:\/\/www.visit-ulcinj.com\/blog\/wp-json\/wp\/v2\/types\/post"}],"author":[{"embeddable":true,"href":"https:\/\/www.visit-ulcinj.com\/blog\/wp-json\/wp\/v2\/users\/1"}],"replies":[{"embeddable":true,"href":"https:\/\/www.visit-ulcinj.com\/blog\/wp-json\/wp\/v2\/comments?post=104032"}],"version-history":[{"count":1,"href":"https:\/\/www.visit-ulcinj.com\/blog\/wp-json\/wp\/v2\/posts\/104032\/revisions"}],"predecessor-version":[{"id":104035,"href":"https:\/\/www.visit-ulcinj.com\/blog\/wp-json\/wp\/v2\/posts\/104032\/revisions\/104035"}],"wp:attachment":[{"href":"https:\/\/www.visit-ulcinj.com\/blog\/wp-json\/wp\/v2\/media?parent=104032"}],"wp:term":[{"taxonomy":"category","embeddable":true,"href":"https:\/\/www.visit-ulcinj.com\/blog\/wp-json\/wp\/v2\/categories?post=104032"},{"taxonomy":"post_tag","embeddable":true,"href":"https:\/\/www.visit-ulcinj.com\/blog\/wp-json\/wp\/v2\/tags?post=104032"}],"curies":[{"name":"wp","href":"https:\/\/api.w.org\/{rel}","templated":true}]}}