{"id":104048,"date":"2017-04-02T12:14:17","date_gmt":"2017-04-02T11:14:17","guid":{"rendered":"http:\/\/www.visit-ulcinj.com\/blog\/?p=104048"},"modified":"2017-04-02T12:16:23","modified_gmt":"2017-04-02T11:16:23","slug":"detyrimi-financiar-malit-te-zi-ne-nato-450-000-euro-ne-vit","status":"publish","type":"post","link":"https:\/\/www.visit-ulcinj.com\/blog\/2017\/04\/02\/detyrimi-financiar-malit-te-zi-ne-nato-450-000-euro-ne-vit\/","title":{"rendered":"Detyrimi financiar i Malit t\u00eb Zi n\u00eb NATO, 450.000 euro n\u00eb vit"},"content":{"rendered":"<div id=\"attachment_104050\" style=\"width: 518px\" class=\"wp-caption alignleft\"><a href=\"http:\/\/www.visit-ulcinj.com\/blog\/wp-content\/uploads\/2017\/04\/Dusko-Markovic_Montenegro_NATO_CREDITNATO.jpg\"><img aria-describedby=\"caption-attachment-104050\" loading=\"lazy\" class=\"wp-image-104050\" src=\"http:\/\/www.visit-ulcinj.com\/blog\/wp-content\/uploads\/2017\/04\/Dusko-Markovic_Montenegro_NATO_CREDITNATO.jpg\" alt=\"The Prime Minister of Montenegro, Dusko Markovic visits NATO and meets with NATO Secretary General Jens Stoltenberg\" width=\"508\" height=\"289\" \/><\/a><p id=\"caption-attachment-104050\" class=\"wp-caption-text\">The Prime Minister of Montenegro, Dusko Markovic visits NATO and meets with NATO Secretary General Jens Stoltenberg<\/p><\/div>\n<p><strong>N\u00eb samitin e NATO-s m\u00eb 25 maj, Mali i Zi do t\u00eb pranohet n\u00eb aleanc\u00ebn veri-atlantike, ku do t\u00eb b\u00ebhet shteti i 29-t\u00eb an\u00ebtar\u00eb i saj<\/strong><\/p>\n<p class=\"selectionShareable\">PODGORIC\u00cb (AA) \u2013 Detyrimi financiar i Malit t\u00eb Zi kundrejt NATO-s n\u00eb form\u00eb t\u00eb an\u00ebtar\u00ebsis\u00eb t\u00eb cil\u00ebn shteti do t\u00eb duhet ta paguaj \u00e7do vit \u00ebsht\u00eb rreth 450 mij\u00eb euro, raporton Anadolu Agency (AA).<\/p>\n<p class=\"selectionShareable\">Ekipi p\u00ebr komunikim n\u00eb kuad\u00ebr t\u00eb K\u00ebshillit p\u00ebr An\u00ebtar\u00ebsim n\u00eb NATO, publikoi t\u00eb diel\u00ebn se shpeshher\u00eb plasohen informacione t\u00eb pasakta se NATO k\u00ebrkon dy p\u00ebr qind nga Prodhimi Bruto Vendor (PBV) p\u00ebr t\u00eb shtuar se shuma t\u00eb cil\u00ebn do t\u00eb duhet ta paguaj vendi \u00ebsht\u00eb 450 mij\u00eb euro n\u00eb vit.<\/p>\n<p class=\"selectionShareable\">N\u00eb samitin e NATO-s m\u00eb 25 maj, Mali i Zi do t\u00eb pranohet n\u00eb aleanc\u00ebn veri-atlantike, ku do t\u00eb b\u00ebhet shteti i 29-t\u00eb an\u00ebtar\u00eb i saj.<\/p>\n<p class=\"selectionShareable\">&#8220;Shpeshher\u00eb publikohen informacione t\u00eb rreme se NATO k\u00ebrkon 2 p\u00ebr qind t\u00eb PBV-s\u00eb p\u00ebr an\u00ebtar\u00ebsim. Kjo \u00ebsht\u00eb krejt\u00ebsisht e gabuar, sepse ka dy lloje t\u00eb shpenzimeve, nj\u00eb \u00ebsht\u00eb an\u00ebtar\u00ebsimi t\u00eb cilin e paguajn\u00eb t\u00eb gjith\u00eb dhe e nj\u00ebjta p\u00ebr Malin e Zi kap shum\u00ebn prej 450.000 euro, ose 0,027 p\u00ebr qind t\u00eb buxhetit t\u00eb p\u00ebrbashk\u00ebt vjetor t\u00eb NATO-s. Grupi i dyt\u00eb i shpenzimeve jan\u00eb kostot e sistemit t\u00eb mbrojtjes s\u00eb brendshme t\u00eb Malit t\u00eb Zi i cili ka buxhet t\u00eb mbrojtjes prej rreth 50 milion\u00eb euro, p\u00ebr \u00e7ka 450 mij\u00eb euro p\u00ebr an\u00ebtar\u00ebsimin jan\u00eb absolutisht t\u00eb pranueshme dhe t\u00eb arritshme&#8221;, thuhet n\u00eb njoftimin e K\u00ebshillit.<\/p>\n<p class=\"selectionShareable\">N\u00eb t\u00eb sqarohet se nisma e cila k\u00ebrkon nga shtetet an\u00ebtare t\u00eb NATO-s t\u00eb ndajn\u00eb 2 p\u00ebr qind t\u00eb BPV-s\u00eb p\u00ebr an\u00ebtar\u00ebsim, ka t\u00eb b\u00ebj\u00eb ekskluzivisht p\u00ebr mjete p\u00ebr mbrojtjen e vet shteteve an\u00ebtare, dhe se kjo n\u00eb Mal t\u00eb Zi shpesh p\u00ebrmendet n\u00eb kontekst t\u00eb gabuar.<\/p>\n<p class=\"selectionShareable\"><strong>\u00a9 <a href=\"http:\/\/aa.com.tr\/sq\">Anadolu Agency<\/a> 2017<\/strong><\/p>\n","protected":false},"excerpt":{"rendered":"<p>N\u00eb samitin e NATO-s m\u00eb 25 maj, Mali i Zi do t\u00eb pranohet n\u00eb aleanc\u00ebn veri-atlantike, ku do t\u00eb b\u00ebhet shteti i 29-t\u00eb an\u00ebtar\u00eb i saj PODGORIC\u00cb (AA) \u2013 Detyrimi financiar i Malit t\u00eb Zi kundrejt NATO-s n\u00eb form\u00eb t\u00eb an\u00ebtar\u00ebsis\u00eb t\u00eb cil\u00ebn shteti do t\u00eb duhet ta paguaj \u00e7do vit \u00ebsht\u00eb rreth 450 mij\u00eb [&hellip;]<\/p>\n","protected":false},"author":1,"featured_media":0,"comment_status":"closed","ping_status":"closed","sticky":false,"template":"","format":"standard","meta":{"spay_email":"","jetpack_publicize_message":"","jetpack_is_tweetstorm":false,"jetpack_publicize_feature_enabled":true},"categories":[12],"tags":[],"jetpack_publicize_connections":[],"yoast_head":"<!-- This site is optimized with the Yoast SEO plugin v19.1 - https:\/\/yoast.com\/wordpress\/plugins\/seo\/ -->\n<title>Detyrimi financiar i Malit t\u00eb Zi n\u00eb NATO, 450.000 euro n\u00eb vit - Lajme nga Ulqini<\/title>\n<meta name=\"description\" content=\"N\u00eb samitin e NATO-s m\u00eb 25 maj, Mali i Zi do t\u00eb pranohet n\u00eb aleanc\u00ebn veri-atlantike, ku do t\u00eb b\u00ebhet shteti i 29-t\u00eb an\u00ebtar\u00eb i saj PODGORIC\u00cb (AA) \u2013 Detyrimi\" \/>\n<meta name=\"robots\" content=\"index, follow, max-snippet:-1, max-image-preview:large, max-video-preview:-1\" \/>\n<link rel=\"canonical\" href=\"https:\/\/www.visit-ulcinj.com\/blog\/2017\/04\/02\/detyrimi-financiar-malit-te-zi-ne-nato-450-000-euro-ne-vit\/\" \/>\n<meta property=\"og:locale\" content=\"en_US\" \/>\n<meta property=\"og:type\" content=\"article\" \/>\n<meta property=\"og:title\" content=\"Detyrimi financiar i Malit t\u00eb Zi n\u00eb NATO, 450.000 euro n\u00eb vit - Lajme nga Ulqini\" \/>\n<meta property=\"og:description\" content=\"N\u00eb samitin e NATO-s m\u00eb 25 maj, Mali i Zi do t\u00eb pranohet n\u00eb aleanc\u00ebn veri-atlantike, ku do t\u00eb b\u00ebhet shteti i 29-t\u00eb an\u00ebtar\u00eb i saj PODGORIC\u00cb (AA) \u2013 Detyrimi\" \/>\n<meta property=\"og:url\" content=\"https:\/\/www.visit-ulcinj.com\/blog\/2017\/04\/02\/detyrimi-financiar-malit-te-zi-ne-nato-450-000-euro-ne-vit\/\" \/>\n<meta property=\"og:site_name\" content=\"Lajme nga Ulqini\" \/>\n<meta property=\"article:published_time\" content=\"2017-04-02T11:14:17+00:00\" \/>\n<meta property=\"article:modified_time\" content=\"2017-04-02T11:16:23+00:00\" \/>\n<meta property=\"og:image\" content=\"http:\/\/www.visit-ulcinj.com\/blog\/wp-content\/uploads\/2017\/04\/Dusko-Markovic_Montenegro_NATO_CREDITNATO.jpg\" \/>\n<meta name=\"twitter:label1\" content=\"Written by\" \/>\n\t<meta name=\"twitter:data1\" content=\"ulqini\" \/>\n\t<meta name=\"twitter:label2\" content=\"Est. reading time\" \/>\n\t<meta name=\"twitter:data2\" content=\"2 minutes\" \/>\n<script type=\"application\/ld+json\" class=\"yoast-schema-graph\">{\"@context\":\"https:\/\/schema.org\",\"@graph\":[{\"@type\":\"WebSite\",\"@id\":\"https:\/\/www.visit-ulcinj.com\/blog\/#website\",\"url\":\"https:\/\/www.visit-ulcinj.com\/blog\/\",\"name\":\"Lajme nga Ulqini\",\"description\":\"Lajme,Vijesti,Ulqini,Ulqin,Crna Gora,Mali i Zi\",\"potentialAction\":[{\"@type\":\"SearchAction\",\"target\":{\"@type\":\"EntryPoint\",\"urlTemplate\":\"https:\/\/www.visit-ulcinj.com\/blog\/?s={search_term_string}\"},\"query-input\":\"required name=search_term_string\"}],\"inLanguage\":\"en-US\"},{\"@type\":\"ImageObject\",\"inLanguage\":\"en-US\",\"@id\":\"https:\/\/www.visit-ulcinj.com\/blog\/2017\/04\/02\/detyrimi-financiar-malit-te-zi-ne-nato-450-000-euro-ne-vit\/#primaryimage\",\"url\":\"http:\/\/www.visit-ulcinj.com\/blog\/wp-content\/uploads\/2017\/04\/Dusko-Markovic_Montenegro_NATO_CREDITNATO.jpg\",\"contentUrl\":\"http:\/\/www.visit-ulcinj.com\/blog\/wp-content\/uploads\/2017\/04\/Dusko-Markovic_Montenegro_NATO_CREDITNATO.jpg\"},{\"@type\":\"WebPage\",\"@id\":\"https:\/\/www.visit-ulcinj.com\/blog\/2017\/04\/02\/detyrimi-financiar-malit-te-zi-ne-nato-450-000-euro-ne-vit\/#webpage\",\"url\":\"https:\/\/www.visit-ulcinj.com\/blog\/2017\/04\/02\/detyrimi-financiar-malit-te-zi-ne-nato-450-000-euro-ne-vit\/\",\"name\":\"Detyrimi financiar i Malit t\u00eb Zi n\u00eb NATO, 450.000 euro n\u00eb vit - Lajme nga Ulqini\",\"isPartOf\":{\"@id\":\"https:\/\/www.visit-ulcinj.com\/blog\/#website\"},\"primaryImageOfPage\":{\"@id\":\"https:\/\/www.visit-ulcinj.com\/blog\/2017\/04\/02\/detyrimi-financiar-malit-te-zi-ne-nato-450-000-euro-ne-vit\/#primaryimage\"},\"datePublished\":\"2017-04-02T11:14:17+00:00\",\"dateModified\":\"2017-04-02T11:16:23+00:00\",\"author\":{\"@id\":\"https:\/\/www.visit-ulcinj.com\/blog\/#\/schema\/person\/dcab619c614d3038751c63bc2aadc06d\"},\"description\":\"N\u00eb samitin e NATO-s m\u00eb 25 maj, Mali i Zi do t\u00eb pranohet n\u00eb aleanc\u00ebn veri-atlantike, ku do t\u00eb b\u00ebhet shteti i 29-t\u00eb an\u00ebtar\u00eb i saj PODGORIC\u00cb (AA) \u2013 Detyrimi\",\"breadcrumb\":{\"@id\":\"https:\/\/www.visit-ulcinj.com\/blog\/2017\/04\/02\/detyrimi-financiar-malit-te-zi-ne-nato-450-000-euro-ne-vit\/#breadcrumb\"},\"inLanguage\":\"en-US\",\"potentialAction\":[{\"@type\":\"ReadAction\",\"target\":[\"https:\/\/www.visit-ulcinj.com\/blog\/2017\/04\/02\/detyrimi-financiar-malit-te-zi-ne-nato-450-000-euro-ne-vit\/\"]}]},{\"@type\":\"BreadcrumbList\",\"@id\":\"https:\/\/www.visit-ulcinj.com\/blog\/2017\/04\/02\/detyrimi-financiar-malit-te-zi-ne-nato-450-000-euro-ne-vit\/#breadcrumb\",\"itemListElement\":[{\"@type\":\"ListItem\",\"position\":1,\"name\":\"Detyrimi financiar i Malit t\u00eb Zi n\u00eb NATO, 450.000 euro n\u00eb vit\"}]},{\"@type\":\"Person\",\"@id\":\"https:\/\/www.visit-ulcinj.com\/blog\/#\/schema\/person\/dcab619c614d3038751c63bc2aadc06d\",\"name\":\"ulqini\",\"sameAs\":[\"http:\/\/www.visit-ulcinj.com\"],\"url\":\"https:\/\/www.visit-ulcinj.com\/blog\/author\/admin\/\"}]}<\/script>\n<!-- \/ Yoast SEO plugin. -->","yoast_head_json":{"title":"Detyrimi financiar i Malit t\u00eb Zi n\u00eb NATO, 450.000 euro n\u00eb vit - Lajme nga Ulqini","description":"N\u00eb samitin e NATO-s m\u00eb 25 maj, Mali i Zi do t\u00eb pranohet n\u00eb aleanc\u00ebn veri-atlantike, ku do t\u00eb b\u00ebhet shteti i 29-t\u00eb an\u00ebtar\u00eb i saj PODGORIC\u00cb (AA) \u2013 Detyrimi","robots":{"index":"index","follow":"follow","max-snippet":"max-snippet:-1","max-image-preview":"max-image-preview:large","max-video-preview":"max-video-preview:-1"},"canonical":"https:\/\/www.visit-ulcinj.com\/blog\/2017\/04\/02\/detyrimi-financiar-malit-te-zi-ne-nato-450-000-euro-ne-vit\/","og_locale":"en_US","og_type":"article","og_title":"Detyrimi financiar i Malit t\u00eb Zi n\u00eb NATO, 450.000 euro n\u00eb vit - Lajme nga Ulqini","og_description":"N\u00eb samitin e NATO-s m\u00eb 25 maj, Mali i Zi do t\u00eb pranohet n\u00eb aleanc\u00ebn veri-atlantike, ku do t\u00eb b\u00ebhet shteti i 29-t\u00eb an\u00ebtar\u00eb i saj PODGORIC\u00cb (AA) \u2013 Detyrimi","og_url":"https:\/\/www.visit-ulcinj.com\/blog\/2017\/04\/02\/detyrimi-financiar-malit-te-zi-ne-nato-450-000-euro-ne-vit\/","og_site_name":"Lajme nga Ulqini","article_published_time":"2017-04-02T11:14:17+00:00","article_modified_time":"2017-04-02T11:16:23+00:00","og_image":[{"url":"http:\/\/www.visit-ulcinj.com\/blog\/wp-content\/uploads\/2017\/04\/Dusko-Markovic_Montenegro_NATO_CREDITNATO.jpg"}],"twitter_misc":{"Written by":"ulqini","Est. reading time":"2 minutes"},"schema":{"@context":"https:\/\/schema.org","@graph":[{"@type":"WebSite","@id":"https:\/\/www.visit-ulcinj.com\/blog\/#website","url":"https:\/\/www.visit-ulcinj.com\/blog\/","name":"Lajme nga Ulqini","description":"Lajme,Vijesti,Ulqini,Ulqin,Crna Gora,Mali i Zi","potentialAction":[{"@type":"SearchAction","target":{"@type":"EntryPoint","urlTemplate":"https:\/\/www.visit-ulcinj.com\/blog\/?s={search_term_string}"},"query-input":"required name=search_term_string"}],"inLanguage":"en-US"},{"@type":"ImageObject","inLanguage":"en-US","@id":"https:\/\/www.visit-ulcinj.com\/blog\/2017\/04\/02\/detyrimi-financiar-malit-te-zi-ne-nato-450-000-euro-ne-vit\/#primaryimage","url":"http:\/\/www.visit-ulcinj.com\/blog\/wp-content\/uploads\/2017\/04\/Dusko-Markovic_Montenegro_NATO_CREDITNATO.jpg","contentUrl":"http:\/\/www.visit-ulcinj.com\/blog\/wp-content\/uploads\/2017\/04\/Dusko-Markovic_Montenegro_NATO_CREDITNATO.jpg"},{"@type":"WebPage","@id":"https:\/\/www.visit-ulcinj.com\/blog\/2017\/04\/02\/detyrimi-financiar-malit-te-zi-ne-nato-450-000-euro-ne-vit\/#webpage","url":"https:\/\/www.visit-ulcinj.com\/blog\/2017\/04\/02\/detyrimi-financiar-malit-te-zi-ne-nato-450-000-euro-ne-vit\/","name":"Detyrimi financiar i Malit t\u00eb Zi n\u00eb NATO, 450.000 euro n\u00eb vit - Lajme nga Ulqini","isPartOf":{"@id":"https:\/\/www.visit-ulcinj.com\/blog\/#website"},"primaryImageOfPage":{"@id":"https:\/\/www.visit-ulcinj.com\/blog\/2017\/04\/02\/detyrimi-financiar-malit-te-zi-ne-nato-450-000-euro-ne-vit\/#primaryimage"},"datePublished":"2017-04-02T11:14:17+00:00","dateModified":"2017-04-02T11:16:23+00:00","author":{"@id":"https:\/\/www.visit-ulcinj.com\/blog\/#\/schema\/person\/dcab619c614d3038751c63bc2aadc06d"},"description":"N\u00eb samitin e NATO-s m\u00eb 25 maj, Mali i Zi do t\u00eb pranohet n\u00eb aleanc\u00ebn veri-atlantike, ku do t\u00eb b\u00ebhet shteti i 29-t\u00eb an\u00ebtar\u00eb i saj PODGORIC\u00cb (AA) \u2013 Detyrimi","breadcrumb":{"@id":"https:\/\/www.visit-ulcinj.com\/blog\/2017\/04\/02\/detyrimi-financiar-malit-te-zi-ne-nato-450-000-euro-ne-vit\/#breadcrumb"},"inLanguage":"en-US","potentialAction":[{"@type":"ReadAction","target":["https:\/\/www.visit-ulcinj.com\/blog\/2017\/04\/02\/detyrimi-financiar-malit-te-zi-ne-nato-450-000-euro-ne-vit\/"]}]},{"@type":"BreadcrumbList","@id":"https:\/\/www.visit-ulcinj.com\/blog\/2017\/04\/02\/detyrimi-financiar-malit-te-zi-ne-nato-450-000-euro-ne-vit\/#breadcrumb","itemListElement":[{"@type":"ListItem","position":1,"name":"Detyrimi financiar i Malit t\u00eb Zi n\u00eb NATO, 450.000 euro n\u00eb vit"}]},{"@type":"Person","@id":"https:\/\/www.visit-ulcinj.com\/blog\/#\/schema\/person\/dcab619c614d3038751c63bc2aadc06d","name":"ulqini","sameAs":["http:\/\/www.visit-ulcinj.com"],"url":"https:\/\/www.visit-ulcinj.com\/blog\/author\/admin\/"}]}},"jetpack_featured_media_url":"","jetpack_sharing_enabled":true,"jetpack_shortlink":"https:\/\/wp.me\/pe6lTn-r4c","_links":{"self":[{"href":"https:\/\/www.visit-ulcinj.com\/blog\/wp-json\/wp\/v2\/posts\/104048"}],"collection":[{"href":"https:\/\/www.visit-ulcinj.com\/blog\/wp-json\/wp\/v2\/posts"}],"about":[{"href":"https:\/\/www.visit-ulcinj.com\/blog\/wp-json\/wp\/v2\/types\/post"}],"author":[{"embeddable":true,"href":"https:\/\/www.visit-ulcinj.com\/blog\/wp-json\/wp\/v2\/users\/1"}],"replies":[{"embeddable":true,"href":"https:\/\/www.visit-ulcinj.com\/blog\/wp-json\/wp\/v2\/comments?post=104048"}],"version-history":[{"count":2,"href":"https:\/\/www.visit-ulcinj.com\/blog\/wp-json\/wp\/v2\/posts\/104048\/revisions"}],"predecessor-version":[{"id":104052,"href":"https:\/\/www.visit-ulcinj.com\/blog\/wp-json\/wp\/v2\/posts\/104048\/revisions\/104052"}],"wp:attachment":[{"href":"https:\/\/www.visit-ulcinj.com\/blog\/wp-json\/wp\/v2\/media?parent=104048"}],"wp:term":[{"taxonomy":"category","embeddable":true,"href":"https:\/\/www.visit-ulcinj.com\/blog\/wp-json\/wp\/v2\/categories?post=104048"},{"taxonomy":"post_tag","embeddable":true,"href":"https:\/\/www.visit-ulcinj.com\/blog\/wp-json\/wp\/v2\/tags?post=104048"}],"curies":[{"name":"wp","href":"https:\/\/api.w.org\/{rel}","templated":true}]}}