{"id":104053,"date":"2017-04-02T20:18:40","date_gmt":"2017-04-02T19:18:40","guid":{"rendered":"http:\/\/www.visit-ulcinj.com\/blog\/?p=104053"},"modified":"2017-04-03T18:35:27","modified_gmt":"2017-04-03T17:35:27","slug":"memoriam-zef-briskoviqi","status":"publish","type":"post","link":"https:\/\/www.visit-ulcinj.com\/blog\/2017\/04\/02\/memoriam-zef-briskoviqi\/","title":{"rendered":"In Memoriam: Zef BRISKOVIQI"},"content":{"rendered":"<div id=\"js_5by\" class=\"_5pbx userContent\" data-ft=\"{&quot;tn&quot;:&quot;K&quot;}\">\n<p><strong><a href=\"http:\/\/www.visit-ulcinj.com\/blog\/wp-content\/uploads\/2017\/04\/IN-MEMORIAM-Zef-BRISKOVIQI.jpg\"><img loading=\"lazy\" class=\"alignleft wp-image-104055\" src=\"http:\/\/www.visit-ulcinj.com\/blog\/wp-content\/uploads\/2017\/04\/IN-MEMORIAM-Zef-BRISKOVIQI.jpg\" alt=\"IN MEMORIAM - Zef BRISKOVIQI\" width=\"508\" height=\"507\" srcset=\"https:\/\/www.visit-ulcinj.com\/blog\/wp-content\/uploads\/2017\/04\/IN-MEMORIAM-Zef-BRISKOVIQI.jpg 707w, https:\/\/www.visit-ulcinj.com\/blog\/wp-content\/uploads\/2017\/04\/IN-MEMORIAM-Zef-BRISKOVIQI-150x150.jpg 150w, https:\/\/www.visit-ulcinj.com\/blog\/wp-content\/uploads\/2017\/04\/IN-MEMORIAM-Zef-BRISKOVIQI-300x300.jpg 300w\" sizes=\"(max-width: 508px) 100vw, 508px\" \/><\/a>02.04.2017<\/strong><br \/>\n<strong> IN MEMORIAM: Zef BRISKOVIQI<\/strong><br \/>\nMe respekt t\u00eb ve\u00e7ant\u00eb dhe me nj\u00eb pietet t\u00eb thell\u00eb d\u00ebshiroj ti shkruaj disa rreshta p\u00ebr tashm\u00eb t\u00eb ndjerin Zef BRISKOVIQIN. Nd\u00ebrroi jet\u00eb n\u00eb mosh\u00ebn 83 vje\u00e7are. P\u00ebr ato q\u00eb nuk e kan\u00eb njohur mir\u00eb, i p\u00ebrkujtoj se zot\u00ebri Zef Briskoviqi i ka takuar nj\u00eb plejad\u00ebs t\u00eb atyre qytetar\u00ebve t\u00eb cil\u00ebt meritojn\u00eb nj\u00eb epitet t\u00eb posa\u00e7\u00ebm. Prandaj, edhe jam i mendimit se emri i Zef Briskoviqit, do t\u00eb mbetet i shkruar m\u00eb shkronja t\u00eb arta n\u00eb historikun e qytetit ton\u00eb. Edhe un\u00eb mund t\u00eb them\u00eb se jam krenar, pasi q\u00eb k\u00ebtij person ja kam dedikuar nj\u00eb tekst modest edhe n\u00eb librin tim \u201cUlqini, monumente, portrete , ngjarje\u201d, botuar n\u00eb vitin 2016, ku n\u00eb mesin e shum\u00eb personaliteteve kam ve\u00e7uar edhe t\u00eb ndjerin Zef.<br \/>\nJam m\u00eb se i sigurt se Zefi ka merituar shum\u00eb m\u00eb tep\u00ebr.<br \/>\nZefi ka mbetur nj\u00eb sinonim i njohur n\u00eb t\u00ebr\u00eb Ulqinin. Dera e sht\u00ebpis\u00eb s\u00eb tij ka qen\u00eb gjithmon\u00eb e hapur p\u00ebr njer\u00ebzit q\u00eb k\u00ebrkonin ndihm\u00eb p\u00ebr t\u00eb sh\u00ebruar. Zefi nuk ka kthyer askend n\u00eb \u00e7do koh\u00eb t\u00eb dit\u00ebs a po t\u00eb nat\u00ebs. Njer\u00ebzit i ka pritur me qet\u00ebsi, m\u00eb nj\u00eb bujari , m\u00eb fjal\u00ebt e \u00ebmb\u00ebla q\u00eb shum\u00eb her\u00eb ishin edhe sheruese. Mir\u00ebpo, m\u00eb s\u00eb pari, pasi q\u00eb Zefi nuk ka pretenduar se \u00ebsht\u00eb mjek, gjithmon\u00eb, atyre t\u00eb cil\u00ebt e kan\u00eb k\u00ebrkuar ndihm\u00ebn etij, ua ka t\u00ebhequr v\u00ebmendjen dhe i ka k\u00ebshilluar se m\u00eb par\u00eb \u201dduhet t\u00eb shkoni dhe ta in\u00e7izoni n\u00eb R\u00ebntgen\u201d pastaj nese doni ejani tek un\u00eb. Zefi ka qen\u00eb nj\u00eb zot\u00ebri i v\u00ebrtet\u00eb, markant, dhe i qet\u00eb, nj\u00eb njeri i cili kurr\u00eb nuk e ka ngrit z\u00ebrin, gjithmon\u00eb pedant dhe i qeshur. Nj\u00eb njeri i jasht\u00ebzakonsh\u00ebm. Zefi ka mi munguar m\u00eb s\u00eb tep\u00ebrmi familjes s\u00eb tij , por edhe t\u00eb gjith\u00eb qytetar\u00ebve t\u00eb qytetit ton\u00eb.<br \/>\nDhe n\u00eb fund, k\u00ebt\u00eb mjeshtri Zefi ua ka l\u00ebn\u00eb n\u00eb trash\u00ebg\u00ebmi djemve dhe nipave, k\u00ebshtu q\u00eb nj\u00eb mjeshtri e till\u00eb popullore mbetet brez pas brezi n\u00eb familjen e Zef Briskoviqit.<br \/>\nPushoft\u00eb n\u00eb paqe.<\/p>\n<p><strong><a id=\"js_8nz\" class=\"_hli\" href=\"https:\/\/www.facebook.com\/ismet.karamanaga\" data-hovercard=\"\/ajax\/hovercard\/user.php?id=1359492972\" data-hovercard-prefer-more-content-show=\"1\">Ismet Karamanaga <\/a>Facebook<\/strong><\/p>\n<p>Danas je umro gospodin Zefa BRISKOVI\u0106, jedan iz one plejade iz onih zlatnih vremena na\u0161eg turizma. Za one koji ga nijesu dovoljno dobro poznavali, ho\u0107u da napi\u0161em par rije\u010di o ovom izuzetnom \u010dovjeku. Zefa je radio kao maser u Ulcinjskoj rivijeri, i njegove ruke su bile najtra\u017eenije u ona vremena kada su na\u0161i hoteli bili puni stranaca. I vrata njegove ku\u0107e u Kolomzi su uvijek bila otvorena za sve one koji su od njega tra\u017eili pomo\u0107. U bilo koje doba dana ili no\u0107i, Zefa je uvijek bio spreman da pomogne. Njegove ruke su \u010desto bile pravi lijek, iako je on svoje posjetioce uvijek upu\u0107ivao na snimanje i konsultacije sa ljekarima.<br \/>\nO ovom divnom \u010dovjeku napisao sam jedan skroman tekst, koji sam objavio u mojoj zadnjoj knjizi \u201cUlcin, spomenici, portreti i goga\u0111aji\u201d objavljenoj pro\u0161le godine. No, svakako, on je siguran sam zaslu\u017eio i zaslu\u017euje mnogo vi\u0161e od toga. Ljudi kao \u0161to je bio, ve\u0107 sada pokojni Zefa BRISKOVI\u0106 , zaslu\u017euju da se na\u0111u u posebnoj antologiji na\u0161eg kulturnog naslje\u0111a.<br \/>\nBio je izuzetno tih, skroman i miran \u010dovjek, \u010dovjek izuzetnih manira, markantan i vje\u010dito elegantan . Na samom kraju, jo\u0161 jedna re\u010denica, ovo vrhunsko umije\u0111e nasle\u0111eno od njegovoih predaka, prenosilo se sa kolena na koleno. Tako je to i danas, kada vi\u0161e nema Zefe. Njegovi sinovi i unuci su uvijek spremni da pomognu, kad god to neko od njih to zatra\u017ei.<br \/>\nNeka njegova plemenita du\u0161a na\u0111e svoj mir u Raju.<\/p>\n<p><strong><a id=\"js_8nz\" class=\"_hli\" href=\"https:\/\/www.facebook.com\/ismet.karamanaga\" data-hovercard=\"\/ajax\/hovercard\/user.php?id=1359492972\" data-hovercard-prefer-more-content-show=\"1\">Ismet Karamanaga <\/a>Facebook<\/strong><\/p>\n<!--YouTube Error: bad URL entered-->\n<\/div>\n","protected":false},"excerpt":{"rendered":"<p>02.04.2017 IN MEMORIAM: Zef BRISKOVIQI Me respekt t\u00eb ve\u00e7ant\u00eb dhe me nj\u00eb pietet t\u00eb thell\u00eb d\u00ebshiroj ti shkruaj disa rreshta p\u00ebr tashm\u00eb t\u00eb ndjerin Zef BRISKOVIQIN. Nd\u00ebrroi jet\u00eb n\u00eb mosh\u00ebn 83 vje\u00e7are. P\u00ebr ato q\u00eb nuk e kan\u00eb njohur mir\u00eb, i p\u00ebrkujtoj se zot\u00ebri Zef Briskoviqi i ka takuar nj\u00eb plejad\u00ebs t\u00eb atyre qytetar\u00ebve t\u00eb [&hellip;]<\/p>\n","protected":false},"author":1,"featured_media":0,"comment_status":"closed","ping_status":"closed","sticky":false,"template":"","format":"standard","meta":{"spay_email":"","jetpack_publicize_message":"","jetpack_is_tweetstorm":false,"jetpack_publicize_feature_enabled":true},"categories":[1,6950],"tags":[],"jetpack_publicize_connections":[],"yoast_head":"<!-- This site is optimized with the Yoast SEO plugin v19.1 - https:\/\/yoast.com\/wordpress\/plugins\/seo\/ -->\n<title>In Memoriam: Zef BRISKOVIQI - Lajme nga Ulqini<\/title>\n<meta name=\"description\" content=\"02.04.2017 IN MEMORIAM: Zef BRISKOVIQI Me respekt t\u00eb ve\u00e7ant\u00eb dhe me nj\u00eb pietet t\u00eb thell\u00eb d\u00ebshiroj ti shkruaj disa rreshta p\u00ebr tashm\u00eb t\u00eb ndjerin Zef\" \/>\n<meta name=\"robots\" content=\"index, follow, max-snippet:-1, max-image-preview:large, max-video-preview:-1\" \/>\n<link rel=\"canonical\" href=\"https:\/\/www.visit-ulcinj.com\/blog\/2017\/04\/02\/memoriam-zef-briskoviqi\/\" \/>\n<meta property=\"og:locale\" content=\"en_US\" \/>\n<meta property=\"og:type\" content=\"article\" \/>\n<meta property=\"og:title\" content=\"In Memoriam: Zef BRISKOVIQI - Lajme nga Ulqini\" \/>\n<meta property=\"og:description\" content=\"02.04.2017 IN MEMORIAM: Zef BRISKOVIQI Me respekt t\u00eb ve\u00e7ant\u00eb dhe me nj\u00eb pietet t\u00eb thell\u00eb d\u00ebshiroj ti shkruaj disa rreshta p\u00ebr tashm\u00eb t\u00eb ndjerin Zef\" \/>\n<meta property=\"og:url\" content=\"https:\/\/www.visit-ulcinj.com\/blog\/2017\/04\/02\/memoriam-zef-briskoviqi\/\" \/>\n<meta property=\"og:site_name\" content=\"Lajme nga Ulqini\" \/>\n<meta property=\"article:published_time\" content=\"2017-04-02T19:18:40+00:00\" \/>\n<meta property=\"article:modified_time\" content=\"2017-04-03T17:35:27+00:00\" \/>\n<meta property=\"og:image\" content=\"http:\/\/www.visit-ulcinj.com\/blog\/wp-content\/uploads\/2017\/04\/IN-MEMORIAM-Zef-BRISKOVIQI.jpg\" \/>\n<meta name=\"twitter:label1\" content=\"Written by\" \/>\n\t<meta name=\"twitter:data1\" content=\"ulqini\" \/>\n\t<meta name=\"twitter:label2\" content=\"Est. reading time\" \/>\n\t<meta name=\"twitter:data2\" content=\"3 minutes\" \/>\n<script type=\"application\/ld+json\" class=\"yoast-schema-graph\">{\"@context\":\"https:\/\/schema.org\",\"@graph\":[{\"@type\":\"WebSite\",\"@id\":\"https:\/\/www.visit-ulcinj.com\/blog\/#website\",\"url\":\"https:\/\/www.visit-ulcinj.com\/blog\/\",\"name\":\"Lajme nga Ulqini\",\"description\":\"Lajme,Vijesti,Ulqini,Ulqin,Crna Gora,Mali i Zi\",\"potentialAction\":[{\"@type\":\"SearchAction\",\"target\":{\"@type\":\"EntryPoint\",\"urlTemplate\":\"https:\/\/www.visit-ulcinj.com\/blog\/?s={search_term_string}\"},\"query-input\":\"required name=search_term_string\"}],\"inLanguage\":\"en-US\"},{\"@type\":\"ImageObject\",\"inLanguage\":\"en-US\",\"@id\":\"https:\/\/www.visit-ulcinj.com\/blog\/2017\/04\/02\/memoriam-zef-briskoviqi\/#primaryimage\",\"url\":\"https:\/\/www.visit-ulcinj.com\/blog\/wp-content\/uploads\/2017\/04\/IN-MEMORIAM-Zef-BRISKOVIQI.jpg\",\"contentUrl\":\"https:\/\/www.visit-ulcinj.com\/blog\/wp-content\/uploads\/2017\/04\/IN-MEMORIAM-Zef-BRISKOVIQI.jpg\",\"width\":707,\"height\":706},{\"@type\":\"WebPage\",\"@id\":\"https:\/\/www.visit-ulcinj.com\/blog\/2017\/04\/02\/memoriam-zef-briskoviqi\/#webpage\",\"url\":\"https:\/\/www.visit-ulcinj.com\/blog\/2017\/04\/02\/memoriam-zef-briskoviqi\/\",\"name\":\"In Memoriam: Zef BRISKOVIQI - Lajme nga Ulqini\",\"isPartOf\":{\"@id\":\"https:\/\/www.visit-ulcinj.com\/blog\/#website\"},\"primaryImageOfPage\":{\"@id\":\"https:\/\/www.visit-ulcinj.com\/blog\/2017\/04\/02\/memoriam-zef-briskoviqi\/#primaryimage\"},\"datePublished\":\"2017-04-02T19:18:40+00:00\",\"dateModified\":\"2017-04-03T17:35:27+00:00\",\"author\":{\"@id\":\"https:\/\/www.visit-ulcinj.com\/blog\/#\/schema\/person\/dcab619c614d3038751c63bc2aadc06d\"},\"description\":\"02.04.2017 IN MEMORIAM: Zef BRISKOVIQI Me respekt t\u00eb ve\u00e7ant\u00eb dhe me nj\u00eb pietet t\u00eb thell\u00eb d\u00ebshiroj ti shkruaj disa rreshta p\u00ebr tashm\u00eb t\u00eb ndjerin Zef\",\"breadcrumb\":{\"@id\":\"https:\/\/www.visit-ulcinj.com\/blog\/2017\/04\/02\/memoriam-zef-briskoviqi\/#breadcrumb\"},\"inLanguage\":\"en-US\",\"potentialAction\":[{\"@type\":\"ReadAction\",\"target\":[\"https:\/\/www.visit-ulcinj.com\/blog\/2017\/04\/02\/memoriam-zef-briskoviqi\/\"]}]},{\"@type\":\"BreadcrumbList\",\"@id\":\"https:\/\/www.visit-ulcinj.com\/blog\/2017\/04\/02\/memoriam-zef-briskoviqi\/#breadcrumb\",\"itemListElement\":[{\"@type\":\"ListItem\",\"position\":1,\"name\":\"In Memoriam: Zef BRISKOVIQI\"}]},{\"@type\":\"Person\",\"@id\":\"https:\/\/www.visit-ulcinj.com\/blog\/#\/schema\/person\/dcab619c614d3038751c63bc2aadc06d\",\"name\":\"ulqini\",\"sameAs\":[\"http:\/\/www.visit-ulcinj.com\"],\"url\":\"https:\/\/www.visit-ulcinj.com\/blog\/author\/admin\/\"}]}<\/script>\n<!-- \/ Yoast SEO plugin. -->","yoast_head_json":{"title":"In Memoriam: Zef BRISKOVIQI - Lajme nga Ulqini","description":"02.04.2017 IN MEMORIAM: Zef BRISKOVIQI Me respekt t\u00eb ve\u00e7ant\u00eb dhe me nj\u00eb pietet t\u00eb thell\u00eb d\u00ebshiroj ti shkruaj disa rreshta p\u00ebr tashm\u00eb t\u00eb ndjerin Zef","robots":{"index":"index","follow":"follow","max-snippet":"max-snippet:-1","max-image-preview":"max-image-preview:large","max-video-preview":"max-video-preview:-1"},"canonical":"https:\/\/www.visit-ulcinj.com\/blog\/2017\/04\/02\/memoriam-zef-briskoviqi\/","og_locale":"en_US","og_type":"article","og_title":"In Memoriam: Zef BRISKOVIQI - Lajme nga Ulqini","og_description":"02.04.2017 IN MEMORIAM: Zef BRISKOVIQI Me respekt t\u00eb ve\u00e7ant\u00eb dhe me nj\u00eb pietet t\u00eb thell\u00eb d\u00ebshiroj ti shkruaj disa rreshta p\u00ebr tashm\u00eb t\u00eb ndjerin Zef","og_url":"https:\/\/www.visit-ulcinj.com\/blog\/2017\/04\/02\/memoriam-zef-briskoviqi\/","og_site_name":"Lajme nga Ulqini","article_published_time":"2017-04-02T19:18:40+00:00","article_modified_time":"2017-04-03T17:35:27+00:00","og_image":[{"url":"http:\/\/www.visit-ulcinj.com\/blog\/wp-content\/uploads\/2017\/04\/IN-MEMORIAM-Zef-BRISKOVIQI.jpg"}],"twitter_misc":{"Written by":"ulqini","Est. reading time":"3 minutes"},"schema":{"@context":"https:\/\/schema.org","@graph":[{"@type":"WebSite","@id":"https:\/\/www.visit-ulcinj.com\/blog\/#website","url":"https:\/\/www.visit-ulcinj.com\/blog\/","name":"Lajme nga Ulqini","description":"Lajme,Vijesti,Ulqini,Ulqin,Crna Gora,Mali i Zi","potentialAction":[{"@type":"SearchAction","target":{"@type":"EntryPoint","urlTemplate":"https:\/\/www.visit-ulcinj.com\/blog\/?s={search_term_string}"},"query-input":"required name=search_term_string"}],"inLanguage":"en-US"},{"@type":"ImageObject","inLanguage":"en-US","@id":"https:\/\/www.visit-ulcinj.com\/blog\/2017\/04\/02\/memoriam-zef-briskoviqi\/#primaryimage","url":"https:\/\/www.visit-ulcinj.com\/blog\/wp-content\/uploads\/2017\/04\/IN-MEMORIAM-Zef-BRISKOVIQI.jpg","contentUrl":"https:\/\/www.visit-ulcinj.com\/blog\/wp-content\/uploads\/2017\/04\/IN-MEMORIAM-Zef-BRISKOVIQI.jpg","width":707,"height":706},{"@type":"WebPage","@id":"https:\/\/www.visit-ulcinj.com\/blog\/2017\/04\/02\/memoriam-zef-briskoviqi\/#webpage","url":"https:\/\/www.visit-ulcinj.com\/blog\/2017\/04\/02\/memoriam-zef-briskoviqi\/","name":"In Memoriam: Zef BRISKOVIQI - Lajme nga Ulqini","isPartOf":{"@id":"https:\/\/www.visit-ulcinj.com\/blog\/#website"},"primaryImageOfPage":{"@id":"https:\/\/www.visit-ulcinj.com\/blog\/2017\/04\/02\/memoriam-zef-briskoviqi\/#primaryimage"},"datePublished":"2017-04-02T19:18:40+00:00","dateModified":"2017-04-03T17:35:27+00:00","author":{"@id":"https:\/\/www.visit-ulcinj.com\/blog\/#\/schema\/person\/dcab619c614d3038751c63bc2aadc06d"},"description":"02.04.2017 IN MEMORIAM: Zef BRISKOVIQI Me respekt t\u00eb ve\u00e7ant\u00eb dhe me nj\u00eb pietet t\u00eb thell\u00eb d\u00ebshiroj ti shkruaj disa rreshta p\u00ebr tashm\u00eb t\u00eb ndjerin Zef","breadcrumb":{"@id":"https:\/\/www.visit-ulcinj.com\/blog\/2017\/04\/02\/memoriam-zef-briskoviqi\/#breadcrumb"},"inLanguage":"en-US","potentialAction":[{"@type":"ReadAction","target":["https:\/\/www.visit-ulcinj.com\/blog\/2017\/04\/02\/memoriam-zef-briskoviqi\/"]}]},{"@type":"BreadcrumbList","@id":"https:\/\/www.visit-ulcinj.com\/blog\/2017\/04\/02\/memoriam-zef-briskoviqi\/#breadcrumb","itemListElement":[{"@type":"ListItem","position":1,"name":"In Memoriam: Zef BRISKOVIQI"}]},{"@type":"Person","@id":"https:\/\/www.visit-ulcinj.com\/blog\/#\/schema\/person\/dcab619c614d3038751c63bc2aadc06d","name":"ulqini","sameAs":["http:\/\/www.visit-ulcinj.com"],"url":"https:\/\/www.visit-ulcinj.com\/blog\/author\/admin\/"}]}},"jetpack_featured_media_url":"","jetpack_sharing_enabled":true,"jetpack_shortlink":"https:\/\/wp.me\/pe6lTn-r4h","_links":{"self":[{"href":"https:\/\/www.visit-ulcinj.com\/blog\/wp-json\/wp\/v2\/posts\/104053"}],"collection":[{"href":"https:\/\/www.visit-ulcinj.com\/blog\/wp-json\/wp\/v2\/posts"}],"about":[{"href":"https:\/\/www.visit-ulcinj.com\/blog\/wp-json\/wp\/v2\/types\/post"}],"author":[{"embeddable":true,"href":"https:\/\/www.visit-ulcinj.com\/blog\/wp-json\/wp\/v2\/users\/1"}],"replies":[{"embeddable":true,"href":"https:\/\/www.visit-ulcinj.com\/blog\/wp-json\/wp\/v2\/comments?post=104053"}],"version-history":[{"count":3,"href":"https:\/\/www.visit-ulcinj.com\/blog\/wp-json\/wp\/v2\/posts\/104053\/revisions"}],"predecessor-version":[{"id":104058,"href":"https:\/\/www.visit-ulcinj.com\/blog\/wp-json\/wp\/v2\/posts\/104053\/revisions\/104058"}],"wp:attachment":[{"href":"https:\/\/www.visit-ulcinj.com\/blog\/wp-json\/wp\/v2\/media?parent=104053"}],"wp:term":[{"taxonomy":"category","embeddable":true,"href":"https:\/\/www.visit-ulcinj.com\/blog\/wp-json\/wp\/v2\/categories?post=104053"},{"taxonomy":"post_tag","embeddable":true,"href":"https:\/\/www.visit-ulcinj.com\/blog\/wp-json\/wp\/v2\/tags?post=104053"}],"curies":[{"name":"wp","href":"https:\/\/api.w.org\/{rel}","templated":true}]}}