{"id":10406,"date":"2009-02-03T21:20:03","date_gmt":"2009-02-03T20:20:03","guid":{"rendered":"http:\/\/www.visit-ulcinj.com\/blog\/?p=10406"},"modified":"2009-02-04T19:37:16","modified_gmt":"2009-02-04T18:37:16","slug":"genta-ismaijli-rrezohet-ne-skene","status":"publish","type":"post","link":"https:\/\/www.visit-ulcinj.com\/blog\/2009\/02\/03\/genta-ismaijli-rrezohet-ne-skene\/","title":{"rendered":"Genta Ismaijli rrezohet n\u00eb sken\u00eb"},"content":{"rendered":"<p><a rel=\"attachment wp-att-10407\" href=\"http:\/\/www.visit-ulcinj.com\/blog\/2009\/02\/03\/genta-ismaijli-rrezohet-ne-skene\/genta-ismajli-2\/\"><img loading=\"lazy\" class=\"alignleft size-full wp-image-10407\" title=\"genta-ismajli\" src=\"http:\/\/www.visit-ulcinj.com\/blog\/wp-content\/uploads\/2009\/02\/genta-ismajli.jpg\" alt=\"genta-ismajli\" width=\"579\" height=\"352\" \/><\/a>M\u00eb n\u00eb fund ajo q\u00eb njihet si valltarja q\u00eb b\u00ebn m\u00eb s\u00eb shumti ekzibicione n\u00eb sken\u00eb \u00ebsht\u00eb rr\u00ebzuar. \u00cbsht\u00eb fjala p\u00ebr k\u00ebng\u00ebtaren Genta Ismajli, e cila duke vall\u00ebzuar papritur rr\u00ebzohet n\u00eb sken\u00eb. Megjithat\u00eb, Genta shpejt zgjohet dhe vazhdon t\u00eb k\u00ebndoj\u00eb thuajse nuk ka ndodhur asgj\u00eb. Video ku Genta rr\u00ebzohet n\u00eb sken\u00eb,koh\u00ebve t\u00eb fundit \u00ebsht\u00eb n\u00eb internet, m\u00eb konkretisht n\u00eb Aksidenti i Gent\u00ebs ka ndodhur n\u00eb diskotek\u00ebn \u201cRinora 4\u201d, n\u00eb momentin kur ajo ishte duke k\u00ebnduar k\u00ebng\u00ebn q\u00eb shum\u00eb shpejt u b\u00eb hit \u201cNj\u00eb her\u00eb n\u00eb vit\u201d, k\u00ebng\u00eb me t\u00eb cil\u00ebn ajo u paraqit edhe n\u00eb fest\u00ebn e nd\u00ebrrimit t\u00eb motmotit.<br \/>\n<strong>Vip.Shqiperia<\/strong><\/p>\n<p><strong><br \/>\n<\/strong><\/p>\n<!--YouTube Error: bad URL entered-->\n","protected":false},"excerpt":{"rendered":"<p>M\u00eb n\u00eb fund ajo q\u00eb njihet si valltarja q\u00eb b\u00ebn m\u00eb s\u00eb shumti ekzibicione n\u00eb sken\u00eb \u00ebsht\u00eb rr\u00ebzuar. \u00cbsht\u00eb fjala p\u00ebr k\u00ebng\u00ebtaren Genta Ismajli, e cila duke vall\u00ebzuar papritur rr\u00ebzohet n\u00eb sken\u00eb. Megjithat\u00eb, Genta shpejt zgjohet dhe vazhdon t\u00eb k\u00ebndoj\u00eb thuajse nuk ka ndodhur asgj\u00eb. Video ku Genta rr\u00ebzohet n\u00eb sken\u00eb,koh\u00ebve t\u00eb fundit \u00ebsht\u00eb n\u00eb [&hellip;]<\/p>\n","protected":false},"author":1,"featured_media":0,"comment_status":"open","ping_status":"closed","sticky":false,"template":"","format":"standard","meta":{"spay_email":"","jetpack_publicize_message":"","jetpack_is_tweetstorm":false,"jetpack_publicize_feature_enabled":true},"categories":[1],"tags":[6388],"jetpack_publicize_connections":[],"yoast_head":"<!-- This site is optimized with the Yoast SEO plugin v19.1 - https:\/\/yoast.com\/wordpress\/plugins\/seo\/ -->\n<title>Genta Ismaijli rrezohet n\u00eb sken\u00eb - Lajme nga Ulqini<\/title>\n<meta name=\"description\" content=\"M\u00eb n\u00eb fund ajo q\u00eb njihet si valltarja q\u00eb b\u00ebn m\u00eb s\u00eb shumti ekzibicione n\u00eb sken\u00eb \u00ebsht\u00eb rr\u00ebzuar. \u00cbsht\u00eb fjala p\u00ebr k\u00ebng\u00ebtaren Genta Ismajli, e cila duke\" \/>\n<meta name=\"robots\" content=\"index, follow, max-snippet:-1, max-image-preview:large, max-video-preview:-1\" \/>\n<link rel=\"canonical\" href=\"https:\/\/www.visit-ulcinj.com\/blog\/2009\/02\/03\/genta-ismaijli-rrezohet-ne-skene\/\" \/>\n<meta property=\"og:locale\" content=\"en_US\" \/>\n<meta property=\"og:type\" content=\"article\" \/>\n<meta property=\"og:title\" content=\"Genta Ismaijli rrezohet n\u00eb sken\u00eb - Lajme nga Ulqini\" \/>\n<meta property=\"og:description\" content=\"M\u00eb n\u00eb fund ajo q\u00eb njihet si valltarja q\u00eb b\u00ebn m\u00eb s\u00eb shumti ekzibicione n\u00eb sken\u00eb \u00ebsht\u00eb rr\u00ebzuar. \u00cbsht\u00eb fjala p\u00ebr k\u00ebng\u00ebtaren Genta Ismajli, e cila duke\" \/>\n<meta property=\"og:url\" content=\"https:\/\/www.visit-ulcinj.com\/blog\/2009\/02\/03\/genta-ismaijli-rrezohet-ne-skene\/\" \/>\n<meta property=\"og:site_name\" content=\"Lajme nga Ulqini\" \/>\n<meta property=\"article:published_time\" content=\"2009-02-03T20:20:03+00:00\" \/>\n<meta property=\"article:modified_time\" content=\"2009-02-04T18:37:16+00:00\" \/>\n<meta property=\"og:image\" content=\"https:\/\/www.visit-ulcinj.com\/blog\/wp-content\/uploads\/2009\/02\/genta-ismajli-150x150.jpg\" \/>\n<meta name=\"twitter:label1\" content=\"Written by\" \/>\n\t<meta name=\"twitter:data1\" content=\"ulqini\" \/>\n\t<meta name=\"twitter:label2\" content=\"Est. reading time\" \/>\n\t<meta name=\"twitter:data2\" content=\"1 minute\" \/>\n<script type=\"application\/ld+json\" class=\"yoast-schema-graph\">{\"@context\":\"https:\/\/schema.org\",\"@graph\":[{\"@type\":\"WebSite\",\"@id\":\"https:\/\/www.visit-ulcinj.com\/blog\/#website\",\"url\":\"https:\/\/www.visit-ulcinj.com\/blog\/\",\"name\":\"Lajme nga Ulqini\",\"description\":\"Lajme,Vijesti,Ulqini,Ulqin,Crna Gora,Mali i Zi\",\"potentialAction\":[{\"@type\":\"SearchAction\",\"target\":{\"@type\":\"EntryPoint\",\"urlTemplate\":\"https:\/\/www.visit-ulcinj.com\/blog\/?s={search_term_string}\"},\"query-input\":\"required name=search_term_string\"}],\"inLanguage\":\"en-US\"},{\"@type\":\"ImageObject\",\"inLanguage\":\"en-US\",\"@id\":\"https:\/\/www.visit-ulcinj.com\/blog\/2009\/02\/03\/genta-ismaijli-rrezohet-ne-skene\/#primaryimage\",\"url\":\"http:\/\/www.visit-ulcinj.com\/blog\/wp-content\/uploads\/2009\/02\/genta-ismajli.jpg\",\"contentUrl\":\"http:\/\/www.visit-ulcinj.com\/blog\/wp-content\/uploads\/2009\/02\/genta-ismajli.jpg\"},{\"@type\":\"WebPage\",\"@id\":\"https:\/\/www.visit-ulcinj.com\/blog\/2009\/02\/03\/genta-ismaijli-rrezohet-ne-skene\/#webpage\",\"url\":\"https:\/\/www.visit-ulcinj.com\/blog\/2009\/02\/03\/genta-ismaijli-rrezohet-ne-skene\/\",\"name\":\"Genta Ismaijli rrezohet n\u00eb sken\u00eb - Lajme nga Ulqini\",\"isPartOf\":{\"@id\":\"https:\/\/www.visit-ulcinj.com\/blog\/#website\"},\"primaryImageOfPage\":{\"@id\":\"https:\/\/www.visit-ulcinj.com\/blog\/2009\/02\/03\/genta-ismaijli-rrezohet-ne-skene\/#primaryimage\"},\"datePublished\":\"2009-02-03T20:20:03+00:00\",\"dateModified\":\"2009-02-04T18:37:16+00:00\",\"author\":{\"@id\":\"https:\/\/www.visit-ulcinj.com\/blog\/#\/schema\/person\/dcab619c614d3038751c63bc2aadc06d\"},\"description\":\"M\u00eb n\u00eb fund ajo q\u00eb njihet si valltarja q\u00eb b\u00ebn m\u00eb s\u00eb shumti ekzibicione n\u00eb sken\u00eb \u00ebsht\u00eb rr\u00ebzuar. \u00cbsht\u00eb fjala p\u00ebr k\u00ebng\u00ebtaren Genta Ismajli, e cila duke\",\"breadcrumb\":{\"@id\":\"https:\/\/www.visit-ulcinj.com\/blog\/2009\/02\/03\/genta-ismaijli-rrezohet-ne-skene\/#breadcrumb\"},\"inLanguage\":\"en-US\",\"potentialAction\":[{\"@type\":\"ReadAction\",\"target\":[\"https:\/\/www.visit-ulcinj.com\/blog\/2009\/02\/03\/genta-ismaijli-rrezohet-ne-skene\/\"]}]},{\"@type\":\"BreadcrumbList\",\"@id\":\"https:\/\/www.visit-ulcinj.com\/blog\/2009\/02\/03\/genta-ismaijli-rrezohet-ne-skene\/#breadcrumb\",\"itemListElement\":[{\"@type\":\"ListItem\",\"position\":1,\"name\":\"Genta Ismaijli rrezohet n\u00eb sken\u00eb\"}]},{\"@type\":\"Person\",\"@id\":\"https:\/\/www.visit-ulcinj.com\/blog\/#\/schema\/person\/dcab619c614d3038751c63bc2aadc06d\",\"name\":\"ulqini\",\"sameAs\":[\"http:\/\/www.visit-ulcinj.com\"],\"url\":\"https:\/\/www.visit-ulcinj.com\/blog\/author\/admin\/\"}]}<\/script>\n<!-- \/ Yoast SEO plugin. -->","yoast_head_json":{"title":"Genta Ismaijli rrezohet n\u00eb sken\u00eb - Lajme nga Ulqini","description":"M\u00eb n\u00eb fund ajo q\u00eb njihet si valltarja q\u00eb b\u00ebn m\u00eb s\u00eb shumti ekzibicione n\u00eb sken\u00eb \u00ebsht\u00eb rr\u00ebzuar. \u00cbsht\u00eb fjala p\u00ebr k\u00ebng\u00ebtaren Genta Ismajli, e cila duke","robots":{"index":"index","follow":"follow","max-snippet":"max-snippet:-1","max-image-preview":"max-image-preview:large","max-video-preview":"max-video-preview:-1"},"canonical":"https:\/\/www.visit-ulcinj.com\/blog\/2009\/02\/03\/genta-ismaijli-rrezohet-ne-skene\/","og_locale":"en_US","og_type":"article","og_title":"Genta Ismaijli rrezohet n\u00eb sken\u00eb - Lajme nga Ulqini","og_description":"M\u00eb n\u00eb fund ajo q\u00eb njihet si valltarja q\u00eb b\u00ebn m\u00eb s\u00eb shumti ekzibicione n\u00eb sken\u00eb \u00ebsht\u00eb rr\u00ebzuar. \u00cbsht\u00eb fjala p\u00ebr k\u00ebng\u00ebtaren Genta Ismajli, e cila duke","og_url":"https:\/\/www.visit-ulcinj.com\/blog\/2009\/02\/03\/genta-ismaijli-rrezohet-ne-skene\/","og_site_name":"Lajme nga Ulqini","article_published_time":"2009-02-03T20:20:03+00:00","article_modified_time":"2009-02-04T18:37:16+00:00","og_image":[{"url":"https:\/\/www.visit-ulcinj.com\/blog\/wp-content\/uploads\/2009\/02\/genta-ismajli-150x150.jpg"}],"twitter_misc":{"Written by":"ulqini","Est. reading time":"1 minute"},"schema":{"@context":"https:\/\/schema.org","@graph":[{"@type":"WebSite","@id":"https:\/\/www.visit-ulcinj.com\/blog\/#website","url":"https:\/\/www.visit-ulcinj.com\/blog\/","name":"Lajme nga Ulqini","description":"Lajme,Vijesti,Ulqini,Ulqin,Crna Gora,Mali i Zi","potentialAction":[{"@type":"SearchAction","target":{"@type":"EntryPoint","urlTemplate":"https:\/\/www.visit-ulcinj.com\/blog\/?s={search_term_string}"},"query-input":"required name=search_term_string"}],"inLanguage":"en-US"},{"@type":"ImageObject","inLanguage":"en-US","@id":"https:\/\/www.visit-ulcinj.com\/blog\/2009\/02\/03\/genta-ismaijli-rrezohet-ne-skene\/#primaryimage","url":"http:\/\/www.visit-ulcinj.com\/blog\/wp-content\/uploads\/2009\/02\/genta-ismajli.jpg","contentUrl":"http:\/\/www.visit-ulcinj.com\/blog\/wp-content\/uploads\/2009\/02\/genta-ismajli.jpg"},{"@type":"WebPage","@id":"https:\/\/www.visit-ulcinj.com\/blog\/2009\/02\/03\/genta-ismaijli-rrezohet-ne-skene\/#webpage","url":"https:\/\/www.visit-ulcinj.com\/blog\/2009\/02\/03\/genta-ismaijli-rrezohet-ne-skene\/","name":"Genta Ismaijli rrezohet n\u00eb sken\u00eb - Lajme nga Ulqini","isPartOf":{"@id":"https:\/\/www.visit-ulcinj.com\/blog\/#website"},"primaryImageOfPage":{"@id":"https:\/\/www.visit-ulcinj.com\/blog\/2009\/02\/03\/genta-ismaijli-rrezohet-ne-skene\/#primaryimage"},"datePublished":"2009-02-03T20:20:03+00:00","dateModified":"2009-02-04T18:37:16+00:00","author":{"@id":"https:\/\/www.visit-ulcinj.com\/blog\/#\/schema\/person\/dcab619c614d3038751c63bc2aadc06d"},"description":"M\u00eb n\u00eb fund ajo q\u00eb njihet si valltarja q\u00eb b\u00ebn m\u00eb s\u00eb shumti ekzibicione n\u00eb sken\u00eb \u00ebsht\u00eb rr\u00ebzuar. \u00cbsht\u00eb fjala p\u00ebr k\u00ebng\u00ebtaren Genta Ismajli, e cila duke","breadcrumb":{"@id":"https:\/\/www.visit-ulcinj.com\/blog\/2009\/02\/03\/genta-ismaijli-rrezohet-ne-skene\/#breadcrumb"},"inLanguage":"en-US","potentialAction":[{"@type":"ReadAction","target":["https:\/\/www.visit-ulcinj.com\/blog\/2009\/02\/03\/genta-ismaijli-rrezohet-ne-skene\/"]}]},{"@type":"BreadcrumbList","@id":"https:\/\/www.visit-ulcinj.com\/blog\/2009\/02\/03\/genta-ismaijli-rrezohet-ne-skene\/#breadcrumb","itemListElement":[{"@type":"ListItem","position":1,"name":"Genta Ismaijli rrezohet n\u00eb sken\u00eb"}]},{"@type":"Person","@id":"https:\/\/www.visit-ulcinj.com\/blog\/#\/schema\/person\/dcab619c614d3038751c63bc2aadc06d","name":"ulqini","sameAs":["http:\/\/www.visit-ulcinj.com"],"url":"https:\/\/www.visit-ulcinj.com\/blog\/author\/admin\/"}]}},"jetpack_featured_media_url":"","jetpack_sharing_enabled":true,"jetpack_shortlink":"https:\/\/wp.me\/pe6lTn-2HQ","_links":{"self":[{"href":"https:\/\/www.visit-ulcinj.com\/blog\/wp-json\/wp\/v2\/posts\/10406"}],"collection":[{"href":"https:\/\/www.visit-ulcinj.com\/blog\/wp-json\/wp\/v2\/posts"}],"about":[{"href":"https:\/\/www.visit-ulcinj.com\/blog\/wp-json\/wp\/v2\/types\/post"}],"author":[{"embeddable":true,"href":"https:\/\/www.visit-ulcinj.com\/blog\/wp-json\/wp\/v2\/users\/1"}],"replies":[{"embeddable":true,"href":"https:\/\/www.visit-ulcinj.com\/blog\/wp-json\/wp\/v2\/comments?post=10406"}],"version-history":[{"count":0,"href":"https:\/\/www.visit-ulcinj.com\/blog\/wp-json\/wp\/v2\/posts\/10406\/revisions"}],"wp:attachment":[{"href":"https:\/\/www.visit-ulcinj.com\/blog\/wp-json\/wp\/v2\/media?parent=10406"}],"wp:term":[{"taxonomy":"category","embeddable":true,"href":"https:\/\/www.visit-ulcinj.com\/blog\/wp-json\/wp\/v2\/categories?post=10406"},{"taxonomy":"post_tag","embeddable":true,"href":"https:\/\/www.visit-ulcinj.com\/blog\/wp-json\/wp\/v2\/tags?post=10406"}],"curies":[{"name":"wp","href":"https:\/\/api.w.org\/{rel}","templated":true}]}}