{"id":104060,"date":"2017-04-03T16:42:06","date_gmt":"2017-04-03T15:42:06","guid":{"rendered":"http:\/\/www.visit-ulcinj.com\/blog\/?p=104060"},"modified":"2017-04-03T16:42:30","modified_gmt":"2017-04-03T15:42:30","slug":"glas-za-spas-solane-umjetnici-iz-ulcinja-moramo-da-joj-pruzimo-vise-ljubavi","status":"publish","type":"post","link":"https:\/\/www.visit-ulcinj.com\/blog\/2017\/04\/03\/glas-za-spas-solane-umjetnici-iz-ulcinja-moramo-da-joj-pruzimo-vise-ljubavi\/","title":{"rendered":"Glas za spas Solane: Umjetnici iz Ulcinja &#8211; Moramo da joj pru\u017eimo vi\u0161e ljubavi"},"content":{"rendered":"<p><strong><a href=\"http:\/\/www.visit-ulcinj.com\/blog\/wp-content\/uploads\/2017\/04\/Glas-za-spas-Solane-Umjetnici-iz-Ulcinja-Spot.jpg\"><img loading=\"lazy\" class=\"alignleft wp-image-104061\" src=\"http:\/\/www.visit-ulcinj.com\/blog\/wp-content\/uploads\/2017\/04\/Glas-za-spas-Solane-Umjetnici-iz-Ulcinja-Spot.jpg\" alt=\"Glas za spas Solane-Umjetnici iz Ulcinja - Spot\" width=\"508\" height=\"304\" srcset=\"https:\/\/www.visit-ulcinj.com\/blog\/wp-content\/uploads\/2017\/04\/Glas-za-spas-Solane-Umjetnici-iz-Ulcinja-Spot.jpg 847w, https:\/\/www.visit-ulcinj.com\/blog\/wp-content\/uploads\/2017\/04\/Glas-za-spas-Solane-Umjetnici-iz-Ulcinja-Spot-300x180.jpg 300w, https:\/\/www.visit-ulcinj.com\/blog\/wp-content\/uploads\/2017\/04\/Glas-za-spas-Solane-Umjetnici-iz-Ulcinja-Spot-768x460.jpg 768w\" sizes=\"(max-width: 508px) 100vw, 508px\" \/><\/a>Umjetnici iz Ulcinja di\u017eu glas za spas Solane: Moramo da joj pru\u017eimo vi\u0161e ljubavi<\/strong><\/p>\n<p class=\"lead\">&#8220;Pjesma govori o tome kakva je Solana nekada bila, kakva je danas i kakvu je mi u budu\u0107nosti \u017eelimo&#8221;<\/p>\n<div class=\"credits cf\"><strong><span class=\"credits__author\"> Autor: <a href=\"http:\/\/www.vijesti.me\/autori\/suzana-ganic-455\/profil\">Suzana Gani\u0107<\/a> <\/span><\/strong><\/div>\n<div class=\"credits cf\">\n<p>&#8220;Svijest&#8221; je naziv pjesme kojom umjetnici iz Ulcinja di\u017eu glas za opstanak i spas Solane &#8211; za o\u010duvanje tog zna\u010dajnog stani\u0161ta za ptice i za ponovno pokretanje proizvodnje soli.<\/p>\n<p>&#8220;Solana je na\u0161a, Solana je ulcinjska, crnogorska, Solana je svjetska. Ona ima toliko veliki zna\u010daj za sve nas, tako da moramo da joj pru\u017eimo malo vi\u0161e ljubavi nego \u0161to smo ovih zadnjih godina radili, a to je ovim spotom ura\u0111eno. Mislim da je ovaj spot pokazao koliko je ulcinjanima Solana va\u017ena i da nikada ne\u0107e odustati od nje&#8221;, kazao je za TV Vijesti\u00a0\u00a0Zenepa Lika iz NVO &#8220;dr Martin \u0160najder&#8221;.<\/p>\n<!--YouTube Error: bad URL entered-->\n<p>Udru\u017eeni umjetnici volonterskim radom napravili su projekat kojim se ponose i na kom su radili s posebnom pa\u017enjom.<\/p>\n<p>&#8220;Ideja je bila da i mi uradimo ne\u0161to za onaj haos na Solani, da probudimo osje\u0107aj, da probudimo svijest ljudi, jer ovaj projekat ne pripada nikom pojedina\u010dno, niti organizaciji, ve\u0107 kompletnom dru\u0161tvu&#8221;, navodi producent Enkela Bi\u0161a.<\/p>\n<p>&#8220;Pjesma govori o tome kakva je Solana nekada bila, kakva je danas i kakvu je mi u budu\u0107nosti \u017eelimo&#8221;, dodaje tekstopisac\u00a0Fljutur Mustafa.<\/p>\n<p>&#8220;Imali smo dje\u010dji hor, imali smo 15 pjeva\u010da, i kada radite sa profesionalcima sve ide lak\u0161e&#8221;,\u00a0Imi Nimanbegu, kompozitor.<\/p>\n<p>Spoto je uspio da do\u010dara sve ljepote ovog prostora, ali i svu tugu na Solani.<\/p>\n<p>&#8220;Stvarno mi je bilo sjajno i ovo je jedan od mojih najboljih projekata koje sam do sada radio&#8221;, dodaje Gezim Mavri\u0107.<\/p>\n<p>Vjera u spas tradicije duge osam decenija u Ulcinju nikada ne\u0107e biti uni\u0161tena.<\/p>\n<p>&#8220;Mi smo obe\u0107ali Evropskoj komisiji da \u0107emo da radimo na tome da se Solana revitalizuje. Nastoja\u0107emo da se odr\u017ei obe\u0107anje i nadamo se da \u0107e uskoro, kao \u0161to je Vlada obe\u0107ala, Solana biti upisana na Ramsar listu&#8221;, navodi Zenepa Lika.<\/p>\n<p>Pjesma i spot &#8220;Svijest&#8221; je kompletan ulcinjski proizvod, ba\u0161 poput onog koji se nekad proizvodio na Solani &#8211; proizvod ljubavi, sunca i mora &#8211;\u00a0kako je pisalo nekada na pakovanjima ulcinjske soli, koje godinama nema u prodaji.<\/p>\n<p><strong>Izvor: Vijesti Online<\/strong><\/p>\n<\/div>\n","protected":false},"excerpt":{"rendered":"<p>Umjetnici iz Ulcinja di\u017eu glas za spas Solane: Moramo da joj pru\u017eimo vi\u0161e ljubavi &#8220;Pjesma govori o tome kakva je Solana nekada bila, kakva je danas i kakvu je mi u budu\u0107nosti \u017eelimo&#8221; Autor: Suzana Gani\u0107 &#8220;Svijest&#8221; je naziv pjesme kojom umjetnici iz Ulcinja di\u017eu glas za opstanak i spas Solane &#8211; za o\u010duvanje tog [&hellip;]<\/p>\n","protected":false},"author":1,"featured_media":0,"comment_status":"closed","ping_status":"closed","sticky":false,"template":"","format":"standard","meta":{"spay_email":"","jetpack_publicize_message":"","jetpack_is_tweetstorm":false,"jetpack_publicize_feature_enabled":true},"categories":[6950],"tags":[],"jetpack_publicize_connections":[],"yoast_head":"<!-- This site is optimized with the Yoast SEO plugin v19.1 - https:\/\/yoast.com\/wordpress\/plugins\/seo\/ -->\n<title>Glas za spas Solane: Umjetnici iz Ulcinja - Moramo da joj pru\u017eimo vi\u0161e ljubavi - Lajme nga Ulqini<\/title>\n<meta name=\"description\" content=\"Umjetnici iz Ulcinja di\u017eu glas za spas Solane: Moramo da joj pru\u017eimo vi\u0161e ljubavi &quot;Pjesma govori o tome kakva je Solana nekada bila, kakva je danas i\" \/>\n<meta name=\"robots\" content=\"index, follow, max-snippet:-1, max-image-preview:large, max-video-preview:-1\" \/>\n<link rel=\"canonical\" href=\"https:\/\/www.visit-ulcinj.com\/blog\/2017\/04\/03\/glas-za-spas-solane-umjetnici-iz-ulcinja-moramo-da-joj-pruzimo-vise-ljubavi\/\" \/>\n<meta property=\"og:locale\" content=\"en_US\" \/>\n<meta property=\"og:type\" content=\"article\" \/>\n<meta property=\"og:title\" content=\"Glas za spas Solane: Umjetnici iz Ulcinja - Moramo da joj pru\u017eimo vi\u0161e ljubavi - Lajme nga Ulqini\" \/>\n<meta property=\"og:description\" content=\"Umjetnici iz Ulcinja di\u017eu glas za spas Solane: Moramo da joj pru\u017eimo vi\u0161e ljubavi &quot;Pjesma govori o tome kakva je Solana nekada bila, kakva je danas i\" \/>\n<meta property=\"og:url\" content=\"https:\/\/www.visit-ulcinj.com\/blog\/2017\/04\/03\/glas-za-spas-solane-umjetnici-iz-ulcinja-moramo-da-joj-pruzimo-vise-ljubavi\/\" \/>\n<meta property=\"og:site_name\" content=\"Lajme nga Ulqini\" \/>\n<meta property=\"article:published_time\" content=\"2017-04-03T15:42:06+00:00\" \/>\n<meta property=\"article:modified_time\" content=\"2017-04-03T15:42:30+00:00\" \/>\n<meta property=\"og:image\" content=\"http:\/\/www.visit-ulcinj.com\/blog\/wp-content\/uploads\/2017\/04\/Glas-za-spas-Solane-Umjetnici-iz-Ulcinja-Spot.jpg\" \/>\n<meta name=\"twitter:label1\" content=\"Written by\" \/>\n\t<meta name=\"twitter:data1\" content=\"ulqini\" \/>\n\t<meta name=\"twitter:label2\" content=\"Est. reading time\" \/>\n\t<meta name=\"twitter:data2\" content=\"2 minutes\" \/>\n<script type=\"application\/ld+json\" class=\"yoast-schema-graph\">{\"@context\":\"https:\/\/schema.org\",\"@graph\":[{\"@type\":\"WebSite\",\"@id\":\"https:\/\/www.visit-ulcinj.com\/blog\/#website\",\"url\":\"https:\/\/www.visit-ulcinj.com\/blog\/\",\"name\":\"Lajme nga Ulqini\",\"description\":\"Lajme,Vijesti,Ulqini,Ulqin,Crna Gora,Mali i Zi\",\"potentialAction\":[{\"@type\":\"SearchAction\",\"target\":{\"@type\":\"EntryPoint\",\"urlTemplate\":\"https:\/\/www.visit-ulcinj.com\/blog\/?s={search_term_string}\"},\"query-input\":\"required name=search_term_string\"}],\"inLanguage\":\"en-US\"},{\"@type\":\"ImageObject\",\"inLanguage\":\"en-US\",\"@id\":\"https:\/\/www.visit-ulcinj.com\/blog\/2017\/04\/03\/glas-za-spas-solane-umjetnici-iz-ulcinja-moramo-da-joj-pruzimo-vise-ljubavi\/#primaryimage\",\"url\":\"https:\/\/www.visit-ulcinj.com\/blog\/wp-content\/uploads\/2017\/04\/Glas-za-spas-Solane-Umjetnici-iz-Ulcinja-Spot.jpg\",\"contentUrl\":\"https:\/\/www.visit-ulcinj.com\/blog\/wp-content\/uploads\/2017\/04\/Glas-za-spas-Solane-Umjetnici-iz-Ulcinja-Spot.jpg\",\"width\":847,\"height\":507},{\"@type\":\"WebPage\",\"@id\":\"https:\/\/www.visit-ulcinj.com\/blog\/2017\/04\/03\/glas-za-spas-solane-umjetnici-iz-ulcinja-moramo-da-joj-pruzimo-vise-ljubavi\/#webpage\",\"url\":\"https:\/\/www.visit-ulcinj.com\/blog\/2017\/04\/03\/glas-za-spas-solane-umjetnici-iz-ulcinja-moramo-da-joj-pruzimo-vise-ljubavi\/\",\"name\":\"Glas za spas Solane: Umjetnici iz Ulcinja - Moramo da joj pru\u017eimo vi\u0161e ljubavi - Lajme nga Ulqini\",\"isPartOf\":{\"@id\":\"https:\/\/www.visit-ulcinj.com\/blog\/#website\"},\"primaryImageOfPage\":{\"@id\":\"https:\/\/www.visit-ulcinj.com\/blog\/2017\/04\/03\/glas-za-spas-solane-umjetnici-iz-ulcinja-moramo-da-joj-pruzimo-vise-ljubavi\/#primaryimage\"},\"datePublished\":\"2017-04-03T15:42:06+00:00\",\"dateModified\":\"2017-04-03T15:42:30+00:00\",\"author\":{\"@id\":\"https:\/\/www.visit-ulcinj.com\/blog\/#\/schema\/person\/dcab619c614d3038751c63bc2aadc06d\"},\"description\":\"Umjetnici iz Ulcinja di\u017eu glas za spas Solane: Moramo da joj pru\u017eimo vi\u0161e ljubavi \\\"Pjesma govori o tome kakva je Solana nekada bila, kakva je danas i\",\"breadcrumb\":{\"@id\":\"https:\/\/www.visit-ulcinj.com\/blog\/2017\/04\/03\/glas-za-spas-solane-umjetnici-iz-ulcinja-moramo-da-joj-pruzimo-vise-ljubavi\/#breadcrumb\"},\"inLanguage\":\"en-US\",\"potentialAction\":[{\"@type\":\"ReadAction\",\"target\":[\"https:\/\/www.visit-ulcinj.com\/blog\/2017\/04\/03\/glas-za-spas-solane-umjetnici-iz-ulcinja-moramo-da-joj-pruzimo-vise-ljubavi\/\"]}]},{\"@type\":\"BreadcrumbList\",\"@id\":\"https:\/\/www.visit-ulcinj.com\/blog\/2017\/04\/03\/glas-za-spas-solane-umjetnici-iz-ulcinja-moramo-da-joj-pruzimo-vise-ljubavi\/#breadcrumb\",\"itemListElement\":[{\"@type\":\"ListItem\",\"position\":1,\"name\":\"Glas za spas Solane: Umjetnici iz Ulcinja &#8211; Moramo da joj pru\u017eimo vi\u0161e ljubavi\"}]},{\"@type\":\"Person\",\"@id\":\"https:\/\/www.visit-ulcinj.com\/blog\/#\/schema\/person\/dcab619c614d3038751c63bc2aadc06d\",\"name\":\"ulqini\",\"sameAs\":[\"http:\/\/www.visit-ulcinj.com\"],\"url\":\"https:\/\/www.visit-ulcinj.com\/blog\/author\/admin\/\"}]}<\/script>\n<!-- \/ Yoast SEO plugin. -->","yoast_head_json":{"title":"Glas za spas Solane: Umjetnici iz Ulcinja - Moramo da joj pru\u017eimo vi\u0161e ljubavi - Lajme nga Ulqini","description":"Umjetnici iz Ulcinja di\u017eu glas za spas Solane: Moramo da joj pru\u017eimo vi\u0161e ljubavi \"Pjesma govori o tome kakva je Solana nekada bila, kakva je danas i","robots":{"index":"index","follow":"follow","max-snippet":"max-snippet:-1","max-image-preview":"max-image-preview:large","max-video-preview":"max-video-preview:-1"},"canonical":"https:\/\/www.visit-ulcinj.com\/blog\/2017\/04\/03\/glas-za-spas-solane-umjetnici-iz-ulcinja-moramo-da-joj-pruzimo-vise-ljubavi\/","og_locale":"en_US","og_type":"article","og_title":"Glas za spas Solane: Umjetnici iz Ulcinja - Moramo da joj pru\u017eimo vi\u0161e ljubavi - Lajme nga Ulqini","og_description":"Umjetnici iz Ulcinja di\u017eu glas za spas Solane: Moramo da joj pru\u017eimo vi\u0161e ljubavi \"Pjesma govori o tome kakva je Solana nekada bila, kakva je danas i","og_url":"https:\/\/www.visit-ulcinj.com\/blog\/2017\/04\/03\/glas-za-spas-solane-umjetnici-iz-ulcinja-moramo-da-joj-pruzimo-vise-ljubavi\/","og_site_name":"Lajme nga Ulqini","article_published_time":"2017-04-03T15:42:06+00:00","article_modified_time":"2017-04-03T15:42:30+00:00","og_image":[{"url":"http:\/\/www.visit-ulcinj.com\/blog\/wp-content\/uploads\/2017\/04\/Glas-za-spas-Solane-Umjetnici-iz-Ulcinja-Spot.jpg"}],"twitter_misc":{"Written by":"ulqini","Est. reading time":"2 minutes"},"schema":{"@context":"https:\/\/schema.org","@graph":[{"@type":"WebSite","@id":"https:\/\/www.visit-ulcinj.com\/blog\/#website","url":"https:\/\/www.visit-ulcinj.com\/blog\/","name":"Lajme nga Ulqini","description":"Lajme,Vijesti,Ulqini,Ulqin,Crna Gora,Mali i Zi","potentialAction":[{"@type":"SearchAction","target":{"@type":"EntryPoint","urlTemplate":"https:\/\/www.visit-ulcinj.com\/blog\/?s={search_term_string}"},"query-input":"required name=search_term_string"}],"inLanguage":"en-US"},{"@type":"ImageObject","inLanguage":"en-US","@id":"https:\/\/www.visit-ulcinj.com\/blog\/2017\/04\/03\/glas-za-spas-solane-umjetnici-iz-ulcinja-moramo-da-joj-pruzimo-vise-ljubavi\/#primaryimage","url":"https:\/\/www.visit-ulcinj.com\/blog\/wp-content\/uploads\/2017\/04\/Glas-za-spas-Solane-Umjetnici-iz-Ulcinja-Spot.jpg","contentUrl":"https:\/\/www.visit-ulcinj.com\/blog\/wp-content\/uploads\/2017\/04\/Glas-za-spas-Solane-Umjetnici-iz-Ulcinja-Spot.jpg","width":847,"height":507},{"@type":"WebPage","@id":"https:\/\/www.visit-ulcinj.com\/blog\/2017\/04\/03\/glas-za-spas-solane-umjetnici-iz-ulcinja-moramo-da-joj-pruzimo-vise-ljubavi\/#webpage","url":"https:\/\/www.visit-ulcinj.com\/blog\/2017\/04\/03\/glas-za-spas-solane-umjetnici-iz-ulcinja-moramo-da-joj-pruzimo-vise-ljubavi\/","name":"Glas za spas Solane: Umjetnici iz Ulcinja - Moramo da joj pru\u017eimo vi\u0161e ljubavi - Lajme nga Ulqini","isPartOf":{"@id":"https:\/\/www.visit-ulcinj.com\/blog\/#website"},"primaryImageOfPage":{"@id":"https:\/\/www.visit-ulcinj.com\/blog\/2017\/04\/03\/glas-za-spas-solane-umjetnici-iz-ulcinja-moramo-da-joj-pruzimo-vise-ljubavi\/#primaryimage"},"datePublished":"2017-04-03T15:42:06+00:00","dateModified":"2017-04-03T15:42:30+00:00","author":{"@id":"https:\/\/www.visit-ulcinj.com\/blog\/#\/schema\/person\/dcab619c614d3038751c63bc2aadc06d"},"description":"Umjetnici iz Ulcinja di\u017eu glas za spas Solane: Moramo da joj pru\u017eimo vi\u0161e ljubavi \"Pjesma govori o tome kakva je Solana nekada bila, kakva je danas i","breadcrumb":{"@id":"https:\/\/www.visit-ulcinj.com\/blog\/2017\/04\/03\/glas-za-spas-solane-umjetnici-iz-ulcinja-moramo-da-joj-pruzimo-vise-ljubavi\/#breadcrumb"},"inLanguage":"en-US","potentialAction":[{"@type":"ReadAction","target":["https:\/\/www.visit-ulcinj.com\/blog\/2017\/04\/03\/glas-za-spas-solane-umjetnici-iz-ulcinja-moramo-da-joj-pruzimo-vise-ljubavi\/"]}]},{"@type":"BreadcrumbList","@id":"https:\/\/www.visit-ulcinj.com\/blog\/2017\/04\/03\/glas-za-spas-solane-umjetnici-iz-ulcinja-moramo-da-joj-pruzimo-vise-ljubavi\/#breadcrumb","itemListElement":[{"@type":"ListItem","position":1,"name":"Glas za spas Solane: Umjetnici iz Ulcinja &#8211; Moramo da joj pru\u017eimo vi\u0161e ljubavi"}]},{"@type":"Person","@id":"https:\/\/www.visit-ulcinj.com\/blog\/#\/schema\/person\/dcab619c614d3038751c63bc2aadc06d","name":"ulqini","sameAs":["http:\/\/www.visit-ulcinj.com"],"url":"https:\/\/www.visit-ulcinj.com\/blog\/author\/admin\/"}]}},"jetpack_featured_media_url":"","jetpack_sharing_enabled":true,"jetpack_shortlink":"https:\/\/wp.me\/pe6lTn-r4o","_links":{"self":[{"href":"https:\/\/www.visit-ulcinj.com\/blog\/wp-json\/wp\/v2\/posts\/104060"}],"collection":[{"href":"https:\/\/www.visit-ulcinj.com\/blog\/wp-json\/wp\/v2\/posts"}],"about":[{"href":"https:\/\/www.visit-ulcinj.com\/blog\/wp-json\/wp\/v2\/types\/post"}],"author":[{"embeddable":true,"href":"https:\/\/www.visit-ulcinj.com\/blog\/wp-json\/wp\/v2\/users\/1"}],"replies":[{"embeddable":true,"href":"https:\/\/www.visit-ulcinj.com\/blog\/wp-json\/wp\/v2\/comments?post=104060"}],"version-history":[{"count":2,"href":"https:\/\/www.visit-ulcinj.com\/blog\/wp-json\/wp\/v2\/posts\/104060\/revisions"}],"predecessor-version":[{"id":104063,"href":"https:\/\/www.visit-ulcinj.com\/blog\/wp-json\/wp\/v2\/posts\/104060\/revisions\/104063"}],"wp:attachment":[{"href":"https:\/\/www.visit-ulcinj.com\/blog\/wp-json\/wp\/v2\/media?parent=104060"}],"wp:term":[{"taxonomy":"category","embeddable":true,"href":"https:\/\/www.visit-ulcinj.com\/blog\/wp-json\/wp\/v2\/categories?post=104060"},{"taxonomy":"post_tag","embeddable":true,"href":"https:\/\/www.visit-ulcinj.com\/blog\/wp-json\/wp\/v2\/tags?post=104060"}],"curies":[{"name":"wp","href":"https:\/\/api.w.org\/{rel}","templated":true}]}}