{"id":104064,"date":"2017-04-03T17:21:29","date_gmt":"2017-04-03T16:21:29","guid":{"rendered":"http:\/\/www.visit-ulcinj.com\/blog\/?p=104064"},"modified":"2017-04-03T19:17:24","modified_gmt":"2017-04-03T18:17:24","slug":"rama-ne-podgorice-vendoset-mbledhja-e-perbashket-e-dy-qeverine-ne-shkoder-video","status":"publish","type":"post","link":"https:\/\/www.visit-ulcinj.com\/blog\/2017\/04\/03\/rama-ne-podgorice-vendoset-mbledhja-e-perbashket-e-dy-qeverine-ne-shkoder-video\/","title":{"rendered":"Rama n\u00eb Podgoric\u00eb: vendoset mbledhja e p\u00ebrbashk\u00ebt e dy qeverine n\u00eb Shkod\u00ebr &#8211; Video"},"content":{"rendered":"<p><a href=\"http:\/\/www.visit-ulcinj.com\/blog\/wp-content\/uploads\/2017\/04\/Rama-Markovic.jpg\"><img loading=\"lazy\" class=\"alignleft wp-image-104065\" src=\"http:\/\/www.visit-ulcinj.com\/blog\/wp-content\/uploads\/2017\/04\/Rama-Markovic.jpg\" alt=\"Rama-Markovic\" width=\"508\" height=\"339\" srcset=\"https:\/\/www.visit-ulcinj.com\/blog\/wp-content\/uploads\/2017\/04\/Rama-Markovic.jpg 765w, https:\/\/www.visit-ulcinj.com\/blog\/wp-content\/uploads\/2017\/04\/Rama-Markovic-300x200.jpg 300w\" sizes=\"(max-width: 508px) 100vw, 508px\" \/><\/a>Edi Rama ka mb\u00ebrritur sot n\u00eb nj\u00eb vizit\u00eb zyrtare n\u00eb Podgoric\u00eb, ku sipas televizionit t\u00eb Malit t\u00eb Zi ka shprehur konfirmimin e fuqish\u00ebm t\u00eb marr\u00ebdh\u00ebnieve t\u00eb mira fqinj\u00ebsore mes dy vendeve.<\/p>\n<p>K\u00ebt\u00eb e b\u00ebri t\u00eb ditur kryeministri malazez, Dushko Markovi\u00e7, gjat\u00eb konferenc\u00ebs p\u00ebr gazetar\u00ebt s\u00eb bashku me Edi Ram\u00ebn.<\/p>\n<p>Rama u prit n\u00eb Podgoric\u00eb me nderimet m\u00eb t\u00eb larta shtet\u00ebrore dhe p\u00ebrsh\u00ebndeti homologun e tij Markovi\u00e7.<\/p>\n<p>N\u00eb nj\u00eb konferenc\u00eb t\u00eb p\u00ebrbashk\u00ebt p\u00ebr shtyp pas takimit, Markovi\u00e7 tha se qeverit\u00eb e t\u00eb dy vendeve kan\u00eb p\u00ebrforcuar angazhimin p\u00ebr t\u00eb p\u00ebrmir\u00ebsuar bashk\u00ebpunimin.<\/p>\n<p>Markovi\u00e7 njoftoi gjithashtu sesionin e p\u00ebrbashk\u00ebt t\u00eb dy qeverive n\u00eb Shkod\u00ebr, e cila \u00ebsht\u00eb planifikuar p\u00ebr n\u00eb tetor.<\/p>\n<p>Kryeministri shqiptar, Rama tha se seanca e shpallur e p\u00ebrbashk\u00ebt e qeverive t\u00eb t\u00eb dy vendeve paraqet nj\u00eb cik\u00ebl t\u00eb ri t\u00eb marr\u00ebdh\u00ebnieve midis Malit t\u00eb Zi dhe Shqip\u00ebris\u00eb.\u00a0<strong>\/tesheshi.com\/<\/strong><\/p>\n<!--YouTube Error: bad URL entered-->\n<p>Kryeministri Edi Rama ka nisur nj\u00eb vizit\u00eb zyrtare n\u00eb fqinjin verior t\u00eb Shqip\u00ebris\u00eb, Malin e Zi. Ai do t\u00eb pritet n\u00eb takime nga homologu i tij, Dusko Markovi\u00e7 dhe nga Kryetari i Kuvendit, Ivan Brajovi\u00e7. Kryeministri Rama shoq\u00ebrohet nga ministri i jasht\u00ebm Ditmir Bushati, i cili gjithashtu do takohet me homologun e tij Crdan Darmanovi\u00e7. \u00a0Gjat\u00eb vizit\u00ebs s\u00eb zotit Rama dyvendet do t\u00eb n\u00ebnshkruajn\u00eb nj\u00eb marr\u00ebveshje n\u00eb fush\u00ebn e sh\u00ebndet\u00ebsis\u00eb. Vizita e delegacionit shqiptar do t\u00eb vijoj\u00eb m\u00eb pas me nj\u00eb ndales\u00eb n\u00eb Ulqin, ku parashikohet nj\u00eb takim me kreun e komun\u00ebs, Nazif Cungu.<\/p>\n<p><strong>TVSH<\/strong><\/p>\n","protected":false},"excerpt":{"rendered":"<p>Edi Rama ka mb\u00ebrritur sot n\u00eb nj\u00eb vizit\u00eb zyrtare n\u00eb Podgoric\u00eb, ku sipas televizionit t\u00eb Malit t\u00eb Zi ka shprehur konfirmimin e fuqish\u00ebm t\u00eb marr\u00ebdh\u00ebnieve t\u00eb mira fqinj\u00ebsore mes dy vendeve. K\u00ebt\u00eb e b\u00ebri t\u00eb ditur kryeministri malazez, Dushko Markovi\u00e7, gjat\u00eb konferenc\u00ebs p\u00ebr gazetar\u00ebt s\u00eb bashku me Edi Ram\u00ebn. Rama u prit n\u00eb Podgoric\u00eb me [&hellip;]<\/p>\n","protected":false},"author":1,"featured_media":0,"comment_status":"closed","ping_status":"closed","sticky":false,"template":"","format":"standard","meta":{"spay_email":"","jetpack_publicize_message":"","jetpack_is_tweetstorm":false,"jetpack_publicize_feature_enabled":true},"categories":[6950],"tags":[],"jetpack_publicize_connections":[],"yoast_head":"<!-- This site is optimized with the Yoast SEO plugin v19.1 - https:\/\/yoast.com\/wordpress\/plugins\/seo\/ -->\n<title>Rama n\u00eb Podgoric\u00eb: vendoset mbledhja e p\u00ebrbashk\u00ebt e dy qeverine n\u00eb Shkod\u00ebr - Video - Lajme nga Ulqini<\/title>\n<meta name=\"description\" content=\"Edi Rama ka mb\u00ebrritur sot n\u00eb nj\u00eb vizit\u00eb zyrtare n\u00eb Podgoric\u00eb, ku sipas televizionit t\u00eb Malit t\u00eb Zi ka shprehur konfirmimin e fuqish\u00ebm t\u00eb marr\u00ebdh\u00ebnieve t\u00eb\" \/>\n<meta name=\"robots\" content=\"index, follow, max-snippet:-1, max-image-preview:large, max-video-preview:-1\" \/>\n<link rel=\"canonical\" href=\"https:\/\/www.visit-ulcinj.com\/blog\/2017\/04\/03\/rama-ne-podgorice-vendoset-mbledhja-e-perbashket-e-dy-qeverine-ne-shkoder-video\/\" \/>\n<meta property=\"og:locale\" content=\"en_US\" \/>\n<meta property=\"og:type\" content=\"article\" \/>\n<meta property=\"og:title\" content=\"Rama n\u00eb Podgoric\u00eb: vendoset mbledhja e p\u00ebrbashk\u00ebt e dy qeverine n\u00eb Shkod\u00ebr - Video - Lajme nga Ulqini\" \/>\n<meta property=\"og:description\" content=\"Edi Rama ka mb\u00ebrritur sot n\u00eb nj\u00eb vizit\u00eb zyrtare n\u00eb Podgoric\u00eb, ku sipas televizionit t\u00eb Malit t\u00eb Zi ka shprehur konfirmimin e fuqish\u00ebm t\u00eb marr\u00ebdh\u00ebnieve t\u00eb\" \/>\n<meta property=\"og:url\" content=\"https:\/\/www.visit-ulcinj.com\/blog\/2017\/04\/03\/rama-ne-podgorice-vendoset-mbledhja-e-perbashket-e-dy-qeverine-ne-shkoder-video\/\" \/>\n<meta property=\"og:site_name\" content=\"Lajme nga Ulqini\" \/>\n<meta property=\"article:published_time\" content=\"2017-04-03T16:21:29+00:00\" \/>\n<meta property=\"article:modified_time\" content=\"2017-04-03T18:17:24+00:00\" \/>\n<meta property=\"og:image\" content=\"http:\/\/www.visit-ulcinj.com\/blog\/wp-content\/uploads\/2017\/04\/Rama-Markovic.jpg\" \/>\n<meta name=\"twitter:label1\" content=\"Written by\" \/>\n\t<meta name=\"twitter:data1\" content=\"ulqini\" \/>\n\t<meta name=\"twitter:label2\" content=\"Est. reading time\" \/>\n\t<meta name=\"twitter:data2\" content=\"1 minute\" \/>\n<script type=\"application\/ld+json\" class=\"yoast-schema-graph\">{\"@context\":\"https:\/\/schema.org\",\"@graph\":[{\"@type\":\"WebSite\",\"@id\":\"https:\/\/www.visit-ulcinj.com\/blog\/#website\",\"url\":\"https:\/\/www.visit-ulcinj.com\/blog\/\",\"name\":\"Lajme nga Ulqini\",\"description\":\"Lajme,Vijesti,Ulqini,Ulqin,Crna Gora,Mali i Zi\",\"potentialAction\":[{\"@type\":\"SearchAction\",\"target\":{\"@type\":\"EntryPoint\",\"urlTemplate\":\"https:\/\/www.visit-ulcinj.com\/blog\/?s={search_term_string}\"},\"query-input\":\"required name=search_term_string\"}],\"inLanguage\":\"en-US\"},{\"@type\":\"ImageObject\",\"inLanguage\":\"en-US\",\"@id\":\"https:\/\/www.visit-ulcinj.com\/blog\/2017\/04\/03\/rama-ne-podgorice-vendoset-mbledhja-e-perbashket-e-dy-qeverine-ne-shkoder-video\/#primaryimage\",\"url\":\"https:\/\/www.visit-ulcinj.com\/blog\/wp-content\/uploads\/2017\/04\/Rama-Markovic.jpg\",\"contentUrl\":\"https:\/\/www.visit-ulcinj.com\/blog\/wp-content\/uploads\/2017\/04\/Rama-Markovic.jpg\",\"width\":765,\"height\":510},{\"@type\":\"WebPage\",\"@id\":\"https:\/\/www.visit-ulcinj.com\/blog\/2017\/04\/03\/rama-ne-podgorice-vendoset-mbledhja-e-perbashket-e-dy-qeverine-ne-shkoder-video\/#webpage\",\"url\":\"https:\/\/www.visit-ulcinj.com\/blog\/2017\/04\/03\/rama-ne-podgorice-vendoset-mbledhja-e-perbashket-e-dy-qeverine-ne-shkoder-video\/\",\"name\":\"Rama n\u00eb Podgoric\u00eb: vendoset mbledhja e p\u00ebrbashk\u00ebt e dy qeverine n\u00eb Shkod\u00ebr - Video - Lajme nga Ulqini\",\"isPartOf\":{\"@id\":\"https:\/\/www.visit-ulcinj.com\/blog\/#website\"},\"primaryImageOfPage\":{\"@id\":\"https:\/\/www.visit-ulcinj.com\/blog\/2017\/04\/03\/rama-ne-podgorice-vendoset-mbledhja-e-perbashket-e-dy-qeverine-ne-shkoder-video\/#primaryimage\"},\"datePublished\":\"2017-04-03T16:21:29+00:00\",\"dateModified\":\"2017-04-03T18:17:24+00:00\",\"author\":{\"@id\":\"https:\/\/www.visit-ulcinj.com\/blog\/#\/schema\/person\/dcab619c614d3038751c63bc2aadc06d\"},\"description\":\"Edi Rama ka mb\u00ebrritur sot n\u00eb nj\u00eb vizit\u00eb zyrtare n\u00eb Podgoric\u00eb, ku sipas televizionit t\u00eb Malit t\u00eb Zi ka shprehur konfirmimin e fuqish\u00ebm t\u00eb marr\u00ebdh\u00ebnieve t\u00eb\",\"breadcrumb\":{\"@id\":\"https:\/\/www.visit-ulcinj.com\/blog\/2017\/04\/03\/rama-ne-podgorice-vendoset-mbledhja-e-perbashket-e-dy-qeverine-ne-shkoder-video\/#breadcrumb\"},\"inLanguage\":\"en-US\",\"potentialAction\":[{\"@type\":\"ReadAction\",\"target\":[\"https:\/\/www.visit-ulcinj.com\/blog\/2017\/04\/03\/rama-ne-podgorice-vendoset-mbledhja-e-perbashket-e-dy-qeverine-ne-shkoder-video\/\"]}]},{\"@type\":\"BreadcrumbList\",\"@id\":\"https:\/\/www.visit-ulcinj.com\/blog\/2017\/04\/03\/rama-ne-podgorice-vendoset-mbledhja-e-perbashket-e-dy-qeverine-ne-shkoder-video\/#breadcrumb\",\"itemListElement\":[{\"@type\":\"ListItem\",\"position\":1,\"name\":\"Rama n\u00eb Podgoric\u00eb: vendoset mbledhja e p\u00ebrbashk\u00ebt e dy qeverine n\u00eb Shkod\u00ebr &#8211; Video\"}]},{\"@type\":\"Person\",\"@id\":\"https:\/\/www.visit-ulcinj.com\/blog\/#\/schema\/person\/dcab619c614d3038751c63bc2aadc06d\",\"name\":\"ulqini\",\"sameAs\":[\"http:\/\/www.visit-ulcinj.com\"],\"url\":\"https:\/\/www.visit-ulcinj.com\/blog\/author\/admin\/\"}]}<\/script>\n<!-- \/ Yoast SEO plugin. -->","yoast_head_json":{"title":"Rama n\u00eb Podgoric\u00eb: vendoset mbledhja e p\u00ebrbashk\u00ebt e dy qeverine n\u00eb Shkod\u00ebr - Video - Lajme nga Ulqini","description":"Edi Rama ka mb\u00ebrritur sot n\u00eb nj\u00eb vizit\u00eb zyrtare n\u00eb Podgoric\u00eb, ku sipas televizionit t\u00eb Malit t\u00eb Zi ka shprehur konfirmimin e fuqish\u00ebm t\u00eb marr\u00ebdh\u00ebnieve t\u00eb","robots":{"index":"index","follow":"follow","max-snippet":"max-snippet:-1","max-image-preview":"max-image-preview:large","max-video-preview":"max-video-preview:-1"},"canonical":"https:\/\/www.visit-ulcinj.com\/blog\/2017\/04\/03\/rama-ne-podgorice-vendoset-mbledhja-e-perbashket-e-dy-qeverine-ne-shkoder-video\/","og_locale":"en_US","og_type":"article","og_title":"Rama n\u00eb Podgoric\u00eb: vendoset mbledhja e p\u00ebrbashk\u00ebt e dy qeverine n\u00eb Shkod\u00ebr - Video - Lajme nga Ulqini","og_description":"Edi Rama ka mb\u00ebrritur sot n\u00eb nj\u00eb vizit\u00eb zyrtare n\u00eb Podgoric\u00eb, ku sipas televizionit t\u00eb Malit t\u00eb Zi ka shprehur konfirmimin e fuqish\u00ebm t\u00eb marr\u00ebdh\u00ebnieve t\u00eb","og_url":"https:\/\/www.visit-ulcinj.com\/blog\/2017\/04\/03\/rama-ne-podgorice-vendoset-mbledhja-e-perbashket-e-dy-qeverine-ne-shkoder-video\/","og_site_name":"Lajme nga Ulqini","article_published_time":"2017-04-03T16:21:29+00:00","article_modified_time":"2017-04-03T18:17:24+00:00","og_image":[{"url":"http:\/\/www.visit-ulcinj.com\/blog\/wp-content\/uploads\/2017\/04\/Rama-Markovic.jpg"}],"twitter_misc":{"Written by":"ulqini","Est. reading time":"1 minute"},"schema":{"@context":"https:\/\/schema.org","@graph":[{"@type":"WebSite","@id":"https:\/\/www.visit-ulcinj.com\/blog\/#website","url":"https:\/\/www.visit-ulcinj.com\/blog\/","name":"Lajme nga Ulqini","description":"Lajme,Vijesti,Ulqini,Ulqin,Crna Gora,Mali i Zi","potentialAction":[{"@type":"SearchAction","target":{"@type":"EntryPoint","urlTemplate":"https:\/\/www.visit-ulcinj.com\/blog\/?s={search_term_string}"},"query-input":"required name=search_term_string"}],"inLanguage":"en-US"},{"@type":"ImageObject","inLanguage":"en-US","@id":"https:\/\/www.visit-ulcinj.com\/blog\/2017\/04\/03\/rama-ne-podgorice-vendoset-mbledhja-e-perbashket-e-dy-qeverine-ne-shkoder-video\/#primaryimage","url":"https:\/\/www.visit-ulcinj.com\/blog\/wp-content\/uploads\/2017\/04\/Rama-Markovic.jpg","contentUrl":"https:\/\/www.visit-ulcinj.com\/blog\/wp-content\/uploads\/2017\/04\/Rama-Markovic.jpg","width":765,"height":510},{"@type":"WebPage","@id":"https:\/\/www.visit-ulcinj.com\/blog\/2017\/04\/03\/rama-ne-podgorice-vendoset-mbledhja-e-perbashket-e-dy-qeverine-ne-shkoder-video\/#webpage","url":"https:\/\/www.visit-ulcinj.com\/blog\/2017\/04\/03\/rama-ne-podgorice-vendoset-mbledhja-e-perbashket-e-dy-qeverine-ne-shkoder-video\/","name":"Rama n\u00eb Podgoric\u00eb: vendoset mbledhja e p\u00ebrbashk\u00ebt e dy qeverine n\u00eb Shkod\u00ebr - Video - Lajme nga Ulqini","isPartOf":{"@id":"https:\/\/www.visit-ulcinj.com\/blog\/#website"},"primaryImageOfPage":{"@id":"https:\/\/www.visit-ulcinj.com\/blog\/2017\/04\/03\/rama-ne-podgorice-vendoset-mbledhja-e-perbashket-e-dy-qeverine-ne-shkoder-video\/#primaryimage"},"datePublished":"2017-04-03T16:21:29+00:00","dateModified":"2017-04-03T18:17:24+00:00","author":{"@id":"https:\/\/www.visit-ulcinj.com\/blog\/#\/schema\/person\/dcab619c614d3038751c63bc2aadc06d"},"description":"Edi Rama ka mb\u00ebrritur sot n\u00eb nj\u00eb vizit\u00eb zyrtare n\u00eb Podgoric\u00eb, ku sipas televizionit t\u00eb Malit t\u00eb Zi ka shprehur konfirmimin e fuqish\u00ebm t\u00eb marr\u00ebdh\u00ebnieve t\u00eb","breadcrumb":{"@id":"https:\/\/www.visit-ulcinj.com\/blog\/2017\/04\/03\/rama-ne-podgorice-vendoset-mbledhja-e-perbashket-e-dy-qeverine-ne-shkoder-video\/#breadcrumb"},"inLanguage":"en-US","potentialAction":[{"@type":"ReadAction","target":["https:\/\/www.visit-ulcinj.com\/blog\/2017\/04\/03\/rama-ne-podgorice-vendoset-mbledhja-e-perbashket-e-dy-qeverine-ne-shkoder-video\/"]}]},{"@type":"BreadcrumbList","@id":"https:\/\/www.visit-ulcinj.com\/blog\/2017\/04\/03\/rama-ne-podgorice-vendoset-mbledhja-e-perbashket-e-dy-qeverine-ne-shkoder-video\/#breadcrumb","itemListElement":[{"@type":"ListItem","position":1,"name":"Rama n\u00eb Podgoric\u00eb: vendoset mbledhja e p\u00ebrbashk\u00ebt e dy qeverine n\u00eb Shkod\u00ebr &#8211; Video"}]},{"@type":"Person","@id":"https:\/\/www.visit-ulcinj.com\/blog\/#\/schema\/person\/dcab619c614d3038751c63bc2aadc06d","name":"ulqini","sameAs":["http:\/\/www.visit-ulcinj.com"],"url":"https:\/\/www.visit-ulcinj.com\/blog\/author\/admin\/"}]}},"jetpack_featured_media_url":"","jetpack_sharing_enabled":true,"jetpack_shortlink":"https:\/\/wp.me\/pe6lTn-r4s","_links":{"self":[{"href":"https:\/\/www.visit-ulcinj.com\/blog\/wp-json\/wp\/v2\/posts\/104064"}],"collection":[{"href":"https:\/\/www.visit-ulcinj.com\/blog\/wp-json\/wp\/v2\/posts"}],"about":[{"href":"https:\/\/www.visit-ulcinj.com\/blog\/wp-json\/wp\/v2\/types\/post"}],"author":[{"embeddable":true,"href":"https:\/\/www.visit-ulcinj.com\/blog\/wp-json\/wp\/v2\/users\/1"}],"replies":[{"embeddable":true,"href":"https:\/\/www.visit-ulcinj.com\/blog\/wp-json\/wp\/v2\/comments?post=104064"}],"version-history":[{"count":1,"href":"https:\/\/www.visit-ulcinj.com\/blog\/wp-json\/wp\/v2\/posts\/104064\/revisions"}],"predecessor-version":[{"id":104066,"href":"https:\/\/www.visit-ulcinj.com\/blog\/wp-json\/wp\/v2\/posts\/104064\/revisions\/104066"}],"wp:attachment":[{"href":"https:\/\/www.visit-ulcinj.com\/blog\/wp-json\/wp\/v2\/media?parent=104064"}],"wp:term":[{"taxonomy":"category","embeddable":true,"href":"https:\/\/www.visit-ulcinj.com\/blog\/wp-json\/wp\/v2\/categories?post=104064"},{"taxonomy":"post_tag","embeddable":true,"href":"https:\/\/www.visit-ulcinj.com\/blog\/wp-json\/wp\/v2\/tags?post=104064"}],"curies":[{"name":"wp","href":"https:\/\/api.w.org\/{rel}","templated":true}]}}