{"id":104067,"date":"2017-04-03T17:29:25","date_gmt":"2017-04-03T16:29:25","guid":{"rendered":"http:\/\/www.visit-ulcinj.com\/blog\/?p=104067"},"modified":"2017-04-03T17:29:25","modified_gmt":"2017-04-03T16:29:25","slug":"lladrovci-thote-dinoshes-se-binjakezim-tuzin-e-njofton-se-te-ngre-shtatoren-e-fehmi-lladrovcit","status":"publish","type":"post","link":"https:\/\/www.visit-ulcinj.com\/blog\/2017\/04\/03\/lladrovci-thote-dinoshes-se-binjakezim-tuzin-e-njofton-se-te-ngre-shtatoren-e-fehmi-lladrovcit\/","title":{"rendered":"Lladrovci i thot\u00eb Dinosh\u00ebs se do binjak\u00ebzim me Tuzin, e njofton se do t\u00eb ngre shtatoren e Fehmi Lladrovcit"},"content":{"rendered":"<p class=\"rm-title \"><strong><a href=\"http:\/\/www.visit-ulcinj.com\/blog\/wp-content\/uploads\/2017\/04\/Fehmi-Lladrovci-Ferhat-Dinosha.jpg\"><img loading=\"lazy\" class=\"alignleft wp-image-104068\" src=\"http:\/\/www.visit-ulcinj.com\/blog\/wp-content\/uploads\/2017\/04\/Fehmi-Lladrovci-Ferhat-Dinosha.jpg\" alt=\"Fehmi Lladrovci-Ferhat Dinosha\" width=\"508\" height=\"286\" srcset=\"https:\/\/www.visit-ulcinj.com\/blog\/wp-content\/uploads\/2017\/04\/Fehmi-Lladrovci-Ferhat-Dinosha.jpg 900w, https:\/\/www.visit-ulcinj.com\/blog\/wp-content\/uploads\/2017\/04\/Fehmi-Lladrovci-Ferhat-Dinosha-300x169.jpg 300w, https:\/\/www.visit-ulcinj.com\/blog\/wp-content\/uploads\/2017\/04\/Fehmi-Lladrovci-Ferhat-Dinosha-768x432.jpg 768w\" sizes=\"(max-width: 508px) 100vw, 508px\" \/><\/a>Kryetari i Komun\u00ebs s\u00eb Drenasit, Ramiz Lladrovci, t\u00eb h\u00ebn\u00ebn ka pritur n\u00eb takim ambasadorin e Malit t\u00eb Zi n\u00eb Republik\u00ebn e Kosov\u00ebs, Ferhat Dinosha.<\/strong><\/p>\n<div class=\"col-md-9 col-sm-12 col-xs-12 no-padding inside-text\">\n<div class=\"readmore-paragraphs\">\n<p>Sipas njoftimit p\u00ebr media t\u00eb KK-s\u00eb s\u00eb Drenasit, Lladrovci i ka shprehur d\u00ebshir\u00ebn ambasadorit nga Mali i Zi, q\u00eb komuna q\u00eb drejton t\u00eb binjak\u00ebzohet me at\u00eb t\u00eb Tuzit, p\u00ebr t\u00eb cil\u00ebn \u00ebsht\u00eb marr\u00eb vendim rishtas q\u00eb t\u00eb themelohet.<\/p>\n<p>Nga ana tjet\u00ebr, ambasadori Dinosha, sipas njoftimit ka th\u00ebn\u00eb se ndihet i emocionuar q\u00eb gjendet n\u00eb Drenas, n\u00eb vendlindjen e heroit t\u00eb gjith\u00eb shqiptar\u00ebve Fehmi Lladrovci.<\/p>\n<p>Pas k\u00ebtij takimit, kryetari Ladrovci dhe ambasadori Dinosha kan\u00eb drekuar s\u00eb bashku, ku k\u00ebsaj dreke pune i \u00ebsht\u00eb bashk\u00ebngjitur edhe ambasadori i Shqip\u00ebris\u00eb, Qemal Minxhozi.<\/p>\n<p>Kryetari Lladrovci dhe ambasador\u00ebt, Dinosha e Minxhozi kan\u00eb sh\u00ebtitur edhe n\u00eb qytetin e Drenasit, p\u00ebrkat\u00ebsisht n\u00eb sheshin \u201cFehmi Lladrovci\u201d, ku nga kryetari Lladrovci jan\u00eb njoftuar se n\u00eb shtator t\u00eb k\u00ebtij viti, do t\u00eb vendoset shtatorja e Fehmi Lladrovcit n\u00eb shesh q\u00eb edhe mban emrin e heroit.<\/p>\n<\/div>\n<p><strong>\u00a9 KOHA. T\u00eb gjitha t\u00eb drejtat jan\u00eb t\u00eb rezervuara.<\/strong><\/p>\n<\/div>\n","protected":false},"excerpt":{"rendered":"<p>Kryetari i Komun\u00ebs s\u00eb Drenasit, Ramiz Lladrovci, t\u00eb h\u00ebn\u00ebn ka pritur n\u00eb takim ambasadorin e Malit t\u00eb Zi n\u00eb Republik\u00ebn e Kosov\u00ebs, Ferhat Dinosha. Sipas njoftimit p\u00ebr media t\u00eb KK-s\u00eb s\u00eb Drenasit, Lladrovci i ka shprehur d\u00ebshir\u00ebn ambasadorit nga Mali i Zi, q\u00eb komuna q\u00eb drejton t\u00eb binjak\u00ebzohet me at\u00eb t\u00eb Tuzit, p\u00ebr t\u00eb cil\u00ebn [&hellip;]<\/p>\n","protected":false},"author":1,"featured_media":0,"comment_status":"closed","ping_status":"closed","sticky":false,"template":"","format":"standard","meta":{"spay_email":"","jetpack_publicize_message":"","jetpack_is_tweetstorm":false,"jetpack_publicize_feature_enabled":true},"categories":[14],"tags":[],"jetpack_publicize_connections":[],"yoast_head":"<!-- This site is optimized with the Yoast SEO plugin v19.1 - https:\/\/yoast.com\/wordpress\/plugins\/seo\/ -->\n<title>Lladrovci i thot\u00eb Dinosh\u00ebs se do binjak\u00ebzim me Tuzin, e njofton se do t\u00eb ngre shtatoren e Fehmi Lladrovcit - Lajme nga Ulqini<\/title>\n<meta name=\"description\" content=\"Kryetari i Komun\u00ebs s\u00eb Drenasit, Ramiz Lladrovci, t\u00eb h\u00ebn\u00ebn ka pritur n\u00eb takim ambasadorin e Malit t\u00eb Zi n\u00eb Republik\u00ebn e Kosov\u00ebs, Ferhat Dinosha. Sipas\" \/>\n<meta name=\"robots\" content=\"index, follow, max-snippet:-1, max-image-preview:large, max-video-preview:-1\" \/>\n<link rel=\"canonical\" href=\"https:\/\/www.visit-ulcinj.com\/blog\/2017\/04\/03\/lladrovci-thote-dinoshes-se-binjakezim-tuzin-e-njofton-se-te-ngre-shtatoren-e-fehmi-lladrovcit\/\" \/>\n<meta property=\"og:locale\" content=\"en_US\" \/>\n<meta property=\"og:type\" content=\"article\" \/>\n<meta property=\"og:title\" content=\"Lladrovci i thot\u00eb Dinosh\u00ebs se do binjak\u00ebzim me Tuzin, e njofton se do t\u00eb ngre shtatoren e Fehmi Lladrovcit - Lajme nga Ulqini\" \/>\n<meta property=\"og:description\" content=\"Kryetari i Komun\u00ebs s\u00eb Drenasit, Ramiz Lladrovci, t\u00eb h\u00ebn\u00ebn ka pritur n\u00eb takim ambasadorin e Malit t\u00eb Zi n\u00eb Republik\u00ebn e Kosov\u00ebs, Ferhat Dinosha. Sipas\" \/>\n<meta property=\"og:url\" content=\"https:\/\/www.visit-ulcinj.com\/blog\/2017\/04\/03\/lladrovci-thote-dinoshes-se-binjakezim-tuzin-e-njofton-se-te-ngre-shtatoren-e-fehmi-lladrovcit\/\" \/>\n<meta property=\"og:site_name\" content=\"Lajme nga Ulqini\" \/>\n<meta property=\"article:published_time\" content=\"2017-04-03T16:29:25+00:00\" \/>\n<meta property=\"og:image\" content=\"http:\/\/www.visit-ulcinj.com\/blog\/wp-content\/uploads\/2017\/04\/Fehmi-Lladrovci-Ferhat-Dinosha.jpg\" \/>\n<meta name=\"twitter:label1\" content=\"Written by\" \/>\n\t<meta name=\"twitter:data1\" content=\"ulqini\" \/>\n\t<meta name=\"twitter:label2\" content=\"Est. reading time\" \/>\n\t<meta name=\"twitter:data2\" content=\"1 minute\" \/>\n<script type=\"application\/ld+json\" class=\"yoast-schema-graph\">{\"@context\":\"https:\/\/schema.org\",\"@graph\":[{\"@type\":\"WebSite\",\"@id\":\"https:\/\/www.visit-ulcinj.com\/blog\/#website\",\"url\":\"https:\/\/www.visit-ulcinj.com\/blog\/\",\"name\":\"Lajme nga Ulqini\",\"description\":\"Lajme,Vijesti,Ulqini,Ulqin,Crna Gora,Mali i Zi\",\"potentialAction\":[{\"@type\":\"SearchAction\",\"target\":{\"@type\":\"EntryPoint\",\"urlTemplate\":\"https:\/\/www.visit-ulcinj.com\/blog\/?s={search_term_string}\"},\"query-input\":\"required name=search_term_string\"}],\"inLanguage\":\"en-US\"},{\"@type\":\"ImageObject\",\"inLanguage\":\"en-US\",\"@id\":\"https:\/\/www.visit-ulcinj.com\/blog\/2017\/04\/03\/lladrovci-thote-dinoshes-se-binjakezim-tuzin-e-njofton-se-te-ngre-shtatoren-e-fehmi-lladrovcit\/#primaryimage\",\"url\":\"https:\/\/www.visit-ulcinj.com\/blog\/wp-content\/uploads\/2017\/04\/Fehmi-Lladrovci-Ferhat-Dinosha.jpg\",\"contentUrl\":\"https:\/\/www.visit-ulcinj.com\/blog\/wp-content\/uploads\/2017\/04\/Fehmi-Lladrovci-Ferhat-Dinosha.jpg\",\"width\":900,\"height\":506},{\"@type\":\"WebPage\",\"@id\":\"https:\/\/www.visit-ulcinj.com\/blog\/2017\/04\/03\/lladrovci-thote-dinoshes-se-binjakezim-tuzin-e-njofton-se-te-ngre-shtatoren-e-fehmi-lladrovcit\/#webpage\",\"url\":\"https:\/\/www.visit-ulcinj.com\/blog\/2017\/04\/03\/lladrovci-thote-dinoshes-se-binjakezim-tuzin-e-njofton-se-te-ngre-shtatoren-e-fehmi-lladrovcit\/\",\"name\":\"Lladrovci i thot\u00eb Dinosh\u00ebs se do binjak\u00ebzim me Tuzin, e njofton se do t\u00eb ngre shtatoren e Fehmi Lladrovcit - Lajme nga Ulqini\",\"isPartOf\":{\"@id\":\"https:\/\/www.visit-ulcinj.com\/blog\/#website\"},\"primaryImageOfPage\":{\"@id\":\"https:\/\/www.visit-ulcinj.com\/blog\/2017\/04\/03\/lladrovci-thote-dinoshes-se-binjakezim-tuzin-e-njofton-se-te-ngre-shtatoren-e-fehmi-lladrovcit\/#primaryimage\"},\"datePublished\":\"2017-04-03T16:29:25+00:00\",\"dateModified\":\"2017-04-03T16:29:25+00:00\",\"author\":{\"@id\":\"https:\/\/www.visit-ulcinj.com\/blog\/#\/schema\/person\/dcab619c614d3038751c63bc2aadc06d\"},\"description\":\"Kryetari i Komun\u00ebs s\u00eb Drenasit, Ramiz Lladrovci, t\u00eb h\u00ebn\u00ebn ka pritur n\u00eb takim ambasadorin e Malit t\u00eb Zi n\u00eb Republik\u00ebn e Kosov\u00ebs, Ferhat Dinosha. Sipas\",\"breadcrumb\":{\"@id\":\"https:\/\/www.visit-ulcinj.com\/blog\/2017\/04\/03\/lladrovci-thote-dinoshes-se-binjakezim-tuzin-e-njofton-se-te-ngre-shtatoren-e-fehmi-lladrovcit\/#breadcrumb\"},\"inLanguage\":\"en-US\",\"potentialAction\":[{\"@type\":\"ReadAction\",\"target\":[\"https:\/\/www.visit-ulcinj.com\/blog\/2017\/04\/03\/lladrovci-thote-dinoshes-se-binjakezim-tuzin-e-njofton-se-te-ngre-shtatoren-e-fehmi-lladrovcit\/\"]}]},{\"@type\":\"BreadcrumbList\",\"@id\":\"https:\/\/www.visit-ulcinj.com\/blog\/2017\/04\/03\/lladrovci-thote-dinoshes-se-binjakezim-tuzin-e-njofton-se-te-ngre-shtatoren-e-fehmi-lladrovcit\/#breadcrumb\",\"itemListElement\":[{\"@type\":\"ListItem\",\"position\":1,\"name\":\"Lladrovci i thot\u00eb Dinosh\u00ebs se do binjak\u00ebzim me Tuzin, e njofton se do t\u00eb ngre shtatoren e Fehmi Lladrovcit\"}]},{\"@type\":\"Person\",\"@id\":\"https:\/\/www.visit-ulcinj.com\/blog\/#\/schema\/person\/dcab619c614d3038751c63bc2aadc06d\",\"name\":\"ulqini\",\"sameAs\":[\"http:\/\/www.visit-ulcinj.com\"],\"url\":\"https:\/\/www.visit-ulcinj.com\/blog\/author\/admin\/\"}]}<\/script>\n<!-- \/ Yoast SEO plugin. -->","yoast_head_json":{"title":"Lladrovci i thot\u00eb Dinosh\u00ebs se do binjak\u00ebzim me Tuzin, e njofton se do t\u00eb ngre shtatoren e Fehmi Lladrovcit - Lajme nga Ulqini","description":"Kryetari i Komun\u00ebs s\u00eb Drenasit, Ramiz Lladrovci, t\u00eb h\u00ebn\u00ebn ka pritur n\u00eb takim ambasadorin e Malit t\u00eb Zi n\u00eb Republik\u00ebn e Kosov\u00ebs, Ferhat Dinosha. Sipas","robots":{"index":"index","follow":"follow","max-snippet":"max-snippet:-1","max-image-preview":"max-image-preview:large","max-video-preview":"max-video-preview:-1"},"canonical":"https:\/\/www.visit-ulcinj.com\/blog\/2017\/04\/03\/lladrovci-thote-dinoshes-se-binjakezim-tuzin-e-njofton-se-te-ngre-shtatoren-e-fehmi-lladrovcit\/","og_locale":"en_US","og_type":"article","og_title":"Lladrovci i thot\u00eb Dinosh\u00ebs se do binjak\u00ebzim me Tuzin, e njofton se do t\u00eb ngre shtatoren e Fehmi Lladrovcit - Lajme nga Ulqini","og_description":"Kryetari i Komun\u00ebs s\u00eb Drenasit, Ramiz Lladrovci, t\u00eb h\u00ebn\u00ebn ka pritur n\u00eb takim ambasadorin e Malit t\u00eb Zi n\u00eb Republik\u00ebn e Kosov\u00ebs, Ferhat Dinosha. Sipas","og_url":"https:\/\/www.visit-ulcinj.com\/blog\/2017\/04\/03\/lladrovci-thote-dinoshes-se-binjakezim-tuzin-e-njofton-se-te-ngre-shtatoren-e-fehmi-lladrovcit\/","og_site_name":"Lajme nga Ulqini","article_published_time":"2017-04-03T16:29:25+00:00","og_image":[{"url":"http:\/\/www.visit-ulcinj.com\/blog\/wp-content\/uploads\/2017\/04\/Fehmi-Lladrovci-Ferhat-Dinosha.jpg"}],"twitter_misc":{"Written by":"ulqini","Est. reading time":"1 minute"},"schema":{"@context":"https:\/\/schema.org","@graph":[{"@type":"WebSite","@id":"https:\/\/www.visit-ulcinj.com\/blog\/#website","url":"https:\/\/www.visit-ulcinj.com\/blog\/","name":"Lajme nga Ulqini","description":"Lajme,Vijesti,Ulqini,Ulqin,Crna Gora,Mali i Zi","potentialAction":[{"@type":"SearchAction","target":{"@type":"EntryPoint","urlTemplate":"https:\/\/www.visit-ulcinj.com\/blog\/?s={search_term_string}"},"query-input":"required name=search_term_string"}],"inLanguage":"en-US"},{"@type":"ImageObject","inLanguage":"en-US","@id":"https:\/\/www.visit-ulcinj.com\/blog\/2017\/04\/03\/lladrovci-thote-dinoshes-se-binjakezim-tuzin-e-njofton-se-te-ngre-shtatoren-e-fehmi-lladrovcit\/#primaryimage","url":"https:\/\/www.visit-ulcinj.com\/blog\/wp-content\/uploads\/2017\/04\/Fehmi-Lladrovci-Ferhat-Dinosha.jpg","contentUrl":"https:\/\/www.visit-ulcinj.com\/blog\/wp-content\/uploads\/2017\/04\/Fehmi-Lladrovci-Ferhat-Dinosha.jpg","width":900,"height":506},{"@type":"WebPage","@id":"https:\/\/www.visit-ulcinj.com\/blog\/2017\/04\/03\/lladrovci-thote-dinoshes-se-binjakezim-tuzin-e-njofton-se-te-ngre-shtatoren-e-fehmi-lladrovcit\/#webpage","url":"https:\/\/www.visit-ulcinj.com\/blog\/2017\/04\/03\/lladrovci-thote-dinoshes-se-binjakezim-tuzin-e-njofton-se-te-ngre-shtatoren-e-fehmi-lladrovcit\/","name":"Lladrovci i thot\u00eb Dinosh\u00ebs se do binjak\u00ebzim me Tuzin, e njofton se do t\u00eb ngre shtatoren e Fehmi Lladrovcit - Lajme nga Ulqini","isPartOf":{"@id":"https:\/\/www.visit-ulcinj.com\/blog\/#website"},"primaryImageOfPage":{"@id":"https:\/\/www.visit-ulcinj.com\/blog\/2017\/04\/03\/lladrovci-thote-dinoshes-se-binjakezim-tuzin-e-njofton-se-te-ngre-shtatoren-e-fehmi-lladrovcit\/#primaryimage"},"datePublished":"2017-04-03T16:29:25+00:00","dateModified":"2017-04-03T16:29:25+00:00","author":{"@id":"https:\/\/www.visit-ulcinj.com\/blog\/#\/schema\/person\/dcab619c614d3038751c63bc2aadc06d"},"description":"Kryetari i Komun\u00ebs s\u00eb Drenasit, Ramiz Lladrovci, t\u00eb h\u00ebn\u00ebn ka pritur n\u00eb takim ambasadorin e Malit t\u00eb Zi n\u00eb Republik\u00ebn e Kosov\u00ebs, Ferhat Dinosha. Sipas","breadcrumb":{"@id":"https:\/\/www.visit-ulcinj.com\/blog\/2017\/04\/03\/lladrovci-thote-dinoshes-se-binjakezim-tuzin-e-njofton-se-te-ngre-shtatoren-e-fehmi-lladrovcit\/#breadcrumb"},"inLanguage":"en-US","potentialAction":[{"@type":"ReadAction","target":["https:\/\/www.visit-ulcinj.com\/blog\/2017\/04\/03\/lladrovci-thote-dinoshes-se-binjakezim-tuzin-e-njofton-se-te-ngre-shtatoren-e-fehmi-lladrovcit\/"]}]},{"@type":"BreadcrumbList","@id":"https:\/\/www.visit-ulcinj.com\/blog\/2017\/04\/03\/lladrovci-thote-dinoshes-se-binjakezim-tuzin-e-njofton-se-te-ngre-shtatoren-e-fehmi-lladrovcit\/#breadcrumb","itemListElement":[{"@type":"ListItem","position":1,"name":"Lladrovci i thot\u00eb Dinosh\u00ebs se do binjak\u00ebzim me Tuzin, e njofton se do t\u00eb ngre shtatoren e Fehmi Lladrovcit"}]},{"@type":"Person","@id":"https:\/\/www.visit-ulcinj.com\/blog\/#\/schema\/person\/dcab619c614d3038751c63bc2aadc06d","name":"ulqini","sameAs":["http:\/\/www.visit-ulcinj.com"],"url":"https:\/\/www.visit-ulcinj.com\/blog\/author\/admin\/"}]}},"jetpack_featured_media_url":"","jetpack_sharing_enabled":true,"jetpack_shortlink":"https:\/\/wp.me\/pe6lTn-r4v","_links":{"self":[{"href":"https:\/\/www.visit-ulcinj.com\/blog\/wp-json\/wp\/v2\/posts\/104067"}],"collection":[{"href":"https:\/\/www.visit-ulcinj.com\/blog\/wp-json\/wp\/v2\/posts"}],"about":[{"href":"https:\/\/www.visit-ulcinj.com\/blog\/wp-json\/wp\/v2\/types\/post"}],"author":[{"embeddable":true,"href":"https:\/\/www.visit-ulcinj.com\/blog\/wp-json\/wp\/v2\/users\/1"}],"replies":[{"embeddable":true,"href":"https:\/\/www.visit-ulcinj.com\/blog\/wp-json\/wp\/v2\/comments?post=104067"}],"version-history":[{"count":1,"href":"https:\/\/www.visit-ulcinj.com\/blog\/wp-json\/wp\/v2\/posts\/104067\/revisions"}],"predecessor-version":[{"id":104069,"href":"https:\/\/www.visit-ulcinj.com\/blog\/wp-json\/wp\/v2\/posts\/104067\/revisions\/104069"}],"wp:attachment":[{"href":"https:\/\/www.visit-ulcinj.com\/blog\/wp-json\/wp\/v2\/media?parent=104067"}],"wp:term":[{"taxonomy":"category","embeddable":true,"href":"https:\/\/www.visit-ulcinj.com\/blog\/wp-json\/wp\/v2\/categories?post=104067"},{"taxonomy":"post_tag","embeddable":true,"href":"https:\/\/www.visit-ulcinj.com\/blog\/wp-json\/wp\/v2\/tags?post=104067"}],"curies":[{"name":"wp","href":"https:\/\/api.w.org\/{rel}","templated":true}]}}