{"id":104089,"date":"2017-04-03T19:14:57","date_gmt":"2017-04-03T18:14:57","guid":{"rendered":"http:\/\/www.visit-ulcinj.com\/blog\/?p=104089"},"modified":"2017-04-03T19:14:57","modified_gmt":"2017-04-03T18:14:57","slug":"ne-ulqin-edin-rama-takon-faktorin-politik-shqiptar","status":"publish","type":"post","link":"https:\/\/www.visit-ulcinj.com\/blog\/2017\/04\/03\/ne-ulqin-edin-rama-takon-faktorin-politik-shqiptar\/","title":{"rendered":"N\u00eb Ulqin, Edin Rama takon faktorin politik shqiptar"},"content":{"rendered":"<p><span class=\"arial14 \"><strong><a href=\"http:\/\/www.visit-ulcinj.com\/blog\/wp-content\/uploads\/2017\/04\/Vizita-e-Edi-Ram\u00ebs-n\u00eb-Ulqin-me-faktoret-politik\u00eb-shqiptare-t\u00eb-Mali-t\u00eb-Zi.jpg\"><img loading=\"lazy\" class=\"alignleft wp-image-104087\" src=\"http:\/\/www.visit-ulcinj.com\/blog\/wp-content\/uploads\/2017\/04\/Vizita-e-Edi-Ram\u00ebs-n\u00eb-Ulqin-me-faktoret-politik\u00eb-shqiptare-t\u00eb-Mali-t\u00eb-Zi.jpg\" alt=\"Vizita e Edi Ram\u00ebs n\u00eb Ulqin me faktoret politik\u00eb shqiptare t\u00eb Mali t\u00eb Zi\" width=\"508\" height=\"381\" srcset=\"https:\/\/www.visit-ulcinj.com\/blog\/wp-content\/uploads\/2017\/04\/Vizita-e-Edi-Ram\u00ebs-n\u00eb-Ulqin-me-faktoret-politik\u00eb-shqiptare-t\u00eb-Mali-t\u00eb-Zi.jpg 1024w, https:\/\/www.visit-ulcinj.com\/blog\/wp-content\/uploads\/2017\/04\/Vizita-e-Edi-Ram\u00ebs-n\u00eb-Ulqin-me-faktoret-politik\u00eb-shqiptare-t\u00eb-Mali-t\u00eb-Zi-300x225.jpg 300w, https:\/\/www.visit-ulcinj.com\/blog\/wp-content\/uploads\/2017\/04\/Vizita-e-Edi-Ram\u00ebs-n\u00eb-Ulqin-me-faktoret-politik\u00eb-shqiptare-t\u00eb-Mali-t\u00eb-Zi-768x576.jpg 768w\" sizes=\"(max-width: 508px) 100vw, 508px\" \/><\/a>N\u00eb vijim t\u00eb vizit\u00ebs s\u00eb tij n\u00eb Malin e Zi, kryeministri Edi Rama \u00ebsht\u00eb ndalur n\u00eb Ulqin, ku \u00ebsht\u00eb takuar me p\u00ebrfaq\u00ebsues shqiptar\u00eb t\u00eb politik\u00ebs.<\/strong><\/span><\/p>\n<p><span class=\"arial14 linkszi \">P\u00ebrmes nj\u00eb statusi n\u00eb rrjetet sociale, kreu i qeveris\u00eb shqiptare ka vler\u00ebsuar hapat e nd\u00ebrmarr\u00eb nga politika n\u00eb t\u00eb mir\u00eb t\u00eb komunitetit shqiptar.<\/p>\n<p>\u201cN\u00eb Ulqin me faktor\u00ebt politik\u00eb shqiptar\u00eb t\u00eb Malit t\u00eb Zi, ku po b\u00ebhet nj\u00eb progres i madh hapash konkret\u00eb n\u00eb t\u00eb mir\u00eb t\u00eb komunitetit shqiptar\u201d, ka th\u00ebn\u00eb Rama n\u00eb Facebook.<\/p>\n<p>\/ Top Channel <\/span><\/p>\n","protected":false},"excerpt":{"rendered":"<p>N\u00eb vijim t\u00eb vizit\u00ebs s\u00eb tij n\u00eb Malin e Zi, kryeministri Edi Rama \u00ebsht\u00eb ndalur n\u00eb Ulqin, ku \u00ebsht\u00eb takuar me p\u00ebrfaq\u00ebsues shqiptar\u00eb t\u00eb politik\u00ebs. P\u00ebrmes nj\u00eb statusi n\u00eb rrjetet sociale, kreu i qeveris\u00eb shqiptare ka vler\u00ebsuar hapat e nd\u00ebrmarr\u00eb nga politika n\u00eb t\u00eb mir\u00eb t\u00eb komunitetit shqiptar. \u201cN\u00eb Ulqin me faktor\u00ebt politik\u00eb shqiptar\u00eb t\u00eb [&hellip;]<\/p>\n","protected":false},"author":1,"featured_media":0,"comment_status":"closed","ping_status":"closed","sticky":false,"template":"","format":"standard","meta":{"spay_email":"","jetpack_publicize_message":"","jetpack_is_tweetstorm":false,"jetpack_publicize_feature_enabled":true},"categories":[12],"tags":[],"jetpack_publicize_connections":[],"yoast_head":"<!-- This site is optimized with the Yoast SEO plugin v19.1 - https:\/\/yoast.com\/wordpress\/plugins\/seo\/ -->\n<title>N\u00eb Ulqin, Edin Rama takon faktorin politik shqiptar - Lajme nga Ulqini<\/title>\n<meta name=\"description\" content=\"N\u00eb vijim t\u00eb vizit\u00ebs s\u00eb tij n\u00eb Malin e Zi, kryeministri Edi Rama \u00ebsht\u00eb ndalur n\u00eb Ulqin, ku \u00ebsht\u00eb takuar me p\u00ebrfaq\u00ebsues shqiptar\u00eb t\u00eb politik\u00ebs. P\u00ebrmes nj\u00eb\" \/>\n<meta name=\"robots\" content=\"index, follow, max-snippet:-1, max-image-preview:large, max-video-preview:-1\" \/>\n<link rel=\"canonical\" href=\"https:\/\/www.visit-ulcinj.com\/blog\/2017\/04\/03\/ne-ulqin-edin-rama-takon-faktorin-politik-shqiptar\/\" \/>\n<meta property=\"og:locale\" content=\"en_US\" \/>\n<meta property=\"og:type\" content=\"article\" \/>\n<meta property=\"og:title\" content=\"N\u00eb Ulqin, Edin Rama takon faktorin politik shqiptar - Lajme nga Ulqini\" \/>\n<meta property=\"og:description\" content=\"N\u00eb vijim t\u00eb vizit\u00ebs s\u00eb tij n\u00eb Malin e Zi, kryeministri Edi Rama \u00ebsht\u00eb ndalur n\u00eb Ulqin, ku \u00ebsht\u00eb takuar me p\u00ebrfaq\u00ebsues shqiptar\u00eb t\u00eb politik\u00ebs. P\u00ebrmes nj\u00eb\" \/>\n<meta property=\"og:url\" content=\"https:\/\/www.visit-ulcinj.com\/blog\/2017\/04\/03\/ne-ulqin-edin-rama-takon-faktorin-politik-shqiptar\/\" \/>\n<meta property=\"og:site_name\" content=\"Lajme nga Ulqini\" \/>\n<meta property=\"article:published_time\" content=\"2017-04-03T18:14:57+00:00\" \/>\n<meta name=\"twitter:label1\" content=\"Written by\" \/>\n\t<meta name=\"twitter:data1\" content=\"ulqini\" \/>\n<script type=\"application\/ld+json\" class=\"yoast-schema-graph\">{\"@context\":\"https:\/\/schema.org\",\"@graph\":[{\"@type\":\"WebSite\",\"@id\":\"https:\/\/www.visit-ulcinj.com\/blog\/#website\",\"url\":\"https:\/\/www.visit-ulcinj.com\/blog\/\",\"name\":\"Lajme nga Ulqini\",\"description\":\"Lajme,Vijesti,Ulqini,Ulqin,Crna Gora,Mali i Zi\",\"potentialAction\":[{\"@type\":\"SearchAction\",\"target\":{\"@type\":\"EntryPoint\",\"urlTemplate\":\"https:\/\/www.visit-ulcinj.com\/blog\/?s={search_term_string}\"},\"query-input\":\"required name=search_term_string\"}],\"inLanguage\":\"en-US\"},{\"@type\":\"WebPage\",\"@id\":\"https:\/\/www.visit-ulcinj.com\/blog\/2017\/04\/03\/ne-ulqin-edin-rama-takon-faktorin-politik-shqiptar\/#webpage\",\"url\":\"https:\/\/www.visit-ulcinj.com\/blog\/2017\/04\/03\/ne-ulqin-edin-rama-takon-faktorin-politik-shqiptar\/\",\"name\":\"N\u00eb Ulqin, Edin Rama takon faktorin politik shqiptar - Lajme nga Ulqini\",\"isPartOf\":{\"@id\":\"https:\/\/www.visit-ulcinj.com\/blog\/#website\"},\"datePublished\":\"2017-04-03T18:14:57+00:00\",\"dateModified\":\"2017-04-03T18:14:57+00:00\",\"author\":{\"@id\":\"https:\/\/www.visit-ulcinj.com\/blog\/#\/schema\/person\/dcab619c614d3038751c63bc2aadc06d\"},\"description\":\"N\u00eb vijim t\u00eb vizit\u00ebs s\u00eb tij n\u00eb Malin e Zi, kryeministri Edi Rama \u00ebsht\u00eb ndalur n\u00eb Ulqin, ku \u00ebsht\u00eb takuar me p\u00ebrfaq\u00ebsues shqiptar\u00eb t\u00eb politik\u00ebs. P\u00ebrmes nj\u00eb\",\"breadcrumb\":{\"@id\":\"https:\/\/www.visit-ulcinj.com\/blog\/2017\/04\/03\/ne-ulqin-edin-rama-takon-faktorin-politik-shqiptar\/#breadcrumb\"},\"inLanguage\":\"en-US\",\"potentialAction\":[{\"@type\":\"ReadAction\",\"target\":[\"https:\/\/www.visit-ulcinj.com\/blog\/2017\/04\/03\/ne-ulqin-edin-rama-takon-faktorin-politik-shqiptar\/\"]}]},{\"@type\":\"BreadcrumbList\",\"@id\":\"https:\/\/www.visit-ulcinj.com\/blog\/2017\/04\/03\/ne-ulqin-edin-rama-takon-faktorin-politik-shqiptar\/#breadcrumb\",\"itemListElement\":[{\"@type\":\"ListItem\",\"position\":1,\"name\":\"N\u00eb Ulqin, Edin Rama takon faktorin politik shqiptar\"}]},{\"@type\":\"Person\",\"@id\":\"https:\/\/www.visit-ulcinj.com\/blog\/#\/schema\/person\/dcab619c614d3038751c63bc2aadc06d\",\"name\":\"ulqini\",\"sameAs\":[\"http:\/\/www.visit-ulcinj.com\"],\"url\":\"https:\/\/www.visit-ulcinj.com\/blog\/author\/admin\/\"}]}<\/script>\n<!-- \/ Yoast SEO plugin. -->","yoast_head_json":{"title":"N\u00eb Ulqin, Edin Rama takon faktorin politik shqiptar - Lajme nga Ulqini","description":"N\u00eb vijim t\u00eb vizit\u00ebs s\u00eb tij n\u00eb Malin e Zi, kryeministri Edi Rama \u00ebsht\u00eb ndalur n\u00eb Ulqin, ku \u00ebsht\u00eb takuar me p\u00ebrfaq\u00ebsues shqiptar\u00eb t\u00eb politik\u00ebs. P\u00ebrmes nj\u00eb","robots":{"index":"index","follow":"follow","max-snippet":"max-snippet:-1","max-image-preview":"max-image-preview:large","max-video-preview":"max-video-preview:-1"},"canonical":"https:\/\/www.visit-ulcinj.com\/blog\/2017\/04\/03\/ne-ulqin-edin-rama-takon-faktorin-politik-shqiptar\/","og_locale":"en_US","og_type":"article","og_title":"N\u00eb Ulqin, Edin Rama takon faktorin politik shqiptar - Lajme nga Ulqini","og_description":"N\u00eb vijim t\u00eb vizit\u00ebs s\u00eb tij n\u00eb Malin e Zi, kryeministri Edi Rama \u00ebsht\u00eb ndalur n\u00eb Ulqin, ku \u00ebsht\u00eb takuar me p\u00ebrfaq\u00ebsues shqiptar\u00eb t\u00eb politik\u00ebs. P\u00ebrmes nj\u00eb","og_url":"https:\/\/www.visit-ulcinj.com\/blog\/2017\/04\/03\/ne-ulqin-edin-rama-takon-faktorin-politik-shqiptar\/","og_site_name":"Lajme nga Ulqini","article_published_time":"2017-04-03T18:14:57+00:00","twitter_misc":{"Written by":"ulqini"},"schema":{"@context":"https:\/\/schema.org","@graph":[{"@type":"WebSite","@id":"https:\/\/www.visit-ulcinj.com\/blog\/#website","url":"https:\/\/www.visit-ulcinj.com\/blog\/","name":"Lajme nga Ulqini","description":"Lajme,Vijesti,Ulqini,Ulqin,Crna Gora,Mali i Zi","potentialAction":[{"@type":"SearchAction","target":{"@type":"EntryPoint","urlTemplate":"https:\/\/www.visit-ulcinj.com\/blog\/?s={search_term_string}"},"query-input":"required name=search_term_string"}],"inLanguage":"en-US"},{"@type":"WebPage","@id":"https:\/\/www.visit-ulcinj.com\/blog\/2017\/04\/03\/ne-ulqin-edin-rama-takon-faktorin-politik-shqiptar\/#webpage","url":"https:\/\/www.visit-ulcinj.com\/blog\/2017\/04\/03\/ne-ulqin-edin-rama-takon-faktorin-politik-shqiptar\/","name":"N\u00eb Ulqin, Edin Rama takon faktorin politik shqiptar - Lajme nga Ulqini","isPartOf":{"@id":"https:\/\/www.visit-ulcinj.com\/blog\/#website"},"datePublished":"2017-04-03T18:14:57+00:00","dateModified":"2017-04-03T18:14:57+00:00","author":{"@id":"https:\/\/www.visit-ulcinj.com\/blog\/#\/schema\/person\/dcab619c614d3038751c63bc2aadc06d"},"description":"N\u00eb vijim t\u00eb vizit\u00ebs s\u00eb tij n\u00eb Malin e Zi, kryeministri Edi Rama \u00ebsht\u00eb ndalur n\u00eb Ulqin, ku \u00ebsht\u00eb takuar me p\u00ebrfaq\u00ebsues shqiptar\u00eb t\u00eb politik\u00ebs. P\u00ebrmes nj\u00eb","breadcrumb":{"@id":"https:\/\/www.visit-ulcinj.com\/blog\/2017\/04\/03\/ne-ulqin-edin-rama-takon-faktorin-politik-shqiptar\/#breadcrumb"},"inLanguage":"en-US","potentialAction":[{"@type":"ReadAction","target":["https:\/\/www.visit-ulcinj.com\/blog\/2017\/04\/03\/ne-ulqin-edin-rama-takon-faktorin-politik-shqiptar\/"]}]},{"@type":"BreadcrumbList","@id":"https:\/\/www.visit-ulcinj.com\/blog\/2017\/04\/03\/ne-ulqin-edin-rama-takon-faktorin-politik-shqiptar\/#breadcrumb","itemListElement":[{"@type":"ListItem","position":1,"name":"N\u00eb Ulqin, Edin Rama takon faktorin politik shqiptar"}]},{"@type":"Person","@id":"https:\/\/www.visit-ulcinj.com\/blog\/#\/schema\/person\/dcab619c614d3038751c63bc2aadc06d","name":"ulqini","sameAs":["http:\/\/www.visit-ulcinj.com"],"url":"https:\/\/www.visit-ulcinj.com\/blog\/author\/admin\/"}]}},"jetpack_featured_media_url":"","jetpack_sharing_enabled":true,"jetpack_shortlink":"https:\/\/wp.me\/pe6lTn-r4R","_links":{"self":[{"href":"https:\/\/www.visit-ulcinj.com\/blog\/wp-json\/wp\/v2\/posts\/104089"}],"collection":[{"href":"https:\/\/www.visit-ulcinj.com\/blog\/wp-json\/wp\/v2\/posts"}],"about":[{"href":"https:\/\/www.visit-ulcinj.com\/blog\/wp-json\/wp\/v2\/types\/post"}],"author":[{"embeddable":true,"href":"https:\/\/www.visit-ulcinj.com\/blog\/wp-json\/wp\/v2\/users\/1"}],"replies":[{"embeddable":true,"href":"https:\/\/www.visit-ulcinj.com\/blog\/wp-json\/wp\/v2\/comments?post=104089"}],"version-history":[{"count":1,"href":"https:\/\/www.visit-ulcinj.com\/blog\/wp-json\/wp\/v2\/posts\/104089\/revisions"}],"predecessor-version":[{"id":104090,"href":"https:\/\/www.visit-ulcinj.com\/blog\/wp-json\/wp\/v2\/posts\/104089\/revisions\/104090"}],"wp:attachment":[{"href":"https:\/\/www.visit-ulcinj.com\/blog\/wp-json\/wp\/v2\/media?parent=104089"}],"wp:term":[{"taxonomy":"category","embeddable":true,"href":"https:\/\/www.visit-ulcinj.com\/blog\/wp-json\/wp\/v2\/categories?post=104089"},{"taxonomy":"post_tag","embeddable":true,"href":"https:\/\/www.visit-ulcinj.com\/blog\/wp-json\/wp\/v2\/tags?post=104089"}],"curies":[{"name":"wp","href":"https:\/\/api.w.org\/{rel}","templated":true}]}}