{"id":104113,"date":"2017-04-04T12:46:00","date_gmt":"2017-04-04T11:46:00","guid":{"rendered":"http:\/\/www.visit-ulcinj.com\/blog\/?p=104113"},"modified":"2017-04-04T14:27:30","modified_gmt":"2017-04-04T13:27:30","slug":"kryeministri-rama-viziton-ulqinin-fotolajm","status":"publish","type":"post","link":"https:\/\/www.visit-ulcinj.com\/blog\/2017\/04\/04\/kryeministri-rama-viziton-ulqinin-fotolajm\/","title":{"rendered":"Kryeministri Rama viziton Ulqinin &#8211; Foto\/Lajm"},"content":{"rendered":"<p><a href=\"http:\/\/www.visit-ulcinj.com\/blog\/wp-content\/uploads\/2017\/04\/Kryeministri-Rama-viziton-Ulqinin-Foto-Lajm.jpg\"><img loading=\"lazy\" class=\"alignleft wp-image-104116\" src=\"http:\/\/www.visit-ulcinj.com\/blog\/wp-content\/uploads\/2017\/04\/Kryeministri-Rama-viziton-Ulqinin-Foto-Lajm.jpg\" alt=\"Kryeministri Rama viziton Ulqinin - Foto-Lajm\" width=\"508\" height=\"339\" srcset=\"https:\/\/www.visit-ulcinj.com\/blog\/wp-content\/uploads\/2017\/04\/Kryeministri-Rama-viziton-Ulqinin-Foto-Lajm.jpg 1080w, https:\/\/www.visit-ulcinj.com\/blog\/wp-content\/uploads\/2017\/04\/Kryeministri-Rama-viziton-Ulqinin-Foto-Lajm-300x200.jpg 300w, https:\/\/www.visit-ulcinj.com\/blog\/wp-content\/uploads\/2017\/04\/Kryeministri-Rama-viziton-Ulqinin-Foto-Lajm-768x512.jpg 768w, https:\/\/www.visit-ulcinj.com\/blog\/wp-content\/uploads\/2017\/04\/Kryeministri-Rama-viziton-Ulqinin-Foto-Lajm-1024x683.jpg 1024w\" sizes=\"(max-width: 508px) 100vw, 508px\" \/><\/a>Kryeministri Edi Rama qendroji dje p\u00ebr nj\u00eb vizit\u00eb jo zyrtare, me ftes\u00eb t\u00eb kryetarit t\u00eb Ulqinit Nazif Cungu. N\u00eb vijim\u00a0t\u00eb vizit\u00ebs\u00a0s\u00eb tij\u00a0n\u00eb Malin e Zi\u00a0Kryeministri Edi Rama\u00a0\u00ebsht\u00eb ndalur\u00a0n\u00eb Ulqin\u00a0ku \u00ebsht\u00eb takuar\u00a0me p\u00ebrfaq\u00ebsuesit\u00a0shqiptar t\u00eb politik\u00ebs.<\/p>\n<p>Takimi u zhvillua n\u00eb or\u00ebn e pasdrek\u00ebs, ku kryeministri Rama gjat\u00eb vizit\u00ebs jo zyrtare n\u00eb Ulqin ka zhvilluar nj\u00eb takim edhe me faktor\u00ebt shqiptar\u00eb atje.<\/p>\n<p>Rama shkruan se po b\u00ebhen hapa konkret\u00eb p\u00ebr t\u00eb mir\u00ebn e komunitetit shqiptar n\u00eb Mal t\u00eb Zi n\u00eb faqen personale Twitter.<\/p>\n<p><em><strong>Kryeministri Rama Direkt &#8211; Link: N\u00eb Ulqin me faktor\u00ebt politik\u00eb shqiptar\u00eb t\u00eb Malit t\u00eb Zi ku po b\u00ebhet nj\u00eb progres i madh hapash konkret\u00eb n\u00eb t\u00eb mir\u00eb t\u00eb komunitetit shqiptar thuhet n\u00eb faqen personale Twitter.<\/strong><br \/>\n<\/em><\/p>\n<p class=\"r\"><strong>&#8220;Foto e Dit\u00ebs&#8221; nga kryeministri Rama n\u00eb Ulqin<\/strong><\/p>\n\n\t\t<style type=\"text\/css\">\n\t\t\t#gallery-1 {\n\t\t\t\tmargin: auto;\n\t\t\t}\n\t\t\t#gallery-1 .gallery-item {\n\t\t\t\tfloat: left;\n\t\t\t\tmargin-top: 10px;\n\t\t\t\ttext-align: center;\n\t\t\t\twidth: 33%;\n\t\t\t}\n\t\t\t#gallery-1 img {\n\t\t\t\tborder: 2px solid #cfcfcf;\n\t\t\t}\n\t\t\t#gallery-1 .gallery-caption {\n\t\t\t\tmargin-left: 0;\n\t\t\t}\n\t\t\t\/* see gallery_shortcode() in wp-includes\/media.php *\/\n\t\t<\/style>\n\t\t<div id='gallery-1' class='gallery galleryid-104113 gallery-columns-3 gallery-size-thumbnail'><dl class='gallery-item'>\n\t\t\t<dt class='gallery-icon landscape'>\n\t\t\t\t<a href='https:\/\/www.visit-ulcinj.com\/blog\/2017\/04\/04\/kryeministri-rama-viziton-ulqinin-fotolajm\/kryeministri-rama-viziton-ulqinin-foto-lajm-1\/'><img width=\"150\" height=\"150\" src=\"https:\/\/www.visit-ulcinj.com\/blog\/wp-content\/uploads\/2017\/04\/Kryeministri-Rama-viziton-Ulqinin-Foto-Lajm-1-150x150.jpg\" class=\"attachment-thumbnail size-thumbnail\" alt=\"\" loading=\"lazy\" \/><\/a>\n\t\t\t<\/dt><\/dl><dl class='gallery-item'>\n\t\t\t<dt class='gallery-icon landscape'>\n\t\t\t\t<a href='https:\/\/www.visit-ulcinj.com\/blog\/2017\/04\/04\/kryeministri-rama-viziton-ulqinin-fotolajm\/kryeministri-rama-viziton-ulqinin-foto-lajm-2\/'><img width=\"150\" height=\"150\" src=\"https:\/\/www.visit-ulcinj.com\/blog\/wp-content\/uploads\/2017\/04\/Kryeministri-Rama-viziton-Ulqinin-Foto-Lajm-2-150x150.jpg\" class=\"attachment-thumbnail size-thumbnail\" alt=\"\" loading=\"lazy\" \/><\/a>\n\t\t\t<\/dt><\/dl><dl class='gallery-item'>\n\t\t\t<dt class='gallery-icon landscape'>\n\t\t\t\t<a href='https:\/\/www.visit-ulcinj.com\/blog\/2017\/04\/04\/kryeministri-rama-viziton-ulqinin-fotolajm\/kryeministri-rama-viziton-ulqinin-foto-lajm-3\/'><img width=\"150\" height=\"150\" src=\"https:\/\/www.visit-ulcinj.com\/blog\/wp-content\/uploads\/2017\/04\/Kryeministri-Rama-viziton-Ulqinin-Foto-Lajm-3-150x150.jpg\" class=\"attachment-thumbnail size-thumbnail\" alt=\"\" loading=\"lazy\" \/><\/a>\n\t\t\t<\/dt><\/dl><br style=\"clear: both\" \/><dl class='gallery-item'>\n\t\t\t<dt class='gallery-icon landscape'>\n\t\t\t\t<a href='https:\/\/www.visit-ulcinj.com\/blog\/2017\/04\/04\/kryeministri-rama-viziton-ulqinin-fotolajm\/kryeministri-rama-viziton-ulqinin-foto-lajm-4\/'><img width=\"150\" height=\"150\" src=\"https:\/\/www.visit-ulcinj.com\/blog\/wp-content\/uploads\/2017\/04\/Kryeministri-Rama-viziton-Ulqinin-Foto-Lajm-4-150x150.jpg\" class=\"attachment-thumbnail size-thumbnail\" alt=\"\" loading=\"lazy\" \/><\/a>\n\t\t\t<\/dt><\/dl><dl class='gallery-item'>\n\t\t\t<dt class='gallery-icon landscape'>\n\t\t\t\t<a href='https:\/\/www.visit-ulcinj.com\/blog\/2017\/04\/04\/kryeministri-rama-viziton-ulqinin-fotolajm\/kryeministri-rama-viziton-ulqinin-foto-lajm-5\/'><img width=\"150\" height=\"150\" src=\"https:\/\/www.visit-ulcinj.com\/blog\/wp-content\/uploads\/2017\/04\/Kryeministri-Rama-viziton-Ulqinin-Foto-Lajm-5-150x150.jpg\" class=\"attachment-thumbnail size-thumbnail\" alt=\"\" loading=\"lazy\" \/><\/a>\n\t\t\t<\/dt><\/dl><dl class='gallery-item'>\n\t\t\t<dt class='gallery-icon landscape'>\n\t\t\t\t<a href='https:\/\/www.visit-ulcinj.com\/blog\/2017\/04\/04\/kryeministri-rama-viziton-ulqinin-fotolajm\/kryeministri-rama-viziton-ulqinin-foto-lajm-6\/'><img width=\"150\" height=\"150\" src=\"https:\/\/www.visit-ulcinj.com\/blog\/wp-content\/uploads\/2017\/04\/Kryeministri-Rama-viziton-Ulqinin-Foto-Lajm-6-150x150.jpg\" class=\"attachment-thumbnail size-thumbnail\" alt=\"\" loading=\"lazy\" \/><\/a>\n\t\t\t<\/dt><\/dl><br style=\"clear: both\" \/><dl class='gallery-item'>\n\t\t\t<dt class='gallery-icon landscape'>\n\t\t\t\t<a href='https:\/\/www.visit-ulcinj.com\/blog\/2017\/04\/04\/kryeministri-rama-viziton-ulqinin-fotolajm\/kryeministri-rama-viziton-ulqinin-foto-lajm-7\/'><img width=\"150\" height=\"150\" src=\"https:\/\/www.visit-ulcinj.com\/blog\/wp-content\/uploads\/2017\/04\/Kryeministri-Rama-viziton-Ulqinin-Foto-Lajm-7-150x150.jpg\" class=\"attachment-thumbnail size-thumbnail\" alt=\"\" loading=\"lazy\" \/><\/a>\n\t\t\t<\/dt><\/dl><dl class='gallery-item'>\n\t\t\t<dt class='gallery-icon landscape'>\n\t\t\t\t<a href='https:\/\/www.visit-ulcinj.com\/blog\/2017\/04\/04\/kryeministri-rama-viziton-ulqinin-fotolajm\/kryeministri-rama-viziton-ulqinin-foto-lajm-8\/'><img width=\"150\" height=\"150\" src=\"https:\/\/www.visit-ulcinj.com\/blog\/wp-content\/uploads\/2017\/04\/Kryeministri-Rama-viziton-Ulqinin-Foto-Lajm-8-150x150.jpg\" class=\"attachment-thumbnail size-thumbnail\" alt=\"\" loading=\"lazy\" \/><\/a>\n\t\t\t<\/dt><\/dl><dl class='gallery-item'>\n\t\t\t<dt class='gallery-icon landscape'>\n\t\t\t\t<a href='https:\/\/www.visit-ulcinj.com\/blog\/2017\/04\/04\/kryeministri-rama-viziton-ulqinin-fotolajm\/kryeministri-rama-viziton-ulqinin-foto-lajm-9\/'><img width=\"150\" height=\"150\" src=\"https:\/\/www.visit-ulcinj.com\/blog\/wp-content\/uploads\/2017\/04\/Kryeministri-Rama-viziton-Ulqinin-Foto-Lajm-9-150x150.jpg\" class=\"attachment-thumbnail size-thumbnail\" alt=\"\" loading=\"lazy\" \/><\/a>\n\t\t\t<\/dt><\/dl><br style=\"clear: both\" \/><dl class='gallery-item'>\n\t\t\t<dt class='gallery-icon landscape'>\n\t\t\t\t<a href='https:\/\/www.visit-ulcinj.com\/blog\/2017\/04\/04\/kryeministri-rama-viziton-ulqinin-fotolajm\/kryeministri-rama-viziton-ulqinin-foto-lajm-10\/'><img width=\"150\" height=\"150\" src=\"https:\/\/www.visit-ulcinj.com\/blog\/wp-content\/uploads\/2017\/04\/Kryeministri-Rama-viziton-Ulqinin-Foto-Lajm-10-150x150.jpg\" class=\"attachment-thumbnail size-thumbnail\" alt=\"\" loading=\"lazy\" \/><\/a>\n\t\t\t<\/dt><\/dl><dl class='gallery-item'>\n\t\t\t<dt class='gallery-icon landscape'>\n\t\t\t\t<a href='https:\/\/www.visit-ulcinj.com\/blog\/2017\/04\/04\/kryeministri-rama-viziton-ulqinin-fotolajm\/kryeministri-rama-viziton-ulqinin-foto-lajm-11\/'><img width=\"150\" height=\"150\" src=\"https:\/\/www.visit-ulcinj.com\/blog\/wp-content\/uploads\/2017\/04\/Kryeministri-Rama-viziton-Ulqinin-Foto-Lajm-11-150x150.jpg\" class=\"attachment-thumbnail size-thumbnail\" alt=\"\" loading=\"lazy\" \/><\/a>\n\t\t\t<\/dt><\/dl><dl class='gallery-item'>\n\t\t\t<dt class='gallery-icon landscape'>\n\t\t\t\t<a href='https:\/\/www.visit-ulcinj.com\/blog\/2017\/04\/04\/kryeministri-rama-viziton-ulqinin-fotolajm\/kryeministri-rama-viziton-ulqinin-foto-lajm-12\/'><img width=\"150\" height=\"150\" src=\"https:\/\/www.visit-ulcinj.com\/blog\/wp-content\/uploads\/2017\/04\/Kryeministri-Rama-viziton-Ulqinin-Foto-Lajm-12-150x150.jpg\" class=\"attachment-thumbnail size-thumbnail\" alt=\"\" loading=\"lazy\" \/><\/a>\n\t\t\t<\/dt><\/dl><br style=\"clear: both\" \/><dl class='gallery-item'>\n\t\t\t<dt class='gallery-icon landscape'>\n\t\t\t\t<a href='https:\/\/www.visit-ulcinj.com\/blog\/2017\/04\/04\/kryeministri-rama-viziton-ulqinin-fotolajm\/kryeministri-rama-viziton-ulqinin-foto-lajm-13\/'><img width=\"150\" height=\"150\" src=\"https:\/\/www.visit-ulcinj.com\/blog\/wp-content\/uploads\/2017\/04\/Kryeministri-Rama-viziton-Ulqinin-Foto-Lajm-13-150x150.jpg\" class=\"attachment-thumbnail size-thumbnail\" alt=\"\" loading=\"lazy\" \/><\/a>\n\t\t\t<\/dt><\/dl><dl class='gallery-item'>\n\t\t\t<dt class='gallery-icon landscape'>\n\t\t\t\t<a href='https:\/\/www.visit-ulcinj.com\/blog\/2017\/04\/04\/kryeministri-rama-viziton-ulqinin-fotolajm\/kryeministri-rama-viziton-ulqinin-foto-lajm-14\/'><img width=\"150\" height=\"150\" src=\"https:\/\/www.visit-ulcinj.com\/blog\/wp-content\/uploads\/2017\/04\/Kryeministri-Rama-viziton-Ulqinin-Foto-Lajm-14-150x150.jpg\" class=\"attachment-thumbnail size-thumbnail\" alt=\"\" loading=\"lazy\" \/><\/a>\n\t\t\t<\/dt><\/dl><dl class='gallery-item'>\n\t\t\t<dt class='gallery-icon landscape'>\n\t\t\t\t<a href='https:\/\/www.visit-ulcinj.com\/blog\/2017\/04\/04\/kryeministri-rama-viziton-ulqinin-fotolajm\/kryeministri-rama-viziton-ulqinin-foto-lajm-15\/'><img width=\"150\" height=\"150\" src=\"https:\/\/www.visit-ulcinj.com\/blog\/wp-content\/uploads\/2017\/04\/Kryeministri-Rama-viziton-Ulqinin-Foto-Lajm-15-150x150.jpg\" class=\"attachment-thumbnail size-thumbnail\" alt=\"\" loading=\"lazy\" \/><\/a>\n\t\t\t<\/dt><\/dl><br style=\"clear: both\" \/><dl class='gallery-item'>\n\t\t\t<dt class='gallery-icon landscape'>\n\t\t\t\t<a href='https:\/\/www.visit-ulcinj.com\/blog\/2017\/04\/04\/kryeministri-rama-viziton-ulqinin-fotolajm\/kryeministri-rama-viziton-ulqinin-foto-lajm-17\/'><img width=\"150\" height=\"150\" src=\"https:\/\/www.visit-ulcinj.com\/blog\/wp-content\/uploads\/2017\/04\/Kryeministri-Rama-viziton-Ulqinin-Foto-Lajm-17-150x150.jpg\" class=\"attachment-thumbnail size-thumbnail\" alt=\"\" loading=\"lazy\" \/><\/a>\n\t\t\t<\/dt><\/dl><dl class='gallery-item'>\n\t\t\t<dt class='gallery-icon landscape'>\n\t\t\t\t<a href='https:\/\/www.visit-ulcinj.com\/blog\/2017\/04\/04\/kryeministri-rama-viziton-ulqinin-fotolajm\/kryeministri-rama-viziton-ulqinin-foto-lajm-18\/'><img width=\"150\" height=\"150\" src=\"https:\/\/www.visit-ulcinj.com\/blog\/wp-content\/uploads\/2017\/04\/Kryeministri-Rama-viziton-Ulqinin-Foto-Lajm-18-150x150.jpg\" class=\"attachment-thumbnail size-thumbnail\" alt=\"\" loading=\"lazy\" \/><\/a>\n\t\t\t<\/dt><\/dl><dl class='gallery-item'>\n\t\t\t<dt class='gallery-icon landscape'>\n\t\t\t\t<a href='https:\/\/www.visit-ulcinj.com\/blog\/2017\/04\/04\/kryeministri-rama-viziton-ulqinin-fotolajm\/kryeministri-rama-viziton-ulqinin-foto-lajm-19\/'><img width=\"150\" height=\"150\" src=\"https:\/\/www.visit-ulcinj.com\/blog\/wp-content\/uploads\/2017\/04\/Kryeministri-Rama-viziton-Ulqinin-Foto-Lajm-19-150x150.jpg\" class=\"attachment-thumbnail size-thumbnail\" alt=\"\" loading=\"lazy\" \/><\/a>\n\t\t\t<\/dt><\/dl><br style=\"clear: both\" \/><dl class='gallery-item'>\n\t\t\t<dt class='gallery-icon landscape'>\n\t\t\t\t<a href='https:\/\/www.visit-ulcinj.com\/blog\/2017\/04\/04\/kryeministri-rama-viziton-ulqinin-fotolajm\/kryeministri-rama-viziton-ulqinin-foto-lajm-20\/'><img width=\"150\" height=\"150\" src=\"https:\/\/www.visit-ulcinj.com\/blog\/wp-content\/uploads\/2017\/04\/Kryeministri-Rama-viziton-Ulqinin-Foto-Lajm-20-150x150.jpg\" class=\"attachment-thumbnail size-thumbnail\" alt=\"\" loading=\"lazy\" \/><\/a>\n\t\t\t<\/dt><\/dl><dl class='gallery-item'>\n\t\t\t<dt class='gallery-icon landscape'>\n\t\t\t\t<a href='https:\/\/www.visit-ulcinj.com\/blog\/2017\/04\/04\/kryeministri-rama-viziton-ulqinin-fotolajm\/kryeministri-rama-viziton-ulqinin-foto-lajm-21\/'><img width=\"150\" height=\"150\" src=\"https:\/\/www.visit-ulcinj.com\/blog\/wp-content\/uploads\/2017\/04\/Kryeministri-Rama-viziton-Ulqinin-Foto-Lajm-21-150x150.jpg\" class=\"attachment-thumbnail size-thumbnail\" alt=\"\" loading=\"lazy\" \/><\/a>\n\t\t\t<\/dt><\/dl><dl class='gallery-item'>\n\t\t\t<dt class='gallery-icon landscape'>\n\t\t\t\t<a href='https:\/\/www.visit-ulcinj.com\/blog\/2017\/04\/04\/kryeministri-rama-viziton-ulqinin-fotolajm\/kryeministri-rama-viziton-ulqinin-foto-lajm-22\/'><img width=\"150\" height=\"150\" src=\"https:\/\/www.visit-ulcinj.com\/blog\/wp-content\/uploads\/2017\/04\/Kryeministri-Rama-viziton-Ulqinin-Foto-Lajm-22-150x150.jpg\" class=\"attachment-thumbnail size-thumbnail\" alt=\"\" loading=\"lazy\" \/><\/a>\n\t\t\t<\/dt><\/dl><br style=\"clear: both\" \/><dl class='gallery-item'>\n\t\t\t<dt class='gallery-icon landscape'>\n\t\t\t\t<a href='https:\/\/www.visit-ulcinj.com\/blog\/2017\/04\/04\/kryeministri-rama-viziton-ulqinin-fotolajm\/kryeministri-rama-viziton-ulqinin-foto-lajm-23\/'><img width=\"150\" height=\"150\" src=\"https:\/\/www.visit-ulcinj.com\/blog\/wp-content\/uploads\/2017\/04\/Kryeministri-Rama-viziton-Ulqinin-Foto-Lajm-23-150x150.jpg\" class=\"attachment-thumbnail size-thumbnail\" alt=\"\" loading=\"lazy\" \/><\/a>\n\t\t\t<\/dt><\/dl><dl class='gallery-item'>\n\t\t\t<dt class='gallery-icon landscape'>\n\t\t\t\t<a href='https:\/\/www.visit-ulcinj.com\/blog\/2017\/04\/04\/kryeministri-rama-viziton-ulqinin-fotolajm\/kryeministri-rama-viziton-ulqinin-foto-lajm-24\/'><img width=\"150\" height=\"150\" src=\"https:\/\/www.visit-ulcinj.com\/blog\/wp-content\/uploads\/2017\/04\/Kryeministri-Rama-viziton-Ulqinin-Foto-Lajm-24-150x150.jpg\" class=\"attachment-thumbnail size-thumbnail\" alt=\"\" loading=\"lazy\" \/><\/a>\n\t\t\t<\/dt><\/dl><dl class='gallery-item'>\n\t\t\t<dt class='gallery-icon landscape'>\n\t\t\t\t<a href='https:\/\/www.visit-ulcinj.com\/blog\/2017\/04\/04\/kryeministri-rama-viziton-ulqinin-fotolajm\/kryeministri-rama-viziton-ulqinin-foto-lajm-25\/'><img width=\"150\" height=\"150\" src=\"https:\/\/www.visit-ulcinj.com\/blog\/wp-content\/uploads\/2017\/04\/Kryeministri-Rama-viziton-Ulqinin-Foto-Lajm-25-150x150.jpg\" class=\"attachment-thumbnail size-thumbnail\" alt=\"\" loading=\"lazy\" \/><\/a>\n\t\t\t<\/dt><\/dl><br style=\"clear: both\" \/><dl class='gallery-item'>\n\t\t\t<dt class='gallery-icon landscape'>\n\t\t\t\t<a href='https:\/\/www.visit-ulcinj.com\/blog\/2017\/04\/04\/kryeministri-rama-viziton-ulqinin-fotolajm\/kryeministri-rama-viziton-ulqinin-foto-lajm-26\/'><img width=\"150\" height=\"150\" src=\"https:\/\/www.visit-ulcinj.com\/blog\/wp-content\/uploads\/2017\/04\/Kryeministri-Rama-viziton-Ulqinin-Foto-Lajm-26-150x150.jpg\" class=\"attachment-thumbnail size-thumbnail\" alt=\"\" loading=\"lazy\" \/><\/a>\n\t\t\t<\/dt><\/dl><dl class='gallery-item'>\n\t\t\t<dt class='gallery-icon landscape'>\n\t\t\t\t<a href='https:\/\/www.visit-ulcinj.com\/blog\/2017\/04\/04\/kryeministri-rama-viziton-ulqinin-fotolajm\/kryeministri-rama-viziton-ulqinin-foto-lajm-27\/'><img width=\"150\" height=\"150\" src=\"https:\/\/www.visit-ulcinj.com\/blog\/wp-content\/uploads\/2017\/04\/Kryeministri-Rama-viziton-Ulqinin-Foto-Lajm-27-150x150.jpg\" class=\"attachment-thumbnail size-thumbnail\" alt=\"\" loading=\"lazy\" \/><\/a>\n\t\t\t<\/dt><\/dl><dl class='gallery-item'>\n\t\t\t<dt class='gallery-icon landscape'>\n\t\t\t\t<a href='https:\/\/www.visit-ulcinj.com\/blog\/2017\/04\/04\/kryeministri-rama-viziton-ulqinin-fotolajm\/kryeministri-rama-viziton-ulqinin-foto-lajm-28\/'><img width=\"150\" height=\"150\" src=\"https:\/\/www.visit-ulcinj.com\/blog\/wp-content\/uploads\/2017\/04\/Kryeministri-Rama-viziton-Ulqinin-Foto-Lajm-28-150x150.jpg\" class=\"attachment-thumbnail size-thumbnail\" alt=\"\" loading=\"lazy\" \/><\/a>\n\t\t\t<\/dt><\/dl><br style=\"clear: both\" \/>\n\t\t<\/div>\n\n<p>&nbsp;<\/p>\n<div id=\"quote_wrap\"><\/div>\n","protected":false},"excerpt":{"rendered":"<p>Kryeministri Edi Rama qendroji dje p\u00ebr nj\u00eb vizit\u00eb jo zyrtare, me ftes\u00eb t\u00eb kryetarit t\u00eb Ulqinit Nazif Cungu. N\u00eb vijim\u00a0t\u00eb vizit\u00ebs\u00a0s\u00eb tij\u00a0n\u00eb Malin e Zi\u00a0Kryeministri Edi Rama\u00a0\u00ebsht\u00eb ndalur\u00a0n\u00eb Ulqin\u00a0ku \u00ebsht\u00eb takuar\u00a0me p\u00ebrfaq\u00ebsuesit\u00a0shqiptar t\u00eb politik\u00ebs. Takimi u zhvillua n\u00eb or\u00ebn e pasdrek\u00ebs, ku kryeministri Rama gjat\u00eb vizit\u00ebs jo zyrtare n\u00eb Ulqin ka zhvilluar nj\u00eb takim edhe [&hellip;]<\/p>\n","protected":false},"author":1,"featured_media":0,"comment_status":"closed","ping_status":"closed","sticky":false,"template":"","format":"standard","meta":{"spay_email":"","jetpack_publicize_message":"","jetpack_is_tweetstorm":false,"jetpack_publicize_feature_enabled":true},"categories":[1],"tags":[],"jetpack_publicize_connections":[],"yoast_head":"<!-- This site is optimized with the Yoast SEO plugin v19.1 - https:\/\/yoast.com\/wordpress\/plugins\/seo\/ -->\n<title>Kryeministri Rama viziton Ulqinin - Foto\/Lajm - Lajme nga Ulqini<\/title>\n<meta name=\"description\" content=\"Kryeministri Edi Rama qendroji dje p\u00ebr nj\u00eb vizit\u00eb jo zyrtare, me ftes\u00eb t\u00eb kryetarit t\u00eb Ulqinit Nazif Cungu. N\u00eb vijim\u00a0t\u00eb vizit\u00ebs\u00a0s\u00eb tij\u00a0n\u00eb Malin e\" \/>\n<meta name=\"robots\" content=\"index, follow, max-snippet:-1, max-image-preview:large, max-video-preview:-1\" \/>\n<link rel=\"canonical\" href=\"https:\/\/www.visit-ulcinj.com\/blog\/2017\/04\/04\/kryeministri-rama-viziton-ulqinin-fotolajm\/\" \/>\n<meta property=\"og:locale\" content=\"en_US\" \/>\n<meta property=\"og:type\" content=\"article\" \/>\n<meta property=\"og:title\" content=\"Kryeministri Rama viziton Ulqinin - Foto\/Lajm - Lajme nga Ulqini\" \/>\n<meta property=\"og:description\" content=\"Kryeministri Edi Rama qendroji dje p\u00ebr nj\u00eb vizit\u00eb jo zyrtare, me ftes\u00eb t\u00eb kryetarit t\u00eb Ulqinit Nazif Cungu. N\u00eb vijim\u00a0t\u00eb vizit\u00ebs\u00a0s\u00eb tij\u00a0n\u00eb Malin e\" \/>\n<meta property=\"og:url\" content=\"https:\/\/www.visit-ulcinj.com\/blog\/2017\/04\/04\/kryeministri-rama-viziton-ulqinin-fotolajm\/\" \/>\n<meta property=\"og:site_name\" content=\"Lajme nga Ulqini\" \/>\n<meta property=\"article:published_time\" content=\"2017-04-04T11:46:00+00:00\" \/>\n<meta property=\"article:modified_time\" content=\"2017-04-04T13:27:30+00:00\" \/>\n<meta property=\"og:image\" content=\"https:\/\/www.visit-ulcinj.com\/blog\/wp-content\/uploads\/2017\/04\/Kryeministri-Rama-viziton-Ulqinin-Foto-Lajm-1-150x150.jpg\" \/>\n<meta name=\"twitter:label1\" content=\"Written by\" \/>\n\t<meta name=\"twitter:data1\" content=\"ulqini\" \/>\n\t<meta name=\"twitter:label2\" content=\"Est. reading time\" \/>\n\t<meta name=\"twitter:data2\" content=\"1 minute\" \/>\n<script type=\"application\/ld+json\" class=\"yoast-schema-graph\">{\"@context\":\"https:\/\/schema.org\",\"@graph\":[{\"@type\":\"WebSite\",\"@id\":\"https:\/\/www.visit-ulcinj.com\/blog\/#website\",\"url\":\"https:\/\/www.visit-ulcinj.com\/blog\/\",\"name\":\"Lajme nga Ulqini\",\"description\":\"Lajme,Vijesti,Ulqini,Ulqin,Crna Gora,Mali i Zi\",\"potentialAction\":[{\"@type\":\"SearchAction\",\"target\":{\"@type\":\"EntryPoint\",\"urlTemplate\":\"https:\/\/www.visit-ulcinj.com\/blog\/?s={search_term_string}\"},\"query-input\":\"required name=search_term_string\"}],\"inLanguage\":\"en-US\"},{\"@type\":\"ImageObject\",\"inLanguage\":\"en-US\",\"@id\":\"https:\/\/www.visit-ulcinj.com\/blog\/2017\/04\/04\/kryeministri-rama-viziton-ulqinin-fotolajm\/#primaryimage\",\"url\":\"https:\/\/www.visit-ulcinj.com\/blog\/wp-content\/uploads\/2017\/04\/Kryeministri-Rama-viziton-Ulqinin-Foto-Lajm.jpg\",\"contentUrl\":\"https:\/\/www.visit-ulcinj.com\/blog\/wp-content\/uploads\/2017\/04\/Kryeministri-Rama-viziton-Ulqinin-Foto-Lajm.jpg\",\"width\":1080,\"height\":720},{\"@type\":\"WebPage\",\"@id\":\"https:\/\/www.visit-ulcinj.com\/blog\/2017\/04\/04\/kryeministri-rama-viziton-ulqinin-fotolajm\/#webpage\",\"url\":\"https:\/\/www.visit-ulcinj.com\/blog\/2017\/04\/04\/kryeministri-rama-viziton-ulqinin-fotolajm\/\",\"name\":\"Kryeministri Rama viziton Ulqinin - Foto\/Lajm - Lajme nga Ulqini\",\"isPartOf\":{\"@id\":\"https:\/\/www.visit-ulcinj.com\/blog\/#website\"},\"primaryImageOfPage\":{\"@id\":\"https:\/\/www.visit-ulcinj.com\/blog\/2017\/04\/04\/kryeministri-rama-viziton-ulqinin-fotolajm\/#primaryimage\"},\"datePublished\":\"2017-04-04T11:46:00+00:00\",\"dateModified\":\"2017-04-04T13:27:30+00:00\",\"author\":{\"@id\":\"https:\/\/www.visit-ulcinj.com\/blog\/#\/schema\/person\/dcab619c614d3038751c63bc2aadc06d\"},\"description\":\"Kryeministri Edi Rama qendroji dje p\u00ebr nj\u00eb vizit\u00eb jo zyrtare, me ftes\u00eb t\u00eb kryetarit t\u00eb Ulqinit Nazif Cungu. N\u00eb vijim\u00a0t\u00eb vizit\u00ebs\u00a0s\u00eb tij\u00a0n\u00eb Malin e\",\"breadcrumb\":{\"@id\":\"https:\/\/www.visit-ulcinj.com\/blog\/2017\/04\/04\/kryeministri-rama-viziton-ulqinin-fotolajm\/#breadcrumb\"},\"inLanguage\":\"en-US\",\"potentialAction\":[{\"@type\":\"ReadAction\",\"target\":[\"https:\/\/www.visit-ulcinj.com\/blog\/2017\/04\/04\/kryeministri-rama-viziton-ulqinin-fotolajm\/\"]}]},{\"@type\":\"BreadcrumbList\",\"@id\":\"https:\/\/www.visit-ulcinj.com\/blog\/2017\/04\/04\/kryeministri-rama-viziton-ulqinin-fotolajm\/#breadcrumb\",\"itemListElement\":[{\"@type\":\"ListItem\",\"position\":1,\"name\":\"Kryeministri Rama viziton Ulqinin &#8211; Foto\/Lajm\"}]},{\"@type\":\"Person\",\"@id\":\"https:\/\/www.visit-ulcinj.com\/blog\/#\/schema\/person\/dcab619c614d3038751c63bc2aadc06d\",\"name\":\"ulqini\",\"sameAs\":[\"http:\/\/www.visit-ulcinj.com\"],\"url\":\"https:\/\/www.visit-ulcinj.com\/blog\/author\/admin\/\"}]}<\/script>\n<!-- \/ Yoast SEO plugin. -->","yoast_head_json":{"title":"Kryeministri Rama viziton Ulqinin - Foto\/Lajm - Lajme nga Ulqini","description":"Kryeministri Edi Rama qendroji dje p\u00ebr nj\u00eb vizit\u00eb jo zyrtare, me ftes\u00eb t\u00eb kryetarit t\u00eb Ulqinit Nazif Cungu. N\u00eb vijim\u00a0t\u00eb vizit\u00ebs\u00a0s\u00eb tij\u00a0n\u00eb Malin e","robots":{"index":"index","follow":"follow","max-snippet":"max-snippet:-1","max-image-preview":"max-image-preview:large","max-video-preview":"max-video-preview:-1"},"canonical":"https:\/\/www.visit-ulcinj.com\/blog\/2017\/04\/04\/kryeministri-rama-viziton-ulqinin-fotolajm\/","og_locale":"en_US","og_type":"article","og_title":"Kryeministri Rama viziton Ulqinin - Foto\/Lajm - Lajme nga Ulqini","og_description":"Kryeministri Edi Rama qendroji dje p\u00ebr nj\u00eb vizit\u00eb jo zyrtare, me ftes\u00eb t\u00eb kryetarit t\u00eb Ulqinit Nazif Cungu. N\u00eb vijim\u00a0t\u00eb vizit\u00ebs\u00a0s\u00eb tij\u00a0n\u00eb Malin e","og_url":"https:\/\/www.visit-ulcinj.com\/blog\/2017\/04\/04\/kryeministri-rama-viziton-ulqinin-fotolajm\/","og_site_name":"Lajme nga Ulqini","article_published_time":"2017-04-04T11:46:00+00:00","article_modified_time":"2017-04-04T13:27:30+00:00","og_image":[{"url":"https:\/\/www.visit-ulcinj.com\/blog\/wp-content\/uploads\/2017\/04\/Kryeministri-Rama-viziton-Ulqinin-Foto-Lajm-1-150x150.jpg"}],"twitter_misc":{"Written by":"ulqini","Est. reading time":"1 minute"},"schema":{"@context":"https:\/\/schema.org","@graph":[{"@type":"WebSite","@id":"https:\/\/www.visit-ulcinj.com\/blog\/#website","url":"https:\/\/www.visit-ulcinj.com\/blog\/","name":"Lajme nga Ulqini","description":"Lajme,Vijesti,Ulqini,Ulqin,Crna Gora,Mali i Zi","potentialAction":[{"@type":"SearchAction","target":{"@type":"EntryPoint","urlTemplate":"https:\/\/www.visit-ulcinj.com\/blog\/?s={search_term_string}"},"query-input":"required name=search_term_string"}],"inLanguage":"en-US"},{"@type":"ImageObject","inLanguage":"en-US","@id":"https:\/\/www.visit-ulcinj.com\/blog\/2017\/04\/04\/kryeministri-rama-viziton-ulqinin-fotolajm\/#primaryimage","url":"https:\/\/www.visit-ulcinj.com\/blog\/wp-content\/uploads\/2017\/04\/Kryeministri-Rama-viziton-Ulqinin-Foto-Lajm.jpg","contentUrl":"https:\/\/www.visit-ulcinj.com\/blog\/wp-content\/uploads\/2017\/04\/Kryeministri-Rama-viziton-Ulqinin-Foto-Lajm.jpg","width":1080,"height":720},{"@type":"WebPage","@id":"https:\/\/www.visit-ulcinj.com\/blog\/2017\/04\/04\/kryeministri-rama-viziton-ulqinin-fotolajm\/#webpage","url":"https:\/\/www.visit-ulcinj.com\/blog\/2017\/04\/04\/kryeministri-rama-viziton-ulqinin-fotolajm\/","name":"Kryeministri Rama viziton Ulqinin - Foto\/Lajm - Lajme nga Ulqini","isPartOf":{"@id":"https:\/\/www.visit-ulcinj.com\/blog\/#website"},"primaryImageOfPage":{"@id":"https:\/\/www.visit-ulcinj.com\/blog\/2017\/04\/04\/kryeministri-rama-viziton-ulqinin-fotolajm\/#primaryimage"},"datePublished":"2017-04-04T11:46:00+00:00","dateModified":"2017-04-04T13:27:30+00:00","author":{"@id":"https:\/\/www.visit-ulcinj.com\/blog\/#\/schema\/person\/dcab619c614d3038751c63bc2aadc06d"},"description":"Kryeministri Edi Rama qendroji dje p\u00ebr nj\u00eb vizit\u00eb jo zyrtare, me ftes\u00eb t\u00eb kryetarit t\u00eb Ulqinit Nazif Cungu. N\u00eb vijim\u00a0t\u00eb vizit\u00ebs\u00a0s\u00eb tij\u00a0n\u00eb Malin e","breadcrumb":{"@id":"https:\/\/www.visit-ulcinj.com\/blog\/2017\/04\/04\/kryeministri-rama-viziton-ulqinin-fotolajm\/#breadcrumb"},"inLanguage":"en-US","potentialAction":[{"@type":"ReadAction","target":["https:\/\/www.visit-ulcinj.com\/blog\/2017\/04\/04\/kryeministri-rama-viziton-ulqinin-fotolajm\/"]}]},{"@type":"BreadcrumbList","@id":"https:\/\/www.visit-ulcinj.com\/blog\/2017\/04\/04\/kryeministri-rama-viziton-ulqinin-fotolajm\/#breadcrumb","itemListElement":[{"@type":"ListItem","position":1,"name":"Kryeministri Rama viziton Ulqinin &#8211; Foto\/Lajm"}]},{"@type":"Person","@id":"https:\/\/www.visit-ulcinj.com\/blog\/#\/schema\/person\/dcab619c614d3038751c63bc2aadc06d","name":"ulqini","sameAs":["http:\/\/www.visit-ulcinj.com"],"url":"https:\/\/www.visit-ulcinj.com\/blog\/author\/admin\/"}]}},"jetpack_featured_media_url":"","jetpack_sharing_enabled":true,"jetpack_shortlink":"https:\/\/wp.me\/pe6lTn-r5f","_links":{"self":[{"href":"https:\/\/www.visit-ulcinj.com\/blog\/wp-json\/wp\/v2\/posts\/104113"}],"collection":[{"href":"https:\/\/www.visit-ulcinj.com\/blog\/wp-json\/wp\/v2\/posts"}],"about":[{"href":"https:\/\/www.visit-ulcinj.com\/blog\/wp-json\/wp\/v2\/types\/post"}],"author":[{"embeddable":true,"href":"https:\/\/www.visit-ulcinj.com\/blog\/wp-json\/wp\/v2\/users\/1"}],"replies":[{"embeddable":true,"href":"https:\/\/www.visit-ulcinj.com\/blog\/wp-json\/wp\/v2\/comments?post=104113"}],"version-history":[{"count":6,"href":"https:\/\/www.visit-ulcinj.com\/blog\/wp-json\/wp\/v2\/posts\/104113\/revisions"}],"predecessor-version":[{"id":104147,"href":"https:\/\/www.visit-ulcinj.com\/blog\/wp-json\/wp\/v2\/posts\/104113\/revisions\/104147"}],"wp:attachment":[{"href":"https:\/\/www.visit-ulcinj.com\/blog\/wp-json\/wp\/v2\/media?parent=104113"}],"wp:term":[{"taxonomy":"category","embeddable":true,"href":"https:\/\/www.visit-ulcinj.com\/blog\/wp-json\/wp\/v2\/categories?post=104113"},{"taxonomy":"post_tag","embeddable":true,"href":"https:\/\/www.visit-ulcinj.com\/blog\/wp-json\/wp\/v2\/tags?post=104113"}],"curies":[{"name":"wp","href":"https:\/\/api.w.org\/{rel}","templated":true}]}}