{"id":104156,"date":"2017-04-04T15:23:47","date_gmt":"2017-04-04T14:23:47","guid":{"rendered":"http:\/\/www.visit-ulcinj.com\/blog\/?p=104156"},"modified":"2017-04-04T15:23:47","modified_gmt":"2017-04-04T14:23:47","slug":"nazif-cungu-politika-shqiptare-te-ulet-ne-dialog-nje-tirane-te-dobet-edhe-ne-jemi-te-pambrojtur","status":"publish","type":"post","link":"https:\/\/www.visit-ulcinj.com\/blog\/2017\/04\/04\/nazif-cungu-politika-shqiptare-te-ulet-ne-dialog-nje-tirane-te-dobet-edhe-ne-jemi-te-pambrojtur\/","title":{"rendered":"Nazif Cungu: Politika shqiptare t\u00eb ulet n\u00eb dialog, me nj\u00eb Tiran\u00eb t\u00eb dob\u00ebt edhe ne jemi t\u00eb pambrojtur"},"content":{"rendered":"<p><strong><a href=\"http:\/\/www.visit-ulcinj.com\/blog\/wp-content\/uploads\/2017\/04\/Kryeministri-Rama-viziton-Ulqinin-Foto-Lajm-17.jpg\"><img loading=\"lazy\" class=\"alignleft wp-image-104133\" src=\"http:\/\/www.visit-ulcinj.com\/blog\/wp-content\/uploads\/2017\/04\/Kryeministri-Rama-viziton-Ulqinin-Foto-Lajm-17.jpg\" alt=\"Kryeministri Rama viziton Ulqinin - Foto-Lajm-17\" width=\"508\" height=\"339\" srcset=\"https:\/\/www.visit-ulcinj.com\/blog\/wp-content\/uploads\/2017\/04\/Kryeministri-Rama-viziton-Ulqinin-Foto-Lajm-17.jpg 960w, https:\/\/www.visit-ulcinj.com\/blog\/wp-content\/uploads\/2017\/04\/Kryeministri-Rama-viziton-Ulqinin-Foto-Lajm-17-300x200.jpg 300w, https:\/\/www.visit-ulcinj.com\/blog\/wp-content\/uploads\/2017\/04\/Kryeministri-Rama-viziton-Ulqinin-Foto-Lajm-17-768x512.jpg 768w\" sizes=\"(max-width: 508px) 100vw, 508px\" \/><\/a>\u201c<\/strong>Shqiptar\u00ebt jan\u00eb shum\u00eb m\u00eb pak t\u00eb p\u00ebrfaq\u00ebsuar se sa meritojn\u00eb t\u00eb jen\u00eb\u201d, shprehet kryetari i komun\u00ebs n\u00eb Ulqin, Nazif Cungu. N\u00eb nj\u00eb intervist\u00eb dh\u00ebn\u00eb p\u00ebr GSH.al. ai tregon se opozita n\u00eb Mal t\u00eb Zi \u00ebsht\u00eb e dirigjuarnga Moska dhe Beogradi. Kryetar i partis\u00eb Forca e Re Demokratike shpreh se po pengohet ecjen e Malit t\u00eb Zi p\u00ebrpara drejt NATO-s dhe Bashkimit Evropian.<\/p>\n<p>Sipas Cungut, shqiptar\u00ebt luajn\u00eb nj\u00eb rol shum\u00eb konstruktiv dhe jan\u00eb nj\u00eb forc\u00eb q\u00eb shtyn p\u00ebrpara agjend\u00ebn e integrimit Euro-Atlantik. Thirrje p\u00ebr dialog ka b\u00ebr\u00eb edhe p\u00ebr Tiran\u00ebn zyrtare, duke u shprehur me nj\u00eb Tiran\u00eb t\u00eb dob\u00ebt edhe ne shqiptar\u00ebt e Malit t\u00eb Zi jan\u00eb m\u00eb t\u00eb dob\u00ebt e t\u00eb pambrojtur.<\/p>\n<p>&nbsp;<\/p>\n<p><strong>\u00a0<\/strong><strong>Kryetar i Komun\u00ebs s\u00eb Ulqinit, nj\u00ebherazi edhe kryetar i partis\u00eb Forca e Re Demokratike, si i shihni zhvillimet politike n\u00eb Mal t\u00eb Zi?<\/strong><\/p>\n<p>Zhvillimet politike n\u00eb nivel republike i shoh me shum\u00eb shqet\u00ebsim pasi u b\u00ebn\u00eb disa vite q\u00eb kemi nj\u00eb kriz\u00eb politike n\u00eb vend t\u00eb karakterizuara nga q\u00ebndrime t\u00eb ashpra prej opozit\u00ebs. Kishim shpres\u00eb se zgjedhjet do ta shfrynin k\u00ebt\u00eb situat\u00eb t\u00eb tensionuar mir\u00ebpo situate vet\u00ebm sa u tensionua m\u00eb tej. N\u00eb momentin q\u00eb flasim, opozita e ndikuar nga Beogradi dhe Moska, d\u00ebshiron q\u00eb me \u00e7do kusht t\u00eb bllokoj\u00eb integrimin e Malit t\u00eb Zi n\u00eb NATO, bojkoton parlamentin si dhe ka bojkotuar edhe zgjedhjet e parakohshme komunale n\u00eb Nikshiq. Sikurse mund t\u00eb jeni n\u00eb dijeni, shteti ka qen\u00eb af\u00ebr nj\u00eb konflikti t\u00eb mir\u00ebfillt\u00eb civil i cili u evitua n\u00eb moment t\u00eb fundit. B\u00ebhet fjal\u00eb p\u00ebr nj\u00eb pu\u00e7 t\u00eb mir\u00ebfillt\u00eb t\u00eb dirigjuar prej Rusis\u00eb i cili u shmang p\u00ebr shkak t\u00eb pendimit t\u00eb nj\u00ebrit nga komplotist\u00ebt. Sot kemi nj\u00eb proces gjyq\u00ebsor dhe investigime nd\u00ebrkomb\u00ebtare q\u00eb kan\u00eb nxjerr\u00eb n\u00eb pah p\u00ebrfshirjen e njer\u00ebzve t\u00eb siguris\u00eb t\u00eb Rusis\u00eb dhe p\u00ebrfaq\u00ebsues t\u00eb opozit\u00ebs malazeze.N\u00eb t\u00eb gjith\u00eb k\u00ebt\u00eb situat\u00eb, shqiptar\u00ebt padyshim q\u00eb jan\u00eb n\u00eb m\u00ebnyr\u00eb t\u00eb vendosur n\u00eb favor t\u00eb an\u00ebtar\u00ebsimit n\u00eb NATO dhe Bashkimin Evropian. Jan\u00eb duke luajtur nj\u00eb rol shum\u00eb konstruktiv dhe shmangur retorik\u00ebn e gjuh\u00ebs s\u00eb urrejtjes q\u00eb po p\u00ebrpiqet t\u00eb kultivoj\u00eb opozita. Shpresa dhe besimi im \u00ebsht\u00eb q\u00eb me finalizimin e ratifikimit t\u00eb marr\u00ebveshjes s\u00eb an\u00ebtar\u00ebsimit n\u00eb NATO dhe me pjes\u00ebmarrjen e shtetit t\u00eb Malit t\u00eb Zi si an\u00ebtar me t\u00eb drejta t\u00eb plota n\u00eb samitin e NATO-s n\u00eb 25 maj, situata do t\u00eb ndryshoj\u00eb n\u00eb Mal t\u00eb Zi. Forcat q\u00eb po p\u00ebrpiqen ta orientojn\u00eb Malin e Zi drejt Lindjes do t\u00eb ken\u00eb d\u00ebshtuar e nuk do t\u00eb ken\u00eb m\u00eb arsye p\u00ebr t\u00eb vazhduar me qasjen obstruiktive.<\/p>\n<p><strong>Si i vler\u00ebsoni arritjet n\u00eb pun\u00ebn tuaj si kryetar i komun\u00ebs s\u00eb Ulqinit, por edhe si kryetari i partis\u00eb Forca e Re Demokratike?<\/strong><\/p>\n<p><strong>\u00a0<\/strong>Un\u00eb kam k\u00ebnaq\u00ebsin\u00eb t\u00eb them se pavar\u00ebsisht nga rezultati I pak\u00ebnaqsh\u00ebm q\u00eb pat\u00ebn partit\u00eb shqiptare n\u00eb zgjedhjet e fundit parlamentare, ne kemi pasur nj\u00eb konjuktur\u00eb t\u00eb favorshme q\u00eb na ka mund\u00ebsuar t\u00eb shtyjm\u00eb p\u00ebrpara agjend\u00ebn politike shqiptare. Un\u00eb drejtoj subjektin politik shqiptar m\u00eb t\u00eb fuqish\u00ebm n\u00eb Mal t\u00eb Zi dhe pjes\u00ebmarrja n\u00eb koalicionin aktual qeveris\u00ebs na ka mund\u00ebsuar q\u00eb t\u00eb p\u00ebrmbushim disa k\u00ebrkesa t\u00eb r\u00ebnd\u00ebsishme t\u00eb shqiptar\u00ebve t\u00eb k\u00ebtush\u00ebm q\u00eb\u00a0 kan\u00eb qen\u00eb premtime elektorale q\u00eb kur u krijua Forca e Re Demokratike. \u00a0Konkretisht jam krenar p\u00ebr faktin se mazhoranca aktuale ku ne b\u00ebjm\u00eb pjes\u00eb ka miratuar formimin e Komun\u00ebs s\u00eb shum\u00ebpritur t\u00eb Tuzit duke b\u00ebr\u00eb t\u00eb mundur q\u00eb p\u00ebrve\u00e7 Ulqinit, tanim\u00eb t\u00eb kemi edhe nj\u00eb komun\u00eb t\u00eb dyt\u00eb n\u00eb Mal t\u00eb Zi me shumic\u00eb shqiptare. Po ashtu qeveria ka b\u00ebr\u00eb t\u00eb mundur p\u00ebrdorimin e gjuh\u00ebs dhe simboleve shqiptare kudo ku ata jetojn\u00eb \u00e7\u2019ka na mund\u00ebson t\u00eb p\u00ebrdorim me dinjitet gjuh\u00ebn, simbolet dhe traditat tona. N\u00eb kuad\u00ebr t\u00eb Komun\u00ebs s\u00eb Ulqinit, s\u00eb fundmi Qeveria ka miratuar edhe Planin Hap\u00ebsinor t\u00eb komun\u00ebs duke i hapur rrug\u00ebn investimeve serioze n\u00eb nd\u00ebrtimin e nj\u00eb infrastrukture modern hotelerike p\u00ebr turizmin. Pjes\u00eb e k\u00ebtij plani \u00ebsht\u00eb edhe nj\u00eb lidhje e re me Shqip\u00ebrin\u00eb n\u00ebp\u00ebrmjet Bun\u00ebs mes fshat\u00ebrave Shas-Pulaj e cila do t\u00eb integronte ofert\u00ebn ton\u00eb turistike me at\u00eb t\u00eb Velipoj\u00ebs. Ky plan hap\u00ebsinor gjithashtu ka p\u00ebrfshir\u00eb k\u00ebrkesat tona p\u00ebr mbrojtjen e ullisht\u00ebs dhe kripores s\u00eb Ulqinit t\u00eb cilat jan\u00eb pasur e madhe e qytetar\u00ebve tan\u00eb.<\/p>\n<p><strong>Sa t\u00eb p\u00ebrfaq\u00ebsuar jan\u00eb shqiptar\u00ebt n\u00eb Mal t\u00eb Zi?<\/strong><\/p>\n<p>Shqiptar\u00ebt jan\u00eb shum\u00eb m\u00eb pak t\u00eb p\u00ebrfaq\u00ebsuar se sa meritojn\u00eb t\u00eb jen\u00eb, ne jemi 7% e popullsis\u00eb dhe kemi vet\u00ebm nj\u00eb deputet ose 1.5% t\u00eb parlamentit. Kjo gj\u00eb ka ndodhur p\u00ebr tre arsye kryesore. S\u00eb pari ndryshimi i ligjit zgjedhor q\u00eb u b\u00eb para disa vitesh, d\u00ebmtoi pik\u00ebrisht pakic\u00ebn shqiptare sepse hoqi pes\u00eb mandatet e rezervuara p\u00ebr popullin ton\u00eb. S\u00eb dyti problem kryesor \u00ebsht\u00eb p\u00ebr\u00e7arja dhe ne kemi b\u00ebr\u00eb thirrje para zgjedhjeve q\u00eb Tirana e Prishtina t\u00eb na ndihmonte n\u00eb unifikimin e trupit elektoral shqiptar. Si pasoj\u00eb e fragmentimit ne kemi kaluar nga 3\u00a0 deputet q\u00eb kishim n\u00eb vitin 2010 n\u00eb vet\u00ebm 1 n\u00eb k\u00ebto t\u00eb fundit. S\u00eb treti ka pasur nj\u00eb largim t\u00eb votuesve shqiptar\u00eb prej partive politike shqiptare si pasoj\u00eb e zhg\u00ebnjimit. P\u00ebr shum\u00eb vite me radh\u00eb votuesit na e kan\u00eb dh\u00ebn\u00eb vot\u00ebn mir\u00ebpo ne nuk ia kemi dal\u00eb q\u00eb t\u00eb \u00e7ojm\u00eb p\u00ebrpara k\u00ebrkesat e shqiptar\u00ebve t\u00eb Malit t\u00eb Zi sepse kemi qen\u00eb shum\u00eb t\u00eb vegj\u00ebl e t\u00eb pakt\u00eb p\u00ebr t\u00eb b\u00ebr\u00eb presion. Mir\u00ebpo un\u00eb jam besimplot\u00eb se arritjet tona t\u00eb periudh\u00ebs s\u00eb fundit, pra realizimet e shum\u00eb nga premtimet tona elektorale, do ia rikthejn\u00eb gradualisht besimin votuesit shqiptar tek partit\u00eb shqiptare.<\/p>\n<p><strong>Si e vler\u00ebsoni kriz\u00ebn politike n\u00eb Maqedoni, sa larg nj\u00eb ng\u00ebr\u00e7i t\u00eb till\u00eb politik\u00eb \u00ebsht\u00eb Mal i Zi?<\/strong><\/p>\n<p>Situata n\u00eb Maqedoni \u00ebsht\u00eb e ngjashme p\u00ebr sa i p\u00ebrket faktit t\u00eb ekzistenc\u00ebs s\u00eb nj\u00eb krize apo tension politik si dhe p\u00ebr sa i p\u00ebrket shenjave t\u00eb qarta t\u00eb nd\u00ebrhyrjes ruse n\u00eb politik\u00ebn e brendshme, mir\u00ebpo shkaqet e kriz\u00ebs jan\u00eb krejt t\u00eb ndryshme. Ng\u00ebr\u00e7i politik n\u00eb Maqedoni lidhet me p\u00ebrpjekjet e nj\u00eb elite politike q\u00eb ka kapur shteti p\u00ebr t\u00eb q\u00ebndruar me \u00e7do kusht n\u00eb pushtet nd\u00ebrsa n\u00eb Mal t\u00eb Zi b\u00ebhet fjal\u00eb p\u00ebr nj\u00eb opozit\u00eb e dirigjuar dhe instrumentalizuar prej Mosk\u00ebs dhe Beogradit p\u00ebr t\u00eb penguar ecjen e Malit t\u00eb Zi p\u00ebrpara drejt NATO-s dhe Bashkimit Evropian. N\u00eb t\u00eb dy rastet mund t\u00eb themi me goj\u00ebn plot\u00eb q\u00eb shqiptar\u00ebt po luajn\u00eb nj\u00eb rol shum\u00eb konstruktiv dhe jan\u00eb nj\u00eb forc\u00eb q\u00eb shtyn p\u00ebrpara agjend\u00ebn e integrimit Euro-Atlantik.<\/p>\n<p><strong>Po bojkotin e opozit\u00ebs n\u00eb Tiran\u00eb, si e keni par\u00eb?<\/strong><\/p>\n<p>Pa dyshim q\u00eb ne shqiptar\u00ebt e Malit t\u00eb Zi e besoj t\u00eb gjith\u00eb shqiptar\u00ebt kudo q\u00eb ndodhen jasht\u00eb Republik\u00ebs s\u00eb Shqip\u00ebris\u00eb, kemi keqardhje t\u00eb madhe sa her\u00eb q\u00eb politika n\u00eb Tiran\u00eb tensionohet apo konfliktohet. Kjo gj\u00eb jo vet\u00ebm q\u00eb na prek emocionalisht, por me nj\u00eb Tiran\u00eb t\u00eb dob\u00ebt edhe ne jemi m\u00eb t\u00eb dob\u00ebt e t\u00eb pambrojtur. Un\u00eb do preferoja mos t\u00eb deklarohesha lidhur me motivet, shkaqet apo synimet q\u00eb kan\u00eb \u00e7uar n\u00eb bojkotin e opozit\u00ebs n\u00eb Tiran\u00eb pasi nuk e shoh me vend q\u00eb si drejtues i partis\u00eb kryesore shqiptare t\u00eb Malit t\u00eb Zi t\u00eb marr an\u00eb n\u00eb politik\u00ebn e brendshme t\u00eb Shqip\u00ebris\u00eb. Megjithat\u00eb un\u00eb shpresoj shum\u00eb q\u00eb t\u00eb dy pal\u00ebt t\u00eb heqin dor\u00eb nga retorika e ashp\u00ebr dhe t\u00eb hyjn\u00eb sa m\u00eb shpejt n\u00eb tryeza bisedimesh p\u00ebr t\u00eb gjetur nj\u00eb marr\u00ebveshje q\u00eb i jep fund nj\u00ebher\u00eb e mir\u00eb kriz\u00ebs politike dhe i hap rrug\u00ebn zgjedhjeve t\u00eb lira e t\u00eb ndershme.<\/p>\n<p><strong>\u00c7far\u00eb reformash keni nd\u00ebrmarr\u00eb n\u00eb Ulqin, duke qen\u00eb se jemi dhe n\u00eb prag t\u00eb \u00e7eljes s\u00eb sezonit turistik\u00eb?<\/strong><\/p>\n<p>Koalicioni aktual qeveris\u00ebs n\u00eb Ulqin ka rreth nj\u00eb vit q\u00eb \u00ebsht\u00eb n\u00eb pushtet dhe kur kemi ardhur e kemi gjetur buxhetin e komun\u00ebs n\u00eb nj\u00eb gjendje shum\u00eb t\u00eb v\u00ebshtir\u00eb si pasoj\u00eb e keqmenaxhimit t\u00eb m\u00ebparsh\u00ebm dhe akumilimit t\u00eb nj\u00eb niveli t\u00eb lart\u00eb borxhesh. Mir\u00ebpo ne nuk u dekurajuam nga gjendja dhe gradualisht ia dol\u00ebm gjat\u00eb k\u00ebtij viti q\u00eb t\u00eb shlyejm\u00eb detyrimet e prapambetura dhe t\u00eb konsolidojm\u00eb gradualisht financat e komun\u00ebs. Gjat\u00eb k\u00ebsaj kohe kemi b\u00ebr\u00eb investime t\u00eb konsiderueshme n\u00eb infrastruktur\u00ebn e turizmit duke nisur kanalizimin n\u00eb kat\u00ebr lagje t\u00eb qytetit si dhe nd\u00ebrtuar kanalin e Bratic\u00ebs q\u00eb sjell nj\u00eb ndryshim thelb\u00ebsor n\u00eb cil\u00ebsin\u00eb e mjedisit t\u00eb qytetit. Po ashtu jan\u00eb b\u00ebr\u00eb investime dometh\u00ebn\u00ebse n\u00ebp\u00ebr rrug\u00eb, trotuar\u00eb, ndri\u00e7im, gjelb\u00ebrim dhe infrastruktur\u00eb sh\u00ebrbimesh q\u00eb do t\u00eb jen\u00eb gati p\u00ebr fillimin e sezonit turistik veror. Un\u00eb jam i sigurt\u00eb q\u00eb pushuesit kan\u00eb p\u00ebr t\u00eb gjetur nj\u00eb ambient shum\u00eb m\u00eb dinjitoz e mikprit\u00ebs se m\u00eb par\u00eb n\u00eb Ulqin prandaj p\u00ebrfitoj nga rasti i k\u00ebsaj interviste p\u00ebr t\u00eb ftuar t\u00eb gjith\u00eb bashk\u00ebkombasit tan\u00eb q\u00eb t\u00eb vijn\u00eb e t\u00eb na vizitojn\u00eb gjat\u00eb k\u00ebsaj vere. I siguroj q\u00eb nuk do t\u00eb zhg\u00ebnjehen.<\/p>\n<p><strong>Gazeta Shqiptare<\/strong><\/p>\n","protected":false},"excerpt":{"rendered":"<p>\u201cShqiptar\u00ebt jan\u00eb shum\u00eb m\u00eb pak t\u00eb p\u00ebrfaq\u00ebsuar se sa meritojn\u00eb t\u00eb jen\u00eb\u201d, shprehet kryetari i komun\u00ebs n\u00eb Ulqin, Nazif Cungu. N\u00eb nj\u00eb intervist\u00eb dh\u00ebn\u00eb p\u00ebr GSH.al. ai tregon se opozita n\u00eb Mal t\u00eb Zi \u00ebsht\u00eb e dirigjuarnga Moska dhe Beogradi. Kryetar i partis\u00eb Forca e Re Demokratike shpreh se po pengohet ecjen e Malit t\u00eb [&hellip;]<\/p>\n","protected":false},"author":1,"featured_media":0,"comment_status":"closed","ping_status":"closed","sticky":false,"template":"","format":"standard","meta":{"spay_email":"","jetpack_publicize_message":"","jetpack_is_tweetstorm":false,"jetpack_publicize_feature_enabled":true},"categories":[13],"tags":[],"jetpack_publicize_connections":[],"yoast_head":"<!-- This site is optimized with the Yoast SEO plugin v19.1 - https:\/\/yoast.com\/wordpress\/plugins\/seo\/ -->\n<title>Nazif Cungu: Politika shqiptare t\u00eb ulet n\u00eb dialog, me nj\u00eb Tiran\u00eb t\u00eb dob\u00ebt edhe ne jemi t\u00eb pambrojtur - Lajme nga Ulqini<\/title>\n<meta name=\"description\" content=\"\u201cShqiptar\u00ebt jan\u00eb shum\u00eb m\u00eb pak t\u00eb p\u00ebrfaq\u00ebsuar se sa meritojn\u00eb t\u00eb jen\u00eb\u201d, shprehet kryetari i komun\u00ebs n\u00eb Ulqin, Nazif Cungu. N\u00eb nj\u00eb intervist\u00eb dh\u00ebn\u00eb p\u00ebr\" \/>\n<meta name=\"robots\" content=\"index, follow, max-snippet:-1, max-image-preview:large, max-video-preview:-1\" \/>\n<link rel=\"canonical\" href=\"https:\/\/www.visit-ulcinj.com\/blog\/2017\/04\/04\/nazif-cungu-politika-shqiptare-te-ulet-ne-dialog-nje-tirane-te-dobet-edhe-ne-jemi-te-pambrojtur\/\" \/>\n<meta property=\"og:locale\" content=\"en_US\" \/>\n<meta property=\"og:type\" content=\"article\" \/>\n<meta property=\"og:title\" content=\"Nazif Cungu: Politika shqiptare t\u00eb ulet n\u00eb dialog, me nj\u00eb Tiran\u00eb t\u00eb dob\u00ebt edhe ne jemi t\u00eb pambrojtur - Lajme nga Ulqini\" \/>\n<meta property=\"og:description\" content=\"\u201cShqiptar\u00ebt jan\u00eb shum\u00eb m\u00eb pak t\u00eb p\u00ebrfaq\u00ebsuar se sa meritojn\u00eb t\u00eb jen\u00eb\u201d, shprehet kryetari i komun\u00ebs n\u00eb Ulqin, Nazif Cungu. N\u00eb nj\u00eb intervist\u00eb dh\u00ebn\u00eb p\u00ebr\" \/>\n<meta property=\"og:url\" content=\"https:\/\/www.visit-ulcinj.com\/blog\/2017\/04\/04\/nazif-cungu-politika-shqiptare-te-ulet-ne-dialog-nje-tirane-te-dobet-edhe-ne-jemi-te-pambrojtur\/\" \/>\n<meta property=\"og:site_name\" content=\"Lajme nga Ulqini\" \/>\n<meta property=\"article:published_time\" content=\"2017-04-04T14:23:47+00:00\" \/>\n<meta property=\"og:image\" content=\"http:\/\/www.visit-ulcinj.com\/blog\/wp-content\/uploads\/2017\/04\/Kryeministri-Rama-viziton-Ulqinin-Foto-Lajm-17.jpg\" \/>\n<meta name=\"twitter:label1\" content=\"Written by\" \/>\n\t<meta name=\"twitter:data1\" content=\"ulqini\" \/>\n\t<meta name=\"twitter:label2\" content=\"Est. reading time\" \/>\n\t<meta name=\"twitter:data2\" content=\"8 minutes\" \/>\n<script type=\"application\/ld+json\" class=\"yoast-schema-graph\">{\"@context\":\"https:\/\/schema.org\",\"@graph\":[{\"@type\":\"WebSite\",\"@id\":\"https:\/\/www.visit-ulcinj.com\/blog\/#website\",\"url\":\"https:\/\/www.visit-ulcinj.com\/blog\/\",\"name\":\"Lajme nga Ulqini\",\"description\":\"Lajme,Vijesti,Ulqini,Ulqin,Crna Gora,Mali i Zi\",\"potentialAction\":[{\"@type\":\"SearchAction\",\"target\":{\"@type\":\"EntryPoint\",\"urlTemplate\":\"https:\/\/www.visit-ulcinj.com\/blog\/?s={search_term_string}\"},\"query-input\":\"required name=search_term_string\"}],\"inLanguage\":\"en-US\"},{\"@type\":\"ImageObject\",\"inLanguage\":\"en-US\",\"@id\":\"https:\/\/www.visit-ulcinj.com\/blog\/2017\/04\/04\/nazif-cungu-politika-shqiptare-te-ulet-ne-dialog-nje-tirane-te-dobet-edhe-ne-jemi-te-pambrojtur\/#primaryimage\",\"url\":\"https:\/\/www.visit-ulcinj.com\/blog\/wp-content\/uploads\/2017\/04\/Kryeministri-Rama-viziton-Ulqinin-Foto-Lajm-17.jpg\",\"contentUrl\":\"https:\/\/www.visit-ulcinj.com\/blog\/wp-content\/uploads\/2017\/04\/Kryeministri-Rama-viziton-Ulqinin-Foto-Lajm-17.jpg\",\"width\":960,\"height\":640},{\"@type\":\"WebPage\",\"@id\":\"https:\/\/www.visit-ulcinj.com\/blog\/2017\/04\/04\/nazif-cungu-politika-shqiptare-te-ulet-ne-dialog-nje-tirane-te-dobet-edhe-ne-jemi-te-pambrojtur\/#webpage\",\"url\":\"https:\/\/www.visit-ulcinj.com\/blog\/2017\/04\/04\/nazif-cungu-politika-shqiptare-te-ulet-ne-dialog-nje-tirane-te-dobet-edhe-ne-jemi-te-pambrojtur\/\",\"name\":\"Nazif Cungu: Politika shqiptare t\u00eb ulet n\u00eb dialog, me nj\u00eb Tiran\u00eb t\u00eb dob\u00ebt edhe ne jemi t\u00eb pambrojtur - Lajme nga Ulqini\",\"isPartOf\":{\"@id\":\"https:\/\/www.visit-ulcinj.com\/blog\/#website\"},\"primaryImageOfPage\":{\"@id\":\"https:\/\/www.visit-ulcinj.com\/blog\/2017\/04\/04\/nazif-cungu-politika-shqiptare-te-ulet-ne-dialog-nje-tirane-te-dobet-edhe-ne-jemi-te-pambrojtur\/#primaryimage\"},\"datePublished\":\"2017-04-04T14:23:47+00:00\",\"dateModified\":\"2017-04-04T14:23:47+00:00\",\"author\":{\"@id\":\"https:\/\/www.visit-ulcinj.com\/blog\/#\/schema\/person\/dcab619c614d3038751c63bc2aadc06d\"},\"description\":\"\u201cShqiptar\u00ebt jan\u00eb shum\u00eb m\u00eb pak t\u00eb p\u00ebrfaq\u00ebsuar se sa meritojn\u00eb t\u00eb jen\u00eb\u201d, shprehet kryetari i komun\u00ebs n\u00eb Ulqin, Nazif Cungu. N\u00eb nj\u00eb intervist\u00eb dh\u00ebn\u00eb p\u00ebr\",\"breadcrumb\":{\"@id\":\"https:\/\/www.visit-ulcinj.com\/blog\/2017\/04\/04\/nazif-cungu-politika-shqiptare-te-ulet-ne-dialog-nje-tirane-te-dobet-edhe-ne-jemi-te-pambrojtur\/#breadcrumb\"},\"inLanguage\":\"en-US\",\"potentialAction\":[{\"@type\":\"ReadAction\",\"target\":[\"https:\/\/www.visit-ulcinj.com\/blog\/2017\/04\/04\/nazif-cungu-politika-shqiptare-te-ulet-ne-dialog-nje-tirane-te-dobet-edhe-ne-jemi-te-pambrojtur\/\"]}]},{\"@type\":\"BreadcrumbList\",\"@id\":\"https:\/\/www.visit-ulcinj.com\/blog\/2017\/04\/04\/nazif-cungu-politika-shqiptare-te-ulet-ne-dialog-nje-tirane-te-dobet-edhe-ne-jemi-te-pambrojtur\/#breadcrumb\",\"itemListElement\":[{\"@type\":\"ListItem\",\"position\":1,\"name\":\"Nazif Cungu: Politika shqiptare t\u00eb ulet n\u00eb dialog, me nj\u00eb Tiran\u00eb t\u00eb dob\u00ebt edhe ne jemi t\u00eb pambrojtur\"}]},{\"@type\":\"Person\",\"@id\":\"https:\/\/www.visit-ulcinj.com\/blog\/#\/schema\/person\/dcab619c614d3038751c63bc2aadc06d\",\"name\":\"ulqini\",\"sameAs\":[\"http:\/\/www.visit-ulcinj.com\"],\"url\":\"https:\/\/www.visit-ulcinj.com\/blog\/author\/admin\/\"}]}<\/script>\n<!-- \/ Yoast SEO plugin. -->","yoast_head_json":{"title":"Nazif Cungu: Politika shqiptare t\u00eb ulet n\u00eb dialog, me nj\u00eb Tiran\u00eb t\u00eb dob\u00ebt edhe ne jemi t\u00eb pambrojtur - Lajme nga Ulqini","description":"\u201cShqiptar\u00ebt jan\u00eb shum\u00eb m\u00eb pak t\u00eb p\u00ebrfaq\u00ebsuar se sa meritojn\u00eb t\u00eb jen\u00eb\u201d, shprehet kryetari i komun\u00ebs n\u00eb Ulqin, Nazif Cungu. N\u00eb nj\u00eb intervist\u00eb dh\u00ebn\u00eb p\u00ebr","robots":{"index":"index","follow":"follow","max-snippet":"max-snippet:-1","max-image-preview":"max-image-preview:large","max-video-preview":"max-video-preview:-1"},"canonical":"https:\/\/www.visit-ulcinj.com\/blog\/2017\/04\/04\/nazif-cungu-politika-shqiptare-te-ulet-ne-dialog-nje-tirane-te-dobet-edhe-ne-jemi-te-pambrojtur\/","og_locale":"en_US","og_type":"article","og_title":"Nazif Cungu: Politika shqiptare t\u00eb ulet n\u00eb dialog, me nj\u00eb Tiran\u00eb t\u00eb dob\u00ebt edhe ne jemi t\u00eb pambrojtur - Lajme nga Ulqini","og_description":"\u201cShqiptar\u00ebt jan\u00eb shum\u00eb m\u00eb pak t\u00eb p\u00ebrfaq\u00ebsuar se sa meritojn\u00eb t\u00eb jen\u00eb\u201d, shprehet kryetari i komun\u00ebs n\u00eb Ulqin, Nazif Cungu. N\u00eb nj\u00eb intervist\u00eb dh\u00ebn\u00eb p\u00ebr","og_url":"https:\/\/www.visit-ulcinj.com\/blog\/2017\/04\/04\/nazif-cungu-politika-shqiptare-te-ulet-ne-dialog-nje-tirane-te-dobet-edhe-ne-jemi-te-pambrojtur\/","og_site_name":"Lajme nga Ulqini","article_published_time":"2017-04-04T14:23:47+00:00","og_image":[{"url":"http:\/\/www.visit-ulcinj.com\/blog\/wp-content\/uploads\/2017\/04\/Kryeministri-Rama-viziton-Ulqinin-Foto-Lajm-17.jpg"}],"twitter_misc":{"Written by":"ulqini","Est. reading time":"8 minutes"},"schema":{"@context":"https:\/\/schema.org","@graph":[{"@type":"WebSite","@id":"https:\/\/www.visit-ulcinj.com\/blog\/#website","url":"https:\/\/www.visit-ulcinj.com\/blog\/","name":"Lajme nga Ulqini","description":"Lajme,Vijesti,Ulqini,Ulqin,Crna Gora,Mali i Zi","potentialAction":[{"@type":"SearchAction","target":{"@type":"EntryPoint","urlTemplate":"https:\/\/www.visit-ulcinj.com\/blog\/?s={search_term_string}"},"query-input":"required name=search_term_string"}],"inLanguage":"en-US"},{"@type":"ImageObject","inLanguage":"en-US","@id":"https:\/\/www.visit-ulcinj.com\/blog\/2017\/04\/04\/nazif-cungu-politika-shqiptare-te-ulet-ne-dialog-nje-tirane-te-dobet-edhe-ne-jemi-te-pambrojtur\/#primaryimage","url":"https:\/\/www.visit-ulcinj.com\/blog\/wp-content\/uploads\/2017\/04\/Kryeministri-Rama-viziton-Ulqinin-Foto-Lajm-17.jpg","contentUrl":"https:\/\/www.visit-ulcinj.com\/blog\/wp-content\/uploads\/2017\/04\/Kryeministri-Rama-viziton-Ulqinin-Foto-Lajm-17.jpg","width":960,"height":640},{"@type":"WebPage","@id":"https:\/\/www.visit-ulcinj.com\/blog\/2017\/04\/04\/nazif-cungu-politika-shqiptare-te-ulet-ne-dialog-nje-tirane-te-dobet-edhe-ne-jemi-te-pambrojtur\/#webpage","url":"https:\/\/www.visit-ulcinj.com\/blog\/2017\/04\/04\/nazif-cungu-politika-shqiptare-te-ulet-ne-dialog-nje-tirane-te-dobet-edhe-ne-jemi-te-pambrojtur\/","name":"Nazif Cungu: Politika shqiptare t\u00eb ulet n\u00eb dialog, me nj\u00eb Tiran\u00eb t\u00eb dob\u00ebt edhe ne jemi t\u00eb pambrojtur - Lajme nga Ulqini","isPartOf":{"@id":"https:\/\/www.visit-ulcinj.com\/blog\/#website"},"primaryImageOfPage":{"@id":"https:\/\/www.visit-ulcinj.com\/blog\/2017\/04\/04\/nazif-cungu-politika-shqiptare-te-ulet-ne-dialog-nje-tirane-te-dobet-edhe-ne-jemi-te-pambrojtur\/#primaryimage"},"datePublished":"2017-04-04T14:23:47+00:00","dateModified":"2017-04-04T14:23:47+00:00","author":{"@id":"https:\/\/www.visit-ulcinj.com\/blog\/#\/schema\/person\/dcab619c614d3038751c63bc2aadc06d"},"description":"\u201cShqiptar\u00ebt jan\u00eb shum\u00eb m\u00eb pak t\u00eb p\u00ebrfaq\u00ebsuar se sa meritojn\u00eb t\u00eb jen\u00eb\u201d, shprehet kryetari i komun\u00ebs n\u00eb Ulqin, Nazif Cungu. N\u00eb nj\u00eb intervist\u00eb dh\u00ebn\u00eb p\u00ebr","breadcrumb":{"@id":"https:\/\/www.visit-ulcinj.com\/blog\/2017\/04\/04\/nazif-cungu-politika-shqiptare-te-ulet-ne-dialog-nje-tirane-te-dobet-edhe-ne-jemi-te-pambrojtur\/#breadcrumb"},"inLanguage":"en-US","potentialAction":[{"@type":"ReadAction","target":["https:\/\/www.visit-ulcinj.com\/blog\/2017\/04\/04\/nazif-cungu-politika-shqiptare-te-ulet-ne-dialog-nje-tirane-te-dobet-edhe-ne-jemi-te-pambrojtur\/"]}]},{"@type":"BreadcrumbList","@id":"https:\/\/www.visit-ulcinj.com\/blog\/2017\/04\/04\/nazif-cungu-politika-shqiptare-te-ulet-ne-dialog-nje-tirane-te-dobet-edhe-ne-jemi-te-pambrojtur\/#breadcrumb","itemListElement":[{"@type":"ListItem","position":1,"name":"Nazif Cungu: Politika shqiptare t\u00eb ulet n\u00eb dialog, me nj\u00eb Tiran\u00eb t\u00eb dob\u00ebt edhe ne jemi t\u00eb pambrojtur"}]},{"@type":"Person","@id":"https:\/\/www.visit-ulcinj.com\/blog\/#\/schema\/person\/dcab619c614d3038751c63bc2aadc06d","name":"ulqini","sameAs":["http:\/\/www.visit-ulcinj.com"],"url":"https:\/\/www.visit-ulcinj.com\/blog\/author\/admin\/"}]}},"jetpack_featured_media_url":"","jetpack_sharing_enabled":true,"jetpack_shortlink":"https:\/\/wp.me\/pe6lTn-r5W","_links":{"self":[{"href":"https:\/\/www.visit-ulcinj.com\/blog\/wp-json\/wp\/v2\/posts\/104156"}],"collection":[{"href":"https:\/\/www.visit-ulcinj.com\/blog\/wp-json\/wp\/v2\/posts"}],"about":[{"href":"https:\/\/www.visit-ulcinj.com\/blog\/wp-json\/wp\/v2\/types\/post"}],"author":[{"embeddable":true,"href":"https:\/\/www.visit-ulcinj.com\/blog\/wp-json\/wp\/v2\/users\/1"}],"replies":[{"embeddable":true,"href":"https:\/\/www.visit-ulcinj.com\/blog\/wp-json\/wp\/v2\/comments?post=104156"}],"version-history":[{"count":1,"href":"https:\/\/www.visit-ulcinj.com\/blog\/wp-json\/wp\/v2\/posts\/104156\/revisions"}],"predecessor-version":[{"id":104157,"href":"https:\/\/www.visit-ulcinj.com\/blog\/wp-json\/wp\/v2\/posts\/104156\/revisions\/104157"}],"wp:attachment":[{"href":"https:\/\/www.visit-ulcinj.com\/blog\/wp-json\/wp\/v2\/media?parent=104156"}],"wp:term":[{"taxonomy":"category","embeddable":true,"href":"https:\/\/www.visit-ulcinj.com\/blog\/wp-json\/wp\/v2\/categories?post=104156"},{"taxonomy":"post_tag","embeddable":true,"href":"https:\/\/www.visit-ulcinj.com\/blog\/wp-json\/wp\/v2\/tags?post=104156"}],"curies":[{"name":"wp","href":"https:\/\/api.w.org\/{rel}","templated":true}]}}