{"id":104158,"date":"2017-04-04T17:11:23","date_gmt":"2017-04-04T16:11:23","guid":{"rendered":"http:\/\/www.visit-ulcinj.com\/blog\/?p=104158"},"modified":"2017-04-04T17:11:23","modified_gmt":"2017-04-04T16:11:23","slug":"rusia-po-zhvillon-lufte-speciale-kunder-malit-te-zi","status":"publish","type":"post","link":"https:\/\/www.visit-ulcinj.com\/blog\/2017\/04\/04\/rusia-po-zhvillon-lufte-speciale-kunder-malit-te-zi\/","title":{"rendered":"Rusia po zhvillon luft\u00eb speciale kund\u00ebr Malit t\u00eb Zi"},"content":{"rendered":"<p><a href=\"http:\/\/www.visit-ulcinj.com\/blog\/wp-content\/uploads\/2017\/04\/Podgorica-Mali-i-Zi.jpg\"><img loading=\"lazy\" class=\"alignleft wp-image-104160\" src=\"http:\/\/www.visit-ulcinj.com\/blog\/wp-content\/uploads\/2017\/04\/Podgorica-Mali-i-Zi.jpg\" alt=\"Podgorica-Mali i Zi\" width=\"508\" height=\"339\" srcset=\"https:\/\/www.visit-ulcinj.com\/blog\/wp-content\/uploads\/2017\/04\/Podgorica-Mali-i-Zi.jpg 999w, https:\/\/www.visit-ulcinj.com\/blog\/wp-content\/uploads\/2017\/04\/Podgorica-Mali-i-Zi-300x200.jpg 300w, https:\/\/www.visit-ulcinj.com\/blog\/wp-content\/uploads\/2017\/04\/Podgorica-Mali-i-Zi-768x512.jpg 768w\" sizes=\"(max-width: 508px) 100vw, 508px\" \/><\/a>Ndikimi rus\u00eb n\u00eb shtetin prej rreth\u00eb 644 mij\u00eb e 578 banor\u00ebve \u00ebsht\u00eb i madh. Edhe pse nj\u00eb vend i vog\u00ebl, por bregdetar me nje sip\u00ebrfaqe prej 13 mij\u00eb e 812 kilometrash vazhdon t\u00eb mbetet \u00a0k\u00ebndsh\u00ebm p\u00ebr rus\u00ebt.<\/p>\n<p>Ka koh\u00eb q\u00eb kjo hap\u00ebsir\u00eb ishte n\u00ebn ndikimin sllav\u00eb, konkretisht at\u00eb rus\u00eb dhe vendi shkonte drejt lindjes.<\/p>\n<p>\u00cbsht\u00eb fjala p\u00ebr Malin e Zi, i cili q\u00eb nga viti 2000 e k\u00ebndej kishte nisur t\u00eb b\u00ebhej vend t\u00ebrheq\u00ebs dhe josh\u00ebs p\u00ebr rus\u00ebt, ku dita dit\u00ebs rritej prezenca dhe ndikimi rus\u00eb dhe at\u00eb n\u00eb forma t\u00eb ndryshme. Rus\u00ebt n\u00eb Malin e Zi kan\u00eb b\u00ebr\u00eb investime n\u00eb l\u00ebmi t\u00eb ndryshme, ku sipas shifrave jo zyrtare aty jan\u00eb rreth\u00eb tridhjet\u00eb mij\u00eb rus\u00eb t\u00eb vendosur e t\u00eb cil\u00ebt ushtrojn\u00eb veprimtari t\u00eb ndryshme\u2026.<\/p>\n<p>Ndikimi i madh rus\u00eb n\u00eb k\u00ebt\u00eb shtet forcohej dita dit\u00ebs dhe shtrinte rr\u00ebnj\u00eb edhe m\u00eb shum\u00eb, por si duket gj\u00ebrat nisen t\u00eb ndryshojn\u00eb\u00a0 nga lindja drejt per\u00ebndimit.<\/p>\n<p>Me shpalljen e pavar\u00ebsis\u00eb s\u00eb Malit t\u00eb Zi, me 21 maj t\u00eb vitit m\u00eb 2006 dhe me marrjen e udh\u00ebheqjes s\u00eb institucioneve nga partit\u00eb pro per\u00ebndimore, gj\u00ebrat nis\u00ebn t\u00eb ndryshojn\u00eb.\u00a0 Institucionet e shtetit i dhan\u00eb vet\u00ebs prioritet an\u00ebta\u00ebrsimin e k\u00ebtij vendi n\u00eb NATO \u00a0dhe n\u00eb t\u00eb gjitha mekanizmat nd\u00ebkromb\u00ebtare e t\u00eb cilin e kan\u00eb mb\u00ebshtetur 53 p\u00ebr qind\u00eb e banor\u00ebve.<\/p>\n<p>Qytetar\u00ebt dhe institucionet vendosen q\u00eb shteti i tyre nga lindja ti kthehen per\u00ebndimit. Me k\u00ebt\u00eb iu dha edhe nj\u00eb shuplak\u00eb fuqizimit rus\u00eb n\u00eb k\u00ebt\u00eb vend dhe k\u00ebshtu nisi r\u00ebnia e dal\u00ebngadalshme \u00a0e ndikimit apo prezenc\u00ebs ruse atje.<\/p>\n<p>Derisa Mali i Zi arritinte drejt\u00eb an\u00ebtar\u00ebsimit n\u00eb NATO, nisen t\u00eb shfaqen telashet.<\/p>\n<p>Me 16 tetor t\u00eb vitit t\u00eb kaluar, ishte organizuar nj\u00eb komplot apo grusht shtet, p\u00ebr t\u00eb rr\u00ebzuar qeverin\u00eb pro-per\u00ebndimore t\u00eb vendit dhe p\u00ebr t\u00eb ndaluar k\u00ebshtu an\u00ebtar\u00ebsimin n\u00eb aleanc\u00ebn e Atlantikut.<\/p>\n<p>Pra vendi ishte p\u00ebrfshir\u00eb n\u00eb ngjarjet konspirative n\u00eb prag t\u00eb zgjedhjeve parlamentare, ku policia malazeze arrestoi 20 shtetas serb\u00eb t\u00eb akuzuar p\u00ebr p\u00ebrgatitje t\u00eb sulmeve t\u00eb armatosura ndaj institucioneve shtet\u00ebrore n\u00eb vend. Grupi i organizuar, i cili ishte formuar n\u00eb territorin e Serbis\u00eb, Rusis\u00eb dhe Malit t\u00eb Zi kishte p\u00ebr q\u00ebllim vrasjen e kryeministrit t\u00eb at\u00ebhersh\u00ebm Gjukanovi\u00e7 dhe marrjen e parlamentit nga ana e nj\u00eb partie opozitare proserbe n\u00eb Mal t\u00eb Zi.<\/p>\n<p>Tashm\u00eb pas ndodhive t\u00eb ndryshme, ka nisur nj\u00eb luft\u00eb sepciale e rus\u00ebve ndaj Malit t\u00eb Zi, duke k\u00ebrkuar nga rus\u00ebt e t\u00eb tjer\u00ebt q\u00eb t\u00eb mos frekuentohet ky vend p\u00ebr shkak se aty ka mina, s\u00ebmundje e gj\u00ebra tjera.<\/p>\n<p>Aleksander Dedovi\u00e7, drejtor ekzekutiv i organizat\u00ebs joqeveritare Alfa nga Mali i Zi, tha p\u00ebr portalin \u201cToskanapress.info\u201d se ndikimi rus\u00eb n\u00eb vendin e tij nuk \u00ebsht\u00eb vet\u00ebm nga viti 2000 e k\u00ebndej, por ai ndikim daton q\u00eb nga koha e Krajl Nikoll\u00ebs<\/p>\n<p>Ai tregon se ndikimi rus\u00eb q\u00eb nga viti 2000 e k\u00ebndej kishte nisur shtrirje e zgjerimi n\u00eb Malin e Zi me investime t\u00eb m\u00ebdha, ku n\u00eb Budva rreth\u00eb 80 p\u00ebr qind e mbishkrimeve jan\u00eb n\u00eb gjuh\u00ebn ruse. Blerjet e patundshm\u00ebrive n\u00eb vendin ton\u00eb ishin t\u00eb shumta, por t\u00eb cilat nisen t\u00eb zvog\u00eblohen\u00a0 pas shpalljes s\u00eb pavar\u00ebsis\u00eb s\u00eb Malit t\u00eb Zi m\u00eb 2006 dhe nisjes s\u00eb procesit t\u00eb an\u00ebtar\u00ebsimit n\u00eb NATO.<\/p>\n<p>N\u00eb nd\u00ebrkoh\u00eb ka pasur tentativa p\u00ebr ndodhi t\u00eb ndryshme t\u00eb orkestruara nga Rusia, ku edhe me 16 tetor t\u00eb vitit 2016 ndodhi nj\u00eb ngjarje ku policia arrestoi nj\u00eb grup\u00eb q\u00eb tentoi t\u00eb b\u00ebj\u00eb grusht shtet n\u00eb Malin e Zi. K\u00ebto jan\u00eb shenja t\u00eb destabilizimit t\u00eb vendit ton\u00eb dhe n\u00eb baz\u00eb t\u00eb provave tregohet se kjo \u00ebhst\u00eb b\u00ebr\u00eb nga ndikimet e jashtme konkretisht nga Rusia.<\/p>\n<p>\u201cRusia nuk ka ndonj\u00eb emocion p\u00ebr Malin e Zi, pos interesave t\u00eb tjera. Rusia po b\u00ebn\u00eb orkestrime sipas hetuesis\u00eb dhe t\u00eb cilat mesazhe p\u00ebrcillen n\u00eb shtetet fqinje e t\u00eb cil\u00ebt po b\u00ebjn\u00eb probleme\u201d, tha Dedovi\u00e7 p\u00ebr \u201cToskanapress.info\u201d,<\/p>\n<p>Sipas tij Rusia d\u00ebshiron t\u00eb ket\u00eb qasje n\u00eb detra, sidomos n\u00eb at\u00eb t\u00eb adriatikut dhe an\u00ebtar\u00ebsimi i Malit t\u00eb Zi n\u00eb NATO ua shuan shpresat p\u00ebrjet\u00ebsisht rus\u00ebve.<\/p>\n<p>Predrag Milasevi\u00e7, jurist nga Mali i Zi, tha se p\u00ebr \u201cToskanapress.info\u201d se opozita n\u00eb Malin e Zi, ka koh\u00eb q\u00eb \u00ebsht\u00eb e ndikuar nga Rusia dhe konkretisht\u00a0 nga 2006 financohet nga struktura t\u00eb ndryshme ruse e serbe p\u00ebr destabilizimin e Malit t\u00eb Zi, si\u00e7 edhe u provua t\u00eb shkaktohet gjak\u00eb derdhje me 16 tetor t\u00eb vitit paraprak nga sh\u00ebrbimnet ruso-serbe.<\/p>\n<p>Ai tregon se n\u00eb shtetin malazias jetojn\u00eb rreth\u00eb tridhjet\u00eb mij\u00eb rus\u00eb, ku kan\u00eb b\u00ebr\u00eb investime t\u00eb m\u00ebdha n\u00eb fusha t\u00eb ndryshme sidomos n\u00eb patundshm\u00ebri.<\/p>\n<p>\u201cRusia tashm\u00eb po b\u00ebn\u00eb luft\u00eb speciale kund\u00ebr Malit t\u00eb Zi, duke spekuluar n\u00eb gj\u00ebra t\u00eb rreme. Propoganda ruse shkon aq larg saq\u00eb k\u00ebkrojn\u00eb nga qytetar\u00ebt e tyre e t\u00eb tjer\u00eb q\u00eb t\u00eb mos e vizitojn\u00eb Malin e Zi, sepse kinse ka mina, s\u00ebmundje vekdje prur\u00ebse e gj\u00ebra t\u00eb ndryshme\u201d, tha p\u00ebr \u201cToskanapress.info\u201d Predrag Milasevi\u00e7.<\/p>\n<p>Ai tregoi se n\u00eb Malin e Zi, rus\u00ebt dhe ukrainsat i kan\u00eb pasur mysafir\u00ebt primar e t\u00eb cil\u00ebt mund t\u00eb ken\u00eb m\u00eb k\u00ebt\u00eb epitet e mik\u00ebpritjen q\u00eb kan\u00eb pasur.<\/p>\n<p>P\u00ebr fat t\u00eb mir\u00eb fundi \u00ebsht\u00eb af\u00ebr\u00a0 dhe deri n\u00eb qershor vendi jon\u00eb do t\u00eb an\u00ebtar\u00ebsohet n\u00eb NATO dhe n\u00eb shtetin ton\u00eb do ket\u00eb sundim t\u00eb ligjit edhe m\u00eb shum\u00eb se deri tash, ku do t\u00eb arrestohen t\u00eb gjith\u00eb kriminel\u00ebt.<\/p>\n<p><strong>Toskanapress.info<\/strong><\/p>\n","protected":false},"excerpt":{"rendered":"<p>Ndikimi rus\u00eb n\u00eb shtetin prej rreth\u00eb 644 mij\u00eb e 578 banor\u00ebve \u00ebsht\u00eb i madh. Edhe pse nj\u00eb vend i vog\u00ebl, por bregdetar me nje sip\u00ebrfaqe prej 13 mij\u00eb e 812 kilometrash vazhdon t\u00eb mbetet \u00a0k\u00ebndsh\u00ebm p\u00ebr rus\u00ebt. Ka koh\u00eb q\u00eb kjo hap\u00ebsir\u00eb ishte n\u00ebn ndikimin sllav\u00eb, konkretisht at\u00eb rus\u00eb dhe vendi shkonte drejt lindjes. \u00cbsht\u00eb [&hellip;]<\/p>\n","protected":false},"author":1,"featured_media":0,"comment_status":"closed","ping_status":"closed","sticky":false,"template":"","format":"standard","meta":{"spay_email":"","jetpack_publicize_message":"","jetpack_is_tweetstorm":false,"jetpack_publicize_feature_enabled":true},"categories":[12],"tags":[],"jetpack_publicize_connections":[],"yoast_head":"<!-- This site is optimized with the Yoast SEO plugin v19.1 - https:\/\/yoast.com\/wordpress\/plugins\/seo\/ -->\n<title>Rusia po zhvillon luft\u00eb speciale kund\u00ebr Malit t\u00eb Zi - Lajme nga Ulqini<\/title>\n<meta name=\"description\" content=\"Ndikimi rus\u00eb n\u00eb shtetin prej rreth\u00eb 644 mij\u00eb e 578 banor\u00ebve \u00ebsht\u00eb i madh. Edhe pse nj\u00eb vend i vog\u00ebl, por bregdetar me nje sip\u00ebrfaqe prej 13 mij\u00eb e 812\" \/>\n<meta name=\"robots\" content=\"index, follow, max-snippet:-1, max-image-preview:large, max-video-preview:-1\" \/>\n<link rel=\"canonical\" href=\"https:\/\/www.visit-ulcinj.com\/blog\/2017\/04\/04\/rusia-po-zhvillon-lufte-speciale-kunder-malit-te-zi\/\" \/>\n<meta property=\"og:locale\" content=\"en_US\" \/>\n<meta property=\"og:type\" content=\"article\" \/>\n<meta property=\"og:title\" content=\"Rusia po zhvillon luft\u00eb speciale kund\u00ebr Malit t\u00eb Zi - Lajme nga Ulqini\" \/>\n<meta property=\"og:description\" content=\"Ndikimi rus\u00eb n\u00eb shtetin prej rreth\u00eb 644 mij\u00eb e 578 banor\u00ebve \u00ebsht\u00eb i madh. Edhe pse nj\u00eb vend i vog\u00ebl, por bregdetar me nje sip\u00ebrfaqe prej 13 mij\u00eb e 812\" \/>\n<meta property=\"og:url\" content=\"https:\/\/www.visit-ulcinj.com\/blog\/2017\/04\/04\/rusia-po-zhvillon-lufte-speciale-kunder-malit-te-zi\/\" \/>\n<meta property=\"og:site_name\" content=\"Lajme nga Ulqini\" \/>\n<meta property=\"article:published_time\" content=\"2017-04-04T16:11:23+00:00\" \/>\n<meta property=\"og:image\" content=\"http:\/\/www.visit-ulcinj.com\/blog\/wp-content\/uploads\/2017\/04\/Podgorica-Mali-i-Zi.jpg\" \/>\n<meta name=\"twitter:label1\" content=\"Written by\" \/>\n\t<meta name=\"twitter:data1\" content=\"ulqini\" \/>\n\t<meta name=\"twitter:label2\" content=\"Est. reading time\" \/>\n\t<meta name=\"twitter:data2\" content=\"5 minutes\" \/>\n<script type=\"application\/ld+json\" class=\"yoast-schema-graph\">{\"@context\":\"https:\/\/schema.org\",\"@graph\":[{\"@type\":\"WebSite\",\"@id\":\"https:\/\/www.visit-ulcinj.com\/blog\/#website\",\"url\":\"https:\/\/www.visit-ulcinj.com\/blog\/\",\"name\":\"Lajme nga Ulqini\",\"description\":\"Lajme,Vijesti,Ulqini,Ulqin,Crna Gora,Mali i Zi\",\"potentialAction\":[{\"@type\":\"SearchAction\",\"target\":{\"@type\":\"EntryPoint\",\"urlTemplate\":\"https:\/\/www.visit-ulcinj.com\/blog\/?s={search_term_string}\"},\"query-input\":\"required name=search_term_string\"}],\"inLanguage\":\"en-US\"},{\"@type\":\"ImageObject\",\"inLanguage\":\"en-US\",\"@id\":\"https:\/\/www.visit-ulcinj.com\/blog\/2017\/04\/04\/rusia-po-zhvillon-lufte-speciale-kunder-malit-te-zi\/#primaryimage\",\"url\":\"https:\/\/www.visit-ulcinj.com\/blog\/wp-content\/uploads\/2017\/04\/Podgorica-Mali-i-Zi.jpg\",\"contentUrl\":\"https:\/\/www.visit-ulcinj.com\/blog\/wp-content\/uploads\/2017\/04\/Podgorica-Mali-i-Zi.jpg\",\"width\":999,\"height\":666},{\"@type\":\"WebPage\",\"@id\":\"https:\/\/www.visit-ulcinj.com\/blog\/2017\/04\/04\/rusia-po-zhvillon-lufte-speciale-kunder-malit-te-zi\/#webpage\",\"url\":\"https:\/\/www.visit-ulcinj.com\/blog\/2017\/04\/04\/rusia-po-zhvillon-lufte-speciale-kunder-malit-te-zi\/\",\"name\":\"Rusia po zhvillon luft\u00eb speciale kund\u00ebr Malit t\u00eb Zi - Lajme nga Ulqini\",\"isPartOf\":{\"@id\":\"https:\/\/www.visit-ulcinj.com\/blog\/#website\"},\"primaryImageOfPage\":{\"@id\":\"https:\/\/www.visit-ulcinj.com\/blog\/2017\/04\/04\/rusia-po-zhvillon-lufte-speciale-kunder-malit-te-zi\/#primaryimage\"},\"datePublished\":\"2017-04-04T16:11:23+00:00\",\"dateModified\":\"2017-04-04T16:11:23+00:00\",\"author\":{\"@id\":\"https:\/\/www.visit-ulcinj.com\/blog\/#\/schema\/person\/dcab619c614d3038751c63bc2aadc06d\"},\"description\":\"Ndikimi rus\u00eb n\u00eb shtetin prej rreth\u00eb 644 mij\u00eb e 578 banor\u00ebve \u00ebsht\u00eb i madh. Edhe pse nj\u00eb vend i vog\u00ebl, por bregdetar me nje sip\u00ebrfaqe prej 13 mij\u00eb e 812\",\"breadcrumb\":{\"@id\":\"https:\/\/www.visit-ulcinj.com\/blog\/2017\/04\/04\/rusia-po-zhvillon-lufte-speciale-kunder-malit-te-zi\/#breadcrumb\"},\"inLanguage\":\"en-US\",\"potentialAction\":[{\"@type\":\"ReadAction\",\"target\":[\"https:\/\/www.visit-ulcinj.com\/blog\/2017\/04\/04\/rusia-po-zhvillon-lufte-speciale-kunder-malit-te-zi\/\"]}]},{\"@type\":\"BreadcrumbList\",\"@id\":\"https:\/\/www.visit-ulcinj.com\/blog\/2017\/04\/04\/rusia-po-zhvillon-lufte-speciale-kunder-malit-te-zi\/#breadcrumb\",\"itemListElement\":[{\"@type\":\"ListItem\",\"position\":1,\"name\":\"Rusia po zhvillon luft\u00eb speciale kund\u00ebr Malit t\u00eb Zi\"}]},{\"@type\":\"Person\",\"@id\":\"https:\/\/www.visit-ulcinj.com\/blog\/#\/schema\/person\/dcab619c614d3038751c63bc2aadc06d\",\"name\":\"ulqini\",\"sameAs\":[\"http:\/\/www.visit-ulcinj.com\"],\"url\":\"https:\/\/www.visit-ulcinj.com\/blog\/author\/admin\/\"}]}<\/script>\n<!-- \/ Yoast SEO plugin. -->","yoast_head_json":{"title":"Rusia po zhvillon luft\u00eb speciale kund\u00ebr Malit t\u00eb Zi - Lajme nga Ulqini","description":"Ndikimi rus\u00eb n\u00eb shtetin prej rreth\u00eb 644 mij\u00eb e 578 banor\u00ebve \u00ebsht\u00eb i madh. Edhe pse nj\u00eb vend i vog\u00ebl, por bregdetar me nje sip\u00ebrfaqe prej 13 mij\u00eb e 812","robots":{"index":"index","follow":"follow","max-snippet":"max-snippet:-1","max-image-preview":"max-image-preview:large","max-video-preview":"max-video-preview:-1"},"canonical":"https:\/\/www.visit-ulcinj.com\/blog\/2017\/04\/04\/rusia-po-zhvillon-lufte-speciale-kunder-malit-te-zi\/","og_locale":"en_US","og_type":"article","og_title":"Rusia po zhvillon luft\u00eb speciale kund\u00ebr Malit t\u00eb Zi - Lajme nga Ulqini","og_description":"Ndikimi rus\u00eb n\u00eb shtetin prej rreth\u00eb 644 mij\u00eb e 578 banor\u00ebve \u00ebsht\u00eb i madh. Edhe pse nj\u00eb vend i vog\u00ebl, por bregdetar me nje sip\u00ebrfaqe prej 13 mij\u00eb e 812","og_url":"https:\/\/www.visit-ulcinj.com\/blog\/2017\/04\/04\/rusia-po-zhvillon-lufte-speciale-kunder-malit-te-zi\/","og_site_name":"Lajme nga Ulqini","article_published_time":"2017-04-04T16:11:23+00:00","og_image":[{"url":"http:\/\/www.visit-ulcinj.com\/blog\/wp-content\/uploads\/2017\/04\/Podgorica-Mali-i-Zi.jpg"}],"twitter_misc":{"Written by":"ulqini","Est. reading time":"5 minutes"},"schema":{"@context":"https:\/\/schema.org","@graph":[{"@type":"WebSite","@id":"https:\/\/www.visit-ulcinj.com\/blog\/#website","url":"https:\/\/www.visit-ulcinj.com\/blog\/","name":"Lajme nga Ulqini","description":"Lajme,Vijesti,Ulqini,Ulqin,Crna Gora,Mali i Zi","potentialAction":[{"@type":"SearchAction","target":{"@type":"EntryPoint","urlTemplate":"https:\/\/www.visit-ulcinj.com\/blog\/?s={search_term_string}"},"query-input":"required name=search_term_string"}],"inLanguage":"en-US"},{"@type":"ImageObject","inLanguage":"en-US","@id":"https:\/\/www.visit-ulcinj.com\/blog\/2017\/04\/04\/rusia-po-zhvillon-lufte-speciale-kunder-malit-te-zi\/#primaryimage","url":"https:\/\/www.visit-ulcinj.com\/blog\/wp-content\/uploads\/2017\/04\/Podgorica-Mali-i-Zi.jpg","contentUrl":"https:\/\/www.visit-ulcinj.com\/blog\/wp-content\/uploads\/2017\/04\/Podgorica-Mali-i-Zi.jpg","width":999,"height":666},{"@type":"WebPage","@id":"https:\/\/www.visit-ulcinj.com\/blog\/2017\/04\/04\/rusia-po-zhvillon-lufte-speciale-kunder-malit-te-zi\/#webpage","url":"https:\/\/www.visit-ulcinj.com\/blog\/2017\/04\/04\/rusia-po-zhvillon-lufte-speciale-kunder-malit-te-zi\/","name":"Rusia po zhvillon luft\u00eb speciale kund\u00ebr Malit t\u00eb Zi - Lajme nga Ulqini","isPartOf":{"@id":"https:\/\/www.visit-ulcinj.com\/blog\/#website"},"primaryImageOfPage":{"@id":"https:\/\/www.visit-ulcinj.com\/blog\/2017\/04\/04\/rusia-po-zhvillon-lufte-speciale-kunder-malit-te-zi\/#primaryimage"},"datePublished":"2017-04-04T16:11:23+00:00","dateModified":"2017-04-04T16:11:23+00:00","author":{"@id":"https:\/\/www.visit-ulcinj.com\/blog\/#\/schema\/person\/dcab619c614d3038751c63bc2aadc06d"},"description":"Ndikimi rus\u00eb n\u00eb shtetin prej rreth\u00eb 644 mij\u00eb e 578 banor\u00ebve \u00ebsht\u00eb i madh. Edhe pse nj\u00eb vend i vog\u00ebl, por bregdetar me nje sip\u00ebrfaqe prej 13 mij\u00eb e 812","breadcrumb":{"@id":"https:\/\/www.visit-ulcinj.com\/blog\/2017\/04\/04\/rusia-po-zhvillon-lufte-speciale-kunder-malit-te-zi\/#breadcrumb"},"inLanguage":"en-US","potentialAction":[{"@type":"ReadAction","target":["https:\/\/www.visit-ulcinj.com\/blog\/2017\/04\/04\/rusia-po-zhvillon-lufte-speciale-kunder-malit-te-zi\/"]}]},{"@type":"BreadcrumbList","@id":"https:\/\/www.visit-ulcinj.com\/blog\/2017\/04\/04\/rusia-po-zhvillon-lufte-speciale-kunder-malit-te-zi\/#breadcrumb","itemListElement":[{"@type":"ListItem","position":1,"name":"Rusia po zhvillon luft\u00eb speciale kund\u00ebr Malit t\u00eb Zi"}]},{"@type":"Person","@id":"https:\/\/www.visit-ulcinj.com\/blog\/#\/schema\/person\/dcab619c614d3038751c63bc2aadc06d","name":"ulqini","sameAs":["http:\/\/www.visit-ulcinj.com"],"url":"https:\/\/www.visit-ulcinj.com\/blog\/author\/admin\/"}]}},"jetpack_featured_media_url":"","jetpack_sharing_enabled":true,"jetpack_shortlink":"https:\/\/wp.me\/pe6lTn-r5Y","_links":{"self":[{"href":"https:\/\/www.visit-ulcinj.com\/blog\/wp-json\/wp\/v2\/posts\/104158"}],"collection":[{"href":"https:\/\/www.visit-ulcinj.com\/blog\/wp-json\/wp\/v2\/posts"}],"about":[{"href":"https:\/\/www.visit-ulcinj.com\/blog\/wp-json\/wp\/v2\/types\/post"}],"author":[{"embeddable":true,"href":"https:\/\/www.visit-ulcinj.com\/blog\/wp-json\/wp\/v2\/users\/1"}],"replies":[{"embeddable":true,"href":"https:\/\/www.visit-ulcinj.com\/blog\/wp-json\/wp\/v2\/comments?post=104158"}],"version-history":[{"count":1,"href":"https:\/\/www.visit-ulcinj.com\/blog\/wp-json\/wp\/v2\/posts\/104158\/revisions"}],"predecessor-version":[{"id":104161,"href":"https:\/\/www.visit-ulcinj.com\/blog\/wp-json\/wp\/v2\/posts\/104158\/revisions\/104161"}],"wp:attachment":[{"href":"https:\/\/www.visit-ulcinj.com\/blog\/wp-json\/wp\/v2\/media?parent=104158"}],"wp:term":[{"taxonomy":"category","embeddable":true,"href":"https:\/\/www.visit-ulcinj.com\/blog\/wp-json\/wp\/v2\/categories?post=104158"},{"taxonomy":"post_tag","embeddable":true,"href":"https:\/\/www.visit-ulcinj.com\/blog\/wp-json\/wp\/v2\/tags?post=104158"}],"curies":[{"name":"wp","href":"https:\/\/api.w.org\/{rel}","templated":true}]}}