{"id":104167,"date":"2017-04-04T22:42:27","date_gmt":"2017-04-04T21:42:27","guid":{"rendered":"http:\/\/www.visit-ulcinj.com\/blog\/?p=104167"},"modified":"2017-04-04T22:42:27","modified_gmt":"2017-04-04T21:42:27","slug":"banka-gjermane-kfw-viziton-komunen-e-ulqinit","status":"publish","type":"post","link":"https:\/\/www.visit-ulcinj.com\/blog\/2017\/04\/04\/banka-gjermane-kfw-viziton-komunen-e-ulqinit\/","title":{"rendered":"Banka Gjermane KfW viziton Komun\u00ebn e Ulqinit"},"content":{"rendered":"<p><strong><a href=\"http:\/\/www.visit-ulcinj.com\/blog\/wp-content\/uploads\/2017\/04\/Banka-Gjermane-KfW-viziton-Komun\u00ebn-e-Ulqinit.jpg\"><img loading=\"lazy\" class=\"alignleft wp-image-104168\" src=\"http:\/\/www.visit-ulcinj.com\/blog\/wp-content\/uploads\/2017\/04\/Banka-Gjermane-KfW-viziton-Komun\u00ebn-e-Ulqinit.jpg\" alt=\"Banka Gjermane KfW viziton Komun\u00ebn e Ulqinit\" width=\"508\" height=\"381\" srcset=\"https:\/\/www.visit-ulcinj.com\/blog\/wp-content\/uploads\/2017\/04\/Banka-Gjermane-KfW-viziton-Komun\u00ebn-e-Ulqinit.jpg 823w, https:\/\/www.visit-ulcinj.com\/blog\/wp-content\/uploads\/2017\/04\/Banka-Gjermane-KfW-viziton-Komun\u00ebn-e-Ulqinit-300x225.jpg 300w, https:\/\/www.visit-ulcinj.com\/blog\/wp-content\/uploads\/2017\/04\/Banka-Gjermane-KfW-viziton-Komun\u00ebn-e-Ulqinit-768x576.jpg 768w\" sizes=\"(max-width: 508px) 100vw, 508px\" \/><\/a>Kryetari I Komun\u00ebs Nazif Cungu me bashk\u00ebpun\u00ebtor\u00eb priti sot p\u00ebrfaq\u00ebsuesit e Bankes Gjermane p\u00ebr Zhvillim (KfW) dhe konsultantit Vodacom n\u00eb lidhje me projektin p\u00ebr uj\u00ebsjell\u00ebs dhe kanalizim.<\/strong><\/p>\n<p>N\u00eb takim u diskutua mbi mbar\u00ebvajtjen e projektit, sfidat, detyrimet, projektet dhe n\u00eb p\u00ebrgjith\u00ebsi mbi aktivitetet t\u00eb cilat ShPK Uj\u00ebsjell\u00ebsi dhe Kanalizimi po realizon n\u00eb kuad\u00ebr t\u00eb p\u00ebrgaditjes p\u00ebr investimin kryesor n\u00eb infrastruktur\u00eb. Ky lloj investimi i cili pritet te filloj\u00eb t\u00eb realizohet deri ne fund t\u00eb k\u00ebtij viti kalendarik parasheh q\u00eb Komuna e ulqinit do ta rekonstruoje rrjetin aktual dhe do t\u00eb nd\u00ebrtoj\u00eb pjes\u00eb t\u00eb reja t\u00eb rrjetit t\u00eb uj\u00ebsjell\u00ebsit dhe kanalizimit. P\u00ebrve\u00e7 t\u00eb tjerave, projekti parasheh nj\u00eb reform\u00eb n\u00eb sistemin e funksionimit t\u00eb ShPK Uj\u00ebsjell\u00ebsi dhe Kanalizimi e cila do sh\u00ebrbej\u00eb q\u00eb kjo kompani t\u00eb vendoset n\u00eb k\u00ebmb\u00eb t\u00eb sh\u00ebndosha finasiare dhe t\u00eb jet\u00eb stabile dhe n\u00eb sh\u00ebrbim t\u00eb qytetar\u00ebve dhe turist\u00ebve.<\/p>\n","protected":false},"excerpt":{"rendered":"<p>Kryetari I Komun\u00ebs Nazif Cungu me bashk\u00ebpun\u00ebtor\u00eb priti sot p\u00ebrfaq\u00ebsuesit e Bankes Gjermane p\u00ebr Zhvillim (KfW) dhe konsultantit Vodacom n\u00eb lidhje me projektin p\u00ebr uj\u00ebsjell\u00ebs dhe kanalizim. N\u00eb takim u diskutua mbi mbar\u00ebvajtjen e projektit, sfidat, detyrimet, projektet dhe n\u00eb p\u00ebrgjith\u00ebsi mbi aktivitetet t\u00eb cilat ShPK Uj\u00ebsjell\u00ebsi dhe Kanalizimi po realizon n\u00eb kuad\u00ebr t\u00eb p\u00ebrgaditjes [&hellip;]<\/p>\n","protected":false},"author":1,"featured_media":0,"comment_status":"closed","ping_status":"closed","sticky":false,"template":"","format":"standard","meta":{"spay_email":"","jetpack_publicize_message":"","jetpack_is_tweetstorm":false,"jetpack_publicize_feature_enabled":true},"categories":[10],"tags":[],"jetpack_publicize_connections":[],"yoast_head":"<!-- This site is optimized with the Yoast SEO plugin v19.1 - https:\/\/yoast.com\/wordpress\/plugins\/seo\/ -->\n<title>Banka Gjermane KfW viziton Komun\u00ebn e Ulqinit - Lajme nga Ulqini<\/title>\n<meta name=\"description\" content=\"Kryetari I Komun\u00ebs Nazif Cungu me bashk\u00ebpun\u00ebtor\u00eb priti sot p\u00ebrfaq\u00ebsuesit e Bankes Gjermane p\u00ebr Zhvillim (KfW) dhe konsultantit Vodacom n\u00eb lidhje me\" \/>\n<meta name=\"robots\" content=\"index, follow, max-snippet:-1, max-image-preview:large, max-video-preview:-1\" \/>\n<link rel=\"canonical\" href=\"https:\/\/www.visit-ulcinj.com\/blog\/2017\/04\/04\/banka-gjermane-kfw-viziton-komunen-e-ulqinit\/\" \/>\n<meta property=\"og:locale\" content=\"en_US\" \/>\n<meta property=\"og:type\" content=\"article\" \/>\n<meta property=\"og:title\" content=\"Banka Gjermane KfW viziton Komun\u00ebn e Ulqinit - Lajme nga Ulqini\" \/>\n<meta property=\"og:description\" content=\"Kryetari I Komun\u00ebs Nazif Cungu me bashk\u00ebpun\u00ebtor\u00eb priti sot p\u00ebrfaq\u00ebsuesit e Bankes Gjermane p\u00ebr Zhvillim (KfW) dhe konsultantit Vodacom n\u00eb lidhje me\" \/>\n<meta property=\"og:url\" content=\"https:\/\/www.visit-ulcinj.com\/blog\/2017\/04\/04\/banka-gjermane-kfw-viziton-komunen-e-ulqinit\/\" \/>\n<meta property=\"og:site_name\" content=\"Lajme nga Ulqini\" \/>\n<meta property=\"article:published_time\" content=\"2017-04-04T21:42:27+00:00\" \/>\n<meta name=\"twitter:label1\" content=\"Written by\" \/>\n\t<meta name=\"twitter:data1\" content=\"ulqini\" \/>\n\t<meta name=\"twitter:label2\" content=\"Est. reading time\" \/>\n\t<meta name=\"twitter:data2\" content=\"1 minute\" \/>\n<script type=\"application\/ld+json\" class=\"yoast-schema-graph\">{\"@context\":\"https:\/\/schema.org\",\"@graph\":[{\"@type\":\"WebSite\",\"@id\":\"https:\/\/www.visit-ulcinj.com\/blog\/#website\",\"url\":\"https:\/\/www.visit-ulcinj.com\/blog\/\",\"name\":\"Lajme nga Ulqini\",\"description\":\"Lajme,Vijesti,Ulqini,Ulqin,Crna Gora,Mali i Zi\",\"potentialAction\":[{\"@type\":\"SearchAction\",\"target\":{\"@type\":\"EntryPoint\",\"urlTemplate\":\"https:\/\/www.visit-ulcinj.com\/blog\/?s={search_term_string}\"},\"query-input\":\"required name=search_term_string\"}],\"inLanguage\":\"en-US\"},{\"@type\":\"WebPage\",\"@id\":\"https:\/\/www.visit-ulcinj.com\/blog\/2017\/04\/04\/banka-gjermane-kfw-viziton-komunen-e-ulqinit\/#webpage\",\"url\":\"https:\/\/www.visit-ulcinj.com\/blog\/2017\/04\/04\/banka-gjermane-kfw-viziton-komunen-e-ulqinit\/\",\"name\":\"Banka Gjermane KfW viziton Komun\u00ebn e Ulqinit - Lajme nga Ulqini\",\"isPartOf\":{\"@id\":\"https:\/\/www.visit-ulcinj.com\/blog\/#website\"},\"datePublished\":\"2017-04-04T21:42:27+00:00\",\"dateModified\":\"2017-04-04T21:42:27+00:00\",\"author\":{\"@id\":\"https:\/\/www.visit-ulcinj.com\/blog\/#\/schema\/person\/dcab619c614d3038751c63bc2aadc06d\"},\"description\":\"Kryetari I Komun\u00ebs Nazif Cungu me bashk\u00ebpun\u00ebtor\u00eb priti sot p\u00ebrfaq\u00ebsuesit e Bankes Gjermane p\u00ebr Zhvillim (KfW) dhe konsultantit Vodacom n\u00eb lidhje me\",\"breadcrumb\":{\"@id\":\"https:\/\/www.visit-ulcinj.com\/blog\/2017\/04\/04\/banka-gjermane-kfw-viziton-komunen-e-ulqinit\/#breadcrumb\"},\"inLanguage\":\"en-US\",\"potentialAction\":[{\"@type\":\"ReadAction\",\"target\":[\"https:\/\/www.visit-ulcinj.com\/blog\/2017\/04\/04\/banka-gjermane-kfw-viziton-komunen-e-ulqinit\/\"]}]},{\"@type\":\"BreadcrumbList\",\"@id\":\"https:\/\/www.visit-ulcinj.com\/blog\/2017\/04\/04\/banka-gjermane-kfw-viziton-komunen-e-ulqinit\/#breadcrumb\",\"itemListElement\":[{\"@type\":\"ListItem\",\"position\":1,\"name\":\"Banka Gjermane KfW viziton Komun\u00ebn e Ulqinit\"}]},{\"@type\":\"Person\",\"@id\":\"https:\/\/www.visit-ulcinj.com\/blog\/#\/schema\/person\/dcab619c614d3038751c63bc2aadc06d\",\"name\":\"ulqini\",\"sameAs\":[\"http:\/\/www.visit-ulcinj.com\"],\"url\":\"https:\/\/www.visit-ulcinj.com\/blog\/author\/admin\/\"}]}<\/script>\n<!-- \/ Yoast SEO plugin. -->","yoast_head_json":{"title":"Banka Gjermane KfW viziton Komun\u00ebn e Ulqinit - Lajme nga Ulqini","description":"Kryetari I Komun\u00ebs Nazif Cungu me bashk\u00ebpun\u00ebtor\u00eb priti sot p\u00ebrfaq\u00ebsuesit e Bankes Gjermane p\u00ebr Zhvillim (KfW) dhe konsultantit Vodacom n\u00eb lidhje me","robots":{"index":"index","follow":"follow","max-snippet":"max-snippet:-1","max-image-preview":"max-image-preview:large","max-video-preview":"max-video-preview:-1"},"canonical":"https:\/\/www.visit-ulcinj.com\/blog\/2017\/04\/04\/banka-gjermane-kfw-viziton-komunen-e-ulqinit\/","og_locale":"en_US","og_type":"article","og_title":"Banka Gjermane KfW viziton Komun\u00ebn e Ulqinit - Lajme nga Ulqini","og_description":"Kryetari I Komun\u00ebs Nazif Cungu me bashk\u00ebpun\u00ebtor\u00eb priti sot p\u00ebrfaq\u00ebsuesit e Bankes Gjermane p\u00ebr Zhvillim (KfW) dhe konsultantit Vodacom n\u00eb lidhje me","og_url":"https:\/\/www.visit-ulcinj.com\/blog\/2017\/04\/04\/banka-gjermane-kfw-viziton-komunen-e-ulqinit\/","og_site_name":"Lajme nga Ulqini","article_published_time":"2017-04-04T21:42:27+00:00","twitter_misc":{"Written by":"ulqini","Est. reading time":"1 minute"},"schema":{"@context":"https:\/\/schema.org","@graph":[{"@type":"WebSite","@id":"https:\/\/www.visit-ulcinj.com\/blog\/#website","url":"https:\/\/www.visit-ulcinj.com\/blog\/","name":"Lajme nga Ulqini","description":"Lajme,Vijesti,Ulqini,Ulqin,Crna Gora,Mali i Zi","potentialAction":[{"@type":"SearchAction","target":{"@type":"EntryPoint","urlTemplate":"https:\/\/www.visit-ulcinj.com\/blog\/?s={search_term_string}"},"query-input":"required name=search_term_string"}],"inLanguage":"en-US"},{"@type":"WebPage","@id":"https:\/\/www.visit-ulcinj.com\/blog\/2017\/04\/04\/banka-gjermane-kfw-viziton-komunen-e-ulqinit\/#webpage","url":"https:\/\/www.visit-ulcinj.com\/blog\/2017\/04\/04\/banka-gjermane-kfw-viziton-komunen-e-ulqinit\/","name":"Banka Gjermane KfW viziton Komun\u00ebn e Ulqinit - Lajme nga Ulqini","isPartOf":{"@id":"https:\/\/www.visit-ulcinj.com\/blog\/#website"},"datePublished":"2017-04-04T21:42:27+00:00","dateModified":"2017-04-04T21:42:27+00:00","author":{"@id":"https:\/\/www.visit-ulcinj.com\/blog\/#\/schema\/person\/dcab619c614d3038751c63bc2aadc06d"},"description":"Kryetari I Komun\u00ebs Nazif Cungu me bashk\u00ebpun\u00ebtor\u00eb priti sot p\u00ebrfaq\u00ebsuesit e Bankes Gjermane p\u00ebr Zhvillim (KfW) dhe konsultantit Vodacom n\u00eb lidhje me","breadcrumb":{"@id":"https:\/\/www.visit-ulcinj.com\/blog\/2017\/04\/04\/banka-gjermane-kfw-viziton-komunen-e-ulqinit\/#breadcrumb"},"inLanguage":"en-US","potentialAction":[{"@type":"ReadAction","target":["https:\/\/www.visit-ulcinj.com\/blog\/2017\/04\/04\/banka-gjermane-kfw-viziton-komunen-e-ulqinit\/"]}]},{"@type":"BreadcrumbList","@id":"https:\/\/www.visit-ulcinj.com\/blog\/2017\/04\/04\/banka-gjermane-kfw-viziton-komunen-e-ulqinit\/#breadcrumb","itemListElement":[{"@type":"ListItem","position":1,"name":"Banka Gjermane KfW viziton Komun\u00ebn e Ulqinit"}]},{"@type":"Person","@id":"https:\/\/www.visit-ulcinj.com\/blog\/#\/schema\/person\/dcab619c614d3038751c63bc2aadc06d","name":"ulqini","sameAs":["http:\/\/www.visit-ulcinj.com"],"url":"https:\/\/www.visit-ulcinj.com\/blog\/author\/admin\/"}]}},"jetpack_featured_media_url":"","jetpack_sharing_enabled":true,"jetpack_shortlink":"https:\/\/wp.me\/pe6lTn-r67","_links":{"self":[{"href":"https:\/\/www.visit-ulcinj.com\/blog\/wp-json\/wp\/v2\/posts\/104167"}],"collection":[{"href":"https:\/\/www.visit-ulcinj.com\/blog\/wp-json\/wp\/v2\/posts"}],"about":[{"href":"https:\/\/www.visit-ulcinj.com\/blog\/wp-json\/wp\/v2\/types\/post"}],"author":[{"embeddable":true,"href":"https:\/\/www.visit-ulcinj.com\/blog\/wp-json\/wp\/v2\/users\/1"}],"replies":[{"embeddable":true,"href":"https:\/\/www.visit-ulcinj.com\/blog\/wp-json\/wp\/v2\/comments?post=104167"}],"version-history":[{"count":1,"href":"https:\/\/www.visit-ulcinj.com\/blog\/wp-json\/wp\/v2\/posts\/104167\/revisions"}],"predecessor-version":[{"id":104169,"href":"https:\/\/www.visit-ulcinj.com\/blog\/wp-json\/wp\/v2\/posts\/104167\/revisions\/104169"}],"wp:attachment":[{"href":"https:\/\/www.visit-ulcinj.com\/blog\/wp-json\/wp\/v2\/media?parent=104167"}],"wp:term":[{"taxonomy":"category","embeddable":true,"href":"https:\/\/www.visit-ulcinj.com\/blog\/wp-json\/wp\/v2\/categories?post=104167"},{"taxonomy":"post_tag","embeddable":true,"href":"https:\/\/www.visit-ulcinj.com\/blog\/wp-json\/wp\/v2\/tags?post=104167"}],"curies":[{"name":"wp","href":"https:\/\/api.w.org\/{rel}","templated":true}]}}