{"id":104170,"date":"2017-04-04T22:57:08","date_gmt":"2017-04-04T21:57:08","guid":{"rendered":"http:\/\/www.visit-ulcinj.com\/blog\/?p=104170"},"modified":"2017-04-04T22:59:51","modified_gmt":"2017-04-04T21:59:51","slug":"instituti-yunus-emre-shume-te-mirepritura-ne-ulqin","status":"publish","type":"post","link":"https:\/\/www.visit-ulcinj.com\/blog\/2017\/04\/04\/instituti-yunus-emre-shume-te-mirepritura-ne-ulqin\/","title":{"rendered":"Instituti Yunus Emre shum\u00eb t\u00eb mir\u00ebpritura n\u00eb Ulqin"},"content":{"rendered":"<p class=\"row-big-title\"><strong><a href=\"http:\/\/www.visit-ulcinj.com\/blog\/wp-content\/uploads\/2017\/04\/Instituti-Yunus-Emre-ne-Ulqin.jpg\"><img loading=\"lazy\" class=\"alignleft wp-image-104171\" src=\"http:\/\/www.visit-ulcinj.com\/blog\/wp-content\/uploads\/2017\/04\/Instituti-Yunus-Emre-ne-Ulqin.jpg\" alt=\"Instituti Yunus Emre ne Ulqin\" width=\"508\" height=\"339\" srcset=\"https:\/\/www.visit-ulcinj.com\/blog\/wp-content\/uploads\/2017\/04\/Instituti-Yunus-Emre-ne-Ulqin.jpg 1080w, https:\/\/www.visit-ulcinj.com\/blog\/wp-content\/uploads\/2017\/04\/Instituti-Yunus-Emre-ne-Ulqin-300x200.jpg 300w, https:\/\/www.visit-ulcinj.com\/blog\/wp-content\/uploads\/2017\/04\/Instituti-Yunus-Emre-ne-Ulqin-768x512.jpg 768w, https:\/\/www.visit-ulcinj.com\/blog\/wp-content\/uploads\/2017\/04\/Instituti-Yunus-Emre-ne-Ulqin-1024x683.jpg 1024w\" sizes=\"(max-width: 508px) 100vw, 508px\" \/><\/a>Qendra kulturore turke \u201c<strong>Yunus Emre<\/strong>\u201d n\u00eb Mal t\u00eb Zi e zhvillon veprimtarin\u00eb e saj q\u00eb nga viti 2014-t\u00eb. Drejtori i k\u00ebsaj qendre Doc. Dr. Xhihan \u00cbzdemir (Cihan \u00d6zdemir) thot\u00eb se \u201cInstituti vepron edhe n\u00eb 50 qendra tjera t\u00eb bot\u00ebs dhe ka p\u00ebr q\u00ebllim prezantimin e gjuh\u00ebs, let\u00ebrsis\u00eb dhe kultur\u00ebs turke n\u00eb bot\u00eb dhe inkurajimin e vlerave kulturore nd\u00ebrmjet popujve.\u201d<\/strong><\/p>\n<p class=\"row-big-title\"><strong>Kryetari Cungu priti delegacionin p\u00ebr projektin &#8220;Mali i Zi n\u00eb ritmin e Europ\u00ebs&#8221;<\/strong><\/p>\n<p>Kryetari I Komun\u00ebs Nazif Cungu priti sot delegacionin e p\u00ebrb\u00ebr\u00eb nga ambasadori i republik\u00ebs s\u00eb Turqis\u00eb z. Serhat Galip, drejtorin e Institutit Yunus Emre dr. Xhihan Ozdemir dhe drejtorin e projektit \u201cMali i Zi n\u00eb ritmin e Europ\u00ebs\u201d z. Igor Karadareviq. Gjat\u00eb takimin u bisedua p\u00ebr p\u00ebrgaditjet q\u00eb f\u00ebmij\u00ebt nga Ulqini po b\u00ebjn\u00eb p\u00ebr pjesmarrje n\u00eb k\u00ebt\u00eb manifestim t\u00eb r\u00ebnd\u00ebsish\u00ebm.<\/p>\n<p>Ambasadori i Turqis\u00eb z. Galip theksoi se ndihet i privilegjuar q\u00eb Ulqinak\u00ebt do performojn\u00eb n\u00eb gjuh\u00ebn turke duke iu referuar poashtu edhe ngjajshm\u00ebrive kulturore q\u00eb kan\u00eb banor\u00ebt e Ulqinit dhe vendit q\u00eb p\u00ebrfaq\u00ebson ai. P\u00ebrve\u00e7 t\u00eb tjerave, ai tha q\u00eb r\u00ebnd\u00ebsi t\u00eb ve\u00e7ant\u00eb p\u00ebr k\u00ebt\u00eb projekt ka q\u00eb f\u00ebmij\u00ebt do bashk\u00ebpunojn\u00eb dhe ndihmojn\u00eb n\u00eb promovimin e Ulqinit n\u00eb vend t\u00eb par\u00eb por edhe gjuh\u00ebs turke duke theksuar q\u00eb viti 2017. \u00ebsht\u00eb shpallur si viti i gjuh\u00ebs turke.<\/p>\n<p>Organizatori i k\u00ebtij manifestimi z. Igor Karadareviq ve\u00e7oi bashk\u00ebpunimin e jasht\u00ebzakonsh\u00ebm q\u00eb ka realizuar me Komun\u00ebn e Ulqinit duke theksuar r\u00ebnd\u00ebsin\u00eb q\u00eb Komuna po i jep zhvillimit t\u00eb kultur\u00ebs s\u00eb Ulqinit. Ai tha q\u00eb sistemi q\u00eb do p\u00ebrdoret do jet\u00eb i p\u00ebraf\u00ebrt me at\u00eb t\u00eb eurovizionit dhe q\u00eb ky lloj projekti sh\u00ebrben q\u00eb bashk\u00ebpunimi dhe manifestimi t\u00eb ngritet n\u00eb nj\u00eb nivel sa m\u00eb t\u00eb lart\u00eb.<\/p>\n<p>Kryetari Cungu theksoi q\u00eb Komuna e Ulqinit \u00ebsht\u00eb n\u00eb sh\u00ebrbim t\u00eb qytetar\u00ebve dhe gjithmon\u00eb do jap\u00eb p\u00ebrkrahjen maksimale p\u00ebr projekte t\u00eb tilla duke i p\u00ebrkrahun maksimalisht t\u00eb rinjt e qytetit ton\u00eb. Ai tha q\u00eb projektet e tilla n\u00eb fush\u00ebn e kultur\u00ebs dhe sportit t\u00eb cil\u00ebt kan\u00eb q\u00ebllim aktivizimin sa m\u00eb t\u00eb madh t\u00eb t\u00eb rinjve nga ulqini jan\u00eb prioriteti kryesor ku duhet t\u00eb fokusohemi.<\/p>\n<p>F\u00ebmij\u00ebt nga Ulqini p\u00ebrgadit\u00ebn nj\u00eb dhurat\u00eb p\u00ebr ambasadorin Galip i cili n\u00eb em\u00ebr t\u00eb Ambasad\u00ebs Turke ka ndar\u00eb dhurata p\u00ebr garuesit, t\u00eb pranishmit kishim mund\u00ebsi t\u00eb d\u00ebgjonin edhe nj\u00eb performans \u201clive\u201d t\u00eb k\u00ebng\u00ebs nga e cila premtohet shum\u00eb.<\/p>\n<p>N\u00eb vazhdim t\u00eb dites delegacioni vizitoi gjirin e Valdanosit dhe Kalan\u00eb e Ulqinit.<\/p>\n","protected":false},"excerpt":{"rendered":"<p>Qendra kulturore turke \u201cYunus Emre\u201d n\u00eb Mal t\u00eb Zi e zhvillon veprimtarin\u00eb e saj q\u00eb nga viti 2014-t\u00eb. Drejtori i k\u00ebsaj qendre Doc. Dr. Xhihan \u00cbzdemir (Cihan \u00d6zdemir) thot\u00eb se \u201cInstituti vepron edhe n\u00eb 50 qendra tjera t\u00eb bot\u00ebs dhe ka p\u00ebr q\u00ebllim prezantimin e gjuh\u00ebs, let\u00ebrsis\u00eb dhe kultur\u00ebs turke n\u00eb bot\u00eb dhe inkurajimin e [&hellip;]<\/p>\n","protected":false},"author":1,"featured_media":0,"comment_status":"closed","ping_status":"closed","sticky":false,"template":"","format":"standard","meta":{"spay_email":"","jetpack_publicize_message":"","jetpack_is_tweetstorm":false,"jetpack_publicize_feature_enabled":true},"categories":[4],"tags":[],"jetpack_publicize_connections":[],"yoast_head":"<!-- This site is optimized with the Yoast SEO plugin v19.1 - https:\/\/yoast.com\/wordpress\/plugins\/seo\/ -->\n<title>Instituti Yunus Emre shum\u00eb t\u00eb mir\u00ebpritura n\u00eb Ulqin - Lajme nga Ulqini<\/title>\n<meta name=\"description\" content=\"Qendra kulturore turke \u201cYunus Emre\u201d n\u00eb Mal t\u00eb Zi e zhvillon veprimtarin\u00eb e saj q\u00eb nga viti 2014-t\u00eb. Drejtori i k\u00ebsaj qendre Doc. Dr. Xhihan \u00cbzdemir (Cihan\" \/>\n<meta name=\"robots\" content=\"index, follow, max-snippet:-1, max-image-preview:large, max-video-preview:-1\" \/>\n<link rel=\"canonical\" href=\"https:\/\/www.visit-ulcinj.com\/blog\/2017\/04\/04\/instituti-yunus-emre-shume-te-mirepritura-ne-ulqin\/\" \/>\n<meta property=\"og:locale\" content=\"en_US\" \/>\n<meta property=\"og:type\" content=\"article\" \/>\n<meta property=\"og:title\" content=\"Instituti Yunus Emre shum\u00eb t\u00eb mir\u00ebpritura n\u00eb Ulqin - Lajme nga Ulqini\" \/>\n<meta property=\"og:description\" content=\"Qendra kulturore turke \u201cYunus Emre\u201d n\u00eb Mal t\u00eb Zi e zhvillon veprimtarin\u00eb e saj q\u00eb nga viti 2014-t\u00eb. Drejtori i k\u00ebsaj qendre Doc. Dr. Xhihan \u00cbzdemir (Cihan\" \/>\n<meta property=\"og:url\" content=\"https:\/\/www.visit-ulcinj.com\/blog\/2017\/04\/04\/instituti-yunus-emre-shume-te-mirepritura-ne-ulqin\/\" \/>\n<meta property=\"og:site_name\" content=\"Lajme nga Ulqini\" \/>\n<meta property=\"article:published_time\" content=\"2017-04-04T21:57:08+00:00\" \/>\n<meta property=\"article:modified_time\" content=\"2017-04-04T21:59:51+00:00\" \/>\n<meta property=\"og:image\" content=\"http:\/\/www.visit-ulcinj.com\/blog\/wp-content\/uploads\/2017\/04\/Instituti-Yunus-Emre-ne-Ulqin.jpg\" \/>\n<meta name=\"twitter:label1\" content=\"Written by\" \/>\n\t<meta name=\"twitter:data1\" content=\"ulqini\" \/>\n\t<meta name=\"twitter:label2\" content=\"Est. reading time\" \/>\n\t<meta name=\"twitter:data2\" content=\"2 minutes\" \/>\n<script type=\"application\/ld+json\" class=\"yoast-schema-graph\">{\"@context\":\"https:\/\/schema.org\",\"@graph\":[{\"@type\":\"WebSite\",\"@id\":\"https:\/\/www.visit-ulcinj.com\/blog\/#website\",\"url\":\"https:\/\/www.visit-ulcinj.com\/blog\/\",\"name\":\"Lajme nga Ulqini\",\"description\":\"Lajme,Vijesti,Ulqini,Ulqin,Crna Gora,Mali i Zi\",\"potentialAction\":[{\"@type\":\"SearchAction\",\"target\":{\"@type\":\"EntryPoint\",\"urlTemplate\":\"https:\/\/www.visit-ulcinj.com\/blog\/?s={search_term_string}\"},\"query-input\":\"required name=search_term_string\"}],\"inLanguage\":\"en-US\"},{\"@type\":\"ImageObject\",\"inLanguage\":\"en-US\",\"@id\":\"https:\/\/www.visit-ulcinj.com\/blog\/2017\/04\/04\/instituti-yunus-emre-shume-te-mirepritura-ne-ulqin\/#primaryimage\",\"url\":\"https:\/\/www.visit-ulcinj.com\/blog\/wp-content\/uploads\/2017\/04\/Instituti-Yunus-Emre-ne-Ulqin.jpg\",\"contentUrl\":\"https:\/\/www.visit-ulcinj.com\/blog\/wp-content\/uploads\/2017\/04\/Instituti-Yunus-Emre-ne-Ulqin.jpg\",\"width\":1080,\"height\":720},{\"@type\":\"WebPage\",\"@id\":\"https:\/\/www.visit-ulcinj.com\/blog\/2017\/04\/04\/instituti-yunus-emre-shume-te-mirepritura-ne-ulqin\/#webpage\",\"url\":\"https:\/\/www.visit-ulcinj.com\/blog\/2017\/04\/04\/instituti-yunus-emre-shume-te-mirepritura-ne-ulqin\/\",\"name\":\"Instituti Yunus Emre shum\u00eb t\u00eb mir\u00ebpritura n\u00eb Ulqin - Lajme nga Ulqini\",\"isPartOf\":{\"@id\":\"https:\/\/www.visit-ulcinj.com\/blog\/#website\"},\"primaryImageOfPage\":{\"@id\":\"https:\/\/www.visit-ulcinj.com\/blog\/2017\/04\/04\/instituti-yunus-emre-shume-te-mirepritura-ne-ulqin\/#primaryimage\"},\"datePublished\":\"2017-04-04T21:57:08+00:00\",\"dateModified\":\"2017-04-04T21:59:51+00:00\",\"author\":{\"@id\":\"https:\/\/www.visit-ulcinj.com\/blog\/#\/schema\/person\/dcab619c614d3038751c63bc2aadc06d\"},\"description\":\"Qendra kulturore turke \u201cYunus Emre\u201d n\u00eb Mal t\u00eb Zi e zhvillon veprimtarin\u00eb e saj q\u00eb nga viti 2014-t\u00eb. Drejtori i k\u00ebsaj qendre Doc. Dr. Xhihan \u00cbzdemir (Cihan\",\"breadcrumb\":{\"@id\":\"https:\/\/www.visit-ulcinj.com\/blog\/2017\/04\/04\/instituti-yunus-emre-shume-te-mirepritura-ne-ulqin\/#breadcrumb\"},\"inLanguage\":\"en-US\",\"potentialAction\":[{\"@type\":\"ReadAction\",\"target\":[\"https:\/\/www.visit-ulcinj.com\/blog\/2017\/04\/04\/instituti-yunus-emre-shume-te-mirepritura-ne-ulqin\/\"]}]},{\"@type\":\"BreadcrumbList\",\"@id\":\"https:\/\/www.visit-ulcinj.com\/blog\/2017\/04\/04\/instituti-yunus-emre-shume-te-mirepritura-ne-ulqin\/#breadcrumb\",\"itemListElement\":[{\"@type\":\"ListItem\",\"position\":1,\"name\":\"Instituti Yunus Emre shum\u00eb t\u00eb mir\u00ebpritura n\u00eb Ulqin\"}]},{\"@type\":\"Person\",\"@id\":\"https:\/\/www.visit-ulcinj.com\/blog\/#\/schema\/person\/dcab619c614d3038751c63bc2aadc06d\",\"name\":\"ulqini\",\"sameAs\":[\"http:\/\/www.visit-ulcinj.com\"],\"url\":\"https:\/\/www.visit-ulcinj.com\/blog\/author\/admin\/\"}]}<\/script>\n<!-- \/ Yoast SEO plugin. -->","yoast_head_json":{"title":"Instituti Yunus Emre shum\u00eb t\u00eb mir\u00ebpritura n\u00eb Ulqin - Lajme nga Ulqini","description":"Qendra kulturore turke \u201cYunus Emre\u201d n\u00eb Mal t\u00eb Zi e zhvillon veprimtarin\u00eb e saj q\u00eb nga viti 2014-t\u00eb. Drejtori i k\u00ebsaj qendre Doc. Dr. Xhihan \u00cbzdemir (Cihan","robots":{"index":"index","follow":"follow","max-snippet":"max-snippet:-1","max-image-preview":"max-image-preview:large","max-video-preview":"max-video-preview:-1"},"canonical":"https:\/\/www.visit-ulcinj.com\/blog\/2017\/04\/04\/instituti-yunus-emre-shume-te-mirepritura-ne-ulqin\/","og_locale":"en_US","og_type":"article","og_title":"Instituti Yunus Emre shum\u00eb t\u00eb mir\u00ebpritura n\u00eb Ulqin - Lajme nga Ulqini","og_description":"Qendra kulturore turke \u201cYunus Emre\u201d n\u00eb Mal t\u00eb Zi e zhvillon veprimtarin\u00eb e saj q\u00eb nga viti 2014-t\u00eb. Drejtori i k\u00ebsaj qendre Doc. Dr. Xhihan \u00cbzdemir (Cihan","og_url":"https:\/\/www.visit-ulcinj.com\/blog\/2017\/04\/04\/instituti-yunus-emre-shume-te-mirepritura-ne-ulqin\/","og_site_name":"Lajme nga Ulqini","article_published_time":"2017-04-04T21:57:08+00:00","article_modified_time":"2017-04-04T21:59:51+00:00","og_image":[{"url":"http:\/\/www.visit-ulcinj.com\/blog\/wp-content\/uploads\/2017\/04\/Instituti-Yunus-Emre-ne-Ulqin.jpg"}],"twitter_misc":{"Written by":"ulqini","Est. reading time":"2 minutes"},"schema":{"@context":"https:\/\/schema.org","@graph":[{"@type":"WebSite","@id":"https:\/\/www.visit-ulcinj.com\/blog\/#website","url":"https:\/\/www.visit-ulcinj.com\/blog\/","name":"Lajme nga Ulqini","description":"Lajme,Vijesti,Ulqini,Ulqin,Crna Gora,Mali i Zi","potentialAction":[{"@type":"SearchAction","target":{"@type":"EntryPoint","urlTemplate":"https:\/\/www.visit-ulcinj.com\/blog\/?s={search_term_string}"},"query-input":"required name=search_term_string"}],"inLanguage":"en-US"},{"@type":"ImageObject","inLanguage":"en-US","@id":"https:\/\/www.visit-ulcinj.com\/blog\/2017\/04\/04\/instituti-yunus-emre-shume-te-mirepritura-ne-ulqin\/#primaryimage","url":"https:\/\/www.visit-ulcinj.com\/blog\/wp-content\/uploads\/2017\/04\/Instituti-Yunus-Emre-ne-Ulqin.jpg","contentUrl":"https:\/\/www.visit-ulcinj.com\/blog\/wp-content\/uploads\/2017\/04\/Instituti-Yunus-Emre-ne-Ulqin.jpg","width":1080,"height":720},{"@type":"WebPage","@id":"https:\/\/www.visit-ulcinj.com\/blog\/2017\/04\/04\/instituti-yunus-emre-shume-te-mirepritura-ne-ulqin\/#webpage","url":"https:\/\/www.visit-ulcinj.com\/blog\/2017\/04\/04\/instituti-yunus-emre-shume-te-mirepritura-ne-ulqin\/","name":"Instituti Yunus Emre shum\u00eb t\u00eb mir\u00ebpritura n\u00eb Ulqin - Lajme nga Ulqini","isPartOf":{"@id":"https:\/\/www.visit-ulcinj.com\/blog\/#website"},"primaryImageOfPage":{"@id":"https:\/\/www.visit-ulcinj.com\/blog\/2017\/04\/04\/instituti-yunus-emre-shume-te-mirepritura-ne-ulqin\/#primaryimage"},"datePublished":"2017-04-04T21:57:08+00:00","dateModified":"2017-04-04T21:59:51+00:00","author":{"@id":"https:\/\/www.visit-ulcinj.com\/blog\/#\/schema\/person\/dcab619c614d3038751c63bc2aadc06d"},"description":"Qendra kulturore turke \u201cYunus Emre\u201d n\u00eb Mal t\u00eb Zi e zhvillon veprimtarin\u00eb e saj q\u00eb nga viti 2014-t\u00eb. Drejtori i k\u00ebsaj qendre Doc. Dr. Xhihan \u00cbzdemir (Cihan","breadcrumb":{"@id":"https:\/\/www.visit-ulcinj.com\/blog\/2017\/04\/04\/instituti-yunus-emre-shume-te-mirepritura-ne-ulqin\/#breadcrumb"},"inLanguage":"en-US","potentialAction":[{"@type":"ReadAction","target":["https:\/\/www.visit-ulcinj.com\/blog\/2017\/04\/04\/instituti-yunus-emre-shume-te-mirepritura-ne-ulqin\/"]}]},{"@type":"BreadcrumbList","@id":"https:\/\/www.visit-ulcinj.com\/blog\/2017\/04\/04\/instituti-yunus-emre-shume-te-mirepritura-ne-ulqin\/#breadcrumb","itemListElement":[{"@type":"ListItem","position":1,"name":"Instituti Yunus Emre shum\u00eb t\u00eb mir\u00ebpritura n\u00eb Ulqin"}]},{"@type":"Person","@id":"https:\/\/www.visit-ulcinj.com\/blog\/#\/schema\/person\/dcab619c614d3038751c63bc2aadc06d","name":"ulqini","sameAs":["http:\/\/www.visit-ulcinj.com"],"url":"https:\/\/www.visit-ulcinj.com\/blog\/author\/admin\/"}]}},"jetpack_featured_media_url":"","jetpack_sharing_enabled":true,"jetpack_shortlink":"https:\/\/wp.me\/pe6lTn-r6a","_links":{"self":[{"href":"https:\/\/www.visit-ulcinj.com\/blog\/wp-json\/wp\/v2\/posts\/104170"}],"collection":[{"href":"https:\/\/www.visit-ulcinj.com\/blog\/wp-json\/wp\/v2\/posts"}],"about":[{"href":"https:\/\/www.visit-ulcinj.com\/blog\/wp-json\/wp\/v2\/types\/post"}],"author":[{"embeddable":true,"href":"https:\/\/www.visit-ulcinj.com\/blog\/wp-json\/wp\/v2\/users\/1"}],"replies":[{"embeddable":true,"href":"https:\/\/www.visit-ulcinj.com\/blog\/wp-json\/wp\/v2\/comments?post=104170"}],"version-history":[{"count":2,"href":"https:\/\/www.visit-ulcinj.com\/blog\/wp-json\/wp\/v2\/posts\/104170\/revisions"}],"predecessor-version":[{"id":104173,"href":"https:\/\/www.visit-ulcinj.com\/blog\/wp-json\/wp\/v2\/posts\/104170\/revisions\/104173"}],"wp:attachment":[{"href":"https:\/\/www.visit-ulcinj.com\/blog\/wp-json\/wp\/v2\/media?parent=104170"}],"wp:term":[{"taxonomy":"category","embeddable":true,"href":"https:\/\/www.visit-ulcinj.com\/blog\/wp-json\/wp\/v2\/categories?post=104170"},{"taxonomy":"post_tag","embeddable":true,"href":"https:\/\/www.visit-ulcinj.com\/blog\/wp-json\/wp\/v2\/tags?post=104170"}],"curies":[{"name":"wp","href":"https:\/\/api.w.org\/{rel}","templated":true}]}}