{"id":104178,"date":"2017-04-05T14:17:49","date_gmt":"2017-04-05T13:17:49","guid":{"rendered":"http:\/\/www.visit-ulcinj.com\/blog\/?p=104178"},"modified":"2017-04-05T14:17:49","modified_gmt":"2017-04-05T13:17:49","slug":"u-ulcinju-je-obeljezen-medjunarodni-dan-autizma","status":"publish","type":"post","link":"https:\/\/www.visit-ulcinj.com\/blog\/2017\/04\/05\/u-ulcinju-je-obeljezen-medjunarodni-dan-autizma\/","title":{"rendered":"U Ulcinju je obeljezen  medjunarodni dan autizma"},"content":{"rendered":"<p><strong><a href=\"http:\/\/www.visit-ulcinj.com\/blog\/wp-content\/uploads\/2017\/04\/U-Ulcinju-je-obeljezen-medjunarodni-dan-autizma-Alaj.jpg\"><img loading=\"lazy\" class=\"alignleft wp-image-104180\" src=\"http:\/\/www.visit-ulcinj.com\/blog\/wp-content\/uploads\/2017\/04\/U-Ulcinju-je-obeljezen-medjunarodni-dan-autizma-Alaj.jpg\" alt=\"U Ulcinju je obeljezen  medjunarodni dan autizma-Alaj\" width=\"508\" height=\"339\" srcset=\"https:\/\/www.visit-ulcinj.com\/blog\/wp-content\/uploads\/2017\/04\/U-Ulcinju-je-obeljezen-medjunarodni-dan-autizma-Alaj.jpg 960w, https:\/\/www.visit-ulcinj.com\/blog\/wp-content\/uploads\/2017\/04\/U-Ulcinju-je-obeljezen-medjunarodni-dan-autizma-Alaj-300x200.jpg 300w, https:\/\/www.visit-ulcinj.com\/blog\/wp-content\/uploads\/2017\/04\/U-Ulcinju-je-obeljezen-medjunarodni-dan-autizma-Alaj-768x512.jpg 768w\" sizes=\"(max-width: 508px) 100vw, 508px\" \/><\/a>Informacija Dnevnog centra za djecu i omladinu sa smetnjama i teskocama u razvoju \u201c Sirena \u201c -Ulcinj<\/strong><\/p>\n<p>Dana 2. Aprila 2017. godine, u\u00a0 Ulcinju je obeljezen\u00a0 medjunarodni dan autizma, povodom cega je organizovan regionalni simpozijum uz podrsku gradonacelnika\u00a0 g. Nazifa Cungu-a, predsjednice organizacije\u00a0 \u201c Anima \u201c, Dr. Zylfije Gjoni Duraku i Dnevnog centra \u201c Sirena \u201c.<\/p>\n<p>Realizacija i postizanje cilja ovog simpizijuma , je zasluga ovih tri subjekata, narocito Dr. Zylfije Gjoni Duraku.<\/p>\n<p><a href=\"http:\/\/www.visit-ulcinj.com\/blog\/wp-content\/uploads\/2017\/04\/Zylfije-Duraku-dan-autizma-Ulcinj.jpg\"><img loading=\"lazy\" class=\"alignleft wp-image-104179\" src=\"http:\/\/www.visit-ulcinj.com\/blog\/wp-content\/uploads\/2017\/04\/Zylfije-Duraku-dan-autizma-Ulcinj.jpg\" alt=\"Zylfije Duraku- dan autizma Ulcinj\" width=\"508\" height=\"339\" srcset=\"https:\/\/www.visit-ulcinj.com\/blog\/wp-content\/uploads\/2017\/04\/Zylfije-Duraku-dan-autizma-Ulcinj.jpg 960w, https:\/\/www.visit-ulcinj.com\/blog\/wp-content\/uploads\/2017\/04\/Zylfije-Duraku-dan-autizma-Ulcinj-300x200.jpg 300w, https:\/\/www.visit-ulcinj.com\/blog\/wp-content\/uploads\/2017\/04\/Zylfije-Duraku-dan-autizma-Ulcinj-768x512.jpg 768w\" sizes=\"(max-width: 508px) 100vw, 508px\" \/><\/a><\/p>\n<p>Dr. Zylfije Gjoni Duraku zajedno sa direktorom Dnevnog centra \u201c Sirena \u201c, u Ulcinju, su dana 14.02.2017 posjetili centar \u201c F\u00ebmij\u00ebt\u00a0 shqiptar\u00eb\u201d u Tirani, gdje su se sastali sa predsjednicom fondacije\u00a0 Dr. Liri Berisha.<\/p>\n<p>Sastanak je bio znacajan za obje stranke, u razmijeni iskustava , saradnje i \u00a0profesionalne pomoci.<\/p>\n<p>Izmedju ostalog, u ovom sastanku smo dosli do zakljucka da se dana 02.04.2017 organizuje regionalni simpozijum o autizmu, u Ulcinju. \u00a0Sastanak 2. aprila je od velikog\u00a0 znacaja zbog mogucnosti razumijevanja i zblizavanja\u00a0 sa realnoscu zivota osoba sa autizmom.<\/p>\n<p>U ovom slucaju, svojim prisustvom su uvelicali znacaj ovog simpozijuma, iz Crne Gore Prim.Dr. Stanka Mrdak, iz Albanije\u00a0 Predsjednica Fondacije\u00a0 \u201c F\u00ebmij\u00ebt shqiptarw\u00eb \u201c Dr.\u00a0 Liri Berisha, iz Kosova\u00a0 Dr. Flora Brovina, kao i mnogi gosti.<\/p>\n<p>Program simpozijuma je u svom sadrzaju tretirao naucne teme iz oblasti autizma , od strane predavaca:<\/p>\n<ol>\n<li>Dr . Stanka Mrdak- Crna Gora<\/li>\n<li>Liri Berisha- Albanija<\/li>\n<li>Flora Brovina- Kosovo<\/li>\n<li>Juliana Esaj- Tirana<\/li>\n<li>Oriela Pampuri- Tirana<\/li>\n<li>Eliana Naci- Tirana<\/li>\n<li>Dr. Ariel Como- Tirana<\/li>\n<li>Branka Dumnic- Crna Gora<\/li>\n<li>Ardita Koka- Ulcinj<\/li>\n<li>Nina Popoviq- Ulcinj<\/li>\n<li>Sabra Dragovoja- Tuzi<\/li>\n<li>Salije Mecikukic- Ulcinj<\/li>\n<\/ol>\n<p>Poruka predavanja ovog simpozijuma jeste da djeci sa autizmom omogucimo kvalitetan zivot, ljubav i aktivno ucesce u drustvenom zivotu.<\/p>\n<p><strong>Direktor,<\/strong><\/p>\n<p><strong>Bilal Alaj<\/strong><\/p>\n\n\t\t<style type=\"text\/css\">\n\t\t\t#gallery-1 {\n\t\t\t\tmargin: auto;\n\t\t\t}\n\t\t\t#gallery-1 .gallery-item {\n\t\t\t\tfloat: left;\n\t\t\t\tmargin-top: 10px;\n\t\t\t\ttext-align: center;\n\t\t\t\twidth: 33%;\n\t\t\t}\n\t\t\t#gallery-1 img {\n\t\t\t\tborder: 2px solid #cfcfcf;\n\t\t\t}\n\t\t\t#gallery-1 .gallery-caption {\n\t\t\t\tmargin-left: 0;\n\t\t\t}\n\t\t\t\/* see gallery_shortcode() in wp-includes\/media.php *\/\n\t\t<\/style>\n\t\t<div id='gallery-1' class='gallery galleryid-104178 gallery-columns-3 gallery-size-thumbnail'><dl class='gallery-item'>\n\t\t\t<dt class='gallery-icon landscape'>\n\t\t\t\t<a href='https:\/\/www.visit-ulcinj.com\/blog\/2017\/04\/05\/u-ulcinju-je-obeljezen-medjunarodni-dan-autizma\/u-ulcinju-je-obeljezen-medjunarodni-dan-autizma-nazif-cungu\/'><img width=\"150\" height=\"150\" src=\"https:\/\/www.visit-ulcinj.com\/blog\/wp-content\/uploads\/2017\/04\/U-Ulcinju-je-obeljezen-medjunarodni-dan-autizma-Nazif-Cungu-150x150.jpg\" class=\"attachment-thumbnail size-thumbnail\" alt=\"\" loading=\"lazy\" \/><\/a>\n\t\t\t<\/dt><\/dl><dl class='gallery-item'>\n\t\t\t<dt class='gallery-icon landscape'>\n\t\t\t\t<a href='https:\/\/www.visit-ulcinj.com\/blog\/2017\/04\/05\/u-ulcinju-je-obeljezen-medjunarodni-dan-autizma\/u-ulcinju-je-obeljezen-medjunarodni-dan-autizma-zylfije-duraku\/'><img width=\"150\" height=\"150\" src=\"https:\/\/www.visit-ulcinj.com\/blog\/wp-content\/uploads\/2017\/04\/U-Ulcinju-je-obeljezen-medjunarodni-dan-autizma-Zylfije-Duraku--150x150.jpg\" class=\"attachment-thumbnail size-thumbnail\" alt=\"\" loading=\"lazy\" \/><\/a>\n\t\t\t<\/dt><\/dl><dl class='gallery-item'>\n\t\t\t<dt class='gallery-icon landscape'>\n\t\t\t\t<a href='https:\/\/www.visit-ulcinj.com\/blog\/2017\/04\/05\/u-ulcinju-je-obeljezen-medjunarodni-dan-autizma\/u-ulcinju-je-obeljezen-medjunarodni-dan-autizma-zylfije-duraku-1\/'><img width=\"150\" height=\"150\" src=\"https:\/\/www.visit-ulcinj.com\/blog\/wp-content\/uploads\/2017\/04\/U-Ulcinju-je-obeljezen-medjunarodni-dan-autizma-Zylfije-Duraku-1-150x150.jpg\" class=\"attachment-thumbnail size-thumbnail\" alt=\"\" loading=\"lazy\" \/><\/a>\n\t\t\t<\/dt><\/dl><br style=\"clear: both\" \/><dl class='gallery-item'>\n\t\t\t<dt class='gallery-icon landscape'>\n\t\t\t\t<a href='https:\/\/www.visit-ulcinj.com\/blog\/2017\/04\/05\/u-ulcinju-je-obeljezen-medjunarodni-dan-autizma\/u-ulcinju-je-obeljezen-medjunarodni-dan-autizma-2\/'><img width=\"150\" height=\"150\" src=\"https:\/\/www.visit-ulcinj.com\/blog\/wp-content\/uploads\/2017\/04\/U-Ulcinju-je-obeljezen-medjunarodni-dan-autizma-2-150x150.jpg\" class=\"attachment-thumbnail size-thumbnail\" alt=\"\" loading=\"lazy\" \/><\/a>\n\t\t\t<\/dt><\/dl><dl class='gallery-item'>\n\t\t\t<dt class='gallery-icon landscape'>\n\t\t\t\t<a href='https:\/\/www.visit-ulcinj.com\/blog\/2017\/04\/05\/u-ulcinju-je-obeljezen-medjunarodni-dan-autizma\/u-ulcinju-je-obeljezen-medjunarodni-dan-autizma-3\/'><img width=\"150\" height=\"150\" src=\"https:\/\/www.visit-ulcinj.com\/blog\/wp-content\/uploads\/2017\/04\/U-Ulcinju-je-obeljezen-medjunarodni-dan-autizma-3-150x150.jpg\" class=\"attachment-thumbnail size-thumbnail\" alt=\"\" loading=\"lazy\" \/><\/a>\n\t\t\t<\/dt><\/dl><dl class='gallery-item'>\n\t\t\t<dt class='gallery-icon landscape'>\n\t\t\t\t<a href='https:\/\/www.visit-ulcinj.com\/blog\/2017\/04\/05\/u-ulcinju-je-obeljezen-medjunarodni-dan-autizma\/u-ulcinju-je-obeljezen-medjunarodni-dan-autizma-1\/'><img width=\"150\" height=\"150\" src=\"https:\/\/www.visit-ulcinj.com\/blog\/wp-content\/uploads\/2017\/04\/U-Ulcinju-je-obeljezen-medjunarodni-dan-autizma-1-150x150.jpg\" class=\"attachment-thumbnail size-thumbnail\" alt=\"\" loading=\"lazy\" \/><\/a>\n\t\t\t<\/dt><\/dl><br style=\"clear: both\" \/>\n\t\t<\/div>\n\n<p>&nbsp;<\/p>\n","protected":false},"excerpt":{"rendered":"<p>Informacija Dnevnog centra za djecu i omladinu sa smetnjama i teskocama u razvoju \u201c Sirena \u201c -Ulcinj Dana 2. Aprila 2017. godine, u\u00a0 Ulcinju je obeljezen\u00a0 medjunarodni dan autizma, povodom cega je organizovan regionalni simpozijum uz podrsku gradonacelnika\u00a0 g. Nazifa Cungu-a, predsjednice organizacije\u00a0 \u201c Anima \u201c, Dr. Zylfije Gjoni Duraku i Dnevnog centra \u201c Sirena [&hellip;]<\/p>\n","protected":false},"author":1,"featured_media":0,"comment_status":"closed","ping_status":"closed","sticky":false,"template":"","format":"standard","meta":{"spay_email":"","jetpack_publicize_message":"","jetpack_is_tweetstorm":false,"jetpack_publicize_feature_enabled":true},"categories":[8337],"tags":[],"jetpack_publicize_connections":[],"yoast_head":"<!-- This site is optimized with the Yoast SEO plugin v19.1 - https:\/\/yoast.com\/wordpress\/plugins\/seo\/ -->\n<title>U Ulcinju je obeljezen medjunarodni dan autizma - Lajme nga Ulqini<\/title>\n<meta name=\"description\" content=\"Informacija Dnevnog centra za djecu i omladinu sa smetnjama i teskocama u razvoju \u201c Sirena \u201c -Ulcinj Dana 2. Aprila 2017. godine, u\u00a0 Ulcinju je obeljezen\u00a0\" \/>\n<meta name=\"robots\" content=\"index, follow, max-snippet:-1, max-image-preview:large, max-video-preview:-1\" \/>\n<link rel=\"canonical\" href=\"https:\/\/www.visit-ulcinj.com\/blog\/2017\/04\/05\/u-ulcinju-je-obeljezen-medjunarodni-dan-autizma\/\" \/>\n<meta property=\"og:locale\" content=\"en_US\" \/>\n<meta property=\"og:type\" content=\"article\" \/>\n<meta property=\"og:title\" content=\"U Ulcinju je obeljezen medjunarodni dan autizma - Lajme nga Ulqini\" \/>\n<meta property=\"og:description\" content=\"Informacija Dnevnog centra za djecu i omladinu sa smetnjama i teskocama u razvoju \u201c Sirena \u201c -Ulcinj Dana 2. Aprila 2017. godine, u\u00a0 Ulcinju je obeljezen\u00a0\" \/>\n<meta property=\"og:url\" content=\"https:\/\/www.visit-ulcinj.com\/blog\/2017\/04\/05\/u-ulcinju-je-obeljezen-medjunarodni-dan-autizma\/\" \/>\n<meta property=\"og:site_name\" content=\"Lajme nga Ulqini\" \/>\n<meta property=\"article:published_time\" content=\"2017-04-05T13:17:49+00:00\" \/>\n<meta property=\"og:image\" content=\"https:\/\/www.visit-ulcinj.com\/blog\/wp-content\/uploads\/2017\/04\/U-Ulcinju-je-obeljezen-medjunarodni-dan-autizma-Nazif-Cungu-150x150.jpg\" \/>\n<meta name=\"twitter:label1\" content=\"Written by\" \/>\n\t<meta name=\"twitter:data1\" content=\"ulqini\" \/>\n\t<meta name=\"twitter:label2\" content=\"Est. reading time\" \/>\n\t<meta name=\"twitter:data2\" content=\"1 minute\" \/>\n<script type=\"application\/ld+json\" class=\"yoast-schema-graph\">{\"@context\":\"https:\/\/schema.org\",\"@graph\":[{\"@type\":\"WebSite\",\"@id\":\"https:\/\/www.visit-ulcinj.com\/blog\/#website\",\"url\":\"https:\/\/www.visit-ulcinj.com\/blog\/\",\"name\":\"Lajme nga Ulqini\",\"description\":\"Lajme,Vijesti,Ulqini,Ulqin,Crna Gora,Mali i Zi\",\"potentialAction\":[{\"@type\":\"SearchAction\",\"target\":{\"@type\":\"EntryPoint\",\"urlTemplate\":\"https:\/\/www.visit-ulcinj.com\/blog\/?s={search_term_string}\"},\"query-input\":\"required name=search_term_string\"}],\"inLanguage\":\"en-US\"},{\"@type\":\"ImageObject\",\"inLanguage\":\"en-US\",\"@id\":\"https:\/\/www.visit-ulcinj.com\/blog\/2017\/04\/05\/u-ulcinju-je-obeljezen-medjunarodni-dan-autizma\/#primaryimage\",\"url\":\"https:\/\/www.visit-ulcinj.com\/blog\/wp-content\/uploads\/2017\/04\/U-Ulcinju-je-obeljezen-medjunarodni-dan-autizma-Alaj.jpg\",\"contentUrl\":\"https:\/\/www.visit-ulcinj.com\/blog\/wp-content\/uploads\/2017\/04\/U-Ulcinju-je-obeljezen-medjunarodni-dan-autizma-Alaj.jpg\",\"width\":960,\"height\":640},{\"@type\":\"WebPage\",\"@id\":\"https:\/\/www.visit-ulcinj.com\/blog\/2017\/04\/05\/u-ulcinju-je-obeljezen-medjunarodni-dan-autizma\/#webpage\",\"url\":\"https:\/\/www.visit-ulcinj.com\/blog\/2017\/04\/05\/u-ulcinju-je-obeljezen-medjunarodni-dan-autizma\/\",\"name\":\"U Ulcinju je obeljezen medjunarodni dan autizma - Lajme nga Ulqini\",\"isPartOf\":{\"@id\":\"https:\/\/www.visit-ulcinj.com\/blog\/#website\"},\"primaryImageOfPage\":{\"@id\":\"https:\/\/www.visit-ulcinj.com\/blog\/2017\/04\/05\/u-ulcinju-je-obeljezen-medjunarodni-dan-autizma\/#primaryimage\"},\"datePublished\":\"2017-04-05T13:17:49+00:00\",\"dateModified\":\"2017-04-05T13:17:49+00:00\",\"author\":{\"@id\":\"https:\/\/www.visit-ulcinj.com\/blog\/#\/schema\/person\/dcab619c614d3038751c63bc2aadc06d\"},\"description\":\"Informacija Dnevnog centra za djecu i omladinu sa smetnjama i teskocama u razvoju \u201c Sirena \u201c -Ulcinj Dana 2. Aprila 2017. godine, u\u00a0 Ulcinju je obeljezen\u00a0\",\"breadcrumb\":{\"@id\":\"https:\/\/www.visit-ulcinj.com\/blog\/2017\/04\/05\/u-ulcinju-je-obeljezen-medjunarodni-dan-autizma\/#breadcrumb\"},\"inLanguage\":\"en-US\",\"potentialAction\":[{\"@type\":\"ReadAction\",\"target\":[\"https:\/\/www.visit-ulcinj.com\/blog\/2017\/04\/05\/u-ulcinju-je-obeljezen-medjunarodni-dan-autizma\/\"]}]},{\"@type\":\"BreadcrumbList\",\"@id\":\"https:\/\/www.visit-ulcinj.com\/blog\/2017\/04\/05\/u-ulcinju-je-obeljezen-medjunarodni-dan-autizma\/#breadcrumb\",\"itemListElement\":[{\"@type\":\"ListItem\",\"position\":1,\"name\":\"U Ulcinju je obeljezen medjunarodni dan autizma\"}]},{\"@type\":\"Person\",\"@id\":\"https:\/\/www.visit-ulcinj.com\/blog\/#\/schema\/person\/dcab619c614d3038751c63bc2aadc06d\",\"name\":\"ulqini\",\"sameAs\":[\"http:\/\/www.visit-ulcinj.com\"],\"url\":\"https:\/\/www.visit-ulcinj.com\/blog\/author\/admin\/\"}]}<\/script>\n<!-- \/ Yoast SEO plugin. -->","yoast_head_json":{"title":"U Ulcinju je obeljezen medjunarodni dan autizma - Lajme nga Ulqini","description":"Informacija Dnevnog centra za djecu i omladinu sa smetnjama i teskocama u razvoju \u201c Sirena \u201c -Ulcinj Dana 2. Aprila 2017. godine, u\u00a0 Ulcinju je obeljezen\u00a0","robots":{"index":"index","follow":"follow","max-snippet":"max-snippet:-1","max-image-preview":"max-image-preview:large","max-video-preview":"max-video-preview:-1"},"canonical":"https:\/\/www.visit-ulcinj.com\/blog\/2017\/04\/05\/u-ulcinju-je-obeljezen-medjunarodni-dan-autizma\/","og_locale":"en_US","og_type":"article","og_title":"U Ulcinju je obeljezen medjunarodni dan autizma - Lajme nga Ulqini","og_description":"Informacija Dnevnog centra za djecu i omladinu sa smetnjama i teskocama u razvoju \u201c Sirena \u201c -Ulcinj Dana 2. Aprila 2017. godine, u\u00a0 Ulcinju je obeljezen\u00a0","og_url":"https:\/\/www.visit-ulcinj.com\/blog\/2017\/04\/05\/u-ulcinju-je-obeljezen-medjunarodni-dan-autizma\/","og_site_name":"Lajme nga Ulqini","article_published_time":"2017-04-05T13:17:49+00:00","og_image":[{"url":"https:\/\/www.visit-ulcinj.com\/blog\/wp-content\/uploads\/2017\/04\/U-Ulcinju-je-obeljezen-medjunarodni-dan-autizma-Nazif-Cungu-150x150.jpg"}],"twitter_misc":{"Written by":"ulqini","Est. reading time":"1 minute"},"schema":{"@context":"https:\/\/schema.org","@graph":[{"@type":"WebSite","@id":"https:\/\/www.visit-ulcinj.com\/blog\/#website","url":"https:\/\/www.visit-ulcinj.com\/blog\/","name":"Lajme nga Ulqini","description":"Lajme,Vijesti,Ulqini,Ulqin,Crna Gora,Mali i Zi","potentialAction":[{"@type":"SearchAction","target":{"@type":"EntryPoint","urlTemplate":"https:\/\/www.visit-ulcinj.com\/blog\/?s={search_term_string}"},"query-input":"required name=search_term_string"}],"inLanguage":"en-US"},{"@type":"ImageObject","inLanguage":"en-US","@id":"https:\/\/www.visit-ulcinj.com\/blog\/2017\/04\/05\/u-ulcinju-je-obeljezen-medjunarodni-dan-autizma\/#primaryimage","url":"https:\/\/www.visit-ulcinj.com\/blog\/wp-content\/uploads\/2017\/04\/U-Ulcinju-je-obeljezen-medjunarodni-dan-autizma-Alaj.jpg","contentUrl":"https:\/\/www.visit-ulcinj.com\/blog\/wp-content\/uploads\/2017\/04\/U-Ulcinju-je-obeljezen-medjunarodni-dan-autizma-Alaj.jpg","width":960,"height":640},{"@type":"WebPage","@id":"https:\/\/www.visit-ulcinj.com\/blog\/2017\/04\/05\/u-ulcinju-je-obeljezen-medjunarodni-dan-autizma\/#webpage","url":"https:\/\/www.visit-ulcinj.com\/blog\/2017\/04\/05\/u-ulcinju-je-obeljezen-medjunarodni-dan-autizma\/","name":"U Ulcinju je obeljezen medjunarodni dan autizma - Lajme nga Ulqini","isPartOf":{"@id":"https:\/\/www.visit-ulcinj.com\/blog\/#website"},"primaryImageOfPage":{"@id":"https:\/\/www.visit-ulcinj.com\/blog\/2017\/04\/05\/u-ulcinju-je-obeljezen-medjunarodni-dan-autizma\/#primaryimage"},"datePublished":"2017-04-05T13:17:49+00:00","dateModified":"2017-04-05T13:17:49+00:00","author":{"@id":"https:\/\/www.visit-ulcinj.com\/blog\/#\/schema\/person\/dcab619c614d3038751c63bc2aadc06d"},"description":"Informacija Dnevnog centra za djecu i omladinu sa smetnjama i teskocama u razvoju \u201c Sirena \u201c -Ulcinj Dana 2. Aprila 2017. godine, u\u00a0 Ulcinju je obeljezen\u00a0","breadcrumb":{"@id":"https:\/\/www.visit-ulcinj.com\/blog\/2017\/04\/05\/u-ulcinju-je-obeljezen-medjunarodni-dan-autizma\/#breadcrumb"},"inLanguage":"en-US","potentialAction":[{"@type":"ReadAction","target":["https:\/\/www.visit-ulcinj.com\/blog\/2017\/04\/05\/u-ulcinju-je-obeljezen-medjunarodni-dan-autizma\/"]}]},{"@type":"BreadcrumbList","@id":"https:\/\/www.visit-ulcinj.com\/blog\/2017\/04\/05\/u-ulcinju-je-obeljezen-medjunarodni-dan-autizma\/#breadcrumb","itemListElement":[{"@type":"ListItem","position":1,"name":"U Ulcinju je obeljezen medjunarodni dan autizma"}]},{"@type":"Person","@id":"https:\/\/www.visit-ulcinj.com\/blog\/#\/schema\/person\/dcab619c614d3038751c63bc2aadc06d","name":"ulqini","sameAs":["http:\/\/www.visit-ulcinj.com"],"url":"https:\/\/www.visit-ulcinj.com\/blog\/author\/admin\/"}]}},"jetpack_featured_media_url":"","jetpack_sharing_enabled":true,"jetpack_shortlink":"https:\/\/wp.me\/pe6lTn-r6i","_links":{"self":[{"href":"https:\/\/www.visit-ulcinj.com\/blog\/wp-json\/wp\/v2\/posts\/104178"}],"collection":[{"href":"https:\/\/www.visit-ulcinj.com\/blog\/wp-json\/wp\/v2\/posts"}],"about":[{"href":"https:\/\/www.visit-ulcinj.com\/blog\/wp-json\/wp\/v2\/types\/post"}],"author":[{"embeddable":true,"href":"https:\/\/www.visit-ulcinj.com\/blog\/wp-json\/wp\/v2\/users\/1"}],"replies":[{"embeddable":true,"href":"https:\/\/www.visit-ulcinj.com\/blog\/wp-json\/wp\/v2\/comments?post=104178"}],"version-history":[{"count":1,"href":"https:\/\/www.visit-ulcinj.com\/blog\/wp-json\/wp\/v2\/posts\/104178\/revisions"}],"predecessor-version":[{"id":104187,"href":"https:\/\/www.visit-ulcinj.com\/blog\/wp-json\/wp\/v2\/posts\/104178\/revisions\/104187"}],"wp:attachment":[{"href":"https:\/\/www.visit-ulcinj.com\/blog\/wp-json\/wp\/v2\/media?parent=104178"}],"wp:term":[{"taxonomy":"category","embeddable":true,"href":"https:\/\/www.visit-ulcinj.com\/blog\/wp-json\/wp\/v2\/categories?post=104178"},{"taxonomy":"post_tag","embeddable":true,"href":"https:\/\/www.visit-ulcinj.com\/blog\/wp-json\/wp\/v2\/tags?post=104178"}],"curies":[{"name":"wp","href":"https:\/\/api.w.org\/{rel}","templated":true}]}}