{"id":104188,"date":"2017-04-05T14:24:00","date_gmt":"2017-04-05T13:24:00","guid":{"rendered":"http:\/\/www.visit-ulcinj.com\/blog\/?p=104188"},"modified":"2017-04-05T14:24:00","modified_gmt":"2017-04-05T13:24:00","slug":"ne-ulqin-u-shenua-dita-nderkombetare-e-autizmit","status":"publish","type":"post","link":"https:\/\/www.visit-ulcinj.com\/blog\/2017\/04\/05\/ne-ulqin-u-shenua-dita-nderkombetare-e-autizmit\/","title":{"rendered":"N\u00eb Ulqin u sh\u00ebnua dita nd\u00ebrkomb\u00ebtare e autizmit"},"content":{"rendered":"<p><strong><a href=\"http:\/\/www.visit-ulcinj.com\/blog\/wp-content\/uploads\/2017\/04\/U-Ulcinju-je-obeljezen-medjunarodni-dan-autizma-Zylfije-Duraku-.jpg\"><img loading=\"lazy\" class=\"alignleft wp-image-104183\" src=\"http:\/\/www.visit-ulcinj.com\/blog\/wp-content\/uploads\/2017\/04\/U-Ulcinju-je-obeljezen-medjunarodni-dan-autizma-Zylfije-Duraku-.jpg\" alt=\"U Ulcinju je obeljezen  medjunarodni dan autizma-Zylfije Duraku-\" width=\"508\" height=\"339\" srcset=\"https:\/\/www.visit-ulcinj.com\/blog\/wp-content\/uploads\/2017\/04\/U-Ulcinju-je-obeljezen-medjunarodni-dan-autizma-Zylfije-Duraku-.jpg 960w, https:\/\/www.visit-ulcinj.com\/blog\/wp-content\/uploads\/2017\/04\/U-Ulcinju-je-obeljezen-medjunarodni-dan-autizma-Zylfije-Duraku--300x200.jpg 300w, https:\/\/www.visit-ulcinj.com\/blog\/wp-content\/uploads\/2017\/04\/U-Ulcinju-je-obeljezen-medjunarodni-dan-autizma-Zylfije-Duraku--768x512.jpg 768w\" sizes=\"(max-width: 508px) 100vw, 508px\" \/><\/a>Informat\u00eb e Qendr\u00ebs ditore p\u00ebr f\u00ebmij\u00eb dhe t\u00eb rinj me pengesa dhe v\u00ebshtir\u00ebsi n\u00eb zhvillim \u201c Sirena \u201c n\u00eb Ulqin<\/strong><\/p>\n<p>Me 02 prill 2017, n\u00eb Ulqin u sh\u00ebnua dita nd\u00ebrkomb\u00ebtare e autizmit, me organizimin e simpoziumit rajonal , te mb\u00ebshtetur nga Kryetari i Komun\u00ebs\u00a0 z. Nazif Cungu, kryetarja e Shoqat\u00ebs \u201c Anima\u201d dr. Zylfije Gjoni Duraku\u00a0 dhe Qendra ditore \u201cSirena\u201d .<\/p>\n<p><a href=\"http:\/\/www.visit-ulcinj.com\/blog\/wp-content\/uploads\/2017\/04\/Zylfije-Duraku-dan-autizma-Ulcinj.jpg\"><img loading=\"lazy\" class=\"alignleft wp-image-104179\" src=\"http:\/\/www.visit-ulcinj.com\/blog\/wp-content\/uploads\/2017\/04\/Zylfije-Duraku-dan-autizma-Ulcinj.jpg\" alt=\"Zylfije Duraku- dan autizma Ulcinj\" width=\"508\" height=\"339\" srcset=\"https:\/\/www.visit-ulcinj.com\/blog\/wp-content\/uploads\/2017\/04\/Zylfije-Duraku-dan-autizma-Ulcinj.jpg 960w, https:\/\/www.visit-ulcinj.com\/blog\/wp-content\/uploads\/2017\/04\/Zylfije-Duraku-dan-autizma-Ulcinj-300x200.jpg 300w, https:\/\/www.visit-ulcinj.com\/blog\/wp-content\/uploads\/2017\/04\/Zylfije-Duraku-dan-autizma-Ulcinj-768x512.jpg 768w\" sizes=\"(max-width: 508px) 100vw, 508px\" \/><\/a><\/p>\n<p>N\u00eb fokus t\u00eb organizmit\u00a0 t\u00eb k\u00ebtij\u00eb simpoziumi\u00a0 mbar\u00ebvajtja,\u00a0 realizimi dhe\u00a0 arritja e q\u00ebllimit \u00ebsht\u00eb merit\u00eb e tre subjekteve e n\u00eb vecanti Dr. Zylfije Gjoni Duraku.<\/p>\n<p>Doktoresha n\u00eb fjal\u00eb, bashk\u00eb me drejtorin e qendr\u00ebs ditore \u201cSirena \u201c, n\u00eb Ulqin, m\u00eb 14.02.2017, vizituan Qendr\u00ebn ditore\u00a0 \u201c F\u00ebmij\u00ebt shqiptar\u00eb\u201d n\u00eb Tiran\u00eb, ku u takuan me presidenten e k\u00ebtij\u00eb fondacioni , dr. Liri Berisha.<\/p>\n<p>Takimi ishte miq\u00ebsor\u00eb dhe i mir\u00ebseardhur p\u00ebr t\u00eb dyja pal\u00ebt , n\u00eb shk\u00ebmbimin e p\u00ebrvojave, bashk\u00ebpunimit dhe ndihm\u00ebs profesionale, duke ofruar nj\u00eb paket sh\u00ebrbimesh, aktivitetesh sh\u00ebndet\u00ebsore, arsimore dhe sociale p\u00ebr f\u00ebmij\u00ebt me crregullime t\u00eb spektrit t\u00eb autizmit dhe familjeve t\u00eb tyre. P\u00ebrvec tjerash , n\u00eb k\u00ebt\u00eb takim u vendos q\u00eb me dat\u00ebn 2 prill 2017, t\u00eb organizohet simpoziumi rajonal p\u00ebr\u00a0 autizmin, n\u00eb Ulqin.<\/p>\n<p><a href=\"http:\/\/www.visit-ulcinj.com\/blog\/wp-content\/uploads\/2017\/04\/U-Ulcinju-je-obeljezen-medjunarodni-dan-autizma-Alaj-1.jpg\"><img loading=\"lazy\" class=\"alignleft wp-image-104189\" src=\"http:\/\/www.visit-ulcinj.com\/blog\/wp-content\/uploads\/2017\/04\/U-Ulcinju-je-obeljezen-medjunarodni-dan-autizma-Alaj-1.jpg\" alt=\"U Ulcinju je obeljezen  medjunarodni dan autizma-Alaj-1\" width=\"508\" height=\"339\" srcset=\"https:\/\/www.visit-ulcinj.com\/blog\/wp-content\/uploads\/2017\/04\/U-Ulcinju-je-obeljezen-medjunarodni-dan-autizma-Alaj-1.jpg 960w, https:\/\/www.visit-ulcinj.com\/blog\/wp-content\/uploads\/2017\/04\/U-Ulcinju-je-obeljezen-medjunarodni-dan-autizma-Alaj-1-300x200.jpg 300w, https:\/\/www.visit-ulcinj.com\/blog\/wp-content\/uploads\/2017\/04\/U-Ulcinju-je-obeljezen-medjunarodni-dan-autizma-Alaj-1-768x512.jpg 768w\" sizes=\"(max-width: 508px) 100vw, 508px\" \/><\/a><\/p>\n<p>Sigurisht takimi i \u00a02 prillit ishte i vlefsh\u00ebm dhe i mir\u00ebpritur, sepse na dha mund\u00ebsin\u00eb jo vet\u00ebm t\u00eb takohemi , por t\u00eb kuptojm\u00eb dhe t\u00eb afrohemi edhe m\u00eb shum\u00eb me jet\u00ebn dhe realitetin e saj , vecan\u00ebrisht kur b\u00ebhet fjal\u00eb p\u00ebr c\u00ebshtje madhore sic \u00ebsht\u00eb fenomeni i autizmit.<\/p>\n<p>N\u00eb k\u00ebt\u00eb rast na nderuan me pjes\u00ebmarrjen e tyre n\u00eb k\u00ebt\u00eb veprimtari, nga Mali i Zi Prim. Dr. Stanka Mrdak, nga Shqip\u00ebria Presidentja e Fondacionit\u00a0 \u201cF\u00ebmij\u00ebt shqiptar\u00eb\u201d , Dr. Liri Berisha, nga Kosova Dr. Flora Brovina si dhe shum\u00eb miq t\u00eb ftuar.<\/p>\n<p>Programi i simpoziumit, n\u00eb p\u00ebrmbajtjen e vet ka trajtuar tema shkencore nga kjo l\u00ebmi, nga ligj\u00ebruesit:<\/p>\n<ol>\n<li>Dr . Stanka Mrdak- Mali I Zi<\/li>\n<li>Liri Berisha- Shqipe\u00ebri<\/li>\n<li>Flora Brovina- Kosov\u00eb<\/li>\n<li>Juliana Esaj- Tiran\u00eb<\/li>\n<li>Oriela Pampuri- Tiran\u00eb<\/li>\n<li>Eliana Naci- Tiran\u00eb<\/li>\n<li>Dr. Ariel Como- Tiran\u00eb<\/li>\n<li>Branka Dumniq-Mali i Zi<\/li>\n<li>Ardita Koka- Ulqin<\/li>\n<li>Nina Popoviq- Ulqin<\/li>\n<li>Sabra Dragovoja- Tuz<\/li>\n<li>Salije Meqikukiq- Ulqin<\/li>\n<\/ol>\n<p>Mesazhi i ligjeratave ishte q\u00eb f\u00ebmij\u00ebt dhe t\u00eb rinjt\u00eb me aft\u00ebsi t\u00eb kufizuara , duhet t\u00eb b\u00ebjn\u00eb nj\u00eb jet\u00eb normale dhe kualitative , n\u00eb kushte ku u sigurohet dinjiteti, ngroht\u00ebsia, personaliteti dhe dashuria , duke krijuar te ta bindjen p\u00ebr jet\u00eb t\u00eb lumtur dhe pjes\u00ebmarrje aktive n\u00eb shoq\u00ebri.<\/p>\n<p><strong>\u00a0Drejtori,<\/strong><\/p>\n<p><strong>Bilal Alaj<\/strong><\/p>\n\n\t\t<style type=\"text\/css\">\n\t\t\t#gallery-1 {\n\t\t\t\tmargin: auto;\n\t\t\t}\n\t\t\t#gallery-1 .gallery-item {\n\t\t\t\tfloat: left;\n\t\t\t\tmargin-top: 10px;\n\t\t\t\ttext-align: center;\n\t\t\t\twidth: 33%;\n\t\t\t}\n\t\t\t#gallery-1 img {\n\t\t\t\tborder: 2px solid #cfcfcf;\n\t\t\t}\n\t\t\t#gallery-1 .gallery-caption {\n\t\t\t\tmargin-left: 0;\n\t\t\t}\n\t\t\t\/* see gallery_shortcode() in wp-includes\/media.php *\/\n\t\t<\/style>\n\t\t<div id='gallery-1' class='gallery galleryid-104188 gallery-columns-3 gallery-size-thumbnail'><dl class='gallery-item'>\n\t\t\t<dt class='gallery-icon landscape'>\n\t\t\t\t<a href='https:\/\/www.visit-ulcinj.com\/blog\/2017\/04\/05\/u-ulcinju-je-obeljezen-medjunarodni-dan-autizma\/u-ulcinju-je-obeljezen-medjunarodni-dan-autizma-3\/'><img width=\"150\" height=\"150\" src=\"https:\/\/www.visit-ulcinj.com\/blog\/wp-content\/uploads\/2017\/04\/U-Ulcinju-je-obeljezen-medjunarodni-dan-autizma-3-150x150.jpg\" class=\"attachment-thumbnail size-thumbnail\" alt=\"\" loading=\"lazy\" \/><\/a>\n\t\t\t<\/dt><\/dl><dl class='gallery-item'>\n\t\t\t<dt class='gallery-icon landscape'>\n\t\t\t\t<a href='https:\/\/www.visit-ulcinj.com\/blog\/2017\/04\/05\/u-ulcinju-je-obeljezen-medjunarodni-dan-autizma\/u-ulcinju-je-obeljezen-medjunarodni-dan-autizma-2\/'><img width=\"150\" height=\"150\" src=\"https:\/\/www.visit-ulcinj.com\/blog\/wp-content\/uploads\/2017\/04\/U-Ulcinju-je-obeljezen-medjunarodni-dan-autizma-2-150x150.jpg\" class=\"attachment-thumbnail size-thumbnail\" alt=\"\" loading=\"lazy\" \/><\/a>\n\t\t\t<\/dt><\/dl><dl class='gallery-item'>\n\t\t\t<dt class='gallery-icon landscape'>\n\t\t\t\t<a href='https:\/\/www.visit-ulcinj.com\/blog\/2017\/04\/05\/u-ulcinju-je-obeljezen-medjunarodni-dan-autizma\/u-ulcinju-je-obeljezen-medjunarodni-dan-autizma-zylfije-duraku-1\/'><img width=\"150\" height=\"150\" src=\"https:\/\/www.visit-ulcinj.com\/blog\/wp-content\/uploads\/2017\/04\/U-Ulcinju-je-obeljezen-medjunarodni-dan-autizma-Zylfije-Duraku-1-150x150.jpg\" class=\"attachment-thumbnail size-thumbnail\" alt=\"\" loading=\"lazy\" \/><\/a>\n\t\t\t<\/dt><\/dl><br style=\"clear: both\" \/><dl class='gallery-item'>\n\t\t\t<dt class='gallery-icon landscape'>\n\t\t\t\t<a href='https:\/\/www.visit-ulcinj.com\/blog\/2017\/04\/05\/u-ulcinju-je-obeljezen-medjunarodni-dan-autizma\/u-ulcinju-je-obeljezen-medjunarodni-dan-autizma-nazif-cungu\/'><img width=\"150\" height=\"150\" src=\"https:\/\/www.visit-ulcinj.com\/blog\/wp-content\/uploads\/2017\/04\/U-Ulcinju-je-obeljezen-medjunarodni-dan-autizma-Nazif-Cungu-150x150.jpg\" class=\"attachment-thumbnail size-thumbnail\" alt=\"\" loading=\"lazy\" \/><\/a>\n\t\t\t<\/dt><\/dl><dl class='gallery-item'>\n\t\t\t<dt class='gallery-icon landscape'>\n\t\t\t\t<a href='https:\/\/www.visit-ulcinj.com\/blog\/2017\/04\/05\/u-ulcinju-je-obeljezen-medjunarodni-dan-autizma\/u-ulcinju-je-obeljezen-medjunarodni-dan-autizma-1\/'><img width=\"150\" height=\"150\" src=\"https:\/\/www.visit-ulcinj.com\/blog\/wp-content\/uploads\/2017\/04\/U-Ulcinju-je-obeljezen-medjunarodni-dan-autizma-1-150x150.jpg\" class=\"attachment-thumbnail size-thumbnail\" alt=\"\" loading=\"lazy\" \/><\/a>\n\t\t\t<\/dt><\/dl><dl class='gallery-item'>\n\t\t\t<dt class='gallery-icon landscape'>\n\t\t\t\t<a href='https:\/\/www.visit-ulcinj.com\/blog\/2017\/04\/05\/u-ulcinju-je-obeljezen-medjunarodni-dan-autizma\/u-ulcinju-je-obeljezen-medjunarodni-dan-autizma-alaj\/'><img width=\"150\" height=\"150\" src=\"https:\/\/www.visit-ulcinj.com\/blog\/wp-content\/uploads\/2017\/04\/U-Ulcinju-je-obeljezen-medjunarodni-dan-autizma-Alaj-150x150.jpg\" class=\"attachment-thumbnail size-thumbnail\" alt=\"\" loading=\"lazy\" \/><\/a>\n\t\t\t<\/dt><\/dl><br style=\"clear: both\" \/>\n\t\t<\/div>\n\n<p>&nbsp;<\/p>\n<p>&nbsp;<\/p>\n","protected":false},"excerpt":{"rendered":"<p>Informat\u00eb e Qendr\u00ebs ditore p\u00ebr f\u00ebmij\u00eb dhe t\u00eb rinj me pengesa dhe v\u00ebshtir\u00ebsi n\u00eb zhvillim \u201c Sirena \u201c n\u00eb Ulqin Me 02 prill 2017, n\u00eb Ulqin u sh\u00ebnua dita nd\u00ebrkomb\u00ebtare e autizmit, me organizimin e simpoziumit rajonal , te mb\u00ebshtetur nga Kryetari i Komun\u00ebs\u00a0 z. Nazif Cungu, kryetarja e Shoqat\u00ebs \u201c Anima\u201d dr. Zylfije Gjoni [&hellip;]<\/p>\n","protected":false},"author":1,"featured_media":0,"comment_status":"closed","ping_status":"closed","sticky":false,"template":"","format":"standard","meta":{"spay_email":"","jetpack_publicize_message":"","jetpack_is_tweetstorm":false,"jetpack_publicize_feature_enabled":true},"categories":[11],"tags":[],"jetpack_publicize_connections":[],"yoast_head":"<!-- This site is optimized with the Yoast SEO plugin v19.1 - https:\/\/yoast.com\/wordpress\/plugins\/seo\/ -->\n<title>N\u00eb Ulqin u sh\u00ebnua dita nd\u00ebrkomb\u00ebtare e autizmit - Lajme nga Ulqini<\/title>\n<meta name=\"description\" content=\"Informat\u00eb e Qendr\u00ebs ditore p\u00ebr f\u00ebmij\u00eb dhe t\u00eb rinj me pengesa dhe v\u00ebshtir\u00ebsi n\u00eb zhvillim \u201c Sirena \u201c n\u00eb Ulqin Me 02 prill 2017, n\u00eb Ulqin u sh\u00ebnua dita\" \/>\n<meta name=\"robots\" content=\"index, follow, max-snippet:-1, max-image-preview:large, max-video-preview:-1\" \/>\n<link rel=\"canonical\" href=\"https:\/\/www.visit-ulcinj.com\/blog\/2017\/04\/05\/ne-ulqin-u-shenua-dita-nderkombetare-e-autizmit\/\" \/>\n<meta property=\"og:locale\" content=\"en_US\" \/>\n<meta property=\"og:type\" content=\"article\" \/>\n<meta property=\"og:title\" content=\"N\u00eb Ulqin u sh\u00ebnua dita nd\u00ebrkomb\u00ebtare e autizmit - Lajme nga Ulqini\" \/>\n<meta property=\"og:description\" content=\"Informat\u00eb e Qendr\u00ebs ditore p\u00ebr f\u00ebmij\u00eb dhe t\u00eb rinj me pengesa dhe v\u00ebshtir\u00ebsi n\u00eb zhvillim \u201c Sirena \u201c n\u00eb Ulqin Me 02 prill 2017, n\u00eb Ulqin u sh\u00ebnua dita\" \/>\n<meta property=\"og:url\" content=\"https:\/\/www.visit-ulcinj.com\/blog\/2017\/04\/05\/ne-ulqin-u-shenua-dita-nderkombetare-e-autizmit\/\" \/>\n<meta property=\"og:site_name\" content=\"Lajme nga Ulqini\" \/>\n<meta property=\"article:published_time\" content=\"2017-04-05T13:24:00+00:00\" \/>\n<meta property=\"og:image\" content=\"https:\/\/www.visit-ulcinj.com\/blog\/wp-content\/uploads\/2017\/04\/U-Ulcinju-je-obeljezen-medjunarodni-dan-autizma-3-150x150.jpg\" \/>\n<meta name=\"twitter:label1\" content=\"Written by\" \/>\n\t<meta name=\"twitter:data1\" content=\"ulqini\" \/>\n\t<meta name=\"twitter:label2\" content=\"Est. reading time\" \/>\n\t<meta name=\"twitter:data2\" content=\"2 minutes\" \/>\n<script type=\"application\/ld+json\" class=\"yoast-schema-graph\">{\"@context\":\"https:\/\/schema.org\",\"@graph\":[{\"@type\":\"WebSite\",\"@id\":\"https:\/\/www.visit-ulcinj.com\/blog\/#website\",\"url\":\"https:\/\/www.visit-ulcinj.com\/blog\/\",\"name\":\"Lajme nga Ulqini\",\"description\":\"Lajme,Vijesti,Ulqini,Ulqin,Crna Gora,Mali i Zi\",\"potentialAction\":[{\"@type\":\"SearchAction\",\"target\":{\"@type\":\"EntryPoint\",\"urlTemplate\":\"https:\/\/www.visit-ulcinj.com\/blog\/?s={search_term_string}\"},\"query-input\":\"required name=search_term_string\"}],\"inLanguage\":\"en-US\"},{\"@type\":\"ImageObject\",\"inLanguage\":\"en-US\",\"@id\":\"https:\/\/www.visit-ulcinj.com\/blog\/2017\/04\/05\/ne-ulqin-u-shenua-dita-nderkombetare-e-autizmit\/#primaryimage\",\"url\":\"https:\/\/www.visit-ulcinj.com\/blog\/wp-content\/uploads\/2017\/04\/U-Ulcinju-je-obeljezen-medjunarodni-dan-autizma-Zylfije-Duraku-.jpg\",\"contentUrl\":\"https:\/\/www.visit-ulcinj.com\/blog\/wp-content\/uploads\/2017\/04\/U-Ulcinju-je-obeljezen-medjunarodni-dan-autizma-Zylfije-Duraku-.jpg\",\"width\":960,\"height\":640},{\"@type\":\"WebPage\",\"@id\":\"https:\/\/www.visit-ulcinj.com\/blog\/2017\/04\/05\/ne-ulqin-u-shenua-dita-nderkombetare-e-autizmit\/#webpage\",\"url\":\"https:\/\/www.visit-ulcinj.com\/blog\/2017\/04\/05\/ne-ulqin-u-shenua-dita-nderkombetare-e-autizmit\/\",\"name\":\"N\u00eb Ulqin u sh\u00ebnua dita nd\u00ebrkomb\u00ebtare e autizmit - Lajme nga Ulqini\",\"isPartOf\":{\"@id\":\"https:\/\/www.visit-ulcinj.com\/blog\/#website\"},\"primaryImageOfPage\":{\"@id\":\"https:\/\/www.visit-ulcinj.com\/blog\/2017\/04\/05\/ne-ulqin-u-shenua-dita-nderkombetare-e-autizmit\/#primaryimage\"},\"datePublished\":\"2017-04-05T13:24:00+00:00\",\"dateModified\":\"2017-04-05T13:24:00+00:00\",\"author\":{\"@id\":\"https:\/\/www.visit-ulcinj.com\/blog\/#\/schema\/person\/dcab619c614d3038751c63bc2aadc06d\"},\"description\":\"Informat\u00eb e Qendr\u00ebs ditore p\u00ebr f\u00ebmij\u00eb dhe t\u00eb rinj me pengesa dhe v\u00ebshtir\u00ebsi n\u00eb zhvillim \u201c Sirena \u201c n\u00eb Ulqin Me 02 prill 2017, n\u00eb Ulqin u sh\u00ebnua dita\",\"breadcrumb\":{\"@id\":\"https:\/\/www.visit-ulcinj.com\/blog\/2017\/04\/05\/ne-ulqin-u-shenua-dita-nderkombetare-e-autizmit\/#breadcrumb\"},\"inLanguage\":\"en-US\",\"potentialAction\":[{\"@type\":\"ReadAction\",\"target\":[\"https:\/\/www.visit-ulcinj.com\/blog\/2017\/04\/05\/ne-ulqin-u-shenua-dita-nderkombetare-e-autizmit\/\"]}]},{\"@type\":\"BreadcrumbList\",\"@id\":\"https:\/\/www.visit-ulcinj.com\/blog\/2017\/04\/05\/ne-ulqin-u-shenua-dita-nderkombetare-e-autizmit\/#breadcrumb\",\"itemListElement\":[{\"@type\":\"ListItem\",\"position\":1,\"name\":\"N\u00eb Ulqin u sh\u00ebnua dita nd\u00ebrkomb\u00ebtare e autizmit\"}]},{\"@type\":\"Person\",\"@id\":\"https:\/\/www.visit-ulcinj.com\/blog\/#\/schema\/person\/dcab619c614d3038751c63bc2aadc06d\",\"name\":\"ulqini\",\"sameAs\":[\"http:\/\/www.visit-ulcinj.com\"],\"url\":\"https:\/\/www.visit-ulcinj.com\/blog\/author\/admin\/\"}]}<\/script>\n<!-- \/ Yoast SEO plugin. -->","yoast_head_json":{"title":"N\u00eb Ulqin u sh\u00ebnua dita nd\u00ebrkomb\u00ebtare e autizmit - Lajme nga Ulqini","description":"Informat\u00eb e Qendr\u00ebs ditore p\u00ebr f\u00ebmij\u00eb dhe t\u00eb rinj me pengesa dhe v\u00ebshtir\u00ebsi n\u00eb zhvillim \u201c Sirena \u201c n\u00eb Ulqin Me 02 prill 2017, n\u00eb Ulqin u sh\u00ebnua dita","robots":{"index":"index","follow":"follow","max-snippet":"max-snippet:-1","max-image-preview":"max-image-preview:large","max-video-preview":"max-video-preview:-1"},"canonical":"https:\/\/www.visit-ulcinj.com\/blog\/2017\/04\/05\/ne-ulqin-u-shenua-dita-nderkombetare-e-autizmit\/","og_locale":"en_US","og_type":"article","og_title":"N\u00eb Ulqin u sh\u00ebnua dita nd\u00ebrkomb\u00ebtare e autizmit - Lajme nga Ulqini","og_description":"Informat\u00eb e Qendr\u00ebs ditore p\u00ebr f\u00ebmij\u00eb dhe t\u00eb rinj me pengesa dhe v\u00ebshtir\u00ebsi n\u00eb zhvillim \u201c Sirena \u201c n\u00eb Ulqin Me 02 prill 2017, n\u00eb Ulqin u sh\u00ebnua dita","og_url":"https:\/\/www.visit-ulcinj.com\/blog\/2017\/04\/05\/ne-ulqin-u-shenua-dita-nderkombetare-e-autizmit\/","og_site_name":"Lajme nga Ulqini","article_published_time":"2017-04-05T13:24:00+00:00","og_image":[{"url":"https:\/\/www.visit-ulcinj.com\/blog\/wp-content\/uploads\/2017\/04\/U-Ulcinju-je-obeljezen-medjunarodni-dan-autizma-3-150x150.jpg"}],"twitter_misc":{"Written by":"ulqini","Est. reading time":"2 minutes"},"schema":{"@context":"https:\/\/schema.org","@graph":[{"@type":"WebSite","@id":"https:\/\/www.visit-ulcinj.com\/blog\/#website","url":"https:\/\/www.visit-ulcinj.com\/blog\/","name":"Lajme nga Ulqini","description":"Lajme,Vijesti,Ulqini,Ulqin,Crna Gora,Mali i Zi","potentialAction":[{"@type":"SearchAction","target":{"@type":"EntryPoint","urlTemplate":"https:\/\/www.visit-ulcinj.com\/blog\/?s={search_term_string}"},"query-input":"required name=search_term_string"}],"inLanguage":"en-US"},{"@type":"ImageObject","inLanguage":"en-US","@id":"https:\/\/www.visit-ulcinj.com\/blog\/2017\/04\/05\/ne-ulqin-u-shenua-dita-nderkombetare-e-autizmit\/#primaryimage","url":"https:\/\/www.visit-ulcinj.com\/blog\/wp-content\/uploads\/2017\/04\/U-Ulcinju-je-obeljezen-medjunarodni-dan-autizma-Zylfije-Duraku-.jpg","contentUrl":"https:\/\/www.visit-ulcinj.com\/blog\/wp-content\/uploads\/2017\/04\/U-Ulcinju-je-obeljezen-medjunarodni-dan-autizma-Zylfije-Duraku-.jpg","width":960,"height":640},{"@type":"WebPage","@id":"https:\/\/www.visit-ulcinj.com\/blog\/2017\/04\/05\/ne-ulqin-u-shenua-dita-nderkombetare-e-autizmit\/#webpage","url":"https:\/\/www.visit-ulcinj.com\/blog\/2017\/04\/05\/ne-ulqin-u-shenua-dita-nderkombetare-e-autizmit\/","name":"N\u00eb Ulqin u sh\u00ebnua dita nd\u00ebrkomb\u00ebtare e autizmit - Lajme nga Ulqini","isPartOf":{"@id":"https:\/\/www.visit-ulcinj.com\/blog\/#website"},"primaryImageOfPage":{"@id":"https:\/\/www.visit-ulcinj.com\/blog\/2017\/04\/05\/ne-ulqin-u-shenua-dita-nderkombetare-e-autizmit\/#primaryimage"},"datePublished":"2017-04-05T13:24:00+00:00","dateModified":"2017-04-05T13:24:00+00:00","author":{"@id":"https:\/\/www.visit-ulcinj.com\/blog\/#\/schema\/person\/dcab619c614d3038751c63bc2aadc06d"},"description":"Informat\u00eb e Qendr\u00ebs ditore p\u00ebr f\u00ebmij\u00eb dhe t\u00eb rinj me pengesa dhe v\u00ebshtir\u00ebsi n\u00eb zhvillim \u201c Sirena \u201c n\u00eb Ulqin Me 02 prill 2017, n\u00eb Ulqin u sh\u00ebnua dita","breadcrumb":{"@id":"https:\/\/www.visit-ulcinj.com\/blog\/2017\/04\/05\/ne-ulqin-u-shenua-dita-nderkombetare-e-autizmit\/#breadcrumb"},"inLanguage":"en-US","potentialAction":[{"@type":"ReadAction","target":["https:\/\/www.visit-ulcinj.com\/blog\/2017\/04\/05\/ne-ulqin-u-shenua-dita-nderkombetare-e-autizmit\/"]}]},{"@type":"BreadcrumbList","@id":"https:\/\/www.visit-ulcinj.com\/blog\/2017\/04\/05\/ne-ulqin-u-shenua-dita-nderkombetare-e-autizmit\/#breadcrumb","itemListElement":[{"@type":"ListItem","position":1,"name":"N\u00eb Ulqin u sh\u00ebnua dita nd\u00ebrkomb\u00ebtare e autizmit"}]},{"@type":"Person","@id":"https:\/\/www.visit-ulcinj.com\/blog\/#\/schema\/person\/dcab619c614d3038751c63bc2aadc06d","name":"ulqini","sameAs":["http:\/\/www.visit-ulcinj.com"],"url":"https:\/\/www.visit-ulcinj.com\/blog\/author\/admin\/"}]}},"jetpack_featured_media_url":"","jetpack_sharing_enabled":true,"jetpack_shortlink":"https:\/\/wp.me\/pe6lTn-r6s","_links":{"self":[{"href":"https:\/\/www.visit-ulcinj.com\/blog\/wp-json\/wp\/v2\/posts\/104188"}],"collection":[{"href":"https:\/\/www.visit-ulcinj.com\/blog\/wp-json\/wp\/v2\/posts"}],"about":[{"href":"https:\/\/www.visit-ulcinj.com\/blog\/wp-json\/wp\/v2\/types\/post"}],"author":[{"embeddable":true,"href":"https:\/\/www.visit-ulcinj.com\/blog\/wp-json\/wp\/v2\/users\/1"}],"replies":[{"embeddable":true,"href":"https:\/\/www.visit-ulcinj.com\/blog\/wp-json\/wp\/v2\/comments?post=104188"}],"version-history":[{"count":1,"href":"https:\/\/www.visit-ulcinj.com\/blog\/wp-json\/wp\/v2\/posts\/104188\/revisions"}],"predecessor-version":[{"id":104190,"href":"https:\/\/www.visit-ulcinj.com\/blog\/wp-json\/wp\/v2\/posts\/104188\/revisions\/104190"}],"wp:attachment":[{"href":"https:\/\/www.visit-ulcinj.com\/blog\/wp-json\/wp\/v2\/media?parent=104188"}],"wp:term":[{"taxonomy":"category","embeddable":true,"href":"https:\/\/www.visit-ulcinj.com\/blog\/wp-json\/wp\/v2\/categories?post=104188"},{"taxonomy":"post_tag","embeddable":true,"href":"https:\/\/www.visit-ulcinj.com\/blog\/wp-json\/wp\/v2\/tags?post=104188"}],"curies":[{"name":"wp","href":"https:\/\/api.w.org\/{rel}","templated":true}]}}