{"id":104191,"date":"2017-04-05T14:35:41","date_gmt":"2017-04-05T13:35:41","guid":{"rendered":"http:\/\/www.visit-ulcinj.com\/blog\/?p=104191"},"modified":"2017-04-05T14:35:41","modified_gmt":"2017-04-05T13:35:41","slug":"masakra-e-tivarit-prologu-nje-diktature-antishqiptare","status":"publish","type":"post","link":"https:\/\/www.visit-ulcinj.com\/blog\/2017\/04\/05\/masakra-e-tivarit-prologu-nje-diktature-antishqiptare\/","title":{"rendered":"Masakra e Tivarit, prologu i nj\u00eb diktature antishqiptare"},"content":{"rendered":"<div class=\"field field-name-body field-type-text-with-summary field-label-hidden\">\n<div class=\"field-items\">\n<div class=\"field-item even\">\n<p><a href=\"http:\/\/www.visit-ulcinj.com\/blog\/wp-content\/uploads\/2013\/04\/tragjedia_e_tivarit.jpg\"><img loading=\"lazy\" class=\"alignleft wp-image-70895\" src=\"http:\/\/www.visit-ulcinj.com\/blog\/wp-content\/uploads\/2013\/04\/tragjedia_e_tivarit.jpg\" alt=\"tragjedia_e_tivarit\" width=\"508\" height=\"302\" srcset=\"https:\/\/www.visit-ulcinj.com\/blog\/wp-content\/uploads\/2013\/04\/tragjedia_e_tivarit.jpg 645w, https:\/\/www.visit-ulcinj.com\/blog\/wp-content\/uploads\/2013\/04\/tragjedia_e_tivarit-300x178.jpg 300w\" sizes=\"(max-width: 508px) 100vw, 508px\" \/><\/a>Tivari, rreth 25 km larg nga Ulqini, pik\u00ebrisht n\u00eb vendin e masakr\u00ebs s\u00eb madhe m\u00eb 31 mars 1945, edhe sot e k\u00ebsaj dite gjen parulla t\u00eb shkruajtura p\u00ebr vrasje t\u00eb shqiptar\u00ebve. \u201cN\u00eb nj\u00eb parull\u00eb t\u00eb shkruajtur n\u00eb nj\u00eb mur me sfond t\u00eb bardh\u00eb t\u00eb nj\u00eb sht\u00ebpie af\u00ebr bashkis\u00eb s\u00eb qytetit t\u00eb Tivarit, \u00ebsht\u00eb shkruajtur me shkronja t\u00eb zeza me nj\u00eb lart\u00ebsi rreth nj\u00eb met\u00ebr n\u00eb serbisht \u201cUbij koli da shiftar, ne postoji\u201d, q\u00eb n\u00eb shqip do t\u00eb p\u00ebrkthehej \u201cvrit e prit (n\u00eb fyt) q\u00eb shqiptari t\u00eb mos ekzistoj\u00eb\u201d. N\u00eb af\u00ebrsi t\u00eb atij muri kalojn\u00eb t\u00eb gjith\u00eb, por askush nuk e prish at\u00eb parull\u00eb shoviniste dhe me premisa genocidiste, m\u00eb tregonte para ca koh\u00ebsh nj\u00eb shqiptar nga Ulqini, Kabil Mehmeti.<\/p>\n<p>Realisht mu mbush\u00ebn syt\u00eb me lot, duke menduar se ku buron kjo urrejtje dhe antishqiptariz\u00ebm i fqinj\u00ebve tan\u00eb ballkanik\u00eb. Sa na kan\u00eb vra e na kan\u00eb pre k\u00ebta antishqiptar\u00eb dhe s\u2019paskan pas t\u00eb ngopur, deri n\u00eb fyerje q\u00eb t\u00eb na quajn\u00eb \u201cshiftar\u201d, kur n\u00eb serbisht ky em\u00ebr lexohet \u201callbanski\u201d.<\/p>\n<p>Jam i bindur se kjo \u00ebsht\u00eb raca sllavo-komuniste q\u00eb n\u00eb bashk\u00ebpunim me panortodoksin\u00eb greke kan\u00eb edukuar q\u00eb n\u00eb djep f\u00ebmij\u00ebt e tyre q\u00eb n\u00eb qum\u00ebshtin e gjirit me urrejtje ndaj njeriut me emrin \u201cshqiptar\u201d. Them kjo rac\u00eb sllavo-komuniste se n\u00eb em\u00ebr t\u00eb saj u b\u00eb edhe masakra e Tivarit, 72 vjet m\u00eb par\u00eb, se ishin pik\u00ebrisht bashk\u00ebpunimi i komunist\u00ebve shqiptar\u00eb me sllavo-komunist\u00ebt q\u00eb vran\u00eb bijt\u00eb e Kosov\u00ebs n\u00eb em\u00ebr t\u00eb internacionalizmit. Ajo parull\u00eb vazhdon t\u00eb sfidoj\u00eb pik\u00ebrisht at\u00eb q\u00eb do t\u00eb duhej t\u00eb ishte nj\u00eb p\u00ebrmendore p\u00ebrkujtimi p\u00ebr at\u00eb masak\u00ebr pabesie.<\/p>\n<p>Nj\u00eb prej njer\u00ebzve t\u00eb mir\u00ebnjohur tashm\u00eb n\u00eb fush\u00ebn e letrave bot\u00ebrore, Aleksand\u00ebr Sozelnicin ka th\u00ebn\u00eb se \u201cpo t\u00eb mos kishte r\u00ebn\u00eb komunizmi, njer\u00ebzit do t\u00eb ishin kthyer n\u00eb majmun\u00eb. Si \u00ebsht\u00eb e mundur q\u00eb nj\u00eb regjim q\u00eb pretendon mb\u00ebshtetje p\u00ebr njeriun, p\u00ebrdor metodat m\u00eb antinjer\u00ebzore\u201d. P\u00ebr kujtes\u00eb t\u00eb lexuesve, 31 marsi i vitit 1945 ka fiksuar masakr\u00ebn m\u00eb t\u00eb madhe t\u00eb ndodhur ndaj shqiptar\u00ebve n\u00eb nj\u00eb dit\u00eb t\u00eb vetme. Historiani tashm\u00eb 90 vje\u00e7ar, Rasim Bebo, ish ushtarak, q\u00eb sot jeton n\u00eb \u00c7ikago t\u00eb SHBA, kujton dhe hedh n\u00eb let\u00ebr k\u00ebt\u00eb masak\u00ebr kur shkruan se \u201cVasel Canaj e thot\u00eb me vend se Ramiz Alia shkoi n\u00eb Kosov\u00eb me titullin e \u201cKomisarit\u201d, n\u00eb sh\u00ebrbim t\u00eb Jugosllavis\u00eb bashk\u00eb me Shefqet Pe\u00e7in, m\u00eb 1945. Aty dogj\u00ebn rreth 40 katunde n\u00eb Drenic\u00eb dhe pushkatuan, vran\u00eb dhe torturuan, popullsin\u00eb patriotike t\u00eb Drenic\u00ebs. Tahir K\u00ebrrnaja, m\u00eb thoshte p\u00ebr torturat, q\u00eb u kan\u00eb b\u00ebr\u00eb drenicasve: \u201c&#8230;duke i \u00e7ar\u00eb n\u00eb gjoks, duke u futur krip\u00eb brenda dhe pastaj duke ua mbyllur gjoksin\u201d.<\/p>\n<p>P\u00ebr k\u00ebt\u00eb, K\u00ebrrnaja em\u00ebronte Ramiz Alin\u00eb dhe Shefqet Pe\u00e7in, edhe p\u00ebr \u201cMasakr\u00ebn tragjike t\u00eb Tivarit\u201d. Brigadat partizane t\u00eb drejtuara nga komisari Ramiz Alia u soll\u00ebn n\u00eb mbarim t\u00eb Luft\u00ebs s\u00eb Dyt\u00eb Bot\u00ebrore n\u00eb Kosov\u00eb, ku misioni i tyre ishte t\u00eb lanin me gjak shqiptari tok\u00ebn\u00a0 kosovare, t\u00eb \u00e7armatoste popullin dhe t\u2019i dor\u00ebzonte Kosov\u00ebn Serbis\u00eb, gj\u00eb q\u00eb komisar Ramizi e kreu m\u00eb s\u00eb miri. Sipas k\u00ebrkimeve, t\u00eb vdekur jan\u00eb 3741, dhe t\u00eb plagosur 634. Sa p\u00ebr 251 shpirtra q\u00eb mungojn\u00eb, shumica gra dhe vajza, k\u00ebto do t\u00eb jen\u00eb marr\u00eb rob, p\u00ebr t\u2019u sh\u00ebrbyer \u00e7etnik\u00ebve serb\u00eb, p\u00ebr t\u2019u plot\u00ebsuar vepr\u00ebn e tyre t\u00eb turpshme \u00e7njer\u00ebzore. Xheladin Hana, thot\u00eb: \u201c&#8230;86.000 t\u00eb vrar\u00eb, thekur e djegur \u00a0prej komunist\u00ebve serb\u00eb, malazez e maqedonas, nga t\u00eb cil\u00ebt 36.000 n\u00eb Rrafshin e Kosov\u00ebs. 23.000 n\u00eb Rrafshin e Dukagjinit, 27.000 n\u00eb trev\u00ebn e Vardarit, 22.000 bastisje. Jan\u00eb marr\u00eb n\u00eb pyetje 200.000 vet\u00eb, ata jan\u00eb rrahur, fyer e k\u00ebrc\u00ebnuar, kund\u00ebr popullsis\u00eb shqiptare\u00a0 jan\u00eb b\u00ebr\u00eb raprezalje me 208 operacione ushtarake, pa folur k\u00ebtu p\u00ebr masakr\u00ebn e Tivarit\u201d.<\/p>\n<p>P\u00ebr t\u00eb gjitha k\u00ebto krime, Tirana zyrtare hesht dhe Enver Hoxha n\u00eb dhjetor 1946 thot\u00eb: \u201cDisa an\u00ebtar\u00eb partie duan t\u00eb filozofojn\u00eb, se mos thot\u00eb populli \u00e7\u2019b\u00ebt\u00eb me Kosov\u00ebn. Jugosllavia \u00ebsht\u00eb m\u00eb e avancuar se ne, interesi jon\u00eb \u00ebsht\u00eb q\u00eb ajo t\u00eb jet\u00eb e fort\u00eb. A \u00ebsht\u00eb n\u00eb interes t\u00eb k\u00ebrkojm\u00eb Kosov\u00ebn, kjo nuk \u00ebsht\u00eb progresive. Pra, ne k\u00ebt\u00eb situat\u00eb p\u00ebrkundrazi, duhet t\u00eb b\u00ebjm\u00eb \u00e7\u2019\u00ebsht\u00eb e mundur, q\u00eb kosovar\u00ebt t\u00eb v\u00ebllaz\u00ebrohen n\u00eb Jugosllavi&#8230;Ne do ta shpeshtojm\u00eb (k\u00ebt\u00eb), kush nuk e kupton, ne do ta luftojm\u00eb\u201d. \u201cMasakr\u00ebn e Tivarit\u201d, Tiran\u00eb 1998.<\/p>\n<p>Shkruar nga d\u00ebshmitari sypam\u00ebs mitrovicasi Azem Ajdini. Mbi at\u00eb \u00e7ka ka hequr mbi kurriz dhe u kan\u00eb par\u00eb syt\u00eb. Kjo mynxyr\u00eb i takon krejt kombit shqiptar, por edhe kombeve sllave q\u00eb jetojn\u00eb n\u00eb k\u00ebt\u00eb gadishull. Vrasja nuk \u00ebsht\u00eb \u00e7\u00ebshtje vet\u00ebm e atij q\u00eb vritet, por edhe atij q\u00eb vret. Zot\u00ebrinj t\u00eb elit\u00ebs kosovare, m\u00ebsoni se Enver Hoxha shkoi aq thell\u00eb, sa nuk ka shembull n\u00eb histori, nuk ka shembull n\u00eb analet e tradhtis\u00eb komb\u00ebtare. Nd\u00ebrsa masakron Kosov\u00ebn, nd\u00ebrsa b\u00ebn t\u00eb paqen\u00eb historin\u00eb martire t\u00eb \u00c7am\u00ebris\u00eb, e pjes\u00ebzon dhe m\u00eb thell\u00eb Shqip\u00ebrin\u00eb, n\u00eb nj\u00eb urrejtje t\u00eb pashpallur. Forcat partizane t\u00eb brigadave shqiptare n\u00eb Kosov\u00eb t\u00eb komanduara nga Ramiz Alia; mor\u00ebn urdh\u00ebr t\u00eb grumbullonin nga t\u00eb gjitha viset e Kosov\u00ebs rreth 4600 luft\u00ebtar\u00eb (antifashist\u00eb), 99 p\u00ebr qind e t\u00eb cil\u00ebve ishin shqiptar\u00eb (K\u00ebta luft\u00ebtar\u00eb kosovar\u00eb iu dor\u00ebzuan vllaut\u00a0 shqiptar, se t\u00eb ishte p\u00ebr serbin, ata nuk dor\u00ebzoheshin).<\/p>\n<p>Para k\u00ebtyre, drejt Tivarit ishte nisur edhe nj\u00eb kontigjent tjet\u00ebr po kaq i madh. Ky ishte kontigjenti, i cili u p\u00ebrgjysmua, duke helmuar 2000 prej tyre n\u00eb Trieste, n\u00eb dhoma gazi, t\u00eb improvizuara, p\u00ebr mashtrim, si dushe. Kontigjenti i dyt\u00eb, pra ky, p\u00ebr t\u00eb cilin flet Azem Ajdini, ka pasur k\u00ebt\u00eb p\u00ebrb\u00ebrje: 1000 deri 1200 vet\u00eb kan\u00eb qen\u00eb nga an\u00ebt e Mitrovic\u00ebs, Shal\u00eb, Bajgor\u00eb, Drenic\u00eb etj. Pastaj, gjat\u00eb rrug\u00ebs p\u00ebr n\u00eb Prizren, u jan\u00eb bashkuar luft\u00ebtar\u00eb t\u00eb tjer\u00eb. Nga Vushtria, Podujeva, Prishtina, Ka\u00e7aniku, Gjilani, Lipjani, Shtimja, Suhareka, Istoku, Peja, Gjakova, Rahoveci, Dragashi dhe nga vet\u00eb Prizreni (Krs.M.T.f.28). Q\u00eb nga Mitrovica deri n\u00eb Prizren, i organizuar n\u00eb nj\u00ebsi p\u00ebrkat\u00ebse partizane, t\u00eb transformuara tashm\u00eb n\u00eb ushtri Nacional-\u00c7lirimtare, formacioni \u00ebsht\u00eb komanduar prej oficer\u00ebve shqiptar\u00eb dhe urdhrat e komandat jan\u00eb dh\u00ebn\u00eb n\u00eb gjuh\u00ebn shqipe. N\u00eb Prizren \u00ebsht\u00eb b\u00ebr\u00eb nj\u00eb riorganizim i p\u00ebrgjithsh\u00ebm. U \u00ebsht\u00eb th\u00ebn\u00eb q\u00eb do t\u00eb shkonin n\u00eb regjionin e Triestes e t\u00eb Istres, p\u00ebr t\u00eb luftuar kund\u00ebr ushtris\u00eb naziste dhe kolaboracionist\u00ebve t\u00eb saj. Po aty, n\u00eb Prizren, \u00ebsht\u00eb b\u00ebr\u00eb edhe \u00e7armatimi (vullnetar) i krejt efektivit, ushtar\u00eb dhe oficer\u00eb, me pretekstin p\u00ebr t\u2019u \u201cleht\u00ebsuar\u201d nga barra e r\u00ebnd\u00eb\u00a0 gjat\u00eb udh\u00ebtimit n\u00ebp\u00ebr malet e Kuk\u00ebsit dhe t\u00eb Puk\u00ebs. P\u00ebr t\u2019i \u201cmbrojtur\u201d nga \u201crreziqet\u201d e rrug\u00ebtimit, \u00ebsht\u00eb vendosur q\u00eb t\u2019i \u201cshoq\u00ebronte\u201d deri n\u00eb Tivar nj\u00eb nj\u00ebsi e armatosur, ndoshta nj\u00eb batalion, p\u00ebrb\u00ebr\u00eb nga serb\u00eb dhe malazez (edhe shqiptar\u00eb pasi kalojn\u00eb n\u00eb territorin e Shqip\u00ebris\u00eb, (sh\u00ebnimi im).<\/p>\n<p>Kur t\u00eb arrinin n\u00eb Kroaci, u \u00ebsht\u00eb th\u00ebn\u00eb, do t\u00eb b\u00ebhej nj\u00eb riorganizim tjet\u00ebr. At\u00ebher\u00eb do t\u2019u jepeshin arm\u00eb angleze dhe komand\u00ebn do ta merrnin p\u00ebrs\u00ebri oficer\u00ebt shqiptar\u00eb. (Krs.M.T.f.29) Pranimi nga ana e partizan\u00ebve shqiptar\u00eb t\u00eb Ramiz Alis\u00eb i t\u00eb k\u00ebtill\u00eb makinacioneve, qart\u00ebsisht t\u00eb deshifrueshme, \u00ebsht\u00eb nj\u00eb d\u00ebshmi q\u00eb populli yn\u00eb n\u00eb at\u00eb koh\u00eb ishte i skajsh\u00ebm ekstremist, i prapambetur. Ndryshe s\u2019kish si mashtrohej ashtu nj\u00eb mas\u00eb prej 4600 luft\u00ebtar\u00ebsh. Ja si thot\u00eb d\u00ebshmitari Azem Hajdini. \u201cDuke qen\u00eb t\u00eb sinqert\u00eb, t\u00eb \u00e7ilt\u00ebr, t\u00eb past\u00ebr n\u00eb shpirt, ashtu si \u00e7do shqiptar, t\u00eb bindur se Partia Komuniste (Jugosllave) nuk do ta vazhdonte politik\u00ebn e shfarosjes s\u00eb shqiptar\u00ebve, urdhrat e dh\u00ebna i vler\u00ebsuan si humane dhe si shprehje t\u00eb kujdesit\u201d (t\u00eb partizan\u00ebve serb\u00eb e malazez\u00eb ndaj partizan\u00ebve shqiptar\u00eb). (Krs.M.T.f.29). Azem Ajdini thot\u00eb: \u201cDuke qen\u00eb t\u00eb sinqert\u00eb, t\u00eb \u00e7ilt\u00ebr, t\u00eb past\u00ebr n\u00eb shpirte\u201d,..por k\u00ebsaj duhet shtuar, duke qen\u00eb tep\u00ebr naiv\u00eb, t\u00eb thuash, dh\u00ebmbshurisht t\u00eb paarrir\u00eb jo vet\u00ebm ne pik\u00ebpamjen politike, por edhe n\u00eb aspektin m\u00eb t\u00eb thjesht\u00eb t\u00eb aft\u00ebsis\u00eb p\u00ebr t\u00eb parashikuar kolektivisht at\u00eb q\u00eb mund t\u00eb ndodh\u00eb.<\/p>\n<p>N\u00eb Kuk\u00ebs, aty i kan\u00eb thirrur n\u00eb shtabin e tyre oficer\u00ebt shqiptar\u00eb, gjoja p\u00ebr \u201ckonsultime\u201d dhe i kan\u00eb vrar\u00eb t\u00eb gjith\u00eb n\u00ebp\u00ebr nat\u00eb. U kan\u00eb z\u00ebn\u00eb pusi n\u00eb rrug\u00eb dhe t\u00eb nes\u00ebrmen i kan\u00eb shpallur \u201cdezertor\u00eb\u201d e \u201ctradhtar\u00eb\u201d. Kan\u00eb mbetur gjall\u00eb dy prej tyre, Bajram Zuka dhe Rustem Ahmeti (Krs.M.T.f.32). Por detashmenti i partizan\u00ebvet\u00a0 shqiptar\u00eb, i z\u00ebn\u00eb rob tashm\u00eb prej partizan\u00ebve sllav\u00eb, ndon\u00ebse i shqet\u00ebsuar, i alarmuar, i mb\u00ebrthyer n\u00eb dar\u00ebn e dilemave, e ka vazhduar rrug\u00ebn n\u00ebp\u00ebr male. Nj\u00ebsia \u201cshoq\u00ebruese\u201de partizan\u00ebve sllav\u00eb, nd\u00ebrkaq ka b\u00ebr\u00eb \u00e7mos q\u00eb t\u2019ua b\u00ebj\u00eb rrug\u00ebn sa m\u00eb t\u00eb zez\u00eb partizan\u00ebve shqiptar\u00eb. \u00cbsht\u00eb kapitull me vet\u00eb fakt q\u00eb ky udh\u00ebtim golgothian, ky marshim vrasjeshum\u00eb i partizan\u00ebve shqiptar\u00eb \u00ebsht\u00eb b\u00ebr\u00eb n\u00eb truallin e shtetit shqiptar, n\u00eb at\u00eb koh\u00eb t\u00eb \u00e7liruar prej ushtrive fashiste.<\/p>\n<p>A kemi t\u00eb b\u00ebjm\u00eb me nj\u00eb tradhti t\u00eb atij aparati partiako-ushtarako-shtet\u00ebror, n\u00eb krye t\u00eb s\u00eb cilit ndodhej Enver Hoxha, a q\u00ebndron n\u00eb mes nj\u00eb mashtrim q\u00eb i \u00ebsht\u00eb b\u00ebr\u00eb shtetit 4 mujor shqiptar nga ana e jugosllav\u00ebve? T\u00eb st\u00ebrmunduar nga mosdh\u00ebnia e ushqimit, t\u00eb privuar nga mund\u00ebsia p\u00ebr t\u00eb pir\u00eb uj\u00eb dhe n\u00eb rastet kur kalohej pran\u00eb lumenjve, gurrave e burimeve, duke l\u00ebn\u00eb n\u00eb \u00e7do kilomet\u00ebr shok\u00eb t\u00eb vrar\u00eb, t\u00eb q\u00eblluar me bresh\u00ebri ose me nga nj\u00eb plumb n\u00eb kok\u00eb, pa kurrfar\u00eb gjyqi, thjesht\u00eb p\u00ebr kapri\u00e7o apo p\u00ebr qejf, me nga nj\u00eb varg t\u00eb gjat\u00eb t\u00eb s\u00ebmur\u00ebsh, t\u00eb shar\u00eb, t\u00eb fyer, t\u00eb posht\u00ebruar. M\u00eb 31 mars 1945, n\u00eb or\u00ebn 13, k\u00ebta partizan\u00eb t\u00eb kthyer n\u00eb rob\u00ebr kan\u00eb mb\u00ebrritur n\u00eb Tivar. (Krs.M.T.f.36).<\/p>\n<p>N\u00eb qend\u00ebr t\u00eb Tivarit posht\u00eb eshalon\u00ebt e kreut t\u00eb kolon\u00ebs i kan\u00eb urdh\u00ebruar q\u00eb t\u00eb ndalen, duke i detyruar q\u00eb t\u00eb ulen n\u00eb mes t\u00eb rrug\u00ebs pa e prishur rreshtimin. Diku pran\u00eb partizan\u00ebve t\u00eb ulur ashtu, \u00ebsht\u00eb ndodhur nj\u00eb krua me uj\u00eb t\u00eb bollsh\u00ebm. Meq\u00eb ishin t\u00eb p\u00ebrv\u00ebluar, t\u00eb djegur nga etja, 3 prej k\u00ebtyre, nj\u00ebri prej t\u00eb cil\u00ebve quhej Syle Gllobari, jan\u00eb ngritur n\u00eb k\u00ebmb\u00eb dhe i kan\u00eb k\u00ebrkuar nj\u00eb oficeri sllav leje p\u00ebr t\u00eb pir\u00eb uj\u00eb. Oficeri, n\u00eb vend q\u00eb t\u2019u jepte leje p\u00ebr t\u00eb pir\u00eb uj\u00eb ka filluar t\u00eb b\u00ebrtas\u00eb dhe t\u2019ua shaj\u00eb n\u00ebnat, n\u00eb aspektin komb\u00ebtar \u2013 jebem ti shiftarsku majku!&#8230; (t\u00eb q&#8230; n\u00ebn\u00ebn shqiptare). Si p\u00ebrgjigje t\u00eb k\u00ebrkes\u00ebs p\u00ebr uj\u00eb, hap\u00ebn zjarr arm\u00ebsh dhe i vran\u00eb t\u00eb tre. Turma \u00ebsht\u00eb ngurosur, pa guxuar askush, as t\u00eb flas\u00eb, as t\u00eb l\u00ebviz\u00eb, t\u00eb 5000 njer\u00ebzve, t\u00eb ulur n\u00eb pluhurin e rrug\u00ebve, ata kan\u00eb v\u00ebn\u00eb re se ishin drejtuar me qindra tyta arm\u00ebsh, t\u00eb parap\u00ebrgatitura p\u00ebr nj\u00eb \u201cceremoni\u201d nga m\u00eb t\u00eb kobshmet q\u00eb mund t\u00eb parafytyroj\u00eb njeriu. Kan\u00eb kaluar ashtu disa \u00e7aste, \u201cshoq\u00ebruesit\u201d jan\u00eb larguar prej turm\u00ebs s\u00eb ngurosur nja 50 metra dhe kan\u00eb z\u00ebn\u00eb k\u00ebrc\u00ebnuesh\u00ebm pozicione t\u00eb rinj, prapa shk\u00ebmbinjve, n\u00eb cepat e sht\u00ebpive, prapa parvazeve t\u00eb dritareve e t\u00eb ballkoneve. Kaluan 10-15 minuta dhe erdh\u00ebn 3 oficera madhor\u00eb, nj\u00ebri nga k\u00ebta, ka hipur n\u00eb nj\u00eb vend nga ku mund t\u00eb shikohej prej turm\u00ebs, aq t\u00eb tradhtuar e aq t\u00eb posht\u00ebruar dhe ka nisur t\u2019i k\u00ebrc\u00ebnoj\u00eb e t\u2019i shaj\u00eb njer\u00ebzit e ulur n\u00eb pluhur pak a shum\u00eb me k\u00ebto fjal\u00eb \u201cDo t\u2019ju vrasim t\u00eb gjith\u00ebve!. Asnj\u00ebri prej jush nuk do t\u00eb dal\u00eb i gjall\u00eb prej k\u00ebtuhit! Vet\u00ebm pak minuta ju kan\u00eb mbetur p\u00ebr t\u00eb jetuar!\u201d. (Krs.M.T.f.37).<\/p>\n<p>Ata kishin vendosur tashm\u00eb t\u2019i vrisnin shqiptar\u00ebt e pa armatosur. Prandaj, papritur, \u00ebsht\u00eb dh\u00ebn\u00eb urdh\u00ebr q\u00eb, nga mesi i nj\u00eb grumbulli t\u00eb ulur, t\u00eb rr\u00ebmbehen\u00a0 80 vet\u00eb. Ata jan\u00eb rr\u00ebmbyer me shpejt\u00ebsi, u jan\u00eb lidhur duart, jan\u00eb \u00e7uar me t\u00eb shtyra e me shqelma prapa nj\u00eb nd\u00ebrtese dhe pas pak jan\u00eb d\u00ebgjuar t\u00eb sht\u00ebna t\u00eb vras\u00ebsve dhe klithmat e atyre q\u00eb po vriteshin duar lidhur. Kolona e gati 5000 partizan\u00ebve shqiptar\u00eb ka q\u00ebn\u00eb e gjat\u00eb rreth 5 a 6 km. N\u00eb nj\u00eb gjat\u00ebsi t\u00eb till\u00eb nuk mund t\u00eb vriteshin t\u00eb gjith\u00eb p\u00ebrnj\u00ebher\u00ebsh, prandaj komanda e partizan\u00ebve jugosllav\u00eb ka dh\u00ebn\u00eb urdh\u00ebr q\u00eb kolona e rob\u00ebrve partizan\u00eb shqiptar\u00eb t\u00eb ngrihen n\u00eb k\u00ebmb\u00eb, se cili t\u00eb v\u00ebn\u00eb t\u00eb dy duart pas kok\u00ebs dhe e gjith\u00eb masa e tyre duhet t\u00eb shtyhet drejt nj\u00eb nd\u00ebrtese 3-kat\u00ebshe, kjo nd\u00ebrtes\u00eb kish nj\u00eb sip\u00ebrfaqe 300 m2\u00a0 dhe p\u00ebrpara k\u00ebsaj ishte nj\u00eb oborr, gati 1000 m\u00b2. Oborri ishte i rrethuar me mure t\u00eb lart\u00eb. Prapa nd\u00ebrtes\u00ebs ndodhej nj\u00eb brinj\u00eb shk\u00ebmbore, mjaft e pjerr\u00ebt. Ky pra ishte vendi ku antifashist\u00ebt shqiptar\u00eb do t\u00eb vriteshin prej antifashist\u00ebve jugosllav\u00eb. Si \u00ebsht\u00eb kryer nj\u00eb i k\u00ebtill\u00eb grumbullimi i mas\u00ebs rreth 4500 njer\u00ebzish n\u00eb nj\u00eb sip\u00ebrfaqe rreth 2000 m\u00b2, shtabi i partizan\u00ebve sllav\u00eb dhe vet\u00eb partizan\u00ebt jan\u00eb t\u00ebrhequr nja 150 m. M\u00eb tutje, sigurisht, duke mos hapur asnj\u00eb shteg kalimi p\u00ebr t\u00eb rrethuarit. At\u00ebher\u00eb u dha sinjali p\u00ebr t\u00eb filluar masakr\u00ebn n\u00eb mas\u00eb. Nga t\u00eb gjitha an\u00ebt nj\u00ebkoh\u00ebsisht, me t\u00eb gjitha llojet e arm\u00ebve. Na q\u00ebllonin, &#8211; shkruan d\u00ebshmitari, &#8211; nga \u00e7do skut\u00eb, nga oborr\u00ebt e sht\u00ebpive, nga \u00e7atit\u00eb e nga tarracat, nga shk\u00ebmbinjt\u00eb, me zjarr t\u00eb pand\u00ebrprer\u00eb dhe drejt n\u00eb turm\u00ebn e ngjeshur. Brenda nj\u00eb ore, nuk mbeti asnj\u00ebri n\u00eb k\u00ebmb\u00eb dhe gjaku q\u00eb rridhte posht\u00eb kufomave, t\u00eb plandosura nj\u00ebra mbi tjetr\u00ebn, shkonte rr\u00ebke n\u00eb drejtim t\u00eb detit. Nj\u00eb pjes\u00eb e t\u00eb masakruarve, q\u00eb nuk ishin vrar\u00eb ende, kan\u00eb p\u00ebsuar trauma t\u00eb r\u00ebnda psiqike. Nga shtabi operativ i garnizonit partizan i Tivarit, \u00ebsht\u00eb l\u00ebshuar nj\u00eb raport, q\u00eb po e japim t\u00eb p\u00ebrkthyer n\u00eb shqip:\u00a0 \u201cBinin bombat nga t\u00eb gjitha an\u00ebt e shtihej me t\u00eb gjitha arm\u00ebt, dhe n\u00eb ato t\u00eb sht\u00ebna jan\u00eb p\u00ebrzier edhe k\u00ebshilltar\u00ebt, edhe punonj\u00ebsit e spitalit \u2013 me nj\u00eb fjal\u00eb, kush do q\u00eb \u00ebsht\u00eb ndodhur aty dhe kush ka pasur nj\u00eb arm\u00eb. T\u00eb sht\u00ebnat jan\u00eb nd\u00ebrprer\u00eb at\u00ebher\u00eb kur askush m\u00eb nuk l\u00ebvizte. N\u00eb t\u00eb gjith\u00eb k\u00ebt\u00eb ngjarje kan\u00eb q\u00ebn\u00eb t\u00eb pranish\u00ebm komandanti dhe komisari i brigad\u00ebs s\u00eb dhjet\u00eb dhe thuajse t\u00eb gjith\u00eb institucionet ushtarake e civile, q\u00eb gjendeshin n\u00eb Tivar. Shum\u00eb prej tyre kan\u00eb marr\u00eb pjes\u00eb aktive n\u00eb at\u00eb gjuajtje n\u00eb njer\u00ebz\u201d . (Krs.M.T.f.41). Nga p\u00ebrllogaritja del q\u00eb numri i t\u00eb zhdukurve, t\u00eb masakruarve, t\u00eb vrar\u00ebve, t\u00eb coptuarve, t\u00eb djegurve, t\u00eb mbyturve n\u00eb det, pra, numri i t\u00eb asgj\u00ebsuarve \u00ebsht\u00eb 3770 partizan\u00eb shqiptar\u00eb, t\u00eb trajtuar k\u00ebshtu prej partizan\u00ebve jugosllav\u00eb.<\/p>\n<p>Ende t\u00eb shoh\u00ebsh e t\u00eb lexosh n\u00eb Tivar parulla t\u00eb tilla p\u00ebr shfarosje shqiptar\u00ebsh, \u00ebsht\u00eb nj\u00eb tjet\u00ebr tallje me nj\u00eb masak\u00ebr p\u00ebr t\u00eb cil\u00ebn askush nuk p\u00ebsoi asnj\u00eb d\u00ebnim apo t\u00eb merrte ndonj\u00eb gjykim, vet\u00ebm e vet\u00ebm se \u201cv\u00ebllaz\u00ebria\u201d internacionaliste me sllavo-komunist\u00ebt serb\u00eb ishte n\u00eb muajin e mjaltit dhe p\u00ebrgjegj\u00ebsit e saj jetojn\u00eb ende. Kabil Mehmeti nga Ulqini, m\u00eb tha se \u201cpersekutimi ndaj shqiptar\u00ebve vazhdon edhe sot e k\u00ebsaj dite, si dikur ndaj shqiptar\u00ebve t\u00eb \u00c7am\u00ebris\u00eb, po ashtu edhe ndaj shqiptar\u00ebve n\u00eb Mal t\u00eb Zi apo edhe n\u00eb Maqedoni\u201d. Duket sikur na vjen mesazhi i atyre dit\u00ebve kriminale se masakra e Tivarit ishte prologu i nj\u00eb diktature antishqiptare.<\/p>\n<p>N\u00eb qend\u00ebr t\u00eb Tivarit posht\u00eb eshalon\u00ebt e kreut t\u00eb kolon\u00ebs i kan\u00eb urdh\u00ebruar q\u00eb t\u00eb ndalen, duke i detyruar q\u00eb t\u00eb ulen n\u00eb mes t\u00eb rrug\u00ebs pa e prishur rreshtimin. Diku pran\u00eb partizan\u00ebve t\u00eb ulur ashtu, \u00ebsht\u00eb ndodhur nj\u00eb krua me uj\u00eb t\u00eb bollsh\u00ebm. Meq\u00eb ishin t\u00eb p\u00ebrv\u00ebluar, t\u00eb djegur nga etja, 3 prej k\u00ebtyre, nj\u00ebri prej t\u00eb cil\u00ebve quhej Syle Gllobari, jan\u00eb ngritur n\u00eb k\u00ebmb\u00eb dhe i kan\u00eb k\u00ebrkuar nj\u00eb oficeri sllav leje p\u00ebr t\u00eb pir\u00eb uj\u00eb. Oficeri, n\u00eb vend q\u00eb t\u2019u jepte leje p\u00ebr t\u00eb pir\u00eb uj\u00eb ka filluar t\u00eb b\u00ebrtas\u00eb dhe t\u2019ua shaj\u00eb n\u00ebnat, n\u00eb aspektin komb\u00ebtar \u2013 jebem ti shiftarsku majku!&#8230; (t\u00eb q&#8230; n\u00ebn\u00ebn shqiptare). Si p\u00ebrgjigje t\u00eb k\u00ebrkes\u00ebs p\u00ebr uj\u00eb, hap\u00ebn zjarr arm\u00ebsh dhe i vran\u00eb t\u00eb tre<\/p>\n<p><strong>Nga Hyqmet Zane<\/strong><\/p>\n<div><\/div>\n<\/div>\n<\/div>\n<\/div>\n<div class=\"field field-name-field-signatura-e-lajmit field-type-fixed-field field-label-hidden\">\n<div class=\"field-items\">\n<div class=\"field-item even\">\n<p><strong>\/Agjensia e Lajmeve Sot News\/<\/strong><\/p>\n<\/div>\n<\/div>\n<\/div>\n","protected":false},"excerpt":{"rendered":"<p>Tivari, rreth 25 km larg nga Ulqini, pik\u00ebrisht n\u00eb vendin e masakr\u00ebs s\u00eb madhe m\u00eb 31 mars 1945, edhe sot e k\u00ebsaj dite gjen parulla t\u00eb shkruajtura p\u00ebr vrasje t\u00eb shqiptar\u00ebve. \u201cN\u00eb nj\u00eb parull\u00eb t\u00eb shkruajtur n\u00eb nj\u00eb mur me sfond t\u00eb bardh\u00eb t\u00eb nj\u00eb sht\u00ebpie af\u00ebr bashkis\u00eb s\u00eb qytetit t\u00eb Tivarit, \u00ebsht\u00eb shkruajtur me [&hellip;]<\/p>\n","protected":false},"author":1,"featured_media":0,"comment_status":"closed","ping_status":"closed","sticky":false,"template":"","format":"standard","meta":{"spay_email":"","jetpack_publicize_message":"","jetpack_is_tweetstorm":false,"jetpack_publicize_feature_enabled":true},"categories":[8],"tags":[],"jetpack_publicize_connections":[],"yoast_head":"<!-- This site is optimized with the Yoast SEO plugin v19.1 - https:\/\/yoast.com\/wordpress\/plugins\/seo\/ -->\n<title>Masakra e Tivarit, prologu i nj\u00eb diktature antishqiptare - Lajme nga Ulqini<\/title>\n<meta name=\"description\" content=\"Tivari, rreth 25 km larg nga Ulqini, pik\u00ebrisht n\u00eb vendin e masakr\u00ebs s\u00eb madhe m\u00eb 31 mars 1945, edhe sot e k\u00ebsaj dite gjen parulla t\u00eb shkruajtura p\u00ebr vrasje\" \/>\n<meta name=\"robots\" content=\"index, follow, max-snippet:-1, max-image-preview:large, max-video-preview:-1\" \/>\n<link rel=\"canonical\" href=\"https:\/\/www.visit-ulcinj.com\/blog\/2017\/04\/05\/masakra-e-tivarit-prologu-nje-diktature-antishqiptare\/\" \/>\n<meta property=\"og:locale\" content=\"en_US\" \/>\n<meta property=\"og:type\" content=\"article\" \/>\n<meta property=\"og:title\" content=\"Masakra e Tivarit, prologu i nj\u00eb diktature antishqiptare - Lajme nga Ulqini\" \/>\n<meta property=\"og:description\" content=\"Tivari, rreth 25 km larg nga Ulqini, pik\u00ebrisht n\u00eb vendin e masakr\u00ebs s\u00eb madhe m\u00eb 31 mars 1945, edhe sot e k\u00ebsaj dite gjen parulla t\u00eb shkruajtura p\u00ebr vrasje\" \/>\n<meta property=\"og:url\" content=\"https:\/\/www.visit-ulcinj.com\/blog\/2017\/04\/05\/masakra-e-tivarit-prologu-nje-diktature-antishqiptare\/\" \/>\n<meta property=\"og:site_name\" content=\"Lajme nga Ulqini\" \/>\n<meta property=\"article:published_time\" content=\"2017-04-05T13:35:41+00:00\" \/>\n<meta property=\"og:image\" content=\"http:\/\/www.visit-ulcinj.com\/blog\/wp-content\/uploads\/2013\/04\/tragjedia_e_tivarit.jpg\" \/>\n<meta name=\"twitter:label1\" content=\"Written by\" \/>\n\t<meta name=\"twitter:data1\" content=\"ulqini\" \/>\n\t<meta name=\"twitter:label2\" content=\"Est. reading time\" \/>\n\t<meta name=\"twitter:data2\" content=\"15 minutes\" \/>\n<script type=\"application\/ld+json\" class=\"yoast-schema-graph\">{\"@context\":\"https:\/\/schema.org\",\"@graph\":[{\"@type\":\"WebSite\",\"@id\":\"https:\/\/www.visit-ulcinj.com\/blog\/#website\",\"url\":\"https:\/\/www.visit-ulcinj.com\/blog\/\",\"name\":\"Lajme nga Ulqini\",\"description\":\"Lajme,Vijesti,Ulqini,Ulqin,Crna Gora,Mali i Zi\",\"potentialAction\":[{\"@type\":\"SearchAction\",\"target\":{\"@type\":\"EntryPoint\",\"urlTemplate\":\"https:\/\/www.visit-ulcinj.com\/blog\/?s={search_term_string}\"},\"query-input\":\"required name=search_term_string\"}],\"inLanguage\":\"en-US\"},{\"@type\":\"ImageObject\",\"inLanguage\":\"en-US\",\"@id\":\"https:\/\/www.visit-ulcinj.com\/blog\/2017\/04\/05\/masakra-e-tivarit-prologu-nje-diktature-antishqiptare\/#primaryimage\",\"url\":\"https:\/\/www.visit-ulcinj.com\/blog\/wp-content\/uploads\/2013\/04\/tragjedia_e_tivarit.jpg\",\"contentUrl\":\"https:\/\/www.visit-ulcinj.com\/blog\/wp-content\/uploads\/2013\/04\/tragjedia_e_tivarit.jpg\",\"width\":645,\"height\":384},{\"@type\":\"WebPage\",\"@id\":\"https:\/\/www.visit-ulcinj.com\/blog\/2017\/04\/05\/masakra-e-tivarit-prologu-nje-diktature-antishqiptare\/#webpage\",\"url\":\"https:\/\/www.visit-ulcinj.com\/blog\/2017\/04\/05\/masakra-e-tivarit-prologu-nje-diktature-antishqiptare\/\",\"name\":\"Masakra e Tivarit, prologu i nj\u00eb diktature antishqiptare - Lajme nga Ulqini\",\"isPartOf\":{\"@id\":\"https:\/\/www.visit-ulcinj.com\/blog\/#website\"},\"primaryImageOfPage\":{\"@id\":\"https:\/\/www.visit-ulcinj.com\/blog\/2017\/04\/05\/masakra-e-tivarit-prologu-nje-diktature-antishqiptare\/#primaryimage\"},\"datePublished\":\"2017-04-05T13:35:41+00:00\",\"dateModified\":\"2017-04-05T13:35:41+00:00\",\"author\":{\"@id\":\"https:\/\/www.visit-ulcinj.com\/blog\/#\/schema\/person\/dcab619c614d3038751c63bc2aadc06d\"},\"description\":\"Tivari, rreth 25 km larg nga Ulqini, pik\u00ebrisht n\u00eb vendin e masakr\u00ebs s\u00eb madhe m\u00eb 31 mars 1945, edhe sot e k\u00ebsaj dite gjen parulla t\u00eb shkruajtura p\u00ebr vrasje\",\"breadcrumb\":{\"@id\":\"https:\/\/www.visit-ulcinj.com\/blog\/2017\/04\/05\/masakra-e-tivarit-prologu-nje-diktature-antishqiptare\/#breadcrumb\"},\"inLanguage\":\"en-US\",\"potentialAction\":[{\"@type\":\"ReadAction\",\"target\":[\"https:\/\/www.visit-ulcinj.com\/blog\/2017\/04\/05\/masakra-e-tivarit-prologu-nje-diktature-antishqiptare\/\"]}]},{\"@type\":\"BreadcrumbList\",\"@id\":\"https:\/\/www.visit-ulcinj.com\/blog\/2017\/04\/05\/masakra-e-tivarit-prologu-nje-diktature-antishqiptare\/#breadcrumb\",\"itemListElement\":[{\"@type\":\"ListItem\",\"position\":1,\"name\":\"Masakra e Tivarit, prologu i nj\u00eb diktature antishqiptare\"}]},{\"@type\":\"Person\",\"@id\":\"https:\/\/www.visit-ulcinj.com\/blog\/#\/schema\/person\/dcab619c614d3038751c63bc2aadc06d\",\"name\":\"ulqini\",\"sameAs\":[\"http:\/\/www.visit-ulcinj.com\"],\"url\":\"https:\/\/www.visit-ulcinj.com\/blog\/author\/admin\/\"}]}<\/script>\n<!-- \/ Yoast SEO plugin. -->","yoast_head_json":{"title":"Masakra e Tivarit, prologu i nj\u00eb diktature antishqiptare - Lajme nga Ulqini","description":"Tivari, rreth 25 km larg nga Ulqini, pik\u00ebrisht n\u00eb vendin e masakr\u00ebs s\u00eb madhe m\u00eb 31 mars 1945, edhe sot e k\u00ebsaj dite gjen parulla t\u00eb shkruajtura p\u00ebr vrasje","robots":{"index":"index","follow":"follow","max-snippet":"max-snippet:-1","max-image-preview":"max-image-preview:large","max-video-preview":"max-video-preview:-1"},"canonical":"https:\/\/www.visit-ulcinj.com\/blog\/2017\/04\/05\/masakra-e-tivarit-prologu-nje-diktature-antishqiptare\/","og_locale":"en_US","og_type":"article","og_title":"Masakra e Tivarit, prologu i nj\u00eb diktature antishqiptare - Lajme nga Ulqini","og_description":"Tivari, rreth 25 km larg nga Ulqini, pik\u00ebrisht n\u00eb vendin e masakr\u00ebs s\u00eb madhe m\u00eb 31 mars 1945, edhe sot e k\u00ebsaj dite gjen parulla t\u00eb shkruajtura p\u00ebr vrasje","og_url":"https:\/\/www.visit-ulcinj.com\/blog\/2017\/04\/05\/masakra-e-tivarit-prologu-nje-diktature-antishqiptare\/","og_site_name":"Lajme nga Ulqini","article_published_time":"2017-04-05T13:35:41+00:00","og_image":[{"url":"http:\/\/www.visit-ulcinj.com\/blog\/wp-content\/uploads\/2013\/04\/tragjedia_e_tivarit.jpg"}],"twitter_misc":{"Written by":"ulqini","Est. reading time":"15 minutes"},"schema":{"@context":"https:\/\/schema.org","@graph":[{"@type":"WebSite","@id":"https:\/\/www.visit-ulcinj.com\/blog\/#website","url":"https:\/\/www.visit-ulcinj.com\/blog\/","name":"Lajme nga Ulqini","description":"Lajme,Vijesti,Ulqini,Ulqin,Crna Gora,Mali i Zi","potentialAction":[{"@type":"SearchAction","target":{"@type":"EntryPoint","urlTemplate":"https:\/\/www.visit-ulcinj.com\/blog\/?s={search_term_string}"},"query-input":"required name=search_term_string"}],"inLanguage":"en-US"},{"@type":"ImageObject","inLanguage":"en-US","@id":"https:\/\/www.visit-ulcinj.com\/blog\/2017\/04\/05\/masakra-e-tivarit-prologu-nje-diktature-antishqiptare\/#primaryimage","url":"https:\/\/www.visit-ulcinj.com\/blog\/wp-content\/uploads\/2013\/04\/tragjedia_e_tivarit.jpg","contentUrl":"https:\/\/www.visit-ulcinj.com\/blog\/wp-content\/uploads\/2013\/04\/tragjedia_e_tivarit.jpg","width":645,"height":384},{"@type":"WebPage","@id":"https:\/\/www.visit-ulcinj.com\/blog\/2017\/04\/05\/masakra-e-tivarit-prologu-nje-diktature-antishqiptare\/#webpage","url":"https:\/\/www.visit-ulcinj.com\/blog\/2017\/04\/05\/masakra-e-tivarit-prologu-nje-diktature-antishqiptare\/","name":"Masakra e Tivarit, prologu i nj\u00eb diktature antishqiptare - Lajme nga Ulqini","isPartOf":{"@id":"https:\/\/www.visit-ulcinj.com\/blog\/#website"},"primaryImageOfPage":{"@id":"https:\/\/www.visit-ulcinj.com\/blog\/2017\/04\/05\/masakra-e-tivarit-prologu-nje-diktature-antishqiptare\/#primaryimage"},"datePublished":"2017-04-05T13:35:41+00:00","dateModified":"2017-04-05T13:35:41+00:00","author":{"@id":"https:\/\/www.visit-ulcinj.com\/blog\/#\/schema\/person\/dcab619c614d3038751c63bc2aadc06d"},"description":"Tivari, rreth 25 km larg nga Ulqini, pik\u00ebrisht n\u00eb vendin e masakr\u00ebs s\u00eb madhe m\u00eb 31 mars 1945, edhe sot e k\u00ebsaj dite gjen parulla t\u00eb shkruajtura p\u00ebr vrasje","breadcrumb":{"@id":"https:\/\/www.visit-ulcinj.com\/blog\/2017\/04\/05\/masakra-e-tivarit-prologu-nje-diktature-antishqiptare\/#breadcrumb"},"inLanguage":"en-US","potentialAction":[{"@type":"ReadAction","target":["https:\/\/www.visit-ulcinj.com\/blog\/2017\/04\/05\/masakra-e-tivarit-prologu-nje-diktature-antishqiptare\/"]}]},{"@type":"BreadcrumbList","@id":"https:\/\/www.visit-ulcinj.com\/blog\/2017\/04\/05\/masakra-e-tivarit-prologu-nje-diktature-antishqiptare\/#breadcrumb","itemListElement":[{"@type":"ListItem","position":1,"name":"Masakra e Tivarit, prologu i nj\u00eb diktature antishqiptare"}]},{"@type":"Person","@id":"https:\/\/www.visit-ulcinj.com\/blog\/#\/schema\/person\/dcab619c614d3038751c63bc2aadc06d","name":"ulqini","sameAs":["http:\/\/www.visit-ulcinj.com"],"url":"https:\/\/www.visit-ulcinj.com\/blog\/author\/admin\/"}]}},"jetpack_featured_media_url":"","jetpack_sharing_enabled":true,"jetpack_shortlink":"https:\/\/wp.me\/pe6lTn-r6v","_links":{"self":[{"href":"https:\/\/www.visit-ulcinj.com\/blog\/wp-json\/wp\/v2\/posts\/104191"}],"collection":[{"href":"https:\/\/www.visit-ulcinj.com\/blog\/wp-json\/wp\/v2\/posts"}],"about":[{"href":"https:\/\/www.visit-ulcinj.com\/blog\/wp-json\/wp\/v2\/types\/post"}],"author":[{"embeddable":true,"href":"https:\/\/www.visit-ulcinj.com\/blog\/wp-json\/wp\/v2\/users\/1"}],"replies":[{"embeddable":true,"href":"https:\/\/www.visit-ulcinj.com\/blog\/wp-json\/wp\/v2\/comments?post=104191"}],"version-history":[{"count":1,"href":"https:\/\/www.visit-ulcinj.com\/blog\/wp-json\/wp\/v2\/posts\/104191\/revisions"}],"predecessor-version":[{"id":104192,"href":"https:\/\/www.visit-ulcinj.com\/blog\/wp-json\/wp\/v2\/posts\/104191\/revisions\/104192"}],"wp:attachment":[{"href":"https:\/\/www.visit-ulcinj.com\/blog\/wp-json\/wp\/v2\/media?parent=104191"}],"wp:term":[{"taxonomy":"category","embeddable":true,"href":"https:\/\/www.visit-ulcinj.com\/blog\/wp-json\/wp\/v2\/categories?post=104191"},{"taxonomy":"post_tag","embeddable":true,"href":"https:\/\/www.visit-ulcinj.com\/blog\/wp-json\/wp\/v2\/tags?post=104191"}],"curies":[{"name":"wp","href":"https:\/\/api.w.org\/{rel}","templated":true}]}}