{"id":104193,"date":"2017-04-05T14:44:31","date_gmt":"2017-04-05T13:44:31","guid":{"rendered":"http:\/\/www.visit-ulcinj.com\/blog\/?p=104193"},"modified":"2017-04-05T14:44:31","modified_gmt":"2017-04-05T13:44:31","slug":"mali-zi-te-hape-pika-te-reja-kufitare-shqiperine","status":"publish","type":"post","link":"https:\/\/www.visit-ulcinj.com\/blog\/2017\/04\/05\/mali-zi-te-hape-pika-te-reja-kufitare-shqiperine\/","title":{"rendered":"Mali i Zi do t\u00eb hap\u00eb pika t\u00eb reja kufitare me Shqip\u00ebrin\u00eb"},"content":{"rendered":"<p class=\"description\"><strong><a href=\"http:\/\/www.visit-ulcinj.com\/blog\/wp-content\/uploads\/2017\/04\/Per-diten-e-komunes-se-Ulqinit-Nishani-Vujanovic-Cungu.jpg\"><img loading=\"lazy\" class=\"alignleft wp-image-104006\" src=\"http:\/\/www.visit-ulcinj.com\/blog\/wp-content\/uploads\/2017\/04\/Per-diten-e-komunes-se-Ulqinit-Nishani-Vujanovic-Cungu.jpg\" alt=\"Per diten e komunes se Ulqinit-Nishani-Vujanovic-Cungu\" width=\"508\" height=\"265\" srcset=\"https:\/\/www.visit-ulcinj.com\/blog\/wp-content\/uploads\/2017\/04\/Per-diten-e-komunes-se-Ulqinit-Nishani-Vujanovic-Cungu.jpg 702w, https:\/\/www.visit-ulcinj.com\/blog\/wp-content\/uploads\/2017\/04\/Per-diten-e-komunes-se-Ulqinit-Nishani-Vujanovic-Cungu-300x156.jpg 300w\" sizes=\"(max-width: 508px) 100vw, 508px\" \/><\/a>Kryetari i Komun\u00ebs s\u00eb Ulqinit Nazif Cungu n\u00eb fjal\u00ebn q\u00eb mbajti n\u00eb ceremonin\u00eb e organizuar me rastin e Dit\u00ebs s\u00eb Ulqinit paralajm\u00ebroi investime t\u00eb reja, kryesisht n\u00eb infrastruktur\u00eb p\u00ebr ti afruar sa m\u00eb shum\u00eb shqiptar\u00ebt me nj\u00ebri-tjetrin.<\/strong><\/p>\n<div id=\"article-text\">\n<p>E shtuna e par\u00eb e muajit prill \u00ebsht\u00eb kremtja e dit\u00ebs s\u00eb Ulqinit. Kjo dit\u00eb simbolizon tradit\u00ebn detare t\u00eb Ulqinit, kultivimin e ullirit , dhe fillimin e sezonit turistik. R\u00ebndom\u00eb p\u00ebr nder t\u00eb k\u00ebsaj dite n\u00eb Ulqin organizohen aktivitete t\u00eb shumta dhe p\u00ebr vizit\u00eb ftohen burr\u00ebshtetas, ambasador\u00eb, p\u00ebrfaq\u00ebsues t\u00eb organizatave nd\u00ebrkomb\u00ebtare, zyrtar\u00eb qeveritar\u00eb dhe artist\u00eb t\u00eb vendeve t\u00eb Rajonit. Midis t\u00eb ftuarve k\u00ebt\u00eb vit ishin Presidenti i Malit t\u00eb Zi, Filip Vujanovi\u00e7 dhe homologu i tij shqiptar Bujar Nishani.<\/p>\n<p>Kryetari i Komun\u00ebs s\u00eb Ulqinit Nazif Cungu n\u00eb fjal\u00ebn e rastit, paralajm\u00ebroi nj\u00eb s\u00ebr\u00eb investimesh q\u00eb pritet t\u00eb realizohen n\u00eb k\u00ebt\u00eb komun\u00eb, e ku p\u00ebrkrahje \u00ebsht\u00eb premtuar nga Kryeministri i vendit Dushko Markovi\u00e7, i cili ka th\u00ebn\u00eb se k\u00ebt\u00eb vit me buxhetin e qeveris\u00eb jan\u00eb parapar\u00eb q\u00eb p\u00ebr Ulqinin t\u00eb akordohen 9.5 milion Euro.<\/p>\n<p>\u201cP\u00ebr marrjen e hapave t\u00eb shpejt\u00eb p\u00ebr t\u00eb modernizuar rrug\u00ebn Kryth\u00eb-Ulqin dhe p\u00ebr t\u00eb leht\u00ebsuar kalimin doganor n\u00eb Sukobin\u00eb. Po ashtu n\u00eb Planin Hapsinor t\u00eb Komun\u00ebs s\u00eb Ulqinit tashm\u00eb t\u00eb miratuar, \u00ebsht\u00eb p\u00ebrmbushur nj\u00eb nga k\u00ebrkesat tona dhe \u00ebsht\u00eb parapar\u00eb nd\u00ebrtimi i pik\u00ebs s\u00eb re ne Bun\u00eb duke na integruar me bregdetin e Velipoj\u00ebs. S\u00eb shpejti gjithashtu do t\u00eb finalizohet projekti i Rrug\u00ebs s\u00eb Bjeshk\u00ebve q\u00eb kemi nj\u00eb dekad\u00eb qe e k\u00ebrkojm\u00eb. N\u00eb jav\u00ebt n\u00eb vijim pritet t\u00eb p\u00ebrurohet pika e re kufitare Cemi\u2013Trieshi\u2013Grabon\u00eb q\u00eb duke kaluar Vermoshin do ta afroj\u00eb m\u00eb shum\u00eb Mal\u00ebsin\u00eb, Plav\u00ebn e Gucin\u00eb.\u201d<\/p>\n<p>Edhe Presidneti i Malit t\u00eb Zi Filip Vujanovi\u00e7 theksoi se resurset e shumta q\u00eb ka Ulqini do t\u00eb valorizohen shum\u00eb shpejt\u00eb dhe ky qytet ka perspektiv\u00eb t\u00eb madhe p\u00ebr investime te huaja.<\/p>\n<p>Presidenti i Malit t\u00eb Zi po ashtu vler\u00ebsoi lart\u00eb bashk\u00ebpunimin midis Malit t\u00eb Zi dhe Shqip\u00ebris\u00eb dhe theksoi se t\u00eb dyja shtetet angazhohen q\u00eb k\u00ebto marr\u00ebdh\u00ebnie t\u2019i avancojn\u00eb edhe m\u00eb shum\u00eb.<\/p>\n<p>Nishani n\u00eb Ulqin: \u201cKrenar\u00eb e t\u00eb nderuar q\u00eb jemi shqiptar\u00eb\u201d<\/p>\n<p>Presidenti i Shqip\u00ebris\u00eb Bujar Nishani n\u00eb fjal\u00ebn e tij u ndal tek ve\u00e7orit\u00eb e shqiptar\u00ebve, tek besa dhe mikpritja q\u00eb ata i karakterizon.<\/p>\n<p>\u201cAjo \u00ebsht\u00eb karakteristik\u00eb e p\u00ebrbashk\u00ebt e shqiptar\u00ebve kudo ata ndodhen, por \u00ebsht\u00eb dhe detyr\u00eb e gjenerat\u00ebs s\u00eb sotme q\u00eb k\u00ebt\u00eb trash\u00ebgimi t\u00eb pasur dhe t\u00eb vyer q\u00eb e kemi marr\u00eb e trash\u00ebguar nga gjysh\u00ebr, st\u00ebrgjysh\u00ebr e breza e breza shekullor\u00eb t\u00eb shqiptar\u00ebve, jo vet\u00ebm sot ta ndjejm\u00eb si pjes\u00eb t\u00eb krenaris\u00eb ton\u00eb komb\u00ebtare, si pjes\u00eb e krenaris\u00eb ton\u00eb komunitare, individuale, por nj\u00ebkoh\u00ebsisht si p\u00ebrgjegj\u00ebsin\u00eb ton\u00eb m\u00eb t\u00eb madhe p\u00ebr ta promovuar, prezantuar, e p\u00ebr ta trash\u00ebguar tek brezat q\u00eb vijn\u00eb\u201d,- tha Nishani.<\/p>\n<p>Shekulli i ri \u2013 Shekulli i Shqiptar\u00ebve<\/p>\n<p>Duke analizuar rrug\u00ebtimin e shqiptar\u00ebve Zoti Nishani tha se Shekulli i ri \u00ebsht\u00eb Shekulli i shqiptar\u00ebve.<\/p>\n<p>\u201cShekulli i shqiptar\u00ebve n\u00eb kuptimin e kontributeve m\u00eb t\u00eb m\u00ebdha shqiptare p\u00ebr veten e tyre, p\u00ebr trash\u00ebgimin\u00eb e tyre, p\u00ebr integritetin, por edhe p\u00ebr rajonin dhe vendet ku ata jetojn\u00eb.\u201d<\/p>\n<p>Kreu i shtetit shqiptar vler\u00ebsoi lart\u00eb angazhimin e shqiptar\u00ebve n\u00eb Mal t\u00eb Zi dhe kontributin q\u00eb kan\u00eb dh\u00ebn\u00eb ata n\u00eb procesin e pavar\u00ebsis\u00eb s\u00eb Republik\u00ebs dhe angazhimin e m\u00ebtejsh\u00ebm q\u00eb po japin p\u00ebr integrimin e vendit n\u00eb Bashkimin Evropian (BE) dhe NATO.<\/p>\n<p>\u201cShqiptar\u00ebt e Malit t\u00eb Zi p\u00ebrmes p\u00ebrpjekjeve t\u00eb jasht\u00ebzakonshme kan\u00eb qen\u00eb kontributor\u00eb t\u00eb momenteve m\u00eb t\u00eb r\u00ebnd\u00ebsishme historike t\u00eb k\u00ebtij vendi, q\u00eb nga Pavar\u00ebsia e Malit t\u00eb Zi, rrug\u00ebtimin e t\u00eb cilit e kemi ndjekur me shum\u00eb v\u00ebmendje dhe me shum\u00eb d\u00ebshir\u00eb si vend fqinj. Po ashtu kontributi i shqiptar\u00ebve ka mbetur i paz\u00ebvend\u00ebsuesh\u00ebm n\u00eb proceset demokratizuese n\u00eb forcimin e institucioneve demokratike t\u00eb Malit t\u00eb Zi ,ashtu si\u00e7 kan\u00eb treguar shqiptar\u00ebt dhe n\u00eb momentet vendimtare gjithashtu historike t\u00eb koh\u00ebs moderne t\u00eb Malit t\u00eb Zi n\u00eb an\u00ebtar\u00ebsimin e tij drejt NATO-s dhe proceseve t\u00eb tjera integruese, ku shqiptar\u00ebt kan\u00eb ditur t\u00eb jen\u00eb jo vet\u00ebm faktor m\u00eb t\u00eb r\u00ebnd\u00ebsish\u00ebm n\u00eb an\u00ebn e partner\u00ebve dhe aleat\u00ebve m\u00eb t\u00eb mir\u00eb t\u00eb Malit t\u00eb Zi q\u00eb jan\u00eb aleat\u00ebt Euroatlantik\u00eb, por kan\u00eb qen\u00eb dhe garantues t\u00eb stabilitetit dhe t\u00eb nj\u00eb vendimmarrjeje t\u00eb konsoliduar t\u00eb k\u00ebtyre proceseve t\u00eb integrimit te Malit t\u00eb Zi \u201c<\/p>\n<figure><a href=\"http:\/\/www.visit-ulcinj.com\/blog\/wp-content\/uploads\/2017\/04\/Dekorat\u00eb-t\u00eb-lart\u00eb-Nderi-i-Kombit-Sim-Dobreci-Ruzhdi-Ushaku-Bujar-Nishani.jpg\"><img loading=\"lazy\" class=\"alignleft wp-image-104194\" src=\"http:\/\/www.visit-ulcinj.com\/blog\/wp-content\/uploads\/2017\/04\/Dekorat\u00eb-t\u00eb-lart\u00eb-Nderi-i-Kombit-Sim-Dobreci-Ruzhdi-Ushaku-Bujar-Nishani.jpg\" alt=\"Dekorat\u00eb t\u00eb lart\u00eb Nderi i Kombit-Sim Dobreci-Ruzhdi Ushaku-Bujar-Nishani\" width=\"508\" height=\"339\" srcset=\"https:\/\/www.visit-ulcinj.com\/blog\/wp-content\/uploads\/2017\/04\/Dekorat\u00eb-t\u00eb-lart\u00eb-Nderi-i-Kombit-Sim-Dobreci-Ruzhdi-Ushaku-Bujar-Nishani.jpg 960w, https:\/\/www.visit-ulcinj.com\/blog\/wp-content\/uploads\/2017\/04\/Dekorat\u00eb-t\u00eb-lart\u00eb-Nderi-i-Kombit-Sim-Dobreci-Ruzhdi-Ushaku-Bujar-Nishani-300x200.jpg 300w, https:\/\/www.visit-ulcinj.com\/blog\/wp-content\/uploads\/2017\/04\/Dekorat\u00eb-t\u00eb-lart\u00eb-Nderi-i-Kombit-Sim-Dobreci-Ruzhdi-Ushaku-Bujar-Nishani-768x512.jpg 768w\" sizes=\"(max-width: 508px) 100vw, 508px\" \/><\/a><\/figure>\n<p>Institucioni i Presidentit dekoron me Mir\u00ebnjohjen \u201cNderi i Kombit\u201d dy intelektual\u00eb shqiptar\u00eb n\u00eb Mal t\u00eb Zi<\/p>\n<p>Presidenti Bujar Nishani n\u00eb takimin p\u00ebrmbyll\u00ebs q\u00eb u organizua n\u00eb An\u00eb t\u00eb Malit vler\u00ebsoi me dekorat\u00eb t\u00eb lart\u00eb \u201cNderi i Kombit\u201d dy intelektual\u00eb nga Mali i Zi, dr. Prof. Sim\u00eb Dobrecin p\u00ebr kontribut n\u00eb fush\u00ebn e mjek\u00ebsis\u00eb dhe prof. dr .Ruzhdi Ushakun p\u00ebr t\u00eb arriturat n\u00eb studimet albanologjike.<\/p>\n<figure><\/figure>\n<p>Kryeministri i Shqip\u00ebris\u00eb Edi Rama: Ne mbetemi fqinj t\u00eb dashur dhe t\u00eb af\u00ebrt me nj\u00ebri\u2013tjetrin<\/p>\n<p>Marr\u00ebdh\u00ebniet midis Malit t\u00eb Zi dhe Shqip\u00ebris\u00eb ishin tem\u00eb e bisedimeve nd\u00ebrmjet Kryeministrit t\u00eb Malit t\u00eb Zi Dushko Markovi\u00e7 dhe atij t\u00eb Shqip\u00ebris\u00eb Edi Rama, i cili q\u00ebndroi p\u00ebr vizit\u00eb zyrtare n\u00eb k\u00ebt\u00eb Republik\u00eb. N\u00eb fjal\u00ebn e tij, kreu i Qeveris\u00eb malazeze Dushko Markovi\u00e7 ka deklaruar se me homologun Rama ka biseduar p\u00ebr rritjen e bashk\u00ebpunimit p\u00ebr nj\u00eb s\u00ebr\u00eb \u00e7\u00ebshtjesh, q\u00eb nga proceset e integrimit e deri tek ato dypal\u00ebshe, si\u00e7 \u00ebsht\u00eb lufta kund\u00ebr krimit nd\u00ebrkufitar etj.<\/p>\n<figure><\/figure>\n<p>Nd\u00ebr t\u00eb tjera, Markoviq ka vler\u00ebsuar kontributin e komunitetit shqiptar t\u00eb Malit t\u00eb Zi n\u00eb zhvillimin ekonomik t\u00eb vendit dhe an\u00ebtar\u00ebsimin e tij n\u00eb NATO.<\/p>\n<p>P\u00ebrKryeministrin e Shqip\u00ebris\u00eb Edi Rama, Shqip\u00ebria dhe Mali i Zi mbeten fqinj t\u00eb dashur dhe t\u00eb af\u00ebrt me njeri-tjetrin.<\/p>\n<p>\u201cDua t\u00eb n\u00ebnvizoj edhe nj\u00ebher\u00eb se kemi vendosur t\u00eb organizojm\u00eb mbledhjen e p\u00ebrbashk\u00ebt t\u00eb dy Qeverive n\u00eb Shkod\u00ebr n\u00eb muajin tetor si fillim i nj\u00eb cikli m\u00eb t\u00eb ri marr\u00ebdh\u00ebniesh, dhe e nj\u00eb p\u00ebrpjekjeje t\u00eb re p\u00ebr t\u00eb intensifikuar marr\u00ebdh\u00ebniet n\u00eb funksion t\u00eb p\u00ebrmir\u00ebsimit t\u00eb jet\u00ebs ekonomike dhe sociale t\u00eb qytetar\u00ebve tan\u00eb duke shfryt\u00ebzuar potencialet e p\u00ebrbashk\u00ebta q\u00eb jan\u00eb t\u00eb m\u00ebdha dhe posa\u00e7\u00ebrisht duke i dh\u00ebn\u00eb gjith\u00eb k\u00ebsaj hap\u00ebsire nd\u00ebrkufitare nj\u00eb v\u00ebmendje m\u00eb t\u00eb madhe t\u00eb p\u00ebrbashk\u00ebt n\u00eb funksion t\u00eb rritjes ekonomike dhe cil\u00ebsis\u00eb s\u00eb jet\u00ebs shoq\u00ebrore\u201d, tha Rama.<\/p>\n<p>Mali i Zi n\u00eb NATO, kontribut n\u00eb sigurin\u00eb e Rajonit<\/p>\n<p>&nbsp;<\/p>\n<p>Kryeministri i Shqip\u00ebris\u00eb Edi Rama edhe me k\u00ebt\u00eb rast p\u00ebrsh\u00ebndeti miratimin e protokollit nga Senati Amerikan p\u00ebr an\u00ebtar\u00ebsimin e Malit t\u00eb Zi n\u00eb Aleanc\u00ebn Veriatlantike (NATO).<\/p>\n<p>\u201c\u00cbsht\u00eb nj\u00eb arritje p\u00ebr t\u00eb cilat Shqip\u00ebria ka b\u00ebr\u00eb gjith\u00e7ka mundur n\u00eb mb\u00ebshtetje t\u00eb \u00a0Malit t\u00eb Zi, dhe \u00ebsht\u00eb nj\u00eb arritje historike jo vet\u00ebm p\u00ebr Malin e Zi, por p\u00ebr rajonin ton\u00eb, pasi me futjen e Malit t\u00eb Zi n\u00eb NATO faktikisht e gjith\u00eb vija bregdetare e k\u00ebtij krahut t\u00eb Jonit dhe Adriatikut \u00ebsht\u00eb zon\u00eb e NATO-s\u201d,- tha kryeministri shqiptar.<\/p>\n<p>N\u00eb takim, Shefat e Diplomacive t\u00eb dy vendeve, Srgjan Darmanovi\u00e7 dhe Ditmir Bushati n\u00ebnshkruan marr\u00ebveshjen nd\u00ebrshtet\u00ebrore p\u00ebr bashk\u00ebpunim n\u00eb fush\u00ebn e sh\u00ebndet\u00ebsis\u00eb.<\/p>\n<p>Kryeministri Rama dhe delegacioni q\u00eb e shoq\u00ebronte gjat\u00eb kthimit t\u00eb tyre n\u00eb Shqip\u00ebri u takuan n\u00eb Ulqin edhe me lider\u00ebt politik shqiptar\u00eb q\u00eb veprojn\u00eb n\u00eb Mal t\u00eb Zi.<\/p>\n<p><strong>Gazeta Monitor<\/strong><\/p>\n<\/div>\n","protected":false},"excerpt":{"rendered":"<p>Kryetari i Komun\u00ebs s\u00eb Ulqinit Nazif Cungu n\u00eb fjal\u00ebn q\u00eb mbajti n\u00eb ceremonin\u00eb e organizuar me rastin e Dit\u00ebs s\u00eb Ulqinit paralajm\u00ebroi investime t\u00eb reja, kryesisht n\u00eb infrastruktur\u00eb p\u00ebr ti afruar sa m\u00eb shum\u00eb shqiptar\u00ebt me nj\u00ebri-tjetrin. E shtuna e par\u00eb e muajit prill \u00ebsht\u00eb kremtja e dit\u00ebs s\u00eb Ulqinit. Kjo dit\u00eb simbolizon tradit\u00ebn detare [&hellip;]<\/p>\n","protected":false},"author":1,"featured_media":0,"comment_status":"closed","ping_status":"closed","sticky":false,"template":"","format":"standard","meta":{"spay_email":"","jetpack_publicize_message":"","jetpack_is_tweetstorm":false,"jetpack_publicize_feature_enabled":true},"categories":[13],"tags":[],"jetpack_publicize_connections":[],"yoast_head":"<!-- This site is optimized with the Yoast SEO plugin v19.1 - https:\/\/yoast.com\/wordpress\/plugins\/seo\/ -->\n<title>Mali i Zi do t\u00eb hap\u00eb pika t\u00eb reja kufitare me Shqip\u00ebrin\u00eb - Lajme nga Ulqini<\/title>\n<meta name=\"description\" content=\"Kryetari i Komun\u00ebs s\u00eb Ulqinit Nazif Cungu n\u00eb fjal\u00ebn q\u00eb mbajti n\u00eb ceremonin\u00eb e organizuar me rastin e Dit\u00ebs s\u00eb Ulqinit paralajm\u00ebroi investime t\u00eb reja,\" \/>\n<meta name=\"robots\" content=\"index, follow, max-snippet:-1, max-image-preview:large, max-video-preview:-1\" \/>\n<link rel=\"canonical\" href=\"https:\/\/www.visit-ulcinj.com\/blog\/2017\/04\/05\/mali-zi-te-hape-pika-te-reja-kufitare-shqiperine\/\" \/>\n<meta property=\"og:locale\" content=\"en_US\" \/>\n<meta property=\"og:type\" content=\"article\" \/>\n<meta property=\"og:title\" content=\"Mali i Zi do t\u00eb hap\u00eb pika t\u00eb reja kufitare me Shqip\u00ebrin\u00eb - Lajme nga Ulqini\" \/>\n<meta property=\"og:description\" content=\"Kryetari i Komun\u00ebs s\u00eb Ulqinit Nazif Cungu n\u00eb fjal\u00ebn q\u00eb mbajti n\u00eb ceremonin\u00eb e organizuar me rastin e Dit\u00ebs s\u00eb Ulqinit paralajm\u00ebroi investime t\u00eb reja,\" \/>\n<meta property=\"og:url\" content=\"https:\/\/www.visit-ulcinj.com\/blog\/2017\/04\/05\/mali-zi-te-hape-pika-te-reja-kufitare-shqiperine\/\" \/>\n<meta property=\"og:site_name\" content=\"Lajme nga Ulqini\" \/>\n<meta property=\"article:published_time\" content=\"2017-04-05T13:44:31+00:00\" \/>\n<meta property=\"og:image\" content=\"http:\/\/www.visit-ulcinj.com\/blog\/wp-content\/uploads\/2017\/04\/Per-diten-e-komunes-se-Ulqinit-Nishani-Vujanovic-Cungu.jpg\" \/>\n<meta name=\"twitter:label1\" content=\"Written by\" \/>\n\t<meta name=\"twitter:data1\" content=\"ulqini\" \/>\n\t<meta name=\"twitter:label2\" content=\"Est. reading time\" \/>\n\t<meta name=\"twitter:data2\" content=\"7 minutes\" \/>\n<script type=\"application\/ld+json\" class=\"yoast-schema-graph\">{\"@context\":\"https:\/\/schema.org\",\"@graph\":[{\"@type\":\"WebSite\",\"@id\":\"https:\/\/www.visit-ulcinj.com\/blog\/#website\",\"url\":\"https:\/\/www.visit-ulcinj.com\/blog\/\",\"name\":\"Lajme nga Ulqini\",\"description\":\"Lajme,Vijesti,Ulqini,Ulqin,Crna Gora,Mali i Zi\",\"potentialAction\":[{\"@type\":\"SearchAction\",\"target\":{\"@type\":\"EntryPoint\",\"urlTemplate\":\"https:\/\/www.visit-ulcinj.com\/blog\/?s={search_term_string}\"},\"query-input\":\"required name=search_term_string\"}],\"inLanguage\":\"en-US\"},{\"@type\":\"ImageObject\",\"inLanguage\":\"en-US\",\"@id\":\"https:\/\/www.visit-ulcinj.com\/blog\/2017\/04\/05\/mali-zi-te-hape-pika-te-reja-kufitare-shqiperine\/#primaryimage\",\"url\":\"https:\/\/www.visit-ulcinj.com\/blog\/wp-content\/uploads\/2017\/04\/Per-diten-e-komunes-se-Ulqinit-Nishani-Vujanovic-Cungu.jpg\",\"contentUrl\":\"https:\/\/www.visit-ulcinj.com\/blog\/wp-content\/uploads\/2017\/04\/Per-diten-e-komunes-se-Ulqinit-Nishani-Vujanovic-Cungu.jpg\",\"width\":702,\"height\":366},{\"@type\":\"WebPage\",\"@id\":\"https:\/\/www.visit-ulcinj.com\/blog\/2017\/04\/05\/mali-zi-te-hape-pika-te-reja-kufitare-shqiperine\/#webpage\",\"url\":\"https:\/\/www.visit-ulcinj.com\/blog\/2017\/04\/05\/mali-zi-te-hape-pika-te-reja-kufitare-shqiperine\/\",\"name\":\"Mali i Zi do t\u00eb hap\u00eb pika t\u00eb reja kufitare me Shqip\u00ebrin\u00eb - Lajme nga Ulqini\",\"isPartOf\":{\"@id\":\"https:\/\/www.visit-ulcinj.com\/blog\/#website\"},\"primaryImageOfPage\":{\"@id\":\"https:\/\/www.visit-ulcinj.com\/blog\/2017\/04\/05\/mali-zi-te-hape-pika-te-reja-kufitare-shqiperine\/#primaryimage\"},\"datePublished\":\"2017-04-05T13:44:31+00:00\",\"dateModified\":\"2017-04-05T13:44:31+00:00\",\"author\":{\"@id\":\"https:\/\/www.visit-ulcinj.com\/blog\/#\/schema\/person\/dcab619c614d3038751c63bc2aadc06d\"},\"description\":\"Kryetari i Komun\u00ebs s\u00eb Ulqinit Nazif Cungu n\u00eb fjal\u00ebn q\u00eb mbajti n\u00eb ceremonin\u00eb e organizuar me rastin e Dit\u00ebs s\u00eb Ulqinit paralajm\u00ebroi investime t\u00eb reja,\",\"breadcrumb\":{\"@id\":\"https:\/\/www.visit-ulcinj.com\/blog\/2017\/04\/05\/mali-zi-te-hape-pika-te-reja-kufitare-shqiperine\/#breadcrumb\"},\"inLanguage\":\"en-US\",\"potentialAction\":[{\"@type\":\"ReadAction\",\"target\":[\"https:\/\/www.visit-ulcinj.com\/blog\/2017\/04\/05\/mali-zi-te-hape-pika-te-reja-kufitare-shqiperine\/\"]}]},{\"@type\":\"BreadcrumbList\",\"@id\":\"https:\/\/www.visit-ulcinj.com\/blog\/2017\/04\/05\/mali-zi-te-hape-pika-te-reja-kufitare-shqiperine\/#breadcrumb\",\"itemListElement\":[{\"@type\":\"ListItem\",\"position\":1,\"name\":\"Mali i Zi do t\u00eb hap\u00eb pika t\u00eb reja kufitare me Shqip\u00ebrin\u00eb\"}]},{\"@type\":\"Person\",\"@id\":\"https:\/\/www.visit-ulcinj.com\/blog\/#\/schema\/person\/dcab619c614d3038751c63bc2aadc06d\",\"name\":\"ulqini\",\"sameAs\":[\"http:\/\/www.visit-ulcinj.com\"],\"url\":\"https:\/\/www.visit-ulcinj.com\/blog\/author\/admin\/\"}]}<\/script>\n<!-- \/ Yoast SEO plugin. -->","yoast_head_json":{"title":"Mali i Zi do t\u00eb hap\u00eb pika t\u00eb reja kufitare me Shqip\u00ebrin\u00eb - Lajme nga Ulqini","description":"Kryetari i Komun\u00ebs s\u00eb Ulqinit Nazif Cungu n\u00eb fjal\u00ebn q\u00eb mbajti n\u00eb ceremonin\u00eb e organizuar me rastin e Dit\u00ebs s\u00eb Ulqinit paralajm\u00ebroi investime t\u00eb reja,","robots":{"index":"index","follow":"follow","max-snippet":"max-snippet:-1","max-image-preview":"max-image-preview:large","max-video-preview":"max-video-preview:-1"},"canonical":"https:\/\/www.visit-ulcinj.com\/blog\/2017\/04\/05\/mali-zi-te-hape-pika-te-reja-kufitare-shqiperine\/","og_locale":"en_US","og_type":"article","og_title":"Mali i Zi do t\u00eb hap\u00eb pika t\u00eb reja kufitare me Shqip\u00ebrin\u00eb - Lajme nga Ulqini","og_description":"Kryetari i Komun\u00ebs s\u00eb Ulqinit Nazif Cungu n\u00eb fjal\u00ebn q\u00eb mbajti n\u00eb ceremonin\u00eb e organizuar me rastin e Dit\u00ebs s\u00eb Ulqinit paralajm\u00ebroi investime t\u00eb reja,","og_url":"https:\/\/www.visit-ulcinj.com\/blog\/2017\/04\/05\/mali-zi-te-hape-pika-te-reja-kufitare-shqiperine\/","og_site_name":"Lajme nga Ulqini","article_published_time":"2017-04-05T13:44:31+00:00","og_image":[{"url":"http:\/\/www.visit-ulcinj.com\/blog\/wp-content\/uploads\/2017\/04\/Per-diten-e-komunes-se-Ulqinit-Nishani-Vujanovic-Cungu.jpg"}],"twitter_misc":{"Written by":"ulqini","Est. reading time":"7 minutes"},"schema":{"@context":"https:\/\/schema.org","@graph":[{"@type":"WebSite","@id":"https:\/\/www.visit-ulcinj.com\/blog\/#website","url":"https:\/\/www.visit-ulcinj.com\/blog\/","name":"Lajme nga Ulqini","description":"Lajme,Vijesti,Ulqini,Ulqin,Crna Gora,Mali i Zi","potentialAction":[{"@type":"SearchAction","target":{"@type":"EntryPoint","urlTemplate":"https:\/\/www.visit-ulcinj.com\/blog\/?s={search_term_string}"},"query-input":"required name=search_term_string"}],"inLanguage":"en-US"},{"@type":"ImageObject","inLanguage":"en-US","@id":"https:\/\/www.visit-ulcinj.com\/blog\/2017\/04\/05\/mali-zi-te-hape-pika-te-reja-kufitare-shqiperine\/#primaryimage","url":"https:\/\/www.visit-ulcinj.com\/blog\/wp-content\/uploads\/2017\/04\/Per-diten-e-komunes-se-Ulqinit-Nishani-Vujanovic-Cungu.jpg","contentUrl":"https:\/\/www.visit-ulcinj.com\/blog\/wp-content\/uploads\/2017\/04\/Per-diten-e-komunes-se-Ulqinit-Nishani-Vujanovic-Cungu.jpg","width":702,"height":366},{"@type":"WebPage","@id":"https:\/\/www.visit-ulcinj.com\/blog\/2017\/04\/05\/mali-zi-te-hape-pika-te-reja-kufitare-shqiperine\/#webpage","url":"https:\/\/www.visit-ulcinj.com\/blog\/2017\/04\/05\/mali-zi-te-hape-pika-te-reja-kufitare-shqiperine\/","name":"Mali i Zi do t\u00eb hap\u00eb pika t\u00eb reja kufitare me Shqip\u00ebrin\u00eb - Lajme nga Ulqini","isPartOf":{"@id":"https:\/\/www.visit-ulcinj.com\/blog\/#website"},"primaryImageOfPage":{"@id":"https:\/\/www.visit-ulcinj.com\/blog\/2017\/04\/05\/mali-zi-te-hape-pika-te-reja-kufitare-shqiperine\/#primaryimage"},"datePublished":"2017-04-05T13:44:31+00:00","dateModified":"2017-04-05T13:44:31+00:00","author":{"@id":"https:\/\/www.visit-ulcinj.com\/blog\/#\/schema\/person\/dcab619c614d3038751c63bc2aadc06d"},"description":"Kryetari i Komun\u00ebs s\u00eb Ulqinit Nazif Cungu n\u00eb fjal\u00ebn q\u00eb mbajti n\u00eb ceremonin\u00eb e organizuar me rastin e Dit\u00ebs s\u00eb Ulqinit paralajm\u00ebroi investime t\u00eb reja,","breadcrumb":{"@id":"https:\/\/www.visit-ulcinj.com\/blog\/2017\/04\/05\/mali-zi-te-hape-pika-te-reja-kufitare-shqiperine\/#breadcrumb"},"inLanguage":"en-US","potentialAction":[{"@type":"ReadAction","target":["https:\/\/www.visit-ulcinj.com\/blog\/2017\/04\/05\/mali-zi-te-hape-pika-te-reja-kufitare-shqiperine\/"]}]},{"@type":"BreadcrumbList","@id":"https:\/\/www.visit-ulcinj.com\/blog\/2017\/04\/05\/mali-zi-te-hape-pika-te-reja-kufitare-shqiperine\/#breadcrumb","itemListElement":[{"@type":"ListItem","position":1,"name":"Mali i Zi do t\u00eb hap\u00eb pika t\u00eb reja kufitare me Shqip\u00ebrin\u00eb"}]},{"@type":"Person","@id":"https:\/\/www.visit-ulcinj.com\/blog\/#\/schema\/person\/dcab619c614d3038751c63bc2aadc06d","name":"ulqini","sameAs":["http:\/\/www.visit-ulcinj.com"],"url":"https:\/\/www.visit-ulcinj.com\/blog\/author\/admin\/"}]}},"jetpack_featured_media_url":"","jetpack_sharing_enabled":true,"jetpack_shortlink":"https:\/\/wp.me\/pe6lTn-r6x","_links":{"self":[{"href":"https:\/\/www.visit-ulcinj.com\/blog\/wp-json\/wp\/v2\/posts\/104193"}],"collection":[{"href":"https:\/\/www.visit-ulcinj.com\/blog\/wp-json\/wp\/v2\/posts"}],"about":[{"href":"https:\/\/www.visit-ulcinj.com\/blog\/wp-json\/wp\/v2\/types\/post"}],"author":[{"embeddable":true,"href":"https:\/\/www.visit-ulcinj.com\/blog\/wp-json\/wp\/v2\/users\/1"}],"replies":[{"embeddable":true,"href":"https:\/\/www.visit-ulcinj.com\/blog\/wp-json\/wp\/v2\/comments?post=104193"}],"version-history":[{"count":1,"href":"https:\/\/www.visit-ulcinj.com\/blog\/wp-json\/wp\/v2\/posts\/104193\/revisions"}],"predecessor-version":[{"id":104195,"href":"https:\/\/www.visit-ulcinj.com\/blog\/wp-json\/wp\/v2\/posts\/104193\/revisions\/104195"}],"wp:attachment":[{"href":"https:\/\/www.visit-ulcinj.com\/blog\/wp-json\/wp\/v2\/media?parent=104193"}],"wp:term":[{"taxonomy":"category","embeddable":true,"href":"https:\/\/www.visit-ulcinj.com\/blog\/wp-json\/wp\/v2\/categories?post=104193"},{"taxonomy":"post_tag","embeddable":true,"href":"https:\/\/www.visit-ulcinj.com\/blog\/wp-json\/wp\/v2\/tags?post=104193"}],"curies":[{"name":"wp","href":"https:\/\/api.w.org\/{rel}","templated":true}]}}