{"id":104198,"date":"2017-04-06T06:54:53","date_gmt":"2017-04-06T05:54:53","guid":{"rendered":"http:\/\/www.visit-ulcinj.com\/blog\/?p=104198"},"modified":"2017-04-06T20:34:12","modified_gmt":"2017-04-06T19:34:12","slug":"ura-ulqin-tivar-ne-rrezik-te-shembjes","status":"publish","type":"post","link":"https:\/\/www.visit-ulcinj.com\/blog\/2017\/04\/06\/ura-ulqin-tivar-ne-rrezik-te-shembjes\/","title":{"rendered":"Ura Ulqin &#8211; Tivar n\u00eb rrezik t\u00eb shembjes"},"content":{"rendered":"<p><a href=\"http:\/\/www.visit-ulcinj.com\/blog\/wp-content\/uploads\/2017\/04\/Ura-Ulqin-Tivar-n\u00eb-rrezik-t\u00eb-shembjes.jpg\"><img loading=\"lazy\" class=\"alignleft wp-image-104199\" src=\"http:\/\/www.visit-ulcinj.com\/blog\/wp-content\/uploads\/2017\/04\/Ura-Ulqin-Tivar-n\u00eb-rrezik-t\u00eb-shembjes.jpg\" alt=\"Ura Ulqin - Tivar n\u00eb rrezik t\u00eb shembjes\" width=\"508\" height=\"509\" srcset=\"https:\/\/www.visit-ulcinj.com\/blog\/wp-content\/uploads\/2017\/04\/Ura-Ulqin-Tivar-n\u00eb-rrezik-t\u00eb-shembjes.jpg 795w, https:\/\/www.visit-ulcinj.com\/blog\/wp-content\/uploads\/2017\/04\/Ura-Ulqin-Tivar-n\u00eb-rrezik-t\u00eb-shembjes-150x150.jpg 150w, https:\/\/www.visit-ulcinj.com\/blog\/wp-content\/uploads\/2017\/04\/Ura-Ulqin-Tivar-n\u00eb-rrezik-t\u00eb-shembjes-300x300.jpg 300w, https:\/\/www.visit-ulcinj.com\/blog\/wp-content\/uploads\/2017\/04\/Ura-Ulqin-Tivar-n\u00eb-rrezik-t\u00eb-shembjes-768x769.jpg 768w\" sizes=\"(max-width: 508px) 100vw, 508px\" \/><\/a><strong>Foto\/Lajmi q\u00eb po b\u00ebn buj\u00eb n\u00eb rrjetet sociale Facebook dhe n\u00eb Media<br \/>\n<\/strong><\/p>\n<p>Sot, Ura q\u00eb lidh\u00eb Ulqinin me Tivar n\u00eb vendin Dobre Vode, \u00ebsht\u00eb n\u00eb gjendje t\u00eb mjerueshme. Kjo ur\u00eb po p\u00ebrjeton shkat\u00ebrrimin dhe munges\u00ebn e plot\u00eb t\u00eb v\u00ebmendjes s\u00eb autoriteteve p\u00ebr ta mir\u00ebmbajtur at\u00eb. Plasaritja e saj vazhdon dita dit\u00ebs, autoritet p\u00ebrkat\u00ebse do t\u00eb duhet v\u00ebn\u00eb dor\u00eb p\u00ebr ta mir\u00ebmbajtur, si jo ura me k\u00ebt\u00eb intensitet t\u00eb plasaritjes, rreziku i shembjes s\u00eb saj ekziston, r<strong>aporton <a href=\"https:\/\/www.cdm.me\/drustvo\/most-u-dobrim-vodama-se-raspada\/\">portali CdM.<\/a><\/strong><\/p>\n","protected":false},"excerpt":{"rendered":"<p>Foto\/Lajmi q\u00eb po b\u00ebn buj\u00eb n\u00eb rrjetet sociale Facebook dhe n\u00eb Media Sot, Ura q\u00eb lidh\u00eb Ulqinin me Tivar n\u00eb vendin Dobre Vode, \u00ebsht\u00eb n\u00eb gjendje t\u00eb mjerueshme. Kjo ur\u00eb po p\u00ebrjeton shkat\u00ebrrimin dhe munges\u00ebn e plot\u00eb t\u00eb v\u00ebmendjes s\u00eb autoriteteve p\u00ebr ta mir\u00ebmbajtur at\u00eb. Plasaritja e saj vazhdon dita dit\u00ebs, autoritet p\u00ebrkat\u00ebse do t\u00eb [&hellip;]<\/p>\n","protected":false},"author":1,"featured_media":0,"comment_status":"closed","ping_status":"closed","sticky":false,"template":"","format":"standard","meta":{"spay_email":"","jetpack_publicize_message":"","jetpack_is_tweetstorm":false,"jetpack_publicize_feature_enabled":true},"categories":[1,12],"tags":[],"jetpack_publicize_connections":[],"yoast_head":"<!-- This site is optimized with the Yoast SEO plugin v19.1 - https:\/\/yoast.com\/wordpress\/plugins\/seo\/ -->\n<title>Ura Ulqin - Tivar n\u00eb rrezik t\u00eb shembjes - Lajme nga Ulqini<\/title>\n<meta name=\"description\" content=\"Foto\/Lajmi q\u00eb po b\u00ebn buj\u00eb n\u00eb rrjetet sociale Facebook dhe n\u00eb Media Sot, Ura q\u00eb lidh\u00eb Ulqinin me Tivar n\u00eb vendin Dobre Vode, \u00ebsht\u00eb n\u00eb gjendje t\u00eb\" \/>\n<meta name=\"robots\" content=\"index, follow, max-snippet:-1, max-image-preview:large, max-video-preview:-1\" \/>\n<link rel=\"canonical\" href=\"https:\/\/www.visit-ulcinj.com\/blog\/2017\/04\/06\/ura-ulqin-tivar-ne-rrezik-te-shembjes\/\" \/>\n<meta property=\"og:locale\" content=\"en_US\" \/>\n<meta property=\"og:type\" content=\"article\" \/>\n<meta property=\"og:title\" content=\"Ura Ulqin - Tivar n\u00eb rrezik t\u00eb shembjes - Lajme nga Ulqini\" \/>\n<meta property=\"og:description\" content=\"Foto\/Lajmi q\u00eb po b\u00ebn buj\u00eb n\u00eb rrjetet sociale Facebook dhe n\u00eb Media Sot, Ura q\u00eb lidh\u00eb Ulqinin me Tivar n\u00eb vendin Dobre Vode, \u00ebsht\u00eb n\u00eb gjendje t\u00eb\" \/>\n<meta property=\"og:url\" content=\"https:\/\/www.visit-ulcinj.com\/blog\/2017\/04\/06\/ura-ulqin-tivar-ne-rrezik-te-shembjes\/\" \/>\n<meta property=\"og:site_name\" content=\"Lajme nga Ulqini\" \/>\n<meta property=\"article:published_time\" content=\"2017-04-06T05:54:53+00:00\" \/>\n<meta property=\"article:modified_time\" content=\"2017-04-06T19:34:12+00:00\" \/>\n<meta name=\"twitter:label1\" content=\"Written by\" \/>\n\t<meta name=\"twitter:data1\" content=\"ulqini\" \/>\n<script type=\"application\/ld+json\" class=\"yoast-schema-graph\">{\"@context\":\"https:\/\/schema.org\",\"@graph\":[{\"@type\":\"WebSite\",\"@id\":\"https:\/\/www.visit-ulcinj.com\/blog\/#website\",\"url\":\"https:\/\/www.visit-ulcinj.com\/blog\/\",\"name\":\"Lajme nga Ulqini\",\"description\":\"Lajme,Vijesti,Ulqini,Ulqin,Crna Gora,Mali i Zi\",\"potentialAction\":[{\"@type\":\"SearchAction\",\"target\":{\"@type\":\"EntryPoint\",\"urlTemplate\":\"https:\/\/www.visit-ulcinj.com\/blog\/?s={search_term_string}\"},\"query-input\":\"required name=search_term_string\"}],\"inLanguage\":\"en-US\"},{\"@type\":\"WebPage\",\"@id\":\"https:\/\/www.visit-ulcinj.com\/blog\/2017\/04\/06\/ura-ulqin-tivar-ne-rrezik-te-shembjes\/#webpage\",\"url\":\"https:\/\/www.visit-ulcinj.com\/blog\/2017\/04\/06\/ura-ulqin-tivar-ne-rrezik-te-shembjes\/\",\"name\":\"Ura Ulqin - Tivar n\u00eb rrezik t\u00eb shembjes - Lajme nga Ulqini\",\"isPartOf\":{\"@id\":\"https:\/\/www.visit-ulcinj.com\/blog\/#website\"},\"datePublished\":\"2017-04-06T05:54:53+00:00\",\"dateModified\":\"2017-04-06T19:34:12+00:00\",\"author\":{\"@id\":\"https:\/\/www.visit-ulcinj.com\/blog\/#\/schema\/person\/dcab619c614d3038751c63bc2aadc06d\"},\"description\":\"Foto\/Lajmi q\u00eb po b\u00ebn buj\u00eb n\u00eb rrjetet sociale Facebook dhe n\u00eb Media Sot, Ura q\u00eb lidh\u00eb Ulqinin me Tivar n\u00eb vendin Dobre Vode, \u00ebsht\u00eb n\u00eb gjendje t\u00eb\",\"breadcrumb\":{\"@id\":\"https:\/\/www.visit-ulcinj.com\/blog\/2017\/04\/06\/ura-ulqin-tivar-ne-rrezik-te-shembjes\/#breadcrumb\"},\"inLanguage\":\"en-US\",\"potentialAction\":[{\"@type\":\"ReadAction\",\"target\":[\"https:\/\/www.visit-ulcinj.com\/blog\/2017\/04\/06\/ura-ulqin-tivar-ne-rrezik-te-shembjes\/\"]}]},{\"@type\":\"BreadcrumbList\",\"@id\":\"https:\/\/www.visit-ulcinj.com\/blog\/2017\/04\/06\/ura-ulqin-tivar-ne-rrezik-te-shembjes\/#breadcrumb\",\"itemListElement\":[{\"@type\":\"ListItem\",\"position\":1,\"name\":\"Ura Ulqin &#8211; Tivar n\u00eb rrezik t\u00eb shembjes\"}]},{\"@type\":\"Person\",\"@id\":\"https:\/\/www.visit-ulcinj.com\/blog\/#\/schema\/person\/dcab619c614d3038751c63bc2aadc06d\",\"name\":\"ulqini\",\"sameAs\":[\"http:\/\/www.visit-ulcinj.com\"],\"url\":\"https:\/\/www.visit-ulcinj.com\/blog\/author\/admin\/\"}]}<\/script>\n<!-- \/ Yoast SEO plugin. -->","yoast_head_json":{"title":"Ura Ulqin - Tivar n\u00eb rrezik t\u00eb shembjes - Lajme nga Ulqini","description":"Foto\/Lajmi q\u00eb po b\u00ebn buj\u00eb n\u00eb rrjetet sociale Facebook dhe n\u00eb Media Sot, Ura q\u00eb lidh\u00eb Ulqinin me Tivar n\u00eb vendin Dobre Vode, \u00ebsht\u00eb n\u00eb gjendje t\u00eb","robots":{"index":"index","follow":"follow","max-snippet":"max-snippet:-1","max-image-preview":"max-image-preview:large","max-video-preview":"max-video-preview:-1"},"canonical":"https:\/\/www.visit-ulcinj.com\/blog\/2017\/04\/06\/ura-ulqin-tivar-ne-rrezik-te-shembjes\/","og_locale":"en_US","og_type":"article","og_title":"Ura Ulqin - Tivar n\u00eb rrezik t\u00eb shembjes - Lajme nga Ulqini","og_description":"Foto\/Lajmi q\u00eb po b\u00ebn buj\u00eb n\u00eb rrjetet sociale Facebook dhe n\u00eb Media Sot, Ura q\u00eb lidh\u00eb Ulqinin me Tivar n\u00eb vendin Dobre Vode, \u00ebsht\u00eb n\u00eb gjendje t\u00eb","og_url":"https:\/\/www.visit-ulcinj.com\/blog\/2017\/04\/06\/ura-ulqin-tivar-ne-rrezik-te-shembjes\/","og_site_name":"Lajme nga Ulqini","article_published_time":"2017-04-06T05:54:53+00:00","article_modified_time":"2017-04-06T19:34:12+00:00","twitter_misc":{"Written by":"ulqini"},"schema":{"@context":"https:\/\/schema.org","@graph":[{"@type":"WebSite","@id":"https:\/\/www.visit-ulcinj.com\/blog\/#website","url":"https:\/\/www.visit-ulcinj.com\/blog\/","name":"Lajme nga Ulqini","description":"Lajme,Vijesti,Ulqini,Ulqin,Crna Gora,Mali i Zi","potentialAction":[{"@type":"SearchAction","target":{"@type":"EntryPoint","urlTemplate":"https:\/\/www.visit-ulcinj.com\/blog\/?s={search_term_string}"},"query-input":"required name=search_term_string"}],"inLanguage":"en-US"},{"@type":"WebPage","@id":"https:\/\/www.visit-ulcinj.com\/blog\/2017\/04\/06\/ura-ulqin-tivar-ne-rrezik-te-shembjes\/#webpage","url":"https:\/\/www.visit-ulcinj.com\/blog\/2017\/04\/06\/ura-ulqin-tivar-ne-rrezik-te-shembjes\/","name":"Ura Ulqin - Tivar n\u00eb rrezik t\u00eb shembjes - Lajme nga Ulqini","isPartOf":{"@id":"https:\/\/www.visit-ulcinj.com\/blog\/#website"},"datePublished":"2017-04-06T05:54:53+00:00","dateModified":"2017-04-06T19:34:12+00:00","author":{"@id":"https:\/\/www.visit-ulcinj.com\/blog\/#\/schema\/person\/dcab619c614d3038751c63bc2aadc06d"},"description":"Foto\/Lajmi q\u00eb po b\u00ebn buj\u00eb n\u00eb rrjetet sociale Facebook dhe n\u00eb Media Sot, Ura q\u00eb lidh\u00eb Ulqinin me Tivar n\u00eb vendin Dobre Vode, \u00ebsht\u00eb n\u00eb gjendje t\u00eb","breadcrumb":{"@id":"https:\/\/www.visit-ulcinj.com\/blog\/2017\/04\/06\/ura-ulqin-tivar-ne-rrezik-te-shembjes\/#breadcrumb"},"inLanguage":"en-US","potentialAction":[{"@type":"ReadAction","target":["https:\/\/www.visit-ulcinj.com\/blog\/2017\/04\/06\/ura-ulqin-tivar-ne-rrezik-te-shembjes\/"]}]},{"@type":"BreadcrumbList","@id":"https:\/\/www.visit-ulcinj.com\/blog\/2017\/04\/06\/ura-ulqin-tivar-ne-rrezik-te-shembjes\/#breadcrumb","itemListElement":[{"@type":"ListItem","position":1,"name":"Ura Ulqin &#8211; Tivar n\u00eb rrezik t\u00eb shembjes"}]},{"@type":"Person","@id":"https:\/\/www.visit-ulcinj.com\/blog\/#\/schema\/person\/dcab619c614d3038751c63bc2aadc06d","name":"ulqini","sameAs":["http:\/\/www.visit-ulcinj.com"],"url":"https:\/\/www.visit-ulcinj.com\/blog\/author\/admin\/"}]}},"jetpack_featured_media_url":"","jetpack_sharing_enabled":true,"jetpack_shortlink":"https:\/\/wp.me\/pe6lTn-r6C","_links":{"self":[{"href":"https:\/\/www.visit-ulcinj.com\/blog\/wp-json\/wp\/v2\/posts\/104198"}],"collection":[{"href":"https:\/\/www.visit-ulcinj.com\/blog\/wp-json\/wp\/v2\/posts"}],"about":[{"href":"https:\/\/www.visit-ulcinj.com\/blog\/wp-json\/wp\/v2\/types\/post"}],"author":[{"embeddable":true,"href":"https:\/\/www.visit-ulcinj.com\/blog\/wp-json\/wp\/v2\/users\/1"}],"replies":[{"embeddable":true,"href":"https:\/\/www.visit-ulcinj.com\/blog\/wp-json\/wp\/v2\/comments?post=104198"}],"version-history":[{"count":7,"href":"https:\/\/www.visit-ulcinj.com\/blog\/wp-json\/wp\/v2\/posts\/104198\/revisions"}],"predecessor-version":[{"id":104209,"href":"https:\/\/www.visit-ulcinj.com\/blog\/wp-json\/wp\/v2\/posts\/104198\/revisions\/104209"}],"wp:attachment":[{"href":"https:\/\/www.visit-ulcinj.com\/blog\/wp-json\/wp\/v2\/media?parent=104198"}],"wp:term":[{"taxonomy":"category","embeddable":true,"href":"https:\/\/www.visit-ulcinj.com\/blog\/wp-json\/wp\/v2\/categories?post=104198"},{"taxonomy":"post_tag","embeddable":true,"href":"https:\/\/www.visit-ulcinj.com\/blog\/wp-json\/wp\/v2\/tags?post=104198"}],"curies":[{"name":"wp","href":"https:\/\/api.w.org\/{rel}","templated":true}]}}