{"id":104214,"date":"2017-04-06T20:26:41","date_gmt":"2017-04-06T19:26:41","guid":{"rendered":"http:\/\/www.visit-ulcinj.com\/blog\/?p=104214"},"modified":"2017-04-08T10:15:45","modified_gmt":"2017-04-08T09:15:45","slug":"beqir-truma-nje-figure-shume-dimensionale-e-ulqinit","status":"publish","type":"post","link":"https:\/\/www.visit-ulcinj.com\/blog\/2017\/04\/06\/beqir-truma-nje-figure-shume-dimensionale-e-ulqinit\/","title":{"rendered":"Beqir Truma nj\u00eb figur\u00eb shum\u00eb dimensionale e Ulqinit &#8211; Video"},"content":{"rendered":"<p><strong><a href=\"http:\/\/www.visit-ulcinj.com\/blog\/wp-content\/uploads\/2017\/04\/Beqir-Truma-nj\u00eb-figur\u00eb-shum\u00eb-dimensionale-e-Ulqinit.jpg\"><img loading=\"lazy\" class=\"alignleft wp-image-104215\" src=\"http:\/\/www.visit-ulcinj.com\/blog\/wp-content\/uploads\/2017\/04\/Beqir-Truma-nj\u00eb-figur\u00eb-shum\u00eb-dimensionale-e-Ulqinit.jpg\" alt=\"Beqir Truma nj\u00eb figur\u00eb shum\u00eb dimensionale e Ulqinit\" width=\"508\" height=\"358\" srcset=\"https:\/\/www.visit-ulcinj.com\/blog\/wp-content\/uploads\/2017\/04\/Beqir-Truma-nj\u00eb-figur\u00eb-shum\u00eb-dimensionale-e-Ulqinit.jpg 917w, https:\/\/www.visit-ulcinj.com\/blog\/wp-content\/uploads\/2017\/04\/Beqir-Truma-nj\u00eb-figur\u00eb-shum\u00eb-dimensionale-e-Ulqinit-300x211.jpg 300w, https:\/\/www.visit-ulcinj.com\/blog\/wp-content\/uploads\/2017\/04\/Beqir-Truma-nj\u00eb-figur\u00eb-shum\u00eb-dimensionale-e-Ulqinit-768x541.jpg 768w\" sizes=\"(max-width: 508px) 100vw, 508px\" \/><\/a>Beqir Truma \u00ebsht\u00eb nj\u00eb figur\u00eb shum\u00eb dimensionale, q\u00eb si\u00e7 thot\u00eb Ismet Karamanaga, duhet t\u2019u sh\u00ebrbej\u00eb brezave t\u00eb rinj n\u00eb Ulqin si shembull i q\u00ebndres\u00ebs, guximit, ndershm\u00ebris\u00eb dhe nj\u00eb formimi t\u00eb thell\u00eb kulturor.<\/strong><\/p>\n<p><strong>Nga <a id=\"js_76o\" class=\"_hli\" href=\"https:\/\/www.facebook.com\/ismet.karamanaga\" data-hovercard=\"\/ajax\/hovercard\/user.php?id=1359492972\" data-hovercard-prefer-more-content-show=\"1\">Ismet Karamanaga<\/a> Facebook<\/strong><\/p>\n<p>Beqir &#8211; Beqo TRUMA, \u00ebsht\u00eb nj\u00eb figur\u00eb markante e qytetit tone &#8211; Ulqinit. Ai padyshim meriton nj\u00eb vend t\u00eb ve\u00e7ant\u00eb n\u00eb librin ti<span class=\"text_exposed_show\">m m\u00eb t\u00eb ri, pavar\u00ebsisht se nj\u00eb personalitet si\u00e7 \u00ebsht\u00eb Beqir TRUMA, meriton shum\u00eb m\u00eb tep\u00ebr. Peronalitete si\u00e7 \u00ebsht\u00eb ky nj\u00ebri, modest i qet\u00eb dhe i mire, nuk duhet ti l\u00ebm\u00eb pa sdore, ti harrojm\u00eb. N\u00eb ve\u00e7anti, kur ata jan\u00eb n\u00eb mosh\u00ebn kur nuk mund m\u00eb t\u00eb veprojn\u00eb dhe t\u00eb punojn\u00eb.<br \/>\nPrandaj, \u00ebsht\u00eb mire q\u00eb ti kujtojm\u00eb duke i nxjerr\u00eb nga harresa. Ndoshta dikur gjeneratat e reja do ti shfletojn\u00eb k\u00ebto shkrime dhe t\u00eb njihen me t\u00eb kaluar\u00ebn tone t\u00eb bujshme, n\u00eb ve\u00e7anti t\u00eb njihen m\u00eb koh\u00ebn e viteve t\u00eb fundit e shekullit t\u00eb kaluar, kur Ulqini ka pasur nj\u00eb em\u00ebr dhe nj\u00eb fam\u00eb m\u00eb t\u00eb madhe se sot. Prandaj, k\u00ebt\u00eb u a kemi borxh\u00eb k\u00ebtyre personaliteteve.<\/span><\/p>\n<p><span class=\"text_exposed_show\"><a href=\"http:\/\/www.visit-ulcinj.com\/blog\/wp-content\/uploads\/2017\/04\/Beqir-Truma-nj\u00eb-figur\u00eb-shum\u00eb-dimensionale-e-Ulqinit-1.jpg\"><img loading=\"lazy\" class=\"alignleft wp-image-104218\" src=\"http:\/\/www.visit-ulcinj.com\/blog\/wp-content\/uploads\/2017\/04\/Beqir-Truma-nj\u00eb-figur\u00eb-shum\u00eb-dimensionale-e-Ulqinit-1.jpg\" alt=\"Beqir Truma nj\u00eb figur\u00eb shum\u00eb dimensionale e Ulqinit-1\" width=\"508\" height=\"570\" srcset=\"https:\/\/www.visit-ulcinj.com\/blog\/wp-content\/uploads\/2017\/04\/Beqir-Truma-nj\u00eb-figur\u00eb-shum\u00eb-dimensionale-e-Ulqinit-1.jpg 583w, https:\/\/www.visit-ulcinj.com\/blog\/wp-content\/uploads\/2017\/04\/Beqir-Truma-nj\u00eb-figur\u00eb-shum\u00eb-dimensionale-e-Ulqinit-1-267x300.jpg 267w\" sizes=\"(max-width: 508px) 100vw, 508px\" \/><\/a><br \/>\nNdoshta un\u00eb, me modestin\u00eb time, nuk mundem me e p\u00ebrshkruj fare mir\u00eb Beqon, ashtu si\u00e7 e meriton ky person, si\u00e7 ka qen\u00eb dhe si\u00e7 \u00ebsht\u00eb, mir\u00ebpo, sadopak d\u00ebshiroj ti evokoj kujtimet p\u00ebr t\u00eb pasi q\u00eb e njoh mire. P\u00ebr Beqon meriton t\u00eb shkruhet, t\u00eb ndri\u00e7ohet dhe t\u00eb kujtohet koha, jeta dhe vepra e tij.<br \/>\nJam m\u00eb se i bindur se Beqoja meriton edhe nj\u00eb Mir\u00ebnjohje t\u00eb posa\u00e7me nga organet kompetente t\u00eb Komun\u00ebs s\u00eb Ulqinit . Ai dhe nj\u00eb grup entuziast\u00ebsh t\u00eb qytetit tone kan\u00eb dh\u00ebn\u00eb nj\u00eb kontribut t\u00eb madh p\u00ebr ngritjen e fames s\u00eb qytetit t\u00eb Ulqinit n\u00eb koh\u00ebt e arta t\u00eb turizmit n\u00eb k\u00ebto treva, anemban\u00eb Ish Jugosllavis\u00eb, si pjes\u00ebmarr\u00ebs i folklorit dhe kultur\u00ebs son\u00eb, por edhe si sportist i dalluar. Ishin k\u00ebta amator\u00eb, t\u00eb cil\u00ebt m\u00eb pak mjete, por me entuzijaz\u00ebm dhe vullnet t\u00eb madh zgjuan gjenet e t\u00eb par\u00ebve tan\u00eb, duke e ngritur fam\u00ebn e folklorit tone n\u00eb maj\u00ebn e piramid\u00ebs komb\u00ebtare shqiptare dhe bot\u00ebrore. <\/span><\/p>\n<p><span class=\"text_exposed_show\"><a href=\"http:\/\/www.visit-ulcinj.com\/blog\/wp-content\/uploads\/2017\/04\/Beqir-Truma-nj\u00eb-figur\u00eb-shum\u00eb-dimensionale-e-Ulqinit-3.jpg\"><img loading=\"lazy\" class=\"alignleft wp-image-104217\" src=\"http:\/\/www.visit-ulcinj.com\/blog\/wp-content\/uploads\/2017\/04\/Beqir-Truma-nj\u00eb-figur\u00eb-shum\u00eb-dimensionale-e-Ulqinit-3.jpg\" alt=\"Beqir Truma nj\u00eb figur\u00eb shum\u00eb dimensionale e Ulqinit-3\" width=\"508\" height=\"329\" srcset=\"https:\/\/www.visit-ulcinj.com\/blog\/wp-content\/uploads\/2017\/04\/Beqir-Truma-nj\u00eb-figur\u00eb-shum\u00eb-dimensionale-e-Ulqinit-3.jpg 960w, https:\/\/www.visit-ulcinj.com\/blog\/wp-content\/uploads\/2017\/04\/Beqir-Truma-nj\u00eb-figur\u00eb-shum\u00eb-dimensionale-e-Ulqinit-3-300x194.jpg 300w, https:\/\/www.visit-ulcinj.com\/blog\/wp-content\/uploads\/2017\/04\/Beqir-Truma-nj\u00eb-figur\u00eb-shum\u00eb-dimensionale-e-Ulqinit-3-768x498.jpg 768w\" sizes=\"(max-width: 508px) 100vw, 508px\" \/><\/a><br \/>\nBeqir Truma m\u00eb nj\u00eb grup djemve dhe vajzave t\u00eb qytetit t\u00eb Ulqinit, ka filluar t\u00eb ushtroj\u00eb vall\u00ebzimin , k\u00ebng\u00ebt dhe vallet, n\u00eb vitet 60 t\u00eb shekullit t\u00eb kaluar, ta kultivojn\u00eb, ta ruajn\u00eb dhe ta prezantojn\u00eb folklorin, m\u00eb ansamblin \u201cBoshko Strugar\u201d. Mir\u00ebpo, suksesin m\u00eb t\u00eb madh Beqoja e ka arritur pak m\u00eb von\u00eb, m\u00eb themelimin e Shoqeris\u00eb &#8211; Kulturore Artistike \u201c Zana\u201d , n\u00eb krye me t\u00eb ndjerin Rexhep Ag\u00eb ABAZIN, legjend\u00ebn e t\u00eb pavdekshme t\u00eb qytetit ton\u00eb t\u00eb bukur.<br \/>\nN\u00eb shum\u00eb festivale folkloristike anemban\u00eb vendit , Shqip\u00ebris\u00eb, Kosov\u00ebs, Maqedonis\u00eb dhe Malit t\u00eb Zi, n\u00eb promovime t\u00eb turizmit e qytetit tone, ku jan\u00eb promovuar vlerat dhe trash\u00ebgimia folkloristike, bukurit\u00eb natyrore dhe ato historike, k\u00ebta entuzijast\u00eb gjithmon\u00eb na kan\u00eb \u201czbardhuar faqen\u201d. N\u00eb k\u00ebto prezantime, folklori yn\u00eb k\u00ebt\u00eb e ka b\u00ebr\u00eb me sukses t\u00eb madh duke l\u00ebn\u00eb gjurm\u00eb t\u00eb pashlyera. Si nj\u00eb nd\u00ebr personalitetet kryesore e k\u00ebtij ansambli , si koreograf dhe si valltar, Beqir Truma \u00ebsht\u00eb ngritur n\u00eb maj\u00ebn e piramid\u00ebs t\u00eb folklorit tone komb\u00ebtar.<br \/>\nSi valltar, s\u00eb bashku me legjend\u00ebn e qytetit ton Rexhep Ag\u00eb Abazin dhe Kabil Mehmetin, Beqir Truma ka mbetur sinonim i folklorit, kultur\u00ebs dhe trash\u00ebgimis\u00eb son\u00eb. Ai ka qen\u00eb nj\u00ebri nd\u00ebr themeluesit e SHKA \u201cZana\u201d, udh\u00ebheq\u00ebs dhe koreograf i shum\u00eb valleve, valltari kryesor dhe koreografi i \u201cValles s\u00eb peshkatar\u00ebve\u201d. Interpretimi i k\u00ebsaj valleje nga k\u00ebta valltar\u00eb, ende deri m\u00eb sot ka mbetur i pap\u00ebrs\u00ebritsh\u00ebm n\u00eb folklorin tone. Ende edhe pas nj\u00eb kohe t\u00eb gjat\u00eb, askush tjet\u00ebr nuk ka mundur ta luaj\u00eb ashtu si\u00e7 e ka luajtur Beqoja, dhe ende edhe sot askush nuk mund ti afrohet k\u00ebsaj shfaqjeje dhe interpretimit t\u00eb k\u00ebsaj koreografie.<\/span><\/p>\n<p><span class=\"text_exposed_show\"><a href=\"http:\/\/www.visit-ulcinj.com\/blog\/wp-content\/uploads\/2017\/04\/Beqir-Truma-nj\u00eb-figur\u00eb-shum\u00eb-dimensionale-e-Ulqinit-2.jpg\"><img loading=\"lazy\" class=\"alignleft wp-image-104216\" src=\"http:\/\/www.visit-ulcinj.com\/blog\/wp-content\/uploads\/2017\/04\/Beqir-Truma-nj\u00eb-figur\u00eb-shum\u00eb-dimensionale-e-Ulqinit-2.jpg\" alt=\"Beqir Truma nj\u00eb figur\u00eb shum\u00eb dimensionale e Ulqinit-2\" width=\"508\" height=\"603\" srcset=\"https:\/\/www.visit-ulcinj.com\/blog\/wp-content\/uploads\/2017\/04\/Beqir-Truma-nj\u00eb-figur\u00eb-shum\u00eb-dimensionale-e-Ulqinit-2.jpg 580w, https:\/\/www.visit-ulcinj.com\/blog\/wp-content\/uploads\/2017\/04\/Beqir-Truma-nj\u00eb-figur\u00eb-shum\u00eb-dimensionale-e-Ulqinit-2-253x300.jpg 253w\" sizes=\"(max-width: 508px) 100vw, 508px\" \/><\/a><br \/>\nMund t\u00eb theme me plot\u00eb p\u00ebrgjegj\u00ebsi dhe jam m\u00eb se i bindur se ndaj mendimin e shum\u00eb qytetar\u00ebve tane, se i ndjerri Rexhep Abazi, Kabil Menmeti dhe Beqir Truma kan\u00eb l\u00ebn\u00eb gjurm\u00eb t\u00eb pashlyera t\u00eb pap\u00ebrs\u00ebritshme n\u00eb folklorin, kulturen dhe n\u00eb trash\u00ebgimin\u00eb ton\u00eb p\u00ebrgjithmon\u00eb. P\u00ebr k\u00ebt\u00eb nuk ka dyshim.<br \/>\nBeqoja nuk mundet pa Ran\u00ebn. N\u00eb Ran\u00eb, fare pak metra larg nga Plazhi I Vog\u00ebl, kan\u00eb lindur ai, v\u00ebllez\u00ebrit e tij dhe t\u00eb par\u00ebt e tij . Shum\u00eb prej tyre ishin detar\u00eb dhe marinar\u00eb me nam. Hamdiu, Qemali dhe t\u00eb tjer\u00ebt ishin detar\u00eb dhe \u201cgjemxhi\u201d, k\u00ebshtu q\u00eb edhe Beqoja e ka pasur dhe ende e ka detin n\u00eb gjak. Pavar\u00ebsisht nga mosha dhe s\u00ebmundja, t\u00eb cil\u00ebn tashm\u00eb e ka p\u00ebrballur, shpesh ulet n\u00eb Ran\u00eb, m\u00eb tep\u00ebr tani n\u00eb pranver\u00eb, kurse ver\u00ebs p\u00ebr \u00e7do dit\u00eb.<br \/>\nBeqoja ( Beqiri), gjithmon\u00eb ka qen\u00eb krenar p\u00ebr Ran\u00ebn dhe ajo gjithmon\u00eb i ka munguar. P\u00ebr ne nga Kalaja dhe Rana, por edhe p\u00ebr t\u00eb gjith\u00eb t\u00eb rinjt\u00eb ai ka qen\u00eb idhull, si sportist, m\u00eb von\u00eb edhe si valltar n\u00eb folklorin ton\u00eb.<br \/>\nBeqoja ka qen\u00eb gjithmon\u00eb modest, i but\u00eb, i bukur dhe i mire, si\u00e7 thot\u00eb populli yn\u00eb.<br \/>\nPavar\u00ebsisht nga gjeni i fort detar, ai ka zghedhur rrug\u00ebn e shkollimit dhe arsimit. Si arsimtar dhe si edukator, ka dh\u00ebn\u00eb nj\u00eb kontribut t\u00eb madh n\u00eb edukimin e t\u00eb rinjve, brenda nj\u00eb periudhe t\u00eb gjat\u00eb n\u00eb arsim. Ka qen\u00eb edukator dhe pedagog me nj\u00eb autoritet t\u00eb ve\u00e7ant\u00eb, ka pasur disciplin\u00eb n\u00eb pun\u00eb, por edhe ka k\u00ebrkuar disciplin\u00eb nga nx\u00ebn\u00ebsit. \u201cRinija e sh\u00ebndosh\u00eb \u00ebsht\u00eb shoq\u00ebria e sh\u00ebndosh\u00eb\u201d, ka qen\u00eb motoja kryesore e ketij pishtari t\u00eb arsimit ton\u00eb. Si m\u00ebsidh\u00ebn\u00ebs i ri ka filluar pun\u00ebn n\u00eb edukimin e brezit t\u00eb ri, i cili edhe m\u00eb von\u00eb kurr\u00eb nuk e ka harruar Beqon.<\/span><\/p>\n<p><span class=\"text_exposed_show\"> <a href=\"http:\/\/www.visit-ulcinj.com\/blog\/wp-content\/uploads\/2017\/04\/Beqir-Truma-nj\u00eb-figur\u00eb-shum\u00eb-dimensionale-e-Ulqinit-5.jpg\"><img loading=\"lazy\" class=\"alignleft wp-image-104219\" src=\"http:\/\/www.visit-ulcinj.com\/blog\/wp-content\/uploads\/2017\/04\/Beqir-Truma-nj\u00eb-figur\u00eb-shum\u00eb-dimensionale-e-Ulqinit-5.jpg\" alt=\"Beqir Truma nj\u00eb figur\u00eb shum\u00eb dimensionale e Ulqinit-5\" width=\"508\" height=\"254\" srcset=\"https:\/\/www.visit-ulcinj.com\/blog\/wp-content\/uploads\/2017\/04\/Beqir-Truma-nj\u00eb-figur\u00eb-shum\u00eb-dimensionale-e-Ulqinit-5.jpg 600w, https:\/\/www.visit-ulcinj.com\/blog\/wp-content\/uploads\/2017\/04\/Beqir-Truma-nj\u00eb-figur\u00eb-shum\u00eb-dimensionale-e-Ulqinit-5-300x150.jpg 300w\" sizes=\"(max-width: 508px) 100vw, 508px\" \/><\/a><br \/>\nEnde edhe sot p\u00ebrmendet me nj\u00eb respekt t\u00eb madh n\u00eb Shkoll\u00ebn fillore \u201cMarshal Tito\u201d. Ish nx\u00ebn\u00ebsit e Beqos e kan\u00eb pasur idhull. Mir\u00ebpo, Beqoja ka qen\u00eb idhull edhe i shum\u00eb gjeneratave dhe sportist\u00ebve t\u00eb qytetit ton\u00eb, pavar\u00ebsisht nga konfesiononi dhe nacionaliteti. Gjithmon\u00eb ka pasur autoritet t\u00eb madh. P\u00ebr t\u00eb kan\u00eb pasur respekt edhe m\u00eb t\u00eb njohurit nga kjo l\u00ebmi, Labud STRUGARI dhe Rajko PAVIQEVIQI. Beqir Truma ka qen\u00eb edhe sportist i cili ka prezantuar qytetin ton\u00eb n\u00eb shum\u00eb vende t\u00eb ish &#8211; Yugoslavis\u00eb . Prandaj , e them\u00eb me plot\u00eb p\u00ebrgjegj\u00ebsi se Beqir Truma ka l\u00ebn\u00eb gjurm\u00eb t\u00eb pashlyera , jo vet\u00ebm n\u00eb folklor, por edhe n\u00eb arsimin dhe n\u00eb sportin e Ulqinit.<br \/>\nBeqoja ka pasur edhe nj\u00eb pasion, si\u00e7 e kan\u00eb pake shum\u00eb t\u00eb gjith\u00eb ranacak\u00ebt &#8211; peshkun, peshkimin, barkat dhe sanallat. Lumi Buna dhe peshkimi me rrijeta me shok\u00ebt e tij, e ka t\u00ebrhequr m\u00eb s\u00eb tep\u00ebrmi. Lumi Buna, sanallat, peshku dhe peshkimi, ndoshta edhe kan\u00eb ndikuar dhe kan\u00eb l\u00ebn\u00eb gjurm\u00eb n\u00eb sh\u00ebndetin e k\u00ebtij sportisti t\u00eb dalluar.<br \/>\nOrganizmi i tij \u00ebsht\u00eb dashur t\u00eb ballafaqohet m\u00eb nj\u00eb s\u00ebmundje t\u00eb r\u00ebnd\u00eb, mir\u00ebpo nj\u00eb organiz\u00ebm i p\u00ebrgaditur maksimalisht n\u00eb aspektin psiko \u2013 fizik ka qen\u00eb n\u00eb gjendje ta p\u00ebrballoj\u00eb k\u00ebt\u00eb s\u00ebmundje t\u00eb r\u00ebnd\u00eb. Kur e takoj sot n\u00eb rrug\u00eb a po n\u00eb Ran\u00eb, m\u00eb duket si nj\u00eb \u201cfeniks\u201d i cili p\u00ebrs\u00ebri \u00ebsht\u00eb ngritur. Ec\u00ebn ngadal\u00eb me shkop, por flet qart\u00eb dhe i kujtohet secila sekuenc\u00eb e jet\u00ebs s\u00eb tij.<\/span><\/p>\n<p><span class=\"text_exposed_show\"><a href=\"http:\/\/www.visit-ulcinj.com\/blog\/wp-content\/uploads\/2017\/04\/Beqir-Truma-nj\u00eb-figur\u00eb-shum\u00eb-dimensionale-e-Ulqinit-4.jpg\"><img loading=\"lazy\" class=\"alignleft wp-image-104220\" src=\"http:\/\/www.visit-ulcinj.com\/blog\/wp-content\/uploads\/2017\/04\/Beqir-Truma-nj\u00eb-figur\u00eb-shum\u00eb-dimensionale-e-Ulqinit-4.jpg\" alt=\"Beqir Truma nj\u00eb figur\u00eb shum\u00eb dimensionale e Ulqinit-4\" width=\"508\" height=\"339\" srcset=\"https:\/\/www.visit-ulcinj.com\/blog\/wp-content\/uploads\/2017\/04\/Beqir-Truma-nj\u00eb-figur\u00eb-shum\u00eb-dimensionale-e-Ulqinit-4.jpg 600w, https:\/\/www.visit-ulcinj.com\/blog\/wp-content\/uploads\/2017\/04\/Beqir-Truma-nj\u00eb-figur\u00eb-shum\u00eb-dimensionale-e-Ulqinit-4-300x200.jpg 300w\" sizes=\"(max-width: 508px) 100vw, 508px\" \/><\/a><br \/>\nUl\u00ebt n\u00eb Ran\u00eb pa ndihm\u00ebn e askujt. Takohet m\u00eb shok\u00ebt e rinis\u00eb, bisedon dhe flet\u00eb qart\u00eb, dhe pas disa or\u00ebsh ngadal\u00eb p\u00ebrs\u00ebri shkon n\u00eb rrug\u00ebn e cila t\u00eb \u00e7on deri te Komuna, ku e ka banes\u00ebn. Nuk mund t\u00eb them\u00eb se vuan p\u00ebr Ran\u00eb, pasi q\u00eb \u00ebsht\u00eb fjal\u00eb e r\u00ebnd\u00eb, por pa Ran\u00eb nuk mundet.<br \/>\nDhe n\u00eb fund, dua t\u00eb p\u00ebrmend edhe zonj\u00ebn e tij Sadberen apo Beljen, si\u00e7 e quajn\u00eb t\u00eb gjith\u00eb ato t\u00eb cil\u00ebt e njohin. Ajo ka qen\u00eb nj\u00eb ekonomiste e dalluar. Shkoll\u00ebn e ka kryer n\u00eb Beograd dhe deri te pension ka punuar n\u00eb sektorin e kontabilitetit t\u00eb NHT \u201cRiviera e Ulqinit\u201d.<br \/>\nKjo zonj\u00eb, gjithmon\u00eb e qeshur dhe m\u00eb nj\u00eb sjellje t\u00eb jasht\u00ebzakonshme, ka qen\u00eb p\u00ebrkrahja m\u00eb e fort\u00eb e Beqir Trum\u00ebs, dhe pa dyshim \u201cila\u00e7i\u201d m\u00eb i fuqish\u00ebm n\u00eb sh\u00ebrimin e tij. Belja \u00ebsht\u00eb nj\u00eb zonj\u00eb e r\u00ebnd, goj\u00eb \u00ebmb\u00ebl ashtu si\u00e7 ishte n\u00ebna e saj Laja, mbesa e hoxh Bushatit. Belja \u00ebsht\u00eb bij\u00eb prej familjes s\u00eb njohur detare Beci nga Ulqini, por m\u00eb shum\u00eb gjene t\u00eb \u201cforta\u201d t\u00eb trash\u00ebguara nga n\u00ebna e saj Laja, nj\u00eb zonj\u00eb \u201ce r\u00ebnd\u00eb\u201d nga Kalaja.<br \/>\nM\u00eb kujtohet Zonja Laje, pasi q\u00eb ajo ka lindur dhe \u00ebsht\u00eb martuar prej Kalas\u00eb, dhe kjo zonj\u00eb asnj\u00ebher\u00eb nuk e ka hequr Kalan\u00eb dhe \u201ckalalit\u00eb\u201d prej goje. Ishte kjo nj\u00eb dashuri adhuruese, e rall\u00eb, p\u00ebr secilin gur t\u00eb Kalas\u00eb, n\u00eb ve\u00e7anti p\u00ebr sht\u00ebpin\u00eb e hoxh\u00eb Bushatit.<br \/>\nDhe fare n\u00eb fund, Beqir Trum\u00ebs i d\u00ebshiroj nj\u00eb jet\u00eb t\u00eb gjat\u00eb dhe t\u00eb mir\u00eb. D\u00ebshiroj, q\u00eb p\u00ebr \u00e7do dit\u00eb t\u00eb ulet n\u00eb Ran\u00ebn ton\u00eb t\u00eb bukur, ta shikoj\u00eb dhe ta shijoj\u00eb detin, peshkun, barkat dhe sanallat. Mos t\u00eb dor\u00ebzohet kurr\u00eb.<\/span><\/p>\n<p><strong>Nga <a id=\"js_76o\" class=\"_hli\" href=\"https:\/\/www.facebook.com\/ismet.karamanaga\" data-hovercard=\"\/ajax\/hovercard\/user.php?id=1359492972\" data-hovercard-prefer-more-content-show=\"1\">Ismet Karamanaga<\/a> Facebook<\/strong><\/p>\n<!--YouTube Error: bad URL entered-->\n<p>BE\u0106O TRUMA je tih, miran i skroman \u010dovjek. Uvijek je bio takav, i kad je bio mla\u0111i, i kao vrhunski sportista, ali i kao pedagog i vaspita\u010d. Bio je uzor mnogim generacijama. Mislim da je bio dobar u svim sportovima, dokazao se i kao vaspita\u010d u \u0161koli, gdje je dugo godina sa uspjehom predavao fizi\u010dko vaspitanje, ali i bavio se sportom.<br \/>\nMe\u0111utim, rekao bih da je iznad svega volio more, \u010damce i ribu. \u010cesto je lovio na rijeci Bojani, sam ili u dru\u0161tvu ribara i prijatelja. Nije ni \u010dudo, s obzirom da je ro\u0111en na samoj pjeni od mora, na Pristanu.<br \/>\nOsim toga on i poti\u010de iz porodice iz koje je izniklo mnogo vrsnih pomoraca i kapetana. Be\u0107o je bio i jedan od osniva\u010da, ili bolje re\u010deno nastavlja\u010da na\u0161eg folklora. Po\u010deo je kao i ve\u0107ina mladi\u0107a i djevojaka u ona zlatna vremena, u folklornom dru\u0161tvu \u201cBo\u0161ko Strugar\u201d, da bi kulminaciju dostigao u KUD \u201cZana\u201d sa legendarnim Red\u017eep ABAZIJEM na \u010delu.<br \/>\nBio je jedan od sto\u017eera KUD Zana i to veoma uspje\u0161no. Mislim da je ovo dru\u0161tvo dostiglo svoju kulminaciju sa Red\u017eepom Abazijem, me\u0111utim, neosporno je da u svemu tome veliku zaslugu ima i Be\u0107o Truma.<br \/>\nDanas ima skoro sedamdeset godina, no, bez obzira na godine i bolest koja ga prati ve\u0107 dugi niz godina, on je jo\u0161 uvijek vedar i markantan \u010dovjek.<br \/>\nOvu izuzetno te\u0161ku bolest je mogao pobijediti samo maksimalno psiho &#8211; fizi\u010dki spreman \u010dovjek i li\u010dnost, kakav je Be\u0107ir TRUMA.<br \/>\nHoda, malo ote\u017eano, ali, sam dolazi pje\u0161ice do Pristana i sam se vra\u0107a do svoje ku\u0107e, koja se nalazi skoro dva km. udaljena. Voli Pristan i more, voli da gleda ribare i \u010damce kada se vra\u0107aju sa mora, i &#8220;zbog toga i dolazim skoro svaki dan&#8221; , ka\u017ee ovaj, skromni i tihi \u010dovjek sa na\u0161eg Pristana.<br \/>\nGovori normalno, tako da ja mislim da je on uglavnom preboljeo sve. Po\u0161tovan je i cijenjen od svih gra\u0111ana ovog grada i okoline. Svi se mi radujemo kada ga vidimo, kako polako silazi ulicom i kako prilazi klupi gdje ga \u010dekaju Tabljo, Ru\u017edo i jo\u0161 poneko od njegovih starih prijatelja.<\/p>\n<p><strong>Ulqin, mars &#8211; mart 2017 Ismet KARAMANAGA<\/strong><\/p>\n","protected":false},"excerpt":{"rendered":"<p>Beqir Truma \u00ebsht\u00eb nj\u00eb figur\u00eb shum\u00eb dimensionale, q\u00eb si\u00e7 thot\u00eb Ismet Karamanaga, duhet t\u2019u sh\u00ebrbej\u00eb brezave t\u00eb rinj n\u00eb Ulqin si shembull i q\u00ebndres\u00ebs, guximit, ndershm\u00ebris\u00eb dhe nj\u00eb formimi t\u00eb thell\u00eb kulturor. Nga Ismet Karamanaga Facebook Beqir &#8211; Beqo TRUMA, \u00ebsht\u00eb nj\u00eb figur\u00eb markante e qytetit tone &#8211; Ulqinit. Ai padyshim meriton nj\u00eb vend t\u00eb [&hellip;]<\/p>\n","protected":false},"author":1,"featured_media":0,"comment_status":"closed","ping_status":"closed","sticky":false,"template":"","format":"standard","meta":{"spay_email":"","jetpack_publicize_message":"","jetpack_is_tweetstorm":false,"jetpack_publicize_feature_enabled":true},"categories":[5,1],"tags":[],"jetpack_publicize_connections":[],"yoast_head":"<!-- This site is optimized with the Yoast SEO plugin v19.1 - https:\/\/yoast.com\/wordpress\/plugins\/seo\/ -->\n<title>Beqir Truma nj\u00eb figur\u00eb shum\u00eb dimensionale e Ulqinit - Video - Lajme nga Ulqini<\/title>\n<meta name=\"description\" content=\"Beqir Truma \u00ebsht\u00eb nj\u00eb figur\u00eb shum\u00eb dimensionale, q\u00eb si\u00e7 thot\u00eb Ismet Karamanaga, duhet t\u2019u sh\u00ebrbej\u00eb brezave t\u00eb rinj n\u00eb Ulqin si shembull i q\u00ebndres\u00ebs,\" \/>\n<meta name=\"robots\" content=\"index, follow, max-snippet:-1, max-image-preview:large, max-video-preview:-1\" \/>\n<link rel=\"canonical\" href=\"https:\/\/www.visit-ulcinj.com\/blog\/2017\/04\/06\/beqir-truma-nje-figure-shume-dimensionale-e-ulqinit\/\" \/>\n<meta property=\"og:locale\" content=\"en_US\" \/>\n<meta property=\"og:type\" content=\"article\" \/>\n<meta property=\"og:title\" content=\"Beqir Truma nj\u00eb figur\u00eb shum\u00eb dimensionale e Ulqinit - Video - Lajme nga Ulqini\" \/>\n<meta property=\"og:description\" content=\"Beqir Truma \u00ebsht\u00eb nj\u00eb figur\u00eb shum\u00eb dimensionale, q\u00eb si\u00e7 thot\u00eb Ismet Karamanaga, duhet t\u2019u sh\u00ebrbej\u00eb brezave t\u00eb rinj n\u00eb Ulqin si shembull i q\u00ebndres\u00ebs,\" \/>\n<meta property=\"og:url\" content=\"https:\/\/www.visit-ulcinj.com\/blog\/2017\/04\/06\/beqir-truma-nje-figure-shume-dimensionale-e-ulqinit\/\" \/>\n<meta property=\"og:site_name\" content=\"Lajme nga Ulqini\" \/>\n<meta property=\"article:published_time\" content=\"2017-04-06T19:26:41+00:00\" \/>\n<meta property=\"article:modified_time\" content=\"2017-04-08T09:15:45+00:00\" \/>\n<meta name=\"twitter:label1\" content=\"Written by\" \/>\n\t<meta name=\"twitter:data1\" content=\"ulqini\" \/>\n\t<meta name=\"twitter:label2\" content=\"Est. reading time\" \/>\n\t<meta name=\"twitter:data2\" content=\"10 minutes\" \/>\n<script type=\"application\/ld+json\" class=\"yoast-schema-graph\">{\"@context\":\"https:\/\/schema.org\",\"@graph\":[{\"@type\":\"WebSite\",\"@id\":\"https:\/\/www.visit-ulcinj.com\/blog\/#website\",\"url\":\"https:\/\/www.visit-ulcinj.com\/blog\/\",\"name\":\"Lajme nga Ulqini\",\"description\":\"Lajme,Vijesti,Ulqini,Ulqin,Crna Gora,Mali i Zi\",\"potentialAction\":[{\"@type\":\"SearchAction\",\"target\":{\"@type\":\"EntryPoint\",\"urlTemplate\":\"https:\/\/www.visit-ulcinj.com\/blog\/?s={search_term_string}\"},\"query-input\":\"required name=search_term_string\"}],\"inLanguage\":\"en-US\"},{\"@type\":\"WebPage\",\"@id\":\"https:\/\/www.visit-ulcinj.com\/blog\/2017\/04\/06\/beqir-truma-nje-figure-shume-dimensionale-e-ulqinit\/#webpage\",\"url\":\"https:\/\/www.visit-ulcinj.com\/blog\/2017\/04\/06\/beqir-truma-nje-figure-shume-dimensionale-e-ulqinit\/\",\"name\":\"Beqir Truma nj\u00eb figur\u00eb shum\u00eb dimensionale e Ulqinit - Video - Lajme nga Ulqini\",\"isPartOf\":{\"@id\":\"https:\/\/www.visit-ulcinj.com\/blog\/#website\"},\"datePublished\":\"2017-04-06T19:26:41+00:00\",\"dateModified\":\"2017-04-08T09:15:45+00:00\",\"author\":{\"@id\":\"https:\/\/www.visit-ulcinj.com\/blog\/#\/schema\/person\/dcab619c614d3038751c63bc2aadc06d\"},\"description\":\"Beqir Truma \u00ebsht\u00eb nj\u00eb figur\u00eb shum\u00eb dimensionale, q\u00eb si\u00e7 thot\u00eb Ismet Karamanaga, duhet t\u2019u sh\u00ebrbej\u00eb brezave t\u00eb rinj n\u00eb Ulqin si shembull i q\u00ebndres\u00ebs,\",\"breadcrumb\":{\"@id\":\"https:\/\/www.visit-ulcinj.com\/blog\/2017\/04\/06\/beqir-truma-nje-figure-shume-dimensionale-e-ulqinit\/#breadcrumb\"},\"inLanguage\":\"en-US\",\"potentialAction\":[{\"@type\":\"ReadAction\",\"target\":[\"https:\/\/www.visit-ulcinj.com\/blog\/2017\/04\/06\/beqir-truma-nje-figure-shume-dimensionale-e-ulqinit\/\"]}]},{\"@type\":\"BreadcrumbList\",\"@id\":\"https:\/\/www.visit-ulcinj.com\/blog\/2017\/04\/06\/beqir-truma-nje-figure-shume-dimensionale-e-ulqinit\/#breadcrumb\",\"itemListElement\":[{\"@type\":\"ListItem\",\"position\":1,\"name\":\"Beqir Truma nj\u00eb figur\u00eb shum\u00eb dimensionale e Ulqinit &#8211; Video\"}]},{\"@type\":\"Person\",\"@id\":\"https:\/\/www.visit-ulcinj.com\/blog\/#\/schema\/person\/dcab619c614d3038751c63bc2aadc06d\",\"name\":\"ulqini\",\"sameAs\":[\"http:\/\/www.visit-ulcinj.com\"],\"url\":\"https:\/\/www.visit-ulcinj.com\/blog\/author\/admin\/\"}]}<\/script>\n<!-- \/ Yoast SEO plugin. -->","yoast_head_json":{"title":"Beqir Truma nj\u00eb figur\u00eb shum\u00eb dimensionale e Ulqinit - Video - Lajme nga Ulqini","description":"Beqir Truma \u00ebsht\u00eb nj\u00eb figur\u00eb shum\u00eb dimensionale, q\u00eb si\u00e7 thot\u00eb Ismet Karamanaga, duhet t\u2019u sh\u00ebrbej\u00eb brezave t\u00eb rinj n\u00eb Ulqin si shembull i q\u00ebndres\u00ebs,","robots":{"index":"index","follow":"follow","max-snippet":"max-snippet:-1","max-image-preview":"max-image-preview:large","max-video-preview":"max-video-preview:-1"},"canonical":"https:\/\/www.visit-ulcinj.com\/blog\/2017\/04\/06\/beqir-truma-nje-figure-shume-dimensionale-e-ulqinit\/","og_locale":"en_US","og_type":"article","og_title":"Beqir Truma nj\u00eb figur\u00eb shum\u00eb dimensionale e Ulqinit - Video - Lajme nga Ulqini","og_description":"Beqir Truma \u00ebsht\u00eb nj\u00eb figur\u00eb shum\u00eb dimensionale, q\u00eb si\u00e7 thot\u00eb Ismet Karamanaga, duhet t\u2019u sh\u00ebrbej\u00eb brezave t\u00eb rinj n\u00eb Ulqin si shembull i q\u00ebndres\u00ebs,","og_url":"https:\/\/www.visit-ulcinj.com\/blog\/2017\/04\/06\/beqir-truma-nje-figure-shume-dimensionale-e-ulqinit\/","og_site_name":"Lajme nga Ulqini","article_published_time":"2017-04-06T19:26:41+00:00","article_modified_time":"2017-04-08T09:15:45+00:00","twitter_misc":{"Written by":"ulqini","Est. reading time":"10 minutes"},"schema":{"@context":"https:\/\/schema.org","@graph":[{"@type":"WebSite","@id":"https:\/\/www.visit-ulcinj.com\/blog\/#website","url":"https:\/\/www.visit-ulcinj.com\/blog\/","name":"Lajme nga Ulqini","description":"Lajme,Vijesti,Ulqini,Ulqin,Crna Gora,Mali i Zi","potentialAction":[{"@type":"SearchAction","target":{"@type":"EntryPoint","urlTemplate":"https:\/\/www.visit-ulcinj.com\/blog\/?s={search_term_string}"},"query-input":"required name=search_term_string"}],"inLanguage":"en-US"},{"@type":"WebPage","@id":"https:\/\/www.visit-ulcinj.com\/blog\/2017\/04\/06\/beqir-truma-nje-figure-shume-dimensionale-e-ulqinit\/#webpage","url":"https:\/\/www.visit-ulcinj.com\/blog\/2017\/04\/06\/beqir-truma-nje-figure-shume-dimensionale-e-ulqinit\/","name":"Beqir Truma nj\u00eb figur\u00eb shum\u00eb dimensionale e Ulqinit - Video - Lajme nga Ulqini","isPartOf":{"@id":"https:\/\/www.visit-ulcinj.com\/blog\/#website"},"datePublished":"2017-04-06T19:26:41+00:00","dateModified":"2017-04-08T09:15:45+00:00","author":{"@id":"https:\/\/www.visit-ulcinj.com\/blog\/#\/schema\/person\/dcab619c614d3038751c63bc2aadc06d"},"description":"Beqir Truma \u00ebsht\u00eb nj\u00eb figur\u00eb shum\u00eb dimensionale, q\u00eb si\u00e7 thot\u00eb Ismet Karamanaga, duhet t\u2019u sh\u00ebrbej\u00eb brezave t\u00eb rinj n\u00eb Ulqin si shembull i q\u00ebndres\u00ebs,","breadcrumb":{"@id":"https:\/\/www.visit-ulcinj.com\/blog\/2017\/04\/06\/beqir-truma-nje-figure-shume-dimensionale-e-ulqinit\/#breadcrumb"},"inLanguage":"en-US","potentialAction":[{"@type":"ReadAction","target":["https:\/\/www.visit-ulcinj.com\/blog\/2017\/04\/06\/beqir-truma-nje-figure-shume-dimensionale-e-ulqinit\/"]}]},{"@type":"BreadcrumbList","@id":"https:\/\/www.visit-ulcinj.com\/blog\/2017\/04\/06\/beqir-truma-nje-figure-shume-dimensionale-e-ulqinit\/#breadcrumb","itemListElement":[{"@type":"ListItem","position":1,"name":"Beqir Truma nj\u00eb figur\u00eb shum\u00eb dimensionale e Ulqinit &#8211; Video"}]},{"@type":"Person","@id":"https:\/\/www.visit-ulcinj.com\/blog\/#\/schema\/person\/dcab619c614d3038751c63bc2aadc06d","name":"ulqini","sameAs":["http:\/\/www.visit-ulcinj.com"],"url":"https:\/\/www.visit-ulcinj.com\/blog\/author\/admin\/"}]}},"jetpack_featured_media_url":"","jetpack_sharing_enabled":true,"jetpack_shortlink":"https:\/\/wp.me\/pe6lTn-r6S","_links":{"self":[{"href":"https:\/\/www.visit-ulcinj.com\/blog\/wp-json\/wp\/v2\/posts\/104214"}],"collection":[{"href":"https:\/\/www.visit-ulcinj.com\/blog\/wp-json\/wp\/v2\/posts"}],"about":[{"href":"https:\/\/www.visit-ulcinj.com\/blog\/wp-json\/wp\/v2\/types\/post"}],"author":[{"embeddable":true,"href":"https:\/\/www.visit-ulcinj.com\/blog\/wp-json\/wp\/v2\/users\/1"}],"replies":[{"embeddable":true,"href":"https:\/\/www.visit-ulcinj.com\/blog\/wp-json\/wp\/v2\/comments?post=104214"}],"version-history":[{"count":4,"href":"https:\/\/www.visit-ulcinj.com\/blog\/wp-json\/wp\/v2\/posts\/104214\/revisions"}],"predecessor-version":[{"id":104228,"href":"https:\/\/www.visit-ulcinj.com\/blog\/wp-json\/wp\/v2\/posts\/104214\/revisions\/104228"}],"wp:attachment":[{"href":"https:\/\/www.visit-ulcinj.com\/blog\/wp-json\/wp\/v2\/media?parent=104214"}],"wp:term":[{"taxonomy":"category","embeddable":true,"href":"https:\/\/www.visit-ulcinj.com\/blog\/wp-json\/wp\/v2\/categories?post=104214"},{"taxonomy":"post_tag","embeddable":true,"href":"https:\/\/www.visit-ulcinj.com\/blog\/wp-json\/wp\/v2\/tags?post=104214"}],"curies":[{"name":"wp","href":"https:\/\/api.w.org\/{rel}","templated":true}]}}