{"id":104229,"date":"2017-04-06T20:55:03","date_gmt":"2017-04-06T19:55:03","guid":{"rendered":"http:\/\/www.visit-ulcinj.com\/blog\/?p=104229"},"modified":"2017-04-06T20:57:50","modified_gmt":"2017-04-06T19:57:50","slug":"akcija-ozelenjavanja-grada-ulcinja","status":"publish","type":"post","link":"https:\/\/www.visit-ulcinj.com\/blog\/2017\/04\/06\/akcija-ozelenjavanja-grada-ulcinja\/","title":{"rendered":"Akcija ozelenjavanja grada Ulcinja"},"content":{"rendered":"<p><a href=\"http:\/\/www.visit-ulcinj.com\/blog\/wp-content\/uploads\/2017\/04\/Komuna-Ulqinit-aksion-p\u00ebr-gjelb\u00ebrimin-e-qytetit.jpg\"><img loading=\"lazy\" class=\"alignleft wp-image-104226\" src=\"http:\/\/www.visit-ulcinj.com\/blog\/wp-content\/uploads\/2017\/04\/Komuna-Ulqinit-aksion-p\u00ebr-gjelb\u00ebrimin-e-qytetit.jpg\" alt=\"Komuna Ulqinit aksion p\u00ebr gjelb\u00ebrimin e qytetit\" width=\"508\" height=\"325\" srcset=\"https:\/\/www.visit-ulcinj.com\/blog\/wp-content\/uploads\/2017\/04\/Komuna-Ulqinit-aksion-p\u00ebr-gjelb\u00ebrimin-e-qytetit.jpg 999w, https:\/\/www.visit-ulcinj.com\/blog\/wp-content\/uploads\/2017\/04\/Komuna-Ulqinit-aksion-p\u00ebr-gjelb\u00ebrimin-e-qytetit-300x192.jpg 300w, https:\/\/www.visit-ulcinj.com\/blog\/wp-content\/uploads\/2017\/04\/Komuna-Ulqinit-aksion-p\u00ebr-gjelb\u00ebrimin-e-qytetit-768x492.jpg 768w\" sizes=\"(max-width: 508px) 100vw, 508px\" \/><\/a>Op\u0161tina Ulcinj potpisala je ugovor sa\u00a0JP Komunalne djelatnostio sadnji dekorativnog zimzelenog\u00a0\u0161iblja Fotinia.<\/p>\n<p>Op\u0161tina Ulcinj i JP Komunalne djelatnosti, u nastavku aktivnosti ozelenjavanja grada, potpisale su ugovor o sadnji dekorativnog \u0161iblja fotinia na bulevaru \u0110.K.Skenderbega, djelu bulevara Majka Tereza i Mehmeta Gjulia.<\/p>\n<p>Pored ozelenjavanja grada, sadnja ove biljke usmjerava\u0107e gra\u0111ane na po\u0161tovanje pje\u0161a\u010dkih prelaza jer fotnia brzo raste i zauzima prostor oko sebe.<\/p>\n<p>Ovo je \u010detvrti projekat koji Op\u0161tina Ulcinj i JP Komunalne djelatnosti realizuju. Ranije implementirani projekti su Javni parki u centru \u0160toja, zelena pijaca u Vladimiru i veterinarska ambulanta azila za pse.<\/p>\n","protected":false},"excerpt":{"rendered":"<p>Op\u0161tina Ulcinj potpisala je ugovor sa\u00a0JP Komunalne djelatnostio sadnji dekorativnog zimzelenog\u00a0\u0161iblja Fotinia. Op\u0161tina Ulcinj i JP Komunalne djelatnosti, u nastavku aktivnosti ozelenjavanja grada, potpisale su ugovor o sadnji dekorativnog \u0161iblja fotinia na bulevaru \u0110.K.Skenderbega, djelu bulevara Majka Tereza i Mehmeta Gjulia. Pored ozelenjavanja grada, sadnja ove biljke usmjerava\u0107e gra\u0111ane na po\u0161tovanje pje\u0161a\u010dkih prelaza jer fotnia [&hellip;]<\/p>\n","protected":false},"author":1,"featured_media":0,"comment_status":"closed","ping_status":"closed","sticky":false,"template":"","format":"standard","meta":{"spay_email":"","jetpack_publicize_message":"","jetpack_is_tweetstorm":false,"jetpack_publicize_feature_enabled":true},"categories":[8337],"tags":[],"jetpack_publicize_connections":[],"yoast_head":"<!-- This site is optimized with the Yoast SEO plugin v19.1 - https:\/\/yoast.com\/wordpress\/plugins\/seo\/ -->\n<title>Akcija ozelenjavanja grada Ulcinja - Lajme nga Ulqini<\/title>\n<meta name=\"description\" content=\"Op\u0161tina Ulcinj potpisala je ugovor sa\u00a0JP Komunalne djelatnostio sadnji dekorativnog zimzelenog\u00a0\u0161iblja Fotinia. Op\u0161tina Ulcinj i JP Komunalne djelatnosti,\" \/>\n<meta name=\"robots\" content=\"index, follow, max-snippet:-1, max-image-preview:large, max-video-preview:-1\" \/>\n<link rel=\"canonical\" href=\"https:\/\/www.visit-ulcinj.com\/blog\/2017\/04\/06\/akcija-ozelenjavanja-grada-ulcinja\/\" \/>\n<meta property=\"og:locale\" content=\"en_US\" \/>\n<meta property=\"og:type\" content=\"article\" \/>\n<meta property=\"og:title\" content=\"Akcija ozelenjavanja grada Ulcinja - Lajme nga Ulqini\" \/>\n<meta property=\"og:description\" content=\"Op\u0161tina Ulcinj potpisala je ugovor sa\u00a0JP Komunalne djelatnostio sadnji dekorativnog zimzelenog\u00a0\u0161iblja Fotinia. Op\u0161tina Ulcinj i JP Komunalne djelatnosti,\" \/>\n<meta property=\"og:url\" content=\"https:\/\/www.visit-ulcinj.com\/blog\/2017\/04\/06\/akcija-ozelenjavanja-grada-ulcinja\/\" \/>\n<meta property=\"og:site_name\" content=\"Lajme nga Ulqini\" \/>\n<meta property=\"article:published_time\" content=\"2017-04-06T19:55:03+00:00\" \/>\n<meta property=\"article:modified_time\" content=\"2017-04-06T19:57:50+00:00\" \/>\n<meta name=\"twitter:label1\" content=\"Written by\" \/>\n\t<meta name=\"twitter:data1\" content=\"ulqini\" \/>\n\t<meta name=\"twitter:label2\" content=\"Est. reading time\" \/>\n\t<meta name=\"twitter:data2\" content=\"1 minute\" \/>\n<script type=\"application\/ld+json\" class=\"yoast-schema-graph\">{\"@context\":\"https:\/\/schema.org\",\"@graph\":[{\"@type\":\"WebSite\",\"@id\":\"https:\/\/www.visit-ulcinj.com\/blog\/#website\",\"url\":\"https:\/\/www.visit-ulcinj.com\/blog\/\",\"name\":\"Lajme nga Ulqini\",\"description\":\"Lajme,Vijesti,Ulqini,Ulqin,Crna Gora,Mali i Zi\",\"potentialAction\":[{\"@type\":\"SearchAction\",\"target\":{\"@type\":\"EntryPoint\",\"urlTemplate\":\"https:\/\/www.visit-ulcinj.com\/blog\/?s={search_term_string}\"},\"query-input\":\"required name=search_term_string\"}],\"inLanguage\":\"en-US\"},{\"@type\":\"WebPage\",\"@id\":\"https:\/\/www.visit-ulcinj.com\/blog\/2017\/04\/06\/akcija-ozelenjavanja-grada-ulcinja\/#webpage\",\"url\":\"https:\/\/www.visit-ulcinj.com\/blog\/2017\/04\/06\/akcija-ozelenjavanja-grada-ulcinja\/\",\"name\":\"Akcija ozelenjavanja grada Ulcinja - Lajme nga Ulqini\",\"isPartOf\":{\"@id\":\"https:\/\/www.visit-ulcinj.com\/blog\/#website\"},\"datePublished\":\"2017-04-06T19:55:03+00:00\",\"dateModified\":\"2017-04-06T19:57:50+00:00\",\"author\":{\"@id\":\"https:\/\/www.visit-ulcinj.com\/blog\/#\/schema\/person\/dcab619c614d3038751c63bc2aadc06d\"},\"description\":\"Op\u0161tina Ulcinj potpisala je ugovor sa\u00a0JP Komunalne djelatnostio sadnji dekorativnog zimzelenog\u00a0\u0161iblja Fotinia. Op\u0161tina Ulcinj i JP Komunalne djelatnosti,\",\"breadcrumb\":{\"@id\":\"https:\/\/www.visit-ulcinj.com\/blog\/2017\/04\/06\/akcija-ozelenjavanja-grada-ulcinja\/#breadcrumb\"},\"inLanguage\":\"en-US\",\"potentialAction\":[{\"@type\":\"ReadAction\",\"target\":[\"https:\/\/www.visit-ulcinj.com\/blog\/2017\/04\/06\/akcija-ozelenjavanja-grada-ulcinja\/\"]}]},{\"@type\":\"BreadcrumbList\",\"@id\":\"https:\/\/www.visit-ulcinj.com\/blog\/2017\/04\/06\/akcija-ozelenjavanja-grada-ulcinja\/#breadcrumb\",\"itemListElement\":[{\"@type\":\"ListItem\",\"position\":1,\"name\":\"Akcija ozelenjavanja grada Ulcinja\"}]},{\"@type\":\"Person\",\"@id\":\"https:\/\/www.visit-ulcinj.com\/blog\/#\/schema\/person\/dcab619c614d3038751c63bc2aadc06d\",\"name\":\"ulqini\",\"sameAs\":[\"http:\/\/www.visit-ulcinj.com\"],\"url\":\"https:\/\/www.visit-ulcinj.com\/blog\/author\/admin\/\"}]}<\/script>\n<!-- \/ Yoast SEO plugin. -->","yoast_head_json":{"title":"Akcija ozelenjavanja grada Ulcinja - Lajme nga Ulqini","description":"Op\u0161tina Ulcinj potpisala je ugovor sa\u00a0JP Komunalne djelatnostio sadnji dekorativnog zimzelenog\u00a0\u0161iblja Fotinia. Op\u0161tina Ulcinj i JP Komunalne djelatnosti,","robots":{"index":"index","follow":"follow","max-snippet":"max-snippet:-1","max-image-preview":"max-image-preview:large","max-video-preview":"max-video-preview:-1"},"canonical":"https:\/\/www.visit-ulcinj.com\/blog\/2017\/04\/06\/akcija-ozelenjavanja-grada-ulcinja\/","og_locale":"en_US","og_type":"article","og_title":"Akcija ozelenjavanja grada Ulcinja - Lajme nga Ulqini","og_description":"Op\u0161tina Ulcinj potpisala je ugovor sa\u00a0JP Komunalne djelatnostio sadnji dekorativnog zimzelenog\u00a0\u0161iblja Fotinia. Op\u0161tina Ulcinj i JP Komunalne djelatnosti,","og_url":"https:\/\/www.visit-ulcinj.com\/blog\/2017\/04\/06\/akcija-ozelenjavanja-grada-ulcinja\/","og_site_name":"Lajme nga Ulqini","article_published_time":"2017-04-06T19:55:03+00:00","article_modified_time":"2017-04-06T19:57:50+00:00","twitter_misc":{"Written by":"ulqini","Est. reading time":"1 minute"},"schema":{"@context":"https:\/\/schema.org","@graph":[{"@type":"WebSite","@id":"https:\/\/www.visit-ulcinj.com\/blog\/#website","url":"https:\/\/www.visit-ulcinj.com\/blog\/","name":"Lajme nga Ulqini","description":"Lajme,Vijesti,Ulqini,Ulqin,Crna Gora,Mali i Zi","potentialAction":[{"@type":"SearchAction","target":{"@type":"EntryPoint","urlTemplate":"https:\/\/www.visit-ulcinj.com\/blog\/?s={search_term_string}"},"query-input":"required name=search_term_string"}],"inLanguage":"en-US"},{"@type":"WebPage","@id":"https:\/\/www.visit-ulcinj.com\/blog\/2017\/04\/06\/akcija-ozelenjavanja-grada-ulcinja\/#webpage","url":"https:\/\/www.visit-ulcinj.com\/blog\/2017\/04\/06\/akcija-ozelenjavanja-grada-ulcinja\/","name":"Akcija ozelenjavanja grada Ulcinja - Lajme nga Ulqini","isPartOf":{"@id":"https:\/\/www.visit-ulcinj.com\/blog\/#website"},"datePublished":"2017-04-06T19:55:03+00:00","dateModified":"2017-04-06T19:57:50+00:00","author":{"@id":"https:\/\/www.visit-ulcinj.com\/blog\/#\/schema\/person\/dcab619c614d3038751c63bc2aadc06d"},"description":"Op\u0161tina Ulcinj potpisala je ugovor sa\u00a0JP Komunalne djelatnostio sadnji dekorativnog zimzelenog\u00a0\u0161iblja Fotinia. Op\u0161tina Ulcinj i JP Komunalne djelatnosti,","breadcrumb":{"@id":"https:\/\/www.visit-ulcinj.com\/blog\/2017\/04\/06\/akcija-ozelenjavanja-grada-ulcinja\/#breadcrumb"},"inLanguage":"en-US","potentialAction":[{"@type":"ReadAction","target":["https:\/\/www.visit-ulcinj.com\/blog\/2017\/04\/06\/akcija-ozelenjavanja-grada-ulcinja\/"]}]},{"@type":"BreadcrumbList","@id":"https:\/\/www.visit-ulcinj.com\/blog\/2017\/04\/06\/akcija-ozelenjavanja-grada-ulcinja\/#breadcrumb","itemListElement":[{"@type":"ListItem","position":1,"name":"Akcija ozelenjavanja grada Ulcinja"}]},{"@type":"Person","@id":"https:\/\/www.visit-ulcinj.com\/blog\/#\/schema\/person\/dcab619c614d3038751c63bc2aadc06d","name":"ulqini","sameAs":["http:\/\/www.visit-ulcinj.com"],"url":"https:\/\/www.visit-ulcinj.com\/blog\/author\/admin\/"}]}},"jetpack_featured_media_url":"","jetpack_sharing_enabled":true,"jetpack_shortlink":"https:\/\/wp.me\/pe6lTn-r77","_links":{"self":[{"href":"https:\/\/www.visit-ulcinj.com\/blog\/wp-json\/wp\/v2\/posts\/104229"}],"collection":[{"href":"https:\/\/www.visit-ulcinj.com\/blog\/wp-json\/wp\/v2\/posts"}],"about":[{"href":"https:\/\/www.visit-ulcinj.com\/blog\/wp-json\/wp\/v2\/types\/post"}],"author":[{"embeddable":true,"href":"https:\/\/www.visit-ulcinj.com\/blog\/wp-json\/wp\/v2\/users\/1"}],"replies":[{"embeddable":true,"href":"https:\/\/www.visit-ulcinj.com\/blog\/wp-json\/wp\/v2\/comments?post=104229"}],"version-history":[{"count":1,"href":"https:\/\/www.visit-ulcinj.com\/blog\/wp-json\/wp\/v2\/posts\/104229\/revisions"}],"predecessor-version":[{"id":104230,"href":"https:\/\/www.visit-ulcinj.com\/blog\/wp-json\/wp\/v2\/posts\/104229\/revisions\/104230"}],"wp:attachment":[{"href":"https:\/\/www.visit-ulcinj.com\/blog\/wp-json\/wp\/v2\/media?parent=104229"}],"wp:term":[{"taxonomy":"category","embeddable":true,"href":"https:\/\/www.visit-ulcinj.com\/blog\/wp-json\/wp\/v2\/categories?post=104229"},{"taxonomy":"post_tag","embeddable":true,"href":"https:\/\/www.visit-ulcinj.com\/blog\/wp-json\/wp\/v2\/tags?post=104229"}],"curies":[{"name":"wp","href":"https:\/\/api.w.org\/{rel}","templated":true}]}}