{"id":104232,"date":"2017-04-06T21:00:02","date_gmt":"2017-04-06T20:00:02","guid":{"rendered":"http:\/\/www.visit-ulcinj.com\/blog\/?p=104232"},"modified":"2017-04-06T21:00:02","modified_gmt":"2017-04-06T20:00:02","slug":"predsjednik-cungu-docekao-je-delegaciju-projekta-crna-gora-u-ritmu-evrope","status":"publish","type":"post","link":"https:\/\/www.visit-ulcinj.com\/blog\/2017\/04\/06\/predsjednik-cungu-docekao-je-delegaciju-projekta-crna-gora-u-ritmu-evrope\/","title":{"rendered":"Predsjednik Cungu do\u010dekao je delegaciju projekta \u201eCrna gora u ritmu Evrope&#8221;"},"content":{"rendered":"<p><a href=\"http:\/\/www.visit-ulcinj.com\/blog\/wp-content\/uploads\/2017\/04\/Instituti-Yunus-Emre-ne-Ulqin.jpg\"><img loading=\"lazy\" class=\"alignleft wp-image-104171\" src=\"http:\/\/www.visit-ulcinj.com\/blog\/wp-content\/uploads\/2017\/04\/Instituti-Yunus-Emre-ne-Ulqin.jpg\" alt=\"Instituti Yunus Emre ne Ulqin\" width=\"508\" height=\"339\" srcset=\"https:\/\/www.visit-ulcinj.com\/blog\/wp-content\/uploads\/2017\/04\/Instituti-Yunus-Emre-ne-Ulqin.jpg 1080w, https:\/\/www.visit-ulcinj.com\/blog\/wp-content\/uploads\/2017\/04\/Instituti-Yunus-Emre-ne-Ulqin-300x200.jpg 300w, https:\/\/www.visit-ulcinj.com\/blog\/wp-content\/uploads\/2017\/04\/Instituti-Yunus-Emre-ne-Ulqin-768x512.jpg 768w, https:\/\/www.visit-ulcinj.com\/blog\/wp-content\/uploads\/2017\/04\/Instituti-Yunus-Emre-ne-Ulqin-1024x683.jpg 1024w\" sizes=\"(max-width: 508px) 100vw, 508px\" \/><\/a>Predsjednik Op\u0161tine Nazif Cungu do\u010dekao je danas delegaciju koju \u010dine ambasador republike turske nj.e. Serhat Galip, direktor Instituta \u201eYunus Emre\u201c dr. D\u017eihan Ozdemir i direktor projekta \u201eCrna Gora u ritmu Evrope\u201c g. Igor Karadarevi\u0107. Na sastanku je bilo rije\u010di o finalnim pripremama koje su u toku za u\u010de\u0161\u0107e na pomenutoj manifestaciji.<\/p>\n<p>Ambasador Turske g. Galip je naglasio da se osje\u0107a izuzetno privilegovanim time \u0161to \u010de Ulcinjani performans realizovati na turskom jeziku navode\u0107i tako\u0111e kulturne sli\u010dnosti koje ulcinjani imaju sa narodom kojeg on predstavlja. Izme\u0111u ostalog, on je kazao da je od izuzetne va\u017enosti za ovaj projekat \u010dinjenica da \u0107e djeca sara\u0111ivati i time prvobitno doprinjeti promociji Ulcinja a zatim i turskog jezika nagla\u0161avaju\u010di da je 2017. godina ve\u0107 progla\u0161ena za godinom turskog jezika.<\/p>\n<p>Organizator ove manifestacije g. Igor Karadarevi\u0107 razdvojio je je izuzetnu saradnju koju je ostvario sa Op\u0161tinom Ulcinj i pohvalio je doprinos koji Op\u0161tina pridaje razvoju kulture u gradu. On je kazao da \u0107e se koristiti skoro isti sistem koji se koristi na evroviziji i da \u0107e ovaj projekat doprinjeti da se pobolj\u0161a saradnja i kako bi se manifestacija uzdigla na ve\u0107i nivo.<\/p>\n<p>Predsjednik Cungu je naglasio da \u0107e Op\u0161tina Ulcinj nastaviti da podr\u017ei sli\u010dne projekte pru\u017eaju\u0107i ujedno podr\u010dku mladima iz Ulcinja. On je kazao da \u0107e sli\u010dni projekti na temi kulture, sporta i drugih bran\u0161i uvijek imati maksimalnu podr\u0161ku Op\u0161tine Ulcinj.<\/p>\n<p>Djeca iz Ulcinja su pripremila poklon za Ambasadora Republike Turske koji je tako\u0111e u ime Ambasade djeci dodijelio simboli\u010dne poklone. Prisutni su mogli tako\u0111e \u010duti kratak performans pjesme kojom \u0107e se predstaviti Ulcinj i moglo se zaklju\u010diti da dosta obe\u0107ava.<\/p>\n<p>U nastavku dana delegacija je posjetila uvalu Valdanosa i Stari Grad.<\/p>\n","protected":false},"excerpt":{"rendered":"<p>Predsjednik Op\u0161tine Nazif Cungu do\u010dekao je danas delegaciju koju \u010dine ambasador republike turske nj.e. Serhat Galip, direktor Instituta \u201eYunus Emre\u201c dr. D\u017eihan Ozdemir i direktor projekta \u201eCrna Gora u ritmu Evrope\u201c g. Igor Karadarevi\u0107. Na sastanku je bilo rije\u010di o finalnim pripremama koje su u toku za u\u010de\u0161\u0107e na pomenutoj manifestaciji. Ambasador Turske g. Galip [&hellip;]<\/p>\n","protected":false},"author":1,"featured_media":0,"comment_status":"closed","ping_status":"closed","sticky":false,"template":"","format":"standard","meta":{"spay_email":"","jetpack_publicize_message":"","jetpack_is_tweetstorm":false,"jetpack_publicize_feature_enabled":true},"categories":[8],"tags":[],"jetpack_publicize_connections":[],"yoast_head":"<!-- This site is optimized with the Yoast SEO plugin v19.1 - https:\/\/yoast.com\/wordpress\/plugins\/seo\/ -->\n<title>Predsjednik Cungu do\u010dekao je delegaciju projekta \u201eCrna gora u ritmu Evrope&quot; - Lajme nga Ulqini<\/title>\n<meta name=\"description\" content=\"Predsjednik Op\u0161tine Nazif Cungu do\u010dekao je danas delegaciju koju \u010dine ambasador republike turske nj.e. Serhat Galip, direktor Instituta \u201eYunus Emre\u201c dr.\" \/>\n<meta name=\"robots\" content=\"index, follow, max-snippet:-1, max-image-preview:large, max-video-preview:-1\" \/>\n<link rel=\"canonical\" href=\"https:\/\/www.visit-ulcinj.com\/blog\/2017\/04\/06\/predsjednik-cungu-docekao-je-delegaciju-projekta-crna-gora-u-ritmu-evrope\/\" \/>\n<meta property=\"og:locale\" content=\"en_US\" \/>\n<meta property=\"og:type\" content=\"article\" \/>\n<meta property=\"og:title\" content=\"Predsjednik Cungu do\u010dekao je delegaciju projekta \u201eCrna gora u ritmu Evrope&quot; - Lajme nga Ulqini\" \/>\n<meta property=\"og:description\" content=\"Predsjednik Op\u0161tine Nazif Cungu do\u010dekao je danas delegaciju koju \u010dine ambasador republike turske nj.e. Serhat Galip, direktor Instituta \u201eYunus Emre\u201c dr.\" \/>\n<meta property=\"og:url\" content=\"https:\/\/www.visit-ulcinj.com\/blog\/2017\/04\/06\/predsjednik-cungu-docekao-je-delegaciju-projekta-crna-gora-u-ritmu-evrope\/\" \/>\n<meta property=\"og:site_name\" content=\"Lajme nga Ulqini\" \/>\n<meta property=\"article:published_time\" content=\"2017-04-06T20:00:02+00:00\" \/>\n<meta property=\"og:image\" content=\"http:\/\/www.visit-ulcinj.com\/blog\/wp-content\/uploads\/2017\/04\/Instituti-Yunus-Emre-ne-Ulqin.jpg\" \/>\n<meta name=\"twitter:label1\" content=\"Written by\" \/>\n\t<meta name=\"twitter:data1\" content=\"ulqini\" \/>\n\t<meta name=\"twitter:label2\" content=\"Est. reading time\" \/>\n\t<meta name=\"twitter:data2\" content=\"2 minutes\" \/>\n<script type=\"application\/ld+json\" class=\"yoast-schema-graph\">{\"@context\":\"https:\/\/schema.org\",\"@graph\":[{\"@type\":\"WebSite\",\"@id\":\"https:\/\/www.visit-ulcinj.com\/blog\/#website\",\"url\":\"https:\/\/www.visit-ulcinj.com\/blog\/\",\"name\":\"Lajme nga Ulqini\",\"description\":\"Lajme,Vijesti,Ulqini,Ulqin,Crna Gora,Mali i Zi\",\"potentialAction\":[{\"@type\":\"SearchAction\",\"target\":{\"@type\":\"EntryPoint\",\"urlTemplate\":\"https:\/\/www.visit-ulcinj.com\/blog\/?s={search_term_string}\"},\"query-input\":\"required name=search_term_string\"}],\"inLanguage\":\"en-US\"},{\"@type\":\"ImageObject\",\"inLanguage\":\"en-US\",\"@id\":\"https:\/\/www.visit-ulcinj.com\/blog\/2017\/04\/06\/predsjednik-cungu-docekao-je-delegaciju-projekta-crna-gora-u-ritmu-evrope\/#primaryimage\",\"url\":\"https:\/\/www.visit-ulcinj.com\/blog\/wp-content\/uploads\/2017\/04\/Instituti-Yunus-Emre-ne-Ulqin.jpg\",\"contentUrl\":\"https:\/\/www.visit-ulcinj.com\/blog\/wp-content\/uploads\/2017\/04\/Instituti-Yunus-Emre-ne-Ulqin.jpg\",\"width\":1080,\"height\":720},{\"@type\":\"WebPage\",\"@id\":\"https:\/\/www.visit-ulcinj.com\/blog\/2017\/04\/06\/predsjednik-cungu-docekao-je-delegaciju-projekta-crna-gora-u-ritmu-evrope\/#webpage\",\"url\":\"https:\/\/www.visit-ulcinj.com\/blog\/2017\/04\/06\/predsjednik-cungu-docekao-je-delegaciju-projekta-crna-gora-u-ritmu-evrope\/\",\"name\":\"Predsjednik Cungu do\u010dekao je delegaciju projekta \u201eCrna gora u ritmu Evrope\\\" - Lajme nga Ulqini\",\"isPartOf\":{\"@id\":\"https:\/\/www.visit-ulcinj.com\/blog\/#website\"},\"primaryImageOfPage\":{\"@id\":\"https:\/\/www.visit-ulcinj.com\/blog\/2017\/04\/06\/predsjednik-cungu-docekao-je-delegaciju-projekta-crna-gora-u-ritmu-evrope\/#primaryimage\"},\"datePublished\":\"2017-04-06T20:00:02+00:00\",\"dateModified\":\"2017-04-06T20:00:02+00:00\",\"author\":{\"@id\":\"https:\/\/www.visit-ulcinj.com\/blog\/#\/schema\/person\/dcab619c614d3038751c63bc2aadc06d\"},\"description\":\"Predsjednik Op\u0161tine Nazif Cungu do\u010dekao je danas delegaciju koju \u010dine ambasador republike turske nj.e. Serhat Galip, direktor Instituta \u201eYunus Emre\u201c dr.\",\"breadcrumb\":{\"@id\":\"https:\/\/www.visit-ulcinj.com\/blog\/2017\/04\/06\/predsjednik-cungu-docekao-je-delegaciju-projekta-crna-gora-u-ritmu-evrope\/#breadcrumb\"},\"inLanguage\":\"en-US\",\"potentialAction\":[{\"@type\":\"ReadAction\",\"target\":[\"https:\/\/www.visit-ulcinj.com\/blog\/2017\/04\/06\/predsjednik-cungu-docekao-je-delegaciju-projekta-crna-gora-u-ritmu-evrope\/\"]}]},{\"@type\":\"BreadcrumbList\",\"@id\":\"https:\/\/www.visit-ulcinj.com\/blog\/2017\/04\/06\/predsjednik-cungu-docekao-je-delegaciju-projekta-crna-gora-u-ritmu-evrope\/#breadcrumb\",\"itemListElement\":[{\"@type\":\"ListItem\",\"position\":1,\"name\":\"Predsjednik Cungu do\u010dekao je delegaciju projekta \u201eCrna gora u ritmu Evrope&#8221;\"}]},{\"@type\":\"Person\",\"@id\":\"https:\/\/www.visit-ulcinj.com\/blog\/#\/schema\/person\/dcab619c614d3038751c63bc2aadc06d\",\"name\":\"ulqini\",\"sameAs\":[\"http:\/\/www.visit-ulcinj.com\"],\"url\":\"https:\/\/www.visit-ulcinj.com\/blog\/author\/admin\/\"}]}<\/script>\n<!-- \/ Yoast SEO plugin. -->","yoast_head_json":{"title":"Predsjednik Cungu do\u010dekao je delegaciju projekta \u201eCrna gora u ritmu Evrope\" - Lajme nga Ulqini","description":"Predsjednik Op\u0161tine Nazif Cungu do\u010dekao je danas delegaciju koju \u010dine ambasador republike turske nj.e. Serhat Galip, direktor Instituta \u201eYunus Emre\u201c dr.","robots":{"index":"index","follow":"follow","max-snippet":"max-snippet:-1","max-image-preview":"max-image-preview:large","max-video-preview":"max-video-preview:-1"},"canonical":"https:\/\/www.visit-ulcinj.com\/blog\/2017\/04\/06\/predsjednik-cungu-docekao-je-delegaciju-projekta-crna-gora-u-ritmu-evrope\/","og_locale":"en_US","og_type":"article","og_title":"Predsjednik Cungu do\u010dekao je delegaciju projekta \u201eCrna gora u ritmu Evrope\" - Lajme nga Ulqini","og_description":"Predsjednik Op\u0161tine Nazif Cungu do\u010dekao je danas delegaciju koju \u010dine ambasador republike turske nj.e. Serhat Galip, direktor Instituta \u201eYunus Emre\u201c dr.","og_url":"https:\/\/www.visit-ulcinj.com\/blog\/2017\/04\/06\/predsjednik-cungu-docekao-je-delegaciju-projekta-crna-gora-u-ritmu-evrope\/","og_site_name":"Lajme nga Ulqini","article_published_time":"2017-04-06T20:00:02+00:00","og_image":[{"url":"http:\/\/www.visit-ulcinj.com\/blog\/wp-content\/uploads\/2017\/04\/Instituti-Yunus-Emre-ne-Ulqin.jpg"}],"twitter_misc":{"Written by":"ulqini","Est. reading time":"2 minutes"},"schema":{"@context":"https:\/\/schema.org","@graph":[{"@type":"WebSite","@id":"https:\/\/www.visit-ulcinj.com\/blog\/#website","url":"https:\/\/www.visit-ulcinj.com\/blog\/","name":"Lajme nga Ulqini","description":"Lajme,Vijesti,Ulqini,Ulqin,Crna Gora,Mali i Zi","potentialAction":[{"@type":"SearchAction","target":{"@type":"EntryPoint","urlTemplate":"https:\/\/www.visit-ulcinj.com\/blog\/?s={search_term_string}"},"query-input":"required name=search_term_string"}],"inLanguage":"en-US"},{"@type":"ImageObject","inLanguage":"en-US","@id":"https:\/\/www.visit-ulcinj.com\/blog\/2017\/04\/06\/predsjednik-cungu-docekao-je-delegaciju-projekta-crna-gora-u-ritmu-evrope\/#primaryimage","url":"https:\/\/www.visit-ulcinj.com\/blog\/wp-content\/uploads\/2017\/04\/Instituti-Yunus-Emre-ne-Ulqin.jpg","contentUrl":"https:\/\/www.visit-ulcinj.com\/blog\/wp-content\/uploads\/2017\/04\/Instituti-Yunus-Emre-ne-Ulqin.jpg","width":1080,"height":720},{"@type":"WebPage","@id":"https:\/\/www.visit-ulcinj.com\/blog\/2017\/04\/06\/predsjednik-cungu-docekao-je-delegaciju-projekta-crna-gora-u-ritmu-evrope\/#webpage","url":"https:\/\/www.visit-ulcinj.com\/blog\/2017\/04\/06\/predsjednik-cungu-docekao-je-delegaciju-projekta-crna-gora-u-ritmu-evrope\/","name":"Predsjednik Cungu do\u010dekao je delegaciju projekta \u201eCrna gora u ritmu Evrope\" - Lajme nga Ulqini","isPartOf":{"@id":"https:\/\/www.visit-ulcinj.com\/blog\/#website"},"primaryImageOfPage":{"@id":"https:\/\/www.visit-ulcinj.com\/blog\/2017\/04\/06\/predsjednik-cungu-docekao-je-delegaciju-projekta-crna-gora-u-ritmu-evrope\/#primaryimage"},"datePublished":"2017-04-06T20:00:02+00:00","dateModified":"2017-04-06T20:00:02+00:00","author":{"@id":"https:\/\/www.visit-ulcinj.com\/blog\/#\/schema\/person\/dcab619c614d3038751c63bc2aadc06d"},"description":"Predsjednik Op\u0161tine Nazif Cungu do\u010dekao je danas delegaciju koju \u010dine ambasador republike turske nj.e. Serhat Galip, direktor Instituta \u201eYunus Emre\u201c dr.","breadcrumb":{"@id":"https:\/\/www.visit-ulcinj.com\/blog\/2017\/04\/06\/predsjednik-cungu-docekao-je-delegaciju-projekta-crna-gora-u-ritmu-evrope\/#breadcrumb"},"inLanguage":"en-US","potentialAction":[{"@type":"ReadAction","target":["https:\/\/www.visit-ulcinj.com\/blog\/2017\/04\/06\/predsjednik-cungu-docekao-je-delegaciju-projekta-crna-gora-u-ritmu-evrope\/"]}]},{"@type":"BreadcrumbList","@id":"https:\/\/www.visit-ulcinj.com\/blog\/2017\/04\/06\/predsjednik-cungu-docekao-je-delegaciju-projekta-crna-gora-u-ritmu-evrope\/#breadcrumb","itemListElement":[{"@type":"ListItem","position":1,"name":"Predsjednik Cungu do\u010dekao je delegaciju projekta \u201eCrna gora u ritmu Evrope&#8221;"}]},{"@type":"Person","@id":"https:\/\/www.visit-ulcinj.com\/blog\/#\/schema\/person\/dcab619c614d3038751c63bc2aadc06d","name":"ulqini","sameAs":["http:\/\/www.visit-ulcinj.com"],"url":"https:\/\/www.visit-ulcinj.com\/blog\/author\/admin\/"}]}},"jetpack_featured_media_url":"","jetpack_sharing_enabled":true,"jetpack_shortlink":"https:\/\/wp.me\/pe6lTn-r7a","_links":{"self":[{"href":"https:\/\/www.visit-ulcinj.com\/blog\/wp-json\/wp\/v2\/posts\/104232"}],"collection":[{"href":"https:\/\/www.visit-ulcinj.com\/blog\/wp-json\/wp\/v2\/posts"}],"about":[{"href":"https:\/\/www.visit-ulcinj.com\/blog\/wp-json\/wp\/v2\/types\/post"}],"author":[{"embeddable":true,"href":"https:\/\/www.visit-ulcinj.com\/blog\/wp-json\/wp\/v2\/users\/1"}],"replies":[{"embeddable":true,"href":"https:\/\/www.visit-ulcinj.com\/blog\/wp-json\/wp\/v2\/comments?post=104232"}],"version-history":[{"count":1,"href":"https:\/\/www.visit-ulcinj.com\/blog\/wp-json\/wp\/v2\/posts\/104232\/revisions"}],"predecessor-version":[{"id":104233,"href":"https:\/\/www.visit-ulcinj.com\/blog\/wp-json\/wp\/v2\/posts\/104232\/revisions\/104233"}],"wp:attachment":[{"href":"https:\/\/www.visit-ulcinj.com\/blog\/wp-json\/wp\/v2\/media?parent=104232"}],"wp:term":[{"taxonomy":"category","embeddable":true,"href":"https:\/\/www.visit-ulcinj.com\/blog\/wp-json\/wp\/v2\/categories?post=104232"},{"taxonomy":"post_tag","embeddable":true,"href":"https:\/\/www.visit-ulcinj.com\/blog\/wp-json\/wp\/v2\/tags?post=104232"}],"curies":[{"name":"wp","href":"https:\/\/api.w.org\/{rel}","templated":true}]}}