{"id":104259,"date":"2017-04-07T12:03:20","date_gmt":"2017-04-07T11:03:20","guid":{"rendered":"http:\/\/www.visit-ulcinj.com\/blog\/?p=104259"},"modified":"2017-04-07T12:03:20","modified_gmt":"2017-04-07T11:03:20","slug":"ulcinj-na-sajmu-skopje-travel-market","status":"publish","type":"post","link":"https:\/\/www.visit-ulcinj.com\/blog\/2017\/04\/07\/ulcinj-na-sajmu-skopje-travel-market\/","title":{"rendered":"TO Ulcinj na sajmu \u201eSkopje Travel Market\u201d"},"content":{"rendered":"<p><strong><a href=\"http:\/\/www.visit-ulcinj.com\/blog\/wp-content\/uploads\/2017\/04\/TO-Ulcinj-na-sajmu-\u201eSkopje-Travel-Market\u201d.jpg\"><img loading=\"lazy\" class=\"alignleft wp-image-104260\" src=\"http:\/\/www.visit-ulcinj.com\/blog\/wp-content\/uploads\/2017\/04\/TO-Ulcinj-na-sajmu-\u201eSkopje-Travel-Market\u201d.jpg\" alt=\"TO Ulcinj na sajmu \u201eSkopje Travel Market\u201d\" width=\"508\" height=\"305\" srcset=\"https:\/\/www.visit-ulcinj.com\/blog\/wp-content\/uploads\/2017\/04\/TO-Ulcinj-na-sajmu-\u201eSkopje-Travel-Market\u201d.jpg 1028w, https:\/\/www.visit-ulcinj.com\/blog\/wp-content\/uploads\/2017\/04\/TO-Ulcinj-na-sajmu-\u201eSkopje-Travel-Market\u201d-300x180.jpg 300w, https:\/\/www.visit-ulcinj.com\/blog\/wp-content\/uploads\/2017\/04\/TO-Ulcinj-na-sajmu-\u201eSkopje-Travel-Market\u201d-768x461.jpg 768w, https:\/\/www.visit-ulcinj.com\/blog\/wp-content\/uploads\/2017\/04\/TO-Ulcinj-na-sajmu-\u201eSkopje-Travel-Market\u201d-1024x615.jpg 1024w\" sizes=\"(max-width: 508px) 100vw, 508px\" \/><\/a>Sajam Skoplje 06-08.04.2017<\/strong><\/p>\n<p>Turisti\u010dka Organizacija Ulcinj nastupa po tre\u0107i put na sajmu u Skoplju u saradnji sa kolegama iz Turisti\u010dkih organizacija Bara, Tivta, Kotora, Budve i Podgorice. Sajam u Skoplju je jedan od najzna\u010dajnijih u Makedoniji koja je va\u017eno tr\u017ei\u0161te za Ulcinj jer broj gostiju iz ove zemlje raste iz godine u godinu. Sajam u Skoplju je po\u010deo 06.04 i traja\u0107e do 08.aprila, a o\u010dekuje se velika posje\u0107enost i interesovanje za na\u0161u turisti\u010dku ponudu. Na ovom sajmu u\u010destuju oko 70 izlaga\u010da iz 35 zemalja \u0161to potv\u0111uje \u010dinjenicu da je zna\u010dajan sajam za region i ovaj dio Evrope.<\/p>\n<p>Prvi dan sajma na\u0161 \u0161tand je posjetio i ambasador Crne Gore u Skoplju a direktor TO Ulcinj Mr Fuad Had\u017eibeti je imao i sastanak u ambasadi na\u0161e zemlje u Skoplju na kojem se izme\u0111u ostalog razgovaralo o mogu\u0107nostima dalje saradnje izme\u0111u dvije zemlje.<\/p>\n<p>Od privrednika iz Ulcinja na ovom sajmu turisti\u010dku ponudu predstavljaju i hoteli Mediteran i Llolla.<\/p>\n<p>Pro\u0161le godine Ulcinj je posjetilo 4.980 gostiju iz Makedonije koji su ostvarili 33.258 no\u0107enja tako da se nadamo da \u0107e promovisanje turisti\u010dke ponude, ali i na\u0161e u\u010destvovanje na ovom sajmu doprinjeti tome da broj turista bude ve\u0107i. Naravno, \u010dinjenica je da je najve\u0107i broj realizovanih no\u0107enja u Ulcinju upravo iz zemalja regiona.<\/p>\n<p><a href=\"http:\/\/www.visit-ulcinj.com\/blog\/wp-content\/uploads\/2017\/04\/TO-Ulcinj-na-sajmu-\u201eSkopje-Travel-Market\u201d-1.jpg\"><img loading=\"lazy\" class=\"alignleft wp-image-104261\" src=\"http:\/\/www.visit-ulcinj.com\/blog\/wp-content\/uploads\/2017\/04\/TO-Ulcinj-na-sajmu-\u201eSkopje-Travel-Market\u201d-1.jpg\" alt=\"TO Ulcinj na sajmu \u201eSkopje Travel Market\u201d-1\" width=\"508\" height=\"305\" srcset=\"https:\/\/www.visit-ulcinj.com\/blog\/wp-content\/uploads\/2017\/04\/TO-Ulcinj-na-sajmu-\u201eSkopje-Travel-Market\u201d-1.jpg 1028w, https:\/\/www.visit-ulcinj.com\/blog\/wp-content\/uploads\/2017\/04\/TO-Ulcinj-na-sajmu-\u201eSkopje-Travel-Market\u201d-1-300x180.jpg 300w, https:\/\/www.visit-ulcinj.com\/blog\/wp-content\/uploads\/2017\/04\/TO-Ulcinj-na-sajmu-\u201eSkopje-Travel-Market\u201d-1-768x461.jpg 768w, https:\/\/www.visit-ulcinj.com\/blog\/wp-content\/uploads\/2017\/04\/TO-Ulcinj-na-sajmu-\u201eSkopje-Travel-Market\u201d-1-1024x615.jpg 1024w\" sizes=\"(max-width: 508px) 100vw, 508px\" \/><\/a><\/p>\n","protected":false},"excerpt":{"rendered":"<p>Sajam Skoplje 06-08.04.2017 Turisti\u010dka Organizacija Ulcinj nastupa po tre\u0107i put na sajmu u Skoplju u saradnji sa kolegama iz Turisti\u010dkih organizacija Bara, Tivta, Kotora, Budve i Podgorice. Sajam u Skoplju je jedan od najzna\u010dajnijih u Makedoniji koja je va\u017eno tr\u017ei\u0161te za Ulcinj jer broj gostiju iz ove zemlje raste iz godine u godinu. Sajam u [&hellip;]<\/p>\n","protected":false},"author":1,"featured_media":0,"comment_status":"closed","ping_status":"closed","sticky":false,"template":"","format":"standard","meta":{"spay_email":"","jetpack_publicize_message":"","jetpack_is_tweetstorm":false,"jetpack_publicize_feature_enabled":true},"categories":[6950],"tags":[],"jetpack_publicize_connections":[],"yoast_head":"<!-- This site is optimized with the Yoast SEO plugin v19.1 - https:\/\/yoast.com\/wordpress\/plugins\/seo\/ -->\n<title>TO Ulcinj na sajmu \u201eSkopje Travel Market\u201d - Lajme nga Ulqini<\/title>\n<meta name=\"description\" content=\"Sajam Skoplje 06-08.04.2017 Turisti\u010dka Organizacija Ulcinj nastupa po tre\u0107i put na sajmu u Skoplju u saradnji sa kolegama iz Turisti\u010dkih organizacija\" \/>\n<meta name=\"robots\" content=\"index, follow, max-snippet:-1, max-image-preview:large, max-video-preview:-1\" \/>\n<link rel=\"canonical\" href=\"https:\/\/www.visit-ulcinj.com\/blog\/2017\/04\/07\/ulcinj-na-sajmu-skopje-travel-market\/\" \/>\n<meta property=\"og:locale\" content=\"en_US\" \/>\n<meta property=\"og:type\" content=\"article\" \/>\n<meta property=\"og:title\" content=\"TO Ulcinj na sajmu \u201eSkopje Travel Market\u201d - Lajme nga Ulqini\" \/>\n<meta property=\"og:description\" content=\"Sajam Skoplje 06-08.04.2017 Turisti\u010dka Organizacija Ulcinj nastupa po tre\u0107i put na sajmu u Skoplju u saradnji sa kolegama iz Turisti\u010dkih organizacija\" \/>\n<meta property=\"og:url\" content=\"https:\/\/www.visit-ulcinj.com\/blog\/2017\/04\/07\/ulcinj-na-sajmu-skopje-travel-market\/\" \/>\n<meta property=\"og:site_name\" content=\"Lajme nga Ulqini\" \/>\n<meta property=\"article:published_time\" content=\"2017-04-07T11:03:20+00:00\" \/>\n<meta name=\"twitter:label1\" content=\"Written by\" \/>\n\t<meta name=\"twitter:data1\" content=\"ulqini\" \/>\n\t<meta name=\"twitter:label2\" content=\"Est. reading time\" \/>\n\t<meta name=\"twitter:data2\" content=\"1 minute\" \/>\n<script type=\"application\/ld+json\" class=\"yoast-schema-graph\">{\"@context\":\"https:\/\/schema.org\",\"@graph\":[{\"@type\":\"WebSite\",\"@id\":\"https:\/\/www.visit-ulcinj.com\/blog\/#website\",\"url\":\"https:\/\/www.visit-ulcinj.com\/blog\/\",\"name\":\"Lajme nga Ulqini\",\"description\":\"Lajme,Vijesti,Ulqini,Ulqin,Crna Gora,Mali i Zi\",\"potentialAction\":[{\"@type\":\"SearchAction\",\"target\":{\"@type\":\"EntryPoint\",\"urlTemplate\":\"https:\/\/www.visit-ulcinj.com\/blog\/?s={search_term_string}\"},\"query-input\":\"required name=search_term_string\"}],\"inLanguage\":\"en-US\"},{\"@type\":\"WebPage\",\"@id\":\"https:\/\/www.visit-ulcinj.com\/blog\/2017\/04\/07\/ulcinj-na-sajmu-skopje-travel-market\/#webpage\",\"url\":\"https:\/\/www.visit-ulcinj.com\/blog\/2017\/04\/07\/ulcinj-na-sajmu-skopje-travel-market\/\",\"name\":\"TO Ulcinj na sajmu \u201eSkopje Travel Market\u201d - Lajme nga Ulqini\",\"isPartOf\":{\"@id\":\"https:\/\/www.visit-ulcinj.com\/blog\/#website\"},\"datePublished\":\"2017-04-07T11:03:20+00:00\",\"dateModified\":\"2017-04-07T11:03:20+00:00\",\"author\":{\"@id\":\"https:\/\/www.visit-ulcinj.com\/blog\/#\/schema\/person\/dcab619c614d3038751c63bc2aadc06d\"},\"description\":\"Sajam Skoplje 06-08.04.2017 Turisti\u010dka Organizacija Ulcinj nastupa po tre\u0107i put na sajmu u Skoplju u saradnji sa kolegama iz Turisti\u010dkih organizacija\",\"breadcrumb\":{\"@id\":\"https:\/\/www.visit-ulcinj.com\/blog\/2017\/04\/07\/ulcinj-na-sajmu-skopje-travel-market\/#breadcrumb\"},\"inLanguage\":\"en-US\",\"potentialAction\":[{\"@type\":\"ReadAction\",\"target\":[\"https:\/\/www.visit-ulcinj.com\/blog\/2017\/04\/07\/ulcinj-na-sajmu-skopje-travel-market\/\"]}]},{\"@type\":\"BreadcrumbList\",\"@id\":\"https:\/\/www.visit-ulcinj.com\/blog\/2017\/04\/07\/ulcinj-na-sajmu-skopje-travel-market\/#breadcrumb\",\"itemListElement\":[{\"@type\":\"ListItem\",\"position\":1,\"name\":\"TO Ulcinj na sajmu \u201eSkopje Travel Market\u201d\"}]},{\"@type\":\"Person\",\"@id\":\"https:\/\/www.visit-ulcinj.com\/blog\/#\/schema\/person\/dcab619c614d3038751c63bc2aadc06d\",\"name\":\"ulqini\",\"sameAs\":[\"http:\/\/www.visit-ulcinj.com\"],\"url\":\"https:\/\/www.visit-ulcinj.com\/blog\/author\/admin\/\"}]}<\/script>\n<!-- \/ Yoast SEO plugin. -->","yoast_head_json":{"title":"TO Ulcinj na sajmu \u201eSkopje Travel Market\u201d - Lajme nga Ulqini","description":"Sajam Skoplje 06-08.04.2017 Turisti\u010dka Organizacija Ulcinj nastupa po tre\u0107i put na sajmu u Skoplju u saradnji sa kolegama iz Turisti\u010dkih organizacija","robots":{"index":"index","follow":"follow","max-snippet":"max-snippet:-1","max-image-preview":"max-image-preview:large","max-video-preview":"max-video-preview:-1"},"canonical":"https:\/\/www.visit-ulcinj.com\/blog\/2017\/04\/07\/ulcinj-na-sajmu-skopje-travel-market\/","og_locale":"en_US","og_type":"article","og_title":"TO Ulcinj na sajmu \u201eSkopje Travel Market\u201d - Lajme nga Ulqini","og_description":"Sajam Skoplje 06-08.04.2017 Turisti\u010dka Organizacija Ulcinj nastupa po tre\u0107i put na sajmu u Skoplju u saradnji sa kolegama iz Turisti\u010dkih organizacija","og_url":"https:\/\/www.visit-ulcinj.com\/blog\/2017\/04\/07\/ulcinj-na-sajmu-skopje-travel-market\/","og_site_name":"Lajme nga Ulqini","article_published_time":"2017-04-07T11:03:20+00:00","twitter_misc":{"Written by":"ulqini","Est. reading time":"1 minute"},"schema":{"@context":"https:\/\/schema.org","@graph":[{"@type":"WebSite","@id":"https:\/\/www.visit-ulcinj.com\/blog\/#website","url":"https:\/\/www.visit-ulcinj.com\/blog\/","name":"Lajme nga Ulqini","description":"Lajme,Vijesti,Ulqini,Ulqin,Crna Gora,Mali i Zi","potentialAction":[{"@type":"SearchAction","target":{"@type":"EntryPoint","urlTemplate":"https:\/\/www.visit-ulcinj.com\/blog\/?s={search_term_string}"},"query-input":"required name=search_term_string"}],"inLanguage":"en-US"},{"@type":"WebPage","@id":"https:\/\/www.visit-ulcinj.com\/blog\/2017\/04\/07\/ulcinj-na-sajmu-skopje-travel-market\/#webpage","url":"https:\/\/www.visit-ulcinj.com\/blog\/2017\/04\/07\/ulcinj-na-sajmu-skopje-travel-market\/","name":"TO Ulcinj na sajmu \u201eSkopje Travel Market\u201d - Lajme nga Ulqini","isPartOf":{"@id":"https:\/\/www.visit-ulcinj.com\/blog\/#website"},"datePublished":"2017-04-07T11:03:20+00:00","dateModified":"2017-04-07T11:03:20+00:00","author":{"@id":"https:\/\/www.visit-ulcinj.com\/blog\/#\/schema\/person\/dcab619c614d3038751c63bc2aadc06d"},"description":"Sajam Skoplje 06-08.04.2017 Turisti\u010dka Organizacija Ulcinj nastupa po tre\u0107i put na sajmu u Skoplju u saradnji sa kolegama iz Turisti\u010dkih organizacija","breadcrumb":{"@id":"https:\/\/www.visit-ulcinj.com\/blog\/2017\/04\/07\/ulcinj-na-sajmu-skopje-travel-market\/#breadcrumb"},"inLanguage":"en-US","potentialAction":[{"@type":"ReadAction","target":["https:\/\/www.visit-ulcinj.com\/blog\/2017\/04\/07\/ulcinj-na-sajmu-skopje-travel-market\/"]}]},{"@type":"BreadcrumbList","@id":"https:\/\/www.visit-ulcinj.com\/blog\/2017\/04\/07\/ulcinj-na-sajmu-skopje-travel-market\/#breadcrumb","itemListElement":[{"@type":"ListItem","position":1,"name":"TO Ulcinj na sajmu \u201eSkopje Travel Market\u201d"}]},{"@type":"Person","@id":"https:\/\/www.visit-ulcinj.com\/blog\/#\/schema\/person\/dcab619c614d3038751c63bc2aadc06d","name":"ulqini","sameAs":["http:\/\/www.visit-ulcinj.com"],"url":"https:\/\/www.visit-ulcinj.com\/blog\/author\/admin\/"}]}},"jetpack_featured_media_url":"","jetpack_sharing_enabled":true,"jetpack_shortlink":"https:\/\/wp.me\/pe6lTn-r7B","_links":{"self":[{"href":"https:\/\/www.visit-ulcinj.com\/blog\/wp-json\/wp\/v2\/posts\/104259"}],"collection":[{"href":"https:\/\/www.visit-ulcinj.com\/blog\/wp-json\/wp\/v2\/posts"}],"about":[{"href":"https:\/\/www.visit-ulcinj.com\/blog\/wp-json\/wp\/v2\/types\/post"}],"author":[{"embeddable":true,"href":"https:\/\/www.visit-ulcinj.com\/blog\/wp-json\/wp\/v2\/users\/1"}],"replies":[{"embeddable":true,"href":"https:\/\/www.visit-ulcinj.com\/blog\/wp-json\/wp\/v2\/comments?post=104259"}],"version-history":[{"count":1,"href":"https:\/\/www.visit-ulcinj.com\/blog\/wp-json\/wp\/v2\/posts\/104259\/revisions"}],"predecessor-version":[{"id":104262,"href":"https:\/\/www.visit-ulcinj.com\/blog\/wp-json\/wp\/v2\/posts\/104259\/revisions\/104262"}],"wp:attachment":[{"href":"https:\/\/www.visit-ulcinj.com\/blog\/wp-json\/wp\/v2\/media?parent=104259"}],"wp:term":[{"taxonomy":"category","embeddable":true,"href":"https:\/\/www.visit-ulcinj.com\/blog\/wp-json\/wp\/v2\/categories?post=104259"},{"taxonomy":"post_tag","embeddable":true,"href":"https:\/\/www.visit-ulcinj.com\/blog\/wp-json\/wp\/v2\/tags?post=104259"}],"curies":[{"name":"wp","href":"https:\/\/api.w.org\/{rel}","templated":true}]}}