{"id":104269,"date":"2017-04-08T10:09:53","date_gmt":"2017-04-08T09:09:53","guid":{"rendered":"http:\/\/www.visit-ulcinj.com\/blog\/?p=104269"},"modified":"2017-04-08T17:42:10","modified_gmt":"2017-04-08T16:42:10","slug":"ne-podgorice-mbahet-konferenca-per-mbrojtjen-e-kripores-se-ulqinit","status":"publish","type":"post","link":"https:\/\/www.visit-ulcinj.com\/blog\/2017\/04\/08\/ne-podgorice-mbahet-konferenca-per-mbrojtjen-e-kripores-se-ulqinit\/","title":{"rendered":"N\u00eb Podgoric\u00eb do mbahet konferenca p\u00ebr mbrojtjen e Kripores s\u00eb Ulqinit"},"content":{"rendered":"<p><a href=\"http:\/\/www.visit-ulcinj.com\/blog\/wp-content\/uploads\/2017\/04\/3nd-International-Conference-on-the-protection-of-Salina-Ulcinj-Podgorica-Montenegro.jpg\"><img loading=\"lazy\" class=\"alignleft wp-image-104270\" src=\"http:\/\/www.visit-ulcinj.com\/blog\/wp-content\/uploads\/2017\/04\/3nd-International-Conference-on-the-protection-of-Salina-Ulcinj-Podgorica-Montenegro.jpg\" alt=\"3nd International Conference on the protection of Salina Ulcinj Podgorica, Montenegro\" width=\"508\" height=\"286\" srcset=\"https:\/\/www.visit-ulcinj.com\/blog\/wp-content\/uploads\/2017\/04\/3nd-International-Conference-on-the-protection-of-Salina-Ulcinj-Podgorica-Montenegro.jpg 711w, https:\/\/www.visit-ulcinj.com\/blog\/wp-content\/uploads\/2017\/04\/3nd-International-Conference-on-the-protection-of-Salina-Ulcinj-Podgorica-Montenegro-300x169.jpg 300w\" sizes=\"(max-width: 508px) 100vw, 508px\" \/><\/a><strong>T\u00eb mart\u00ebn e ardhshme n\u00eb Podgoric\u00eb do t\u00eb mbahet Konferenca e tret\u00eb nd\u00ebrkomb\u00ebtare p\u00ebr mbrojtjen e Kripores s\u00eb Ulqinit, n\u00eb organizim t\u00eb Qendr\u00ebs p\u00ebr mbrojtjen dhe hulumtimin e shpend\u00ebve, EuroNatur-it, BirdLife International dhe Shoqat\u00ebs \u201cDr. Martin Schneider \u2013 Jakoby\u201d, raporton portali Ul.info.<\/strong><\/p>\n<p>Si\u00e7 than\u00eb organizator\u00ebt, arsye e riorganizimit t\u00eb konferenc\u00ebs p\u00ebr mbrojtjen e Kripores \u00ebsht\u00eb mbrojtja e saj nacionale dhe nd\u00ebrkomb\u00ebtare, e cila p\u00ebrkund\u00ebr p\u00ebrfundimeve t\u00eb rakorduar\u00eb, akoma nuk \u00ebsht\u00eb arritur.<\/p>\n<p>Q\u00eb bota, e n\u00eb ve\u00e7anti Bashkimi europiian, fuqish\u00ebm i p\u00ebrkrah k\u00ebto p\u00ebrfundime e d\u00ebshmon lista e atyre q\u00eb do t\u00eb jen\u00eb n\u00eb k\u00ebt\u00eb tubim. Nd\u00ebr to jan\u00eb shefi i Delegacionit t\u00eb BE-s\u00eb n\u00eb Mal t\u00eb Zi Aivo Orav, koordinatorja e p\u00ebrhershme e Kombeve t\u00eb bashkuara dhe p\u00ebrfaq\u00ebsuesja e UNDP-s\u00eb n\u00eb Mal t\u00eb Zi Fiona McCluney, ambasador\u00ebt e Gjermanis\u00eb, Shteteve t\u00eb Bashkuara t\u00eb Amerik\u00ebs, Polonis\u00eb, Greqis\u00eb, <strong>Hans G\u00fcnther Mattern, Margaret Ann<\/strong>\u00a0<strong>Uyehara, Irena Tatarzy\u0144ska i Sotirios Athanassiou, <\/strong>n\u00ebnkryetarja e Asociacionit p\u00ebr Europ\u00ebn juglindore <strong>Gudrun<\/strong><strong>\u00a0Elisabeth\u00a0Steinacker <\/strong>dhe p\u00ebrfaq\u00ebsuesi i BirdLife International <strong>Boris Barov.<\/strong><\/p>\n<p>N\u00eb k\u00ebt\u00eb tubim do t\u00eb marr\u00eb pjes\u00eb edhe ministri i zhvillimit t\u00eb q\u00ebndruesh\u00ebm dhe turizmit n\u00eb Qeverin\u00eb e Malit t\u00eb Zi Pavle Radulloviq.<\/p>\n<!-- vimeo error: not a vimeo video -->\n","protected":false},"excerpt":{"rendered":"<p>T\u00eb mart\u00ebn e ardhshme n\u00eb Podgoric\u00eb do t\u00eb mbahet Konferenca e tret\u00eb nd\u00ebrkomb\u00ebtare p\u00ebr mbrojtjen e Kripores s\u00eb Ulqinit, n\u00eb organizim t\u00eb Qendr\u00ebs p\u00ebr mbrojtjen dhe hulumtimin e shpend\u00ebve, EuroNatur-it, BirdLife International dhe Shoqat\u00ebs \u201cDr. Martin Schneider \u2013 Jakoby\u201d, raporton portali Ul.info. Si\u00e7 than\u00eb organizator\u00ebt, arsye e riorganizimit t\u00eb konferenc\u00ebs p\u00ebr mbrojtjen e Kripores \u00ebsht\u00eb [&hellip;]<\/p>\n","protected":false},"author":1,"featured_media":0,"comment_status":"closed","ping_status":"closed","sticky":false,"template":"","format":"standard","meta":{"spay_email":"","jetpack_publicize_message":"","jetpack_is_tweetstorm":false,"jetpack_publicize_feature_enabled":true},"categories":[1,11],"tags":[],"jetpack_publicize_connections":[],"yoast_head":"<!-- This site is optimized with the Yoast SEO plugin v19.1 - https:\/\/yoast.com\/wordpress\/plugins\/seo\/ -->\n<title>N\u00eb Podgoric\u00eb do mbahet konferenca p\u00ebr mbrojtjen e Kripores s\u00eb Ulqinit - Lajme nga Ulqini<\/title>\n<meta name=\"description\" content=\"T\u00eb mart\u00ebn e ardhshme n\u00eb Podgoric\u00eb do t\u00eb mbahet Konferenca e tret\u00eb nd\u00ebrkomb\u00ebtare p\u00ebr mbrojtjen e Kripores s\u00eb Ulqinit, n\u00eb organizim t\u00eb Qendr\u00ebs p\u00ebr mbrojtjen\" \/>\n<meta name=\"robots\" content=\"index, follow, max-snippet:-1, max-image-preview:large, max-video-preview:-1\" \/>\n<link rel=\"canonical\" href=\"https:\/\/www.visit-ulcinj.com\/blog\/2017\/04\/08\/ne-podgorice-mbahet-konferenca-per-mbrojtjen-e-kripores-se-ulqinit\/\" \/>\n<meta property=\"og:locale\" content=\"en_US\" \/>\n<meta property=\"og:type\" content=\"article\" \/>\n<meta property=\"og:title\" content=\"N\u00eb Podgoric\u00eb do mbahet konferenca p\u00ebr mbrojtjen e Kripores s\u00eb Ulqinit - Lajme nga Ulqini\" \/>\n<meta property=\"og:description\" content=\"T\u00eb mart\u00ebn e ardhshme n\u00eb Podgoric\u00eb do t\u00eb mbahet Konferenca e tret\u00eb nd\u00ebrkomb\u00ebtare p\u00ebr mbrojtjen e Kripores s\u00eb Ulqinit, n\u00eb organizim t\u00eb Qendr\u00ebs p\u00ebr mbrojtjen\" \/>\n<meta property=\"og:url\" content=\"https:\/\/www.visit-ulcinj.com\/blog\/2017\/04\/08\/ne-podgorice-mbahet-konferenca-per-mbrojtjen-e-kripores-se-ulqinit\/\" \/>\n<meta property=\"og:site_name\" content=\"Lajme nga Ulqini\" \/>\n<meta property=\"article:published_time\" content=\"2017-04-08T09:09:53+00:00\" \/>\n<meta property=\"article:modified_time\" content=\"2017-04-08T16:42:10+00:00\" \/>\n<meta property=\"og:image\" content=\"http:\/\/www.visit-ulcinj.com\/blog\/wp-content\/uploads\/2017\/04\/3nd-International-Conference-on-the-protection-of-Salina-Ulcinj-Podgorica-Montenegro.jpg\" \/>\n<meta name=\"twitter:label1\" content=\"Written by\" \/>\n\t<meta name=\"twitter:data1\" content=\"ulqini\" \/>\n\t<meta name=\"twitter:label2\" content=\"Est. reading time\" \/>\n\t<meta name=\"twitter:data2\" content=\"1 minute\" \/>\n<script type=\"application\/ld+json\" class=\"yoast-schema-graph\">{\"@context\":\"https:\/\/schema.org\",\"@graph\":[{\"@type\":\"WebSite\",\"@id\":\"https:\/\/www.visit-ulcinj.com\/blog\/#website\",\"url\":\"https:\/\/www.visit-ulcinj.com\/blog\/\",\"name\":\"Lajme nga Ulqini\",\"description\":\"Lajme,Vijesti,Ulqini,Ulqin,Crna Gora,Mali i Zi\",\"potentialAction\":[{\"@type\":\"SearchAction\",\"target\":{\"@type\":\"EntryPoint\",\"urlTemplate\":\"https:\/\/www.visit-ulcinj.com\/blog\/?s={search_term_string}\"},\"query-input\":\"required name=search_term_string\"}],\"inLanguage\":\"en-US\"},{\"@type\":\"ImageObject\",\"inLanguage\":\"en-US\",\"@id\":\"https:\/\/www.visit-ulcinj.com\/blog\/2017\/04\/08\/ne-podgorice-mbahet-konferenca-per-mbrojtjen-e-kripores-se-ulqinit\/#primaryimage\",\"url\":\"https:\/\/www.visit-ulcinj.com\/blog\/wp-content\/uploads\/2017\/04\/3nd-International-Conference-on-the-protection-of-Salina-Ulcinj-Podgorica-Montenegro.jpg\",\"contentUrl\":\"https:\/\/www.visit-ulcinj.com\/blog\/wp-content\/uploads\/2017\/04\/3nd-International-Conference-on-the-protection-of-Salina-Ulcinj-Podgorica-Montenegro.jpg\",\"width\":711,\"height\":400},{\"@type\":\"WebPage\",\"@id\":\"https:\/\/www.visit-ulcinj.com\/blog\/2017\/04\/08\/ne-podgorice-mbahet-konferenca-per-mbrojtjen-e-kripores-se-ulqinit\/#webpage\",\"url\":\"https:\/\/www.visit-ulcinj.com\/blog\/2017\/04\/08\/ne-podgorice-mbahet-konferenca-per-mbrojtjen-e-kripores-se-ulqinit\/\",\"name\":\"N\u00eb Podgoric\u00eb do mbahet konferenca p\u00ebr mbrojtjen e Kripores s\u00eb Ulqinit - Lajme nga Ulqini\",\"isPartOf\":{\"@id\":\"https:\/\/www.visit-ulcinj.com\/blog\/#website\"},\"primaryImageOfPage\":{\"@id\":\"https:\/\/www.visit-ulcinj.com\/blog\/2017\/04\/08\/ne-podgorice-mbahet-konferenca-per-mbrojtjen-e-kripores-se-ulqinit\/#primaryimage\"},\"datePublished\":\"2017-04-08T09:09:53+00:00\",\"dateModified\":\"2017-04-08T16:42:10+00:00\",\"author\":{\"@id\":\"https:\/\/www.visit-ulcinj.com\/blog\/#\/schema\/person\/dcab619c614d3038751c63bc2aadc06d\"},\"description\":\"T\u00eb mart\u00ebn e ardhshme n\u00eb Podgoric\u00eb do t\u00eb mbahet Konferenca e tret\u00eb nd\u00ebrkomb\u00ebtare p\u00ebr mbrojtjen e Kripores s\u00eb Ulqinit, n\u00eb organizim t\u00eb Qendr\u00ebs p\u00ebr mbrojtjen\",\"breadcrumb\":{\"@id\":\"https:\/\/www.visit-ulcinj.com\/blog\/2017\/04\/08\/ne-podgorice-mbahet-konferenca-per-mbrojtjen-e-kripores-se-ulqinit\/#breadcrumb\"},\"inLanguage\":\"en-US\",\"potentialAction\":[{\"@type\":\"ReadAction\",\"target\":[\"https:\/\/www.visit-ulcinj.com\/blog\/2017\/04\/08\/ne-podgorice-mbahet-konferenca-per-mbrojtjen-e-kripores-se-ulqinit\/\"]}]},{\"@type\":\"BreadcrumbList\",\"@id\":\"https:\/\/www.visit-ulcinj.com\/blog\/2017\/04\/08\/ne-podgorice-mbahet-konferenca-per-mbrojtjen-e-kripores-se-ulqinit\/#breadcrumb\",\"itemListElement\":[{\"@type\":\"ListItem\",\"position\":1,\"name\":\"N\u00eb Podgoric\u00eb do mbahet konferenca p\u00ebr mbrojtjen e Kripores s\u00eb Ulqinit\"}]},{\"@type\":\"Person\",\"@id\":\"https:\/\/www.visit-ulcinj.com\/blog\/#\/schema\/person\/dcab619c614d3038751c63bc2aadc06d\",\"name\":\"ulqini\",\"sameAs\":[\"http:\/\/www.visit-ulcinj.com\"],\"url\":\"https:\/\/www.visit-ulcinj.com\/blog\/author\/admin\/\"}]}<\/script>\n<!-- \/ Yoast SEO plugin. -->","yoast_head_json":{"title":"N\u00eb Podgoric\u00eb do mbahet konferenca p\u00ebr mbrojtjen e Kripores s\u00eb Ulqinit - Lajme nga Ulqini","description":"T\u00eb mart\u00ebn e ardhshme n\u00eb Podgoric\u00eb do t\u00eb mbahet Konferenca e tret\u00eb nd\u00ebrkomb\u00ebtare p\u00ebr mbrojtjen e Kripores s\u00eb Ulqinit, n\u00eb organizim t\u00eb Qendr\u00ebs p\u00ebr mbrojtjen","robots":{"index":"index","follow":"follow","max-snippet":"max-snippet:-1","max-image-preview":"max-image-preview:large","max-video-preview":"max-video-preview:-1"},"canonical":"https:\/\/www.visit-ulcinj.com\/blog\/2017\/04\/08\/ne-podgorice-mbahet-konferenca-per-mbrojtjen-e-kripores-se-ulqinit\/","og_locale":"en_US","og_type":"article","og_title":"N\u00eb Podgoric\u00eb do mbahet konferenca p\u00ebr mbrojtjen e Kripores s\u00eb Ulqinit - Lajme nga Ulqini","og_description":"T\u00eb mart\u00ebn e ardhshme n\u00eb Podgoric\u00eb do t\u00eb mbahet Konferenca e tret\u00eb nd\u00ebrkomb\u00ebtare p\u00ebr mbrojtjen e Kripores s\u00eb Ulqinit, n\u00eb organizim t\u00eb Qendr\u00ebs p\u00ebr mbrojtjen","og_url":"https:\/\/www.visit-ulcinj.com\/blog\/2017\/04\/08\/ne-podgorice-mbahet-konferenca-per-mbrojtjen-e-kripores-se-ulqinit\/","og_site_name":"Lajme nga Ulqini","article_published_time":"2017-04-08T09:09:53+00:00","article_modified_time":"2017-04-08T16:42:10+00:00","og_image":[{"url":"http:\/\/www.visit-ulcinj.com\/blog\/wp-content\/uploads\/2017\/04\/3nd-International-Conference-on-the-protection-of-Salina-Ulcinj-Podgorica-Montenegro.jpg"}],"twitter_misc":{"Written by":"ulqini","Est. reading time":"1 minute"},"schema":{"@context":"https:\/\/schema.org","@graph":[{"@type":"WebSite","@id":"https:\/\/www.visit-ulcinj.com\/blog\/#website","url":"https:\/\/www.visit-ulcinj.com\/blog\/","name":"Lajme nga Ulqini","description":"Lajme,Vijesti,Ulqini,Ulqin,Crna Gora,Mali i Zi","potentialAction":[{"@type":"SearchAction","target":{"@type":"EntryPoint","urlTemplate":"https:\/\/www.visit-ulcinj.com\/blog\/?s={search_term_string}"},"query-input":"required name=search_term_string"}],"inLanguage":"en-US"},{"@type":"ImageObject","inLanguage":"en-US","@id":"https:\/\/www.visit-ulcinj.com\/blog\/2017\/04\/08\/ne-podgorice-mbahet-konferenca-per-mbrojtjen-e-kripores-se-ulqinit\/#primaryimage","url":"https:\/\/www.visit-ulcinj.com\/blog\/wp-content\/uploads\/2017\/04\/3nd-International-Conference-on-the-protection-of-Salina-Ulcinj-Podgorica-Montenegro.jpg","contentUrl":"https:\/\/www.visit-ulcinj.com\/blog\/wp-content\/uploads\/2017\/04\/3nd-International-Conference-on-the-protection-of-Salina-Ulcinj-Podgorica-Montenegro.jpg","width":711,"height":400},{"@type":"WebPage","@id":"https:\/\/www.visit-ulcinj.com\/blog\/2017\/04\/08\/ne-podgorice-mbahet-konferenca-per-mbrojtjen-e-kripores-se-ulqinit\/#webpage","url":"https:\/\/www.visit-ulcinj.com\/blog\/2017\/04\/08\/ne-podgorice-mbahet-konferenca-per-mbrojtjen-e-kripores-se-ulqinit\/","name":"N\u00eb Podgoric\u00eb do mbahet konferenca p\u00ebr mbrojtjen e Kripores s\u00eb Ulqinit - Lajme nga Ulqini","isPartOf":{"@id":"https:\/\/www.visit-ulcinj.com\/blog\/#website"},"primaryImageOfPage":{"@id":"https:\/\/www.visit-ulcinj.com\/blog\/2017\/04\/08\/ne-podgorice-mbahet-konferenca-per-mbrojtjen-e-kripores-se-ulqinit\/#primaryimage"},"datePublished":"2017-04-08T09:09:53+00:00","dateModified":"2017-04-08T16:42:10+00:00","author":{"@id":"https:\/\/www.visit-ulcinj.com\/blog\/#\/schema\/person\/dcab619c614d3038751c63bc2aadc06d"},"description":"T\u00eb mart\u00ebn e ardhshme n\u00eb Podgoric\u00eb do t\u00eb mbahet Konferenca e tret\u00eb nd\u00ebrkomb\u00ebtare p\u00ebr mbrojtjen e Kripores s\u00eb Ulqinit, n\u00eb organizim t\u00eb Qendr\u00ebs p\u00ebr mbrojtjen","breadcrumb":{"@id":"https:\/\/www.visit-ulcinj.com\/blog\/2017\/04\/08\/ne-podgorice-mbahet-konferenca-per-mbrojtjen-e-kripores-se-ulqinit\/#breadcrumb"},"inLanguage":"en-US","potentialAction":[{"@type":"ReadAction","target":["https:\/\/www.visit-ulcinj.com\/blog\/2017\/04\/08\/ne-podgorice-mbahet-konferenca-per-mbrojtjen-e-kripores-se-ulqinit\/"]}]},{"@type":"BreadcrumbList","@id":"https:\/\/www.visit-ulcinj.com\/blog\/2017\/04\/08\/ne-podgorice-mbahet-konferenca-per-mbrojtjen-e-kripores-se-ulqinit\/#breadcrumb","itemListElement":[{"@type":"ListItem","position":1,"name":"N\u00eb Podgoric\u00eb do mbahet konferenca p\u00ebr mbrojtjen e Kripores s\u00eb Ulqinit"}]},{"@type":"Person","@id":"https:\/\/www.visit-ulcinj.com\/blog\/#\/schema\/person\/dcab619c614d3038751c63bc2aadc06d","name":"ulqini","sameAs":["http:\/\/www.visit-ulcinj.com"],"url":"https:\/\/www.visit-ulcinj.com\/blog\/author\/admin\/"}]}},"jetpack_featured_media_url":"","jetpack_sharing_enabled":true,"jetpack_shortlink":"https:\/\/wp.me\/pe6lTn-r7L","_links":{"self":[{"href":"https:\/\/www.visit-ulcinj.com\/blog\/wp-json\/wp\/v2\/posts\/104269"}],"collection":[{"href":"https:\/\/www.visit-ulcinj.com\/blog\/wp-json\/wp\/v2\/posts"}],"about":[{"href":"https:\/\/www.visit-ulcinj.com\/blog\/wp-json\/wp\/v2\/types\/post"}],"author":[{"embeddable":true,"href":"https:\/\/www.visit-ulcinj.com\/blog\/wp-json\/wp\/v2\/users\/1"}],"replies":[{"embeddable":true,"href":"https:\/\/www.visit-ulcinj.com\/blog\/wp-json\/wp\/v2\/comments?post=104269"}],"version-history":[{"count":1,"href":"https:\/\/www.visit-ulcinj.com\/blog\/wp-json\/wp\/v2\/posts\/104269\/revisions"}],"predecessor-version":[{"id":104271,"href":"https:\/\/www.visit-ulcinj.com\/blog\/wp-json\/wp\/v2\/posts\/104269\/revisions\/104271"}],"wp:attachment":[{"href":"https:\/\/www.visit-ulcinj.com\/blog\/wp-json\/wp\/v2\/media?parent=104269"}],"wp:term":[{"taxonomy":"category","embeddable":true,"href":"https:\/\/www.visit-ulcinj.com\/blog\/wp-json\/wp\/v2\/categories?post=104269"},{"taxonomy":"post_tag","embeddable":true,"href":"https:\/\/www.visit-ulcinj.com\/blog\/wp-json\/wp\/v2\/tags?post=104269"}],"curies":[{"name":"wp","href":"https:\/\/api.w.org\/{rel}","templated":true}]}}