{"id":104272,"date":"2017-04-08T17:39:53","date_gmt":"2017-04-08T16:39:53","guid":{"rendered":"http:\/\/www.visit-ulcinj.com\/blog\/?p=104272"},"modified":"2017-04-10T22:07:58","modified_gmt":"2017-04-10T21:07:58","slug":"zjarr-ne-pyllin-e-bregdetit-te-ulqinit-zjarrfikesit-ne-vendngjarje-video","status":"publish","type":"post","link":"https:\/\/www.visit-ulcinj.com\/blog\/2017\/04\/08\/zjarr-ne-pyllin-e-bregdetit-te-ulqinit-zjarrfikesit-ne-vendngjarje-video\/","title":{"rendered":"Zjarr n\u00eb pyllin e bregdetit t\u00eb Ulqinit, zjarrfik\u00ebsit n\u00eb vendngjarje &#8211; Video"},"content":{"rendered":"<div>\n<p class=\"post-title\"><strong><a href=\"http:\/\/www.visit-ulcinj.com\/blog\/wp-content\/uploads\/2017\/04\/Zjarr-n\u00eb-pyllin-e-bregdetit-t\u00eb-Ulqinit.jpg\"><img loading=\"lazy\" class=\"alignleft wp-image-104273\" src=\"http:\/\/www.visit-ulcinj.com\/blog\/wp-content\/uploads\/2017\/04\/Zjarr-n\u00eb-pyllin-e-bregdetit-t\u00eb-Ulqinit.jpg\" alt=\"Zjarr n\u00eb pyllin e bregdetit t\u00eb Ulqinit\" width=\"508\" height=\"243\" srcset=\"https:\/\/www.visit-ulcinj.com\/blog\/wp-content\/uploads\/2017\/04\/Zjarr-n\u00eb-pyllin-e-bregdetit-t\u00eb-Ulqinit.jpg 702w, https:\/\/www.visit-ulcinj.com\/blog\/wp-content\/uploads\/2017\/04\/Zjarr-n\u00eb-pyllin-e-bregdetit-t\u00eb-Ulqinit-300x144.jpg 300w\" sizes=\"(max-width: 508px) 100vw, 508px\" \/><\/a>Zjarr n\u00eb zon\u00ebn q\u00eb lidh Kepin e Gjeranave me Pyllin e pishave<\/strong><\/p>\n<p>Sot nj\u00eb zjarr masiv ka p\u00ebrfshir\u00eb pasditen e k\u00ebsaj dite t\u00eb shtune n\u00eb\u00a0 pyllin me pisha n\u00eb <strong>Kepin e Gjeranave <\/strong>. B\u00ebhet me dije se b\u00ebhet fjal\u00eb p\u00ebr pisha dhjet\u00ebra vje\u00e7are, nd\u00ebrsa shkaqet e zjarrit jan\u00eb ende t\u00eb paqarta.<\/p>\n<\/div>\n<div><\/div>\n<div>Drejt pyllit t\u00eb <strong>Kepin e Gjeranave\u00a0<\/strong> jan\u00eb nisur forcat zjarrfik\u00ebse p\u00ebr t\u00eb v\u00ebn\u00eb n\u00ebn kontroll zjarrin.<\/div>\n<div><a href=\"http:\/\/www.visit-ulcinj.com\/blog\/wp-content\/uploads\/2017\/04\/Zjarr-n\u00eb-pyllin-e-bregdetit-t\u00eb-Ulqinit-1.jpg\"><img loading=\"lazy\" class=\"alignleft wp-image-104274\" src=\"http:\/\/www.visit-ulcinj.com\/blog\/wp-content\/uploads\/2017\/04\/Zjarr-n\u00eb-pyllin-e-bregdetit-t\u00eb-Ulqinit-1.jpg\" alt=\"Zjarr n\u00eb pyllin e bregdetit t\u00eb Ulqinit-1\" width=\"508\" height=\"677\" srcset=\"https:\/\/www.visit-ulcinj.com\/blog\/wp-content\/uploads\/2017\/04\/Zjarr-n\u00eb-pyllin-e-bregdetit-t\u00eb-Ulqinit-1.jpg 360w, https:\/\/www.visit-ulcinj.com\/blog\/wp-content\/uploads\/2017\/04\/Zjarr-n\u00eb-pyllin-e-bregdetit-t\u00eb-Ulqinit-1-225x300.jpg 225w\" sizes=\"(max-width: 508px) 100vw, 508px\" \/><\/a><\/div>\n<div><\/div>\n<div>\n<p>Sipas TV Teut\u00ebs kjo ndodhi si shkak i pakujdesis\u00eb njerzore ,sot n\u00eb zon\u00ebn e cila lidh <strong>Kepin e Gjeranave<\/strong> me Pyllin e pishave ka shp\u00ebrthyer zjarr.N\u00eb vendngjarje menj\u00ebher\u00eb kan\u00eb shkuar edhe zjrr\u00ebfik\u00ebsit e Sh\u00ebrbimit t\u00eb mbrojtjes dhe shp\u00ebrtimit t\u00eb cilit p\u00ebt TV Teuta thon\u00eb se gjendja \u00ebsht\u00eb mjaft e r\u00ebnd\u00eb.<\/p>\n<!--YouTube Error: bad URL entered-->\n<\/div>\n","protected":false},"excerpt":{"rendered":"<p>Zjarr n\u00eb zon\u00ebn q\u00eb lidh Kepin e Gjeranave me Pyllin e pishave Sot nj\u00eb zjarr masiv ka p\u00ebrfshir\u00eb pasditen e k\u00ebsaj dite t\u00eb shtune n\u00eb\u00a0 pyllin me pisha n\u00eb Kepin e Gjeranave . B\u00ebhet me dije se b\u00ebhet fjal\u00eb p\u00ebr pisha dhjet\u00ebra vje\u00e7are, nd\u00ebrsa shkaqet e zjarrit jan\u00eb ende t\u00eb paqarta. Drejt pyllit t\u00eb Kepin [&hellip;]<\/p>\n","protected":false},"author":1,"featured_media":0,"comment_status":"closed","ping_status":"closed","sticky":false,"template":"","format":"standard","meta":{"spay_email":"","jetpack_publicize_message":"","jetpack_is_tweetstorm":false,"jetpack_publicize_feature_enabled":true},"categories":[1,6950],"tags":[],"jetpack_publicize_connections":[],"yoast_head":"<!-- This site is optimized with the Yoast SEO plugin v19.1 - https:\/\/yoast.com\/wordpress\/plugins\/seo\/ -->\n<title>Zjarr n\u00eb pyllin e bregdetit t\u00eb Ulqinit, zjarrfik\u00ebsit n\u00eb vendngjarje - Video - Lajme nga Ulqini<\/title>\n<meta name=\"description\" content=\"Zjarr n\u00eb zon\u00ebn q\u00eb lidh Kepin e Gjeranave me Pyllin e pishave Sot nj\u00eb zjarr masiv ka p\u00ebrfshir\u00eb pasditen e k\u00ebsaj dite t\u00eb shtune n\u00eb\u00a0 pyllin me pisha n\u00eb Kepin\" \/>\n<meta name=\"robots\" content=\"index, follow, max-snippet:-1, max-image-preview:large, max-video-preview:-1\" \/>\n<link rel=\"canonical\" href=\"https:\/\/www.visit-ulcinj.com\/blog\/2017\/04\/08\/zjarr-ne-pyllin-e-bregdetit-te-ulqinit-zjarrfikesit-ne-vendngjarje-video\/\" \/>\n<meta property=\"og:locale\" content=\"en_US\" \/>\n<meta property=\"og:type\" content=\"article\" \/>\n<meta property=\"og:title\" content=\"Zjarr n\u00eb pyllin e bregdetit t\u00eb Ulqinit, zjarrfik\u00ebsit n\u00eb vendngjarje - Video - Lajme nga Ulqini\" \/>\n<meta property=\"og:description\" content=\"Zjarr n\u00eb zon\u00ebn q\u00eb lidh Kepin e Gjeranave me Pyllin e pishave Sot nj\u00eb zjarr masiv ka p\u00ebrfshir\u00eb pasditen e k\u00ebsaj dite t\u00eb shtune n\u00eb\u00a0 pyllin me pisha n\u00eb Kepin\" \/>\n<meta property=\"og:url\" content=\"https:\/\/www.visit-ulcinj.com\/blog\/2017\/04\/08\/zjarr-ne-pyllin-e-bregdetit-te-ulqinit-zjarrfikesit-ne-vendngjarje-video\/\" \/>\n<meta property=\"og:site_name\" content=\"Lajme nga Ulqini\" \/>\n<meta property=\"article:published_time\" content=\"2017-04-08T16:39:53+00:00\" \/>\n<meta property=\"article:modified_time\" content=\"2017-04-10T21:07:58+00:00\" \/>\n<meta name=\"twitter:label1\" content=\"Written by\" \/>\n\t<meta name=\"twitter:data1\" content=\"ulqini\" \/>\n\t<meta name=\"twitter:label2\" content=\"Est. reading time\" \/>\n\t<meta name=\"twitter:data2\" content=\"1 minute\" \/>\n<script type=\"application\/ld+json\" class=\"yoast-schema-graph\">{\"@context\":\"https:\/\/schema.org\",\"@graph\":[{\"@type\":\"WebSite\",\"@id\":\"https:\/\/www.visit-ulcinj.com\/blog\/#website\",\"url\":\"https:\/\/www.visit-ulcinj.com\/blog\/\",\"name\":\"Lajme nga Ulqini\",\"description\":\"Lajme,Vijesti,Ulqini,Ulqin,Crna Gora,Mali i Zi\",\"potentialAction\":[{\"@type\":\"SearchAction\",\"target\":{\"@type\":\"EntryPoint\",\"urlTemplate\":\"https:\/\/www.visit-ulcinj.com\/blog\/?s={search_term_string}\"},\"query-input\":\"required name=search_term_string\"}],\"inLanguage\":\"en-US\"},{\"@type\":\"WebPage\",\"@id\":\"https:\/\/www.visit-ulcinj.com\/blog\/2017\/04\/08\/zjarr-ne-pyllin-e-bregdetit-te-ulqinit-zjarrfikesit-ne-vendngjarje-video\/#webpage\",\"url\":\"https:\/\/www.visit-ulcinj.com\/blog\/2017\/04\/08\/zjarr-ne-pyllin-e-bregdetit-te-ulqinit-zjarrfikesit-ne-vendngjarje-video\/\",\"name\":\"Zjarr n\u00eb pyllin e bregdetit t\u00eb Ulqinit, zjarrfik\u00ebsit n\u00eb vendngjarje - Video - Lajme nga Ulqini\",\"isPartOf\":{\"@id\":\"https:\/\/www.visit-ulcinj.com\/blog\/#website\"},\"datePublished\":\"2017-04-08T16:39:53+00:00\",\"dateModified\":\"2017-04-10T21:07:58+00:00\",\"author\":{\"@id\":\"https:\/\/www.visit-ulcinj.com\/blog\/#\/schema\/person\/dcab619c614d3038751c63bc2aadc06d\"},\"description\":\"Zjarr n\u00eb zon\u00ebn q\u00eb lidh Kepin e Gjeranave me Pyllin e pishave Sot nj\u00eb zjarr masiv ka p\u00ebrfshir\u00eb pasditen e k\u00ebsaj dite t\u00eb shtune n\u00eb\u00a0 pyllin me pisha n\u00eb Kepin\",\"breadcrumb\":{\"@id\":\"https:\/\/www.visit-ulcinj.com\/blog\/2017\/04\/08\/zjarr-ne-pyllin-e-bregdetit-te-ulqinit-zjarrfikesit-ne-vendngjarje-video\/#breadcrumb\"},\"inLanguage\":\"en-US\",\"potentialAction\":[{\"@type\":\"ReadAction\",\"target\":[\"https:\/\/www.visit-ulcinj.com\/blog\/2017\/04\/08\/zjarr-ne-pyllin-e-bregdetit-te-ulqinit-zjarrfikesit-ne-vendngjarje-video\/\"]}]},{\"@type\":\"BreadcrumbList\",\"@id\":\"https:\/\/www.visit-ulcinj.com\/blog\/2017\/04\/08\/zjarr-ne-pyllin-e-bregdetit-te-ulqinit-zjarrfikesit-ne-vendngjarje-video\/#breadcrumb\",\"itemListElement\":[{\"@type\":\"ListItem\",\"position\":1,\"name\":\"Zjarr n\u00eb pyllin e bregdetit t\u00eb Ulqinit, zjarrfik\u00ebsit n\u00eb vendngjarje &#8211; Video\"}]},{\"@type\":\"Person\",\"@id\":\"https:\/\/www.visit-ulcinj.com\/blog\/#\/schema\/person\/dcab619c614d3038751c63bc2aadc06d\",\"name\":\"ulqini\",\"sameAs\":[\"http:\/\/www.visit-ulcinj.com\"],\"url\":\"https:\/\/www.visit-ulcinj.com\/blog\/author\/admin\/\"}]}<\/script>\n<!-- \/ Yoast SEO plugin. -->","yoast_head_json":{"title":"Zjarr n\u00eb pyllin e bregdetit t\u00eb Ulqinit, zjarrfik\u00ebsit n\u00eb vendngjarje - Video - Lajme nga Ulqini","description":"Zjarr n\u00eb zon\u00ebn q\u00eb lidh Kepin e Gjeranave me Pyllin e pishave Sot nj\u00eb zjarr masiv ka p\u00ebrfshir\u00eb pasditen e k\u00ebsaj dite t\u00eb shtune n\u00eb\u00a0 pyllin me pisha n\u00eb Kepin","robots":{"index":"index","follow":"follow","max-snippet":"max-snippet:-1","max-image-preview":"max-image-preview:large","max-video-preview":"max-video-preview:-1"},"canonical":"https:\/\/www.visit-ulcinj.com\/blog\/2017\/04\/08\/zjarr-ne-pyllin-e-bregdetit-te-ulqinit-zjarrfikesit-ne-vendngjarje-video\/","og_locale":"en_US","og_type":"article","og_title":"Zjarr n\u00eb pyllin e bregdetit t\u00eb Ulqinit, zjarrfik\u00ebsit n\u00eb vendngjarje - Video - Lajme nga Ulqini","og_description":"Zjarr n\u00eb zon\u00ebn q\u00eb lidh Kepin e Gjeranave me Pyllin e pishave Sot nj\u00eb zjarr masiv ka p\u00ebrfshir\u00eb pasditen e k\u00ebsaj dite t\u00eb shtune n\u00eb\u00a0 pyllin me pisha n\u00eb Kepin","og_url":"https:\/\/www.visit-ulcinj.com\/blog\/2017\/04\/08\/zjarr-ne-pyllin-e-bregdetit-te-ulqinit-zjarrfikesit-ne-vendngjarje-video\/","og_site_name":"Lajme nga Ulqini","article_published_time":"2017-04-08T16:39:53+00:00","article_modified_time":"2017-04-10T21:07:58+00:00","twitter_misc":{"Written by":"ulqini","Est. reading time":"1 minute"},"schema":{"@context":"https:\/\/schema.org","@graph":[{"@type":"WebSite","@id":"https:\/\/www.visit-ulcinj.com\/blog\/#website","url":"https:\/\/www.visit-ulcinj.com\/blog\/","name":"Lajme nga Ulqini","description":"Lajme,Vijesti,Ulqini,Ulqin,Crna Gora,Mali i Zi","potentialAction":[{"@type":"SearchAction","target":{"@type":"EntryPoint","urlTemplate":"https:\/\/www.visit-ulcinj.com\/blog\/?s={search_term_string}"},"query-input":"required name=search_term_string"}],"inLanguage":"en-US"},{"@type":"WebPage","@id":"https:\/\/www.visit-ulcinj.com\/blog\/2017\/04\/08\/zjarr-ne-pyllin-e-bregdetit-te-ulqinit-zjarrfikesit-ne-vendngjarje-video\/#webpage","url":"https:\/\/www.visit-ulcinj.com\/blog\/2017\/04\/08\/zjarr-ne-pyllin-e-bregdetit-te-ulqinit-zjarrfikesit-ne-vendngjarje-video\/","name":"Zjarr n\u00eb pyllin e bregdetit t\u00eb Ulqinit, zjarrfik\u00ebsit n\u00eb vendngjarje - Video - Lajme nga Ulqini","isPartOf":{"@id":"https:\/\/www.visit-ulcinj.com\/blog\/#website"},"datePublished":"2017-04-08T16:39:53+00:00","dateModified":"2017-04-10T21:07:58+00:00","author":{"@id":"https:\/\/www.visit-ulcinj.com\/blog\/#\/schema\/person\/dcab619c614d3038751c63bc2aadc06d"},"description":"Zjarr n\u00eb zon\u00ebn q\u00eb lidh Kepin e Gjeranave me Pyllin e pishave Sot nj\u00eb zjarr masiv ka p\u00ebrfshir\u00eb pasditen e k\u00ebsaj dite t\u00eb shtune n\u00eb\u00a0 pyllin me pisha n\u00eb Kepin","breadcrumb":{"@id":"https:\/\/www.visit-ulcinj.com\/blog\/2017\/04\/08\/zjarr-ne-pyllin-e-bregdetit-te-ulqinit-zjarrfikesit-ne-vendngjarje-video\/#breadcrumb"},"inLanguage":"en-US","potentialAction":[{"@type":"ReadAction","target":["https:\/\/www.visit-ulcinj.com\/blog\/2017\/04\/08\/zjarr-ne-pyllin-e-bregdetit-te-ulqinit-zjarrfikesit-ne-vendngjarje-video\/"]}]},{"@type":"BreadcrumbList","@id":"https:\/\/www.visit-ulcinj.com\/blog\/2017\/04\/08\/zjarr-ne-pyllin-e-bregdetit-te-ulqinit-zjarrfikesit-ne-vendngjarje-video\/#breadcrumb","itemListElement":[{"@type":"ListItem","position":1,"name":"Zjarr n\u00eb pyllin e bregdetit t\u00eb Ulqinit, zjarrfik\u00ebsit n\u00eb vendngjarje &#8211; Video"}]},{"@type":"Person","@id":"https:\/\/www.visit-ulcinj.com\/blog\/#\/schema\/person\/dcab619c614d3038751c63bc2aadc06d","name":"ulqini","sameAs":["http:\/\/www.visit-ulcinj.com"],"url":"https:\/\/www.visit-ulcinj.com\/blog\/author\/admin\/"}]}},"jetpack_featured_media_url":"","jetpack_sharing_enabled":true,"jetpack_shortlink":"https:\/\/wp.me\/pe6lTn-r7O","_links":{"self":[{"href":"https:\/\/www.visit-ulcinj.com\/blog\/wp-json\/wp\/v2\/posts\/104272"}],"collection":[{"href":"https:\/\/www.visit-ulcinj.com\/blog\/wp-json\/wp\/v2\/posts"}],"about":[{"href":"https:\/\/www.visit-ulcinj.com\/blog\/wp-json\/wp\/v2\/types\/post"}],"author":[{"embeddable":true,"href":"https:\/\/www.visit-ulcinj.com\/blog\/wp-json\/wp\/v2\/users\/1"}],"replies":[{"embeddable":true,"href":"https:\/\/www.visit-ulcinj.com\/blog\/wp-json\/wp\/v2\/comments?post=104272"}],"version-history":[{"count":2,"href":"https:\/\/www.visit-ulcinj.com\/blog\/wp-json\/wp\/v2\/posts\/104272\/revisions"}],"predecessor-version":[{"id":104295,"href":"https:\/\/www.visit-ulcinj.com\/blog\/wp-json\/wp\/v2\/posts\/104272\/revisions\/104295"}],"wp:attachment":[{"href":"https:\/\/www.visit-ulcinj.com\/blog\/wp-json\/wp\/v2\/media?parent=104272"}],"wp:term":[{"taxonomy":"category","embeddable":true,"href":"https:\/\/www.visit-ulcinj.com\/blog\/wp-json\/wp\/v2\/categories?post=104272"},{"taxonomy":"post_tag","embeddable":true,"href":"https:\/\/www.visit-ulcinj.com\/blog\/wp-json\/wp\/v2\/tags?post=104272"}],"curies":[{"name":"wp","href":"https:\/\/api.w.org\/{rel}","templated":true}]}}