{"id":104276,"date":"2017-04-08T18:21:20","date_gmt":"2017-04-08T17:21:20","guid":{"rendered":"http:\/\/www.visit-ulcinj.com\/blog\/?p=104276"},"modified":"2017-04-08T18:21:20","modified_gmt":"2017-04-08T17:21:20","slug":"mbahet-kongresi-dyte-zgjedhor-partise-demokratike-gjeka-kryetar","status":"publish","type":"post","link":"https:\/\/www.visit-ulcinj.com\/blog\/2017\/04\/08\/mbahet-kongresi-dyte-zgjedhor-partise-demokratike-gjeka-kryetar\/","title":{"rendered":"Mbahet Kongresi i dyt\u00eb zgjedhor i Partis\u00eb demokratike, Gjeka kryetar"},"content":{"rendered":"<p><strong><a href=\"http:\/\/www.visit-ulcinj.com\/blog\/wp-content\/uploads\/2017\/04\/Mbahet-Kongresi-i-dyt\u00eb-zgjedhor-i-Partis\u00eb-demokratike-Ulqin.jpg\"><img loading=\"lazy\" class=\"alignleft wp-image-104277\" src=\"http:\/\/www.visit-ulcinj.com\/blog\/wp-content\/uploads\/2017\/04\/Mbahet-Kongresi-i-dyt\u00eb-zgjedhor-i-Partis\u00eb-demokratike-Ulqin.jpg\" alt=\"Mbahet Kongresi i dyt\u00eb zgjedhor i Partis\u00eb demokratike Ulqin\" width=\"508\" height=\"349\" srcset=\"https:\/\/www.visit-ulcinj.com\/blog\/wp-content\/uploads\/2017\/04\/Mbahet-Kongresi-i-dyt\u00eb-zgjedhor-i-Partis\u00eb-demokratike-Ulqin.jpg 960w, https:\/\/www.visit-ulcinj.com\/blog\/wp-content\/uploads\/2017\/04\/Mbahet-Kongresi-i-dyt\u00eb-zgjedhor-i-Partis\u00eb-demokratike-Ulqin-300x206.jpg 300w, https:\/\/www.visit-ulcinj.com\/blog\/wp-content\/uploads\/2017\/04\/Mbahet-Kongresi-i-dyt\u00eb-zgjedhor-i-Partis\u00eb-demokratike-Ulqin-768x528.jpg 768w\" sizes=\"(max-width: 508px) 100vw, 508px\" \/><\/a>Rreth 150 delegat\u00eb n\u00eb Kongresin e dyt\u00eb t\u00eb Partis\u00eb demokratike kan\u00eb zgjedhur t\u00eb shtun\u00ebn n\u00eb Ulqin Fatmir Gjek\u00ebn p\u00ebr lider t\u00eb partis\u00eb, nd\u00ebrsa z\u00ebvend\u00ebs i tij do t\u00eb jet\u00eb G\u00ebzim Hajdinaga, raporton portali Ul.info.<\/strong><\/p>\n<p>Delegat\u00ebt zgjodh\u00ebn edhe K\u00ebshillin e ri qendror t\u00eb k\u00ebsaj partie nacionale shqiptare i cili do t\u00eb num\u00ebroj\u00eb 57 an\u00ebtar\u00eb.<\/p>\n<p>\u201cPartia demokratike p\u00ebr pes\u00eb vite t\u00eb veprimtaris\u00eb ka nd\u00ebrtuar imazhin dhe profilin e vet t\u00eb njohur. Tani \u00ebsht\u00eb koha t\u00eb hyjm\u00eb n\u00eb faz\u00ebn e re t\u00eb zhvillimit dhe ti p\u00ebrgjigjemi sfidave t\u00eb reja t\u00eb cilat jan\u00eb para nesh\u201d, tha Gjeka duke iu drejtuar delegat\u00ebve dhe mysafir\u00ebve me mesazhin se Partia demokratike do t\u00eb mbetet partner i besuesh\u00ebm n\u00eb betej\u00ebn p\u00ebr q\u00ebllimet programore dhe shoq\u00ebrin\u00eb demokratike.<\/p>\n<p>Pun\u00ebn e Kongresit e p\u00ebrsh\u00ebndet\u00ebn lider\u00ebt dhe funksionar\u00ebt e lart\u00eb nga rreth nj\u00ebzet parti nga Shqip\u00ebria, Kosova dhe Mali i Zi.<\/p>\n","protected":false},"excerpt":{"rendered":"<p>Rreth 150 delegat\u00eb n\u00eb Kongresin e dyt\u00eb t\u00eb Partis\u00eb demokratike kan\u00eb zgjedhur t\u00eb shtun\u00ebn n\u00eb Ulqin Fatmir Gjek\u00ebn p\u00ebr lider t\u00eb partis\u00eb, nd\u00ebrsa z\u00ebvend\u00ebs i tij do t\u00eb jet\u00eb G\u00ebzim Hajdinaga, raporton portali Ul.info. Delegat\u00ebt zgjodh\u00ebn edhe K\u00ebshillin e ri qendror t\u00eb k\u00ebsaj partie nacionale shqiptare i cili do t\u00eb num\u00ebroj\u00eb 57 an\u00ebtar\u00eb. \u201cPartia demokratike [&hellip;]<\/p>\n","protected":false},"author":1,"featured_media":0,"comment_status":"closed","ping_status":"closed","sticky":false,"template":"","format":"standard","meta":{"spay_email":"","jetpack_publicize_message":"","jetpack_is_tweetstorm":false,"jetpack_publicize_feature_enabled":true},"categories":[6],"tags":[],"jetpack_publicize_connections":[],"yoast_head":"<!-- This site is optimized with the Yoast SEO plugin v19.1 - https:\/\/yoast.com\/wordpress\/plugins\/seo\/ -->\n<title>Mbahet Kongresi i dyt\u00eb zgjedhor i Partis\u00eb demokratike, Gjeka kryetar - Lajme nga Ulqini<\/title>\n<meta name=\"description\" content=\"Rreth 150 delegat\u00eb n\u00eb Kongresin e dyt\u00eb t\u00eb Partis\u00eb demokratike kan\u00eb zgjedhur t\u00eb shtun\u00ebn n\u00eb Ulqin Fatmir Gjek\u00ebn p\u00ebr lider t\u00eb partis\u00eb, nd\u00ebrsa z\u00ebvend\u00ebs i tij\" \/>\n<meta name=\"robots\" content=\"index, follow, max-snippet:-1, max-image-preview:large, max-video-preview:-1\" \/>\n<link rel=\"canonical\" href=\"https:\/\/www.visit-ulcinj.com\/blog\/2017\/04\/08\/mbahet-kongresi-dyte-zgjedhor-partise-demokratike-gjeka-kryetar\/\" \/>\n<meta property=\"og:locale\" content=\"en_US\" \/>\n<meta property=\"og:type\" content=\"article\" \/>\n<meta property=\"og:title\" content=\"Mbahet Kongresi i dyt\u00eb zgjedhor i Partis\u00eb demokratike, Gjeka kryetar - Lajme nga Ulqini\" \/>\n<meta property=\"og:description\" content=\"Rreth 150 delegat\u00eb n\u00eb Kongresin e dyt\u00eb t\u00eb Partis\u00eb demokratike kan\u00eb zgjedhur t\u00eb shtun\u00ebn n\u00eb Ulqin Fatmir Gjek\u00ebn p\u00ebr lider t\u00eb partis\u00eb, nd\u00ebrsa z\u00ebvend\u00ebs i tij\" \/>\n<meta property=\"og:url\" content=\"https:\/\/www.visit-ulcinj.com\/blog\/2017\/04\/08\/mbahet-kongresi-dyte-zgjedhor-partise-demokratike-gjeka-kryetar\/\" \/>\n<meta property=\"og:site_name\" content=\"Lajme nga Ulqini\" \/>\n<meta property=\"article:published_time\" content=\"2017-04-08T17:21:20+00:00\" \/>\n<meta name=\"twitter:label1\" content=\"Written by\" \/>\n\t<meta name=\"twitter:data1\" content=\"ulqini\" \/>\n\t<meta name=\"twitter:label2\" content=\"Est. reading time\" \/>\n\t<meta name=\"twitter:data2\" content=\"1 minute\" \/>\n<script type=\"application\/ld+json\" class=\"yoast-schema-graph\">{\"@context\":\"https:\/\/schema.org\",\"@graph\":[{\"@type\":\"WebSite\",\"@id\":\"https:\/\/www.visit-ulcinj.com\/blog\/#website\",\"url\":\"https:\/\/www.visit-ulcinj.com\/blog\/\",\"name\":\"Lajme nga Ulqini\",\"description\":\"Lajme,Vijesti,Ulqini,Ulqin,Crna Gora,Mali i Zi\",\"potentialAction\":[{\"@type\":\"SearchAction\",\"target\":{\"@type\":\"EntryPoint\",\"urlTemplate\":\"https:\/\/www.visit-ulcinj.com\/blog\/?s={search_term_string}\"},\"query-input\":\"required name=search_term_string\"}],\"inLanguage\":\"en-US\"},{\"@type\":\"WebPage\",\"@id\":\"https:\/\/www.visit-ulcinj.com\/blog\/2017\/04\/08\/mbahet-kongresi-dyte-zgjedhor-partise-demokratike-gjeka-kryetar\/#webpage\",\"url\":\"https:\/\/www.visit-ulcinj.com\/blog\/2017\/04\/08\/mbahet-kongresi-dyte-zgjedhor-partise-demokratike-gjeka-kryetar\/\",\"name\":\"Mbahet Kongresi i dyt\u00eb zgjedhor i Partis\u00eb demokratike, Gjeka kryetar - Lajme nga Ulqini\",\"isPartOf\":{\"@id\":\"https:\/\/www.visit-ulcinj.com\/blog\/#website\"},\"datePublished\":\"2017-04-08T17:21:20+00:00\",\"dateModified\":\"2017-04-08T17:21:20+00:00\",\"author\":{\"@id\":\"https:\/\/www.visit-ulcinj.com\/blog\/#\/schema\/person\/dcab619c614d3038751c63bc2aadc06d\"},\"description\":\"Rreth 150 delegat\u00eb n\u00eb Kongresin e dyt\u00eb t\u00eb Partis\u00eb demokratike kan\u00eb zgjedhur t\u00eb shtun\u00ebn n\u00eb Ulqin Fatmir Gjek\u00ebn p\u00ebr lider t\u00eb partis\u00eb, nd\u00ebrsa z\u00ebvend\u00ebs i tij\",\"breadcrumb\":{\"@id\":\"https:\/\/www.visit-ulcinj.com\/blog\/2017\/04\/08\/mbahet-kongresi-dyte-zgjedhor-partise-demokratike-gjeka-kryetar\/#breadcrumb\"},\"inLanguage\":\"en-US\",\"potentialAction\":[{\"@type\":\"ReadAction\",\"target\":[\"https:\/\/www.visit-ulcinj.com\/blog\/2017\/04\/08\/mbahet-kongresi-dyte-zgjedhor-partise-demokratike-gjeka-kryetar\/\"]}]},{\"@type\":\"BreadcrumbList\",\"@id\":\"https:\/\/www.visit-ulcinj.com\/blog\/2017\/04\/08\/mbahet-kongresi-dyte-zgjedhor-partise-demokratike-gjeka-kryetar\/#breadcrumb\",\"itemListElement\":[{\"@type\":\"ListItem\",\"position\":1,\"name\":\"Mbahet Kongresi i dyt\u00eb zgjedhor i Partis\u00eb demokratike, Gjeka kryetar\"}]},{\"@type\":\"Person\",\"@id\":\"https:\/\/www.visit-ulcinj.com\/blog\/#\/schema\/person\/dcab619c614d3038751c63bc2aadc06d\",\"name\":\"ulqini\",\"sameAs\":[\"http:\/\/www.visit-ulcinj.com\"],\"url\":\"https:\/\/www.visit-ulcinj.com\/blog\/author\/admin\/\"}]}<\/script>\n<!-- \/ Yoast SEO plugin. -->","yoast_head_json":{"title":"Mbahet Kongresi i dyt\u00eb zgjedhor i Partis\u00eb demokratike, Gjeka kryetar - Lajme nga Ulqini","description":"Rreth 150 delegat\u00eb n\u00eb Kongresin e dyt\u00eb t\u00eb Partis\u00eb demokratike kan\u00eb zgjedhur t\u00eb shtun\u00ebn n\u00eb Ulqin Fatmir Gjek\u00ebn p\u00ebr lider t\u00eb partis\u00eb, nd\u00ebrsa z\u00ebvend\u00ebs i tij","robots":{"index":"index","follow":"follow","max-snippet":"max-snippet:-1","max-image-preview":"max-image-preview:large","max-video-preview":"max-video-preview:-1"},"canonical":"https:\/\/www.visit-ulcinj.com\/blog\/2017\/04\/08\/mbahet-kongresi-dyte-zgjedhor-partise-demokratike-gjeka-kryetar\/","og_locale":"en_US","og_type":"article","og_title":"Mbahet Kongresi i dyt\u00eb zgjedhor i Partis\u00eb demokratike, Gjeka kryetar - Lajme nga Ulqini","og_description":"Rreth 150 delegat\u00eb n\u00eb Kongresin e dyt\u00eb t\u00eb Partis\u00eb demokratike kan\u00eb zgjedhur t\u00eb shtun\u00ebn n\u00eb Ulqin Fatmir Gjek\u00ebn p\u00ebr lider t\u00eb partis\u00eb, nd\u00ebrsa z\u00ebvend\u00ebs i tij","og_url":"https:\/\/www.visit-ulcinj.com\/blog\/2017\/04\/08\/mbahet-kongresi-dyte-zgjedhor-partise-demokratike-gjeka-kryetar\/","og_site_name":"Lajme nga Ulqini","article_published_time":"2017-04-08T17:21:20+00:00","twitter_misc":{"Written by":"ulqini","Est. reading time":"1 minute"},"schema":{"@context":"https:\/\/schema.org","@graph":[{"@type":"WebSite","@id":"https:\/\/www.visit-ulcinj.com\/blog\/#website","url":"https:\/\/www.visit-ulcinj.com\/blog\/","name":"Lajme nga Ulqini","description":"Lajme,Vijesti,Ulqini,Ulqin,Crna Gora,Mali i Zi","potentialAction":[{"@type":"SearchAction","target":{"@type":"EntryPoint","urlTemplate":"https:\/\/www.visit-ulcinj.com\/blog\/?s={search_term_string}"},"query-input":"required name=search_term_string"}],"inLanguage":"en-US"},{"@type":"WebPage","@id":"https:\/\/www.visit-ulcinj.com\/blog\/2017\/04\/08\/mbahet-kongresi-dyte-zgjedhor-partise-demokratike-gjeka-kryetar\/#webpage","url":"https:\/\/www.visit-ulcinj.com\/blog\/2017\/04\/08\/mbahet-kongresi-dyte-zgjedhor-partise-demokratike-gjeka-kryetar\/","name":"Mbahet Kongresi i dyt\u00eb zgjedhor i Partis\u00eb demokratike, Gjeka kryetar - Lajme nga Ulqini","isPartOf":{"@id":"https:\/\/www.visit-ulcinj.com\/blog\/#website"},"datePublished":"2017-04-08T17:21:20+00:00","dateModified":"2017-04-08T17:21:20+00:00","author":{"@id":"https:\/\/www.visit-ulcinj.com\/blog\/#\/schema\/person\/dcab619c614d3038751c63bc2aadc06d"},"description":"Rreth 150 delegat\u00eb n\u00eb Kongresin e dyt\u00eb t\u00eb Partis\u00eb demokratike kan\u00eb zgjedhur t\u00eb shtun\u00ebn n\u00eb Ulqin Fatmir Gjek\u00ebn p\u00ebr lider t\u00eb partis\u00eb, nd\u00ebrsa z\u00ebvend\u00ebs i tij","breadcrumb":{"@id":"https:\/\/www.visit-ulcinj.com\/blog\/2017\/04\/08\/mbahet-kongresi-dyte-zgjedhor-partise-demokratike-gjeka-kryetar\/#breadcrumb"},"inLanguage":"en-US","potentialAction":[{"@type":"ReadAction","target":["https:\/\/www.visit-ulcinj.com\/blog\/2017\/04\/08\/mbahet-kongresi-dyte-zgjedhor-partise-demokratike-gjeka-kryetar\/"]}]},{"@type":"BreadcrumbList","@id":"https:\/\/www.visit-ulcinj.com\/blog\/2017\/04\/08\/mbahet-kongresi-dyte-zgjedhor-partise-demokratike-gjeka-kryetar\/#breadcrumb","itemListElement":[{"@type":"ListItem","position":1,"name":"Mbahet Kongresi i dyt\u00eb zgjedhor i Partis\u00eb demokratike, Gjeka kryetar"}]},{"@type":"Person","@id":"https:\/\/www.visit-ulcinj.com\/blog\/#\/schema\/person\/dcab619c614d3038751c63bc2aadc06d","name":"ulqini","sameAs":["http:\/\/www.visit-ulcinj.com"],"url":"https:\/\/www.visit-ulcinj.com\/blog\/author\/admin\/"}]}},"jetpack_featured_media_url":"","jetpack_sharing_enabled":true,"jetpack_shortlink":"https:\/\/wp.me\/pe6lTn-r7S","_links":{"self":[{"href":"https:\/\/www.visit-ulcinj.com\/blog\/wp-json\/wp\/v2\/posts\/104276"}],"collection":[{"href":"https:\/\/www.visit-ulcinj.com\/blog\/wp-json\/wp\/v2\/posts"}],"about":[{"href":"https:\/\/www.visit-ulcinj.com\/blog\/wp-json\/wp\/v2\/types\/post"}],"author":[{"embeddable":true,"href":"https:\/\/www.visit-ulcinj.com\/blog\/wp-json\/wp\/v2\/users\/1"}],"replies":[{"embeddable":true,"href":"https:\/\/www.visit-ulcinj.com\/blog\/wp-json\/wp\/v2\/comments?post=104276"}],"version-history":[{"count":1,"href":"https:\/\/www.visit-ulcinj.com\/blog\/wp-json\/wp\/v2\/posts\/104276\/revisions"}],"predecessor-version":[{"id":104278,"href":"https:\/\/www.visit-ulcinj.com\/blog\/wp-json\/wp\/v2\/posts\/104276\/revisions\/104278"}],"wp:attachment":[{"href":"https:\/\/www.visit-ulcinj.com\/blog\/wp-json\/wp\/v2\/media?parent=104276"}],"wp:term":[{"taxonomy":"category","embeddable":true,"href":"https:\/\/www.visit-ulcinj.com\/blog\/wp-json\/wp\/v2\/categories?post=104276"},{"taxonomy":"post_tag","embeddable":true,"href":"https:\/\/www.visit-ulcinj.com\/blog\/wp-json\/wp\/v2\/tags?post=104276"}],"curies":[{"name":"wp","href":"https:\/\/api.w.org\/{rel}","templated":true}]}}