{"id":104279,"date":"2017-04-08T18:31:45","date_gmt":"2017-04-08T17:31:45","guid":{"rendered":"http:\/\/www.visit-ulcinj.com\/blog\/?p=104279"},"modified":"2017-04-08T18:31:45","modified_gmt":"2017-04-08T17:31:45","slug":"termeti-fuqishem-shkund-ulqinin-dhe-krejt-shqiperine","status":"publish","type":"post","link":"https:\/\/www.visit-ulcinj.com\/blog\/2017\/04\/08\/termeti-fuqishem-shkund-ulqinin-dhe-krejt-shqiperine\/","title":{"rendered":"T\u00ebrmeti i fuqish\u00ebm shkund Ulqinin dhe krejt Shqip\u00ebrin\u00eb"},"content":{"rendered":"<p><span class=\"arial14 \"><strong><a href=\"http:\/\/www.visit-ulcinj.com\/blog\/wp-content\/uploads\/2017\/04\/T\u00ebrmeti-i-fuqish\u00ebm-shkund-Ulqinin-dhe-krejt-Shqip\u00ebrin\u00eb.jpg\"><img loading=\"lazy\" class=\"alignleft wp-image-104280\" src=\"http:\/\/www.visit-ulcinj.com\/blog\/wp-content\/uploads\/2017\/04\/T\u00ebrmeti-i-fuqish\u00ebm-shkund-Ulqinin-dhe-krejt-Shqip\u00ebrin\u00eb.jpg\" alt=\"T\u00ebrmeti i fuqish\u00ebm shkund Ulqinin dhe krejt Shqip\u00ebrin\u00eb\" width=\"508\" height=\"497\" srcset=\"https:\/\/www.visit-ulcinj.com\/blog\/wp-content\/uploads\/2017\/04\/T\u00ebrmeti-i-fuqish\u00ebm-shkund-Ulqinin-dhe-krejt-Shqip\u00ebrin\u00eb.jpg 750w, https:\/\/www.visit-ulcinj.com\/blog\/wp-content\/uploads\/2017\/04\/T\u00ebrmeti-i-fuqish\u00ebm-shkund-Ulqinin-dhe-krejt-Shqip\u00ebrin\u00eb-300x294.jpg 300w\" sizes=\"(max-width: 508px) 100vw, 508px\" \/><\/a>Nj\u00eb t\u00ebrmet i fuqish\u00ebm ka l\u00ebkundur Shqip\u00ebrin\u00eb rreth or\u00ebs 16:00 t\u00eb k\u00ebsaj t\u00eb shtune, duke u ndjer\u00eb kryesisht n\u00eb Tiran\u00eb.<\/strong><\/span><\/p>\n<p><span class=\"arial14 linkszi \">L\u00ebkundja ka patur nj\u00eb magnitud\u00eb 5.2 ball\u00eb dhe epiqendra e saj \u00ebsht\u00eb lokalizuar 2 kilometra pran\u00eb Kurbneshit, n\u00eb Lezh\u00eb.<\/p>\n<p>T\u00ebrmeti \u00ebsht\u00eb ndjer\u00eb edhe n\u00eb qytete t\u00eb tjera. Qendra Europiane Sizmologjike raporton se l\u00ebkundjet jan\u00eb verifikuar n\u00eb or\u00ebn 15:53, 55 km n\u00eb veri t\u00eb Tiran\u00ebs, 32 km n\u00eb lindje t\u00eb Lezh\u00ebs dhe 5 km n\u00eb veri-per\u00ebndim t\u00eb Kurbneshit.<\/p>\n<p>Gjithashtu, sipas t\u00eb nj\u00ebjtit burim, t\u00ebrmeti i fort\u00eb \u00ebsht\u00eb ndjer\u00eb edhe n\u00eb Maqedoni dhe Malin e Zi.<\/p>\n<p>\/ Top Channel<br \/>\n<\/span><\/p>\n","protected":false},"excerpt":{"rendered":"<p>Nj\u00eb t\u00ebrmet i fuqish\u00ebm ka l\u00ebkundur Shqip\u00ebrin\u00eb rreth or\u00ebs 16:00 t\u00eb k\u00ebsaj t\u00eb shtune, duke u ndjer\u00eb kryesisht n\u00eb Tiran\u00eb. L\u00ebkundja ka patur nj\u00eb magnitud\u00eb 5.2 ball\u00eb dhe epiqendra e saj \u00ebsht\u00eb lokalizuar 2 kilometra pran\u00eb Kurbneshit, n\u00eb Lezh\u00eb. T\u00ebrmeti \u00ebsht\u00eb ndjer\u00eb edhe n\u00eb qytete t\u00eb tjera. Qendra Europiane Sizmologjike raporton se l\u00ebkundjet jan\u00eb verifikuar [&hellip;]<\/p>\n","protected":false},"author":1,"featured_media":0,"comment_status":"closed","ping_status":"closed","sticky":false,"template":"","format":"standard","meta":{"spay_email":"","jetpack_publicize_message":"","jetpack_is_tweetstorm":false,"jetpack_publicize_feature_enabled":true},"categories":[6950],"tags":[],"jetpack_publicize_connections":[],"yoast_head":"<!-- This site is optimized with the Yoast SEO plugin v19.1 - https:\/\/yoast.com\/wordpress\/plugins\/seo\/ -->\n<title>T\u00ebrmeti i fuqish\u00ebm shkund Ulqinin dhe krejt Shqip\u00ebrin\u00eb - Lajme nga Ulqini<\/title>\n<meta name=\"description\" content=\"Nj\u00eb t\u00ebrmet i fuqish\u00ebm ka l\u00ebkundur Shqip\u00ebrin\u00eb rreth or\u00ebs 16:00 t\u00eb k\u00ebsaj t\u00eb shtune, duke u ndjer\u00eb kryesisht n\u00eb Tiran\u00eb. L\u00ebkundja ka patur nj\u00eb magnitud\u00eb 5.2\" \/>\n<meta name=\"robots\" content=\"index, follow, max-snippet:-1, max-image-preview:large, max-video-preview:-1\" \/>\n<link rel=\"canonical\" href=\"https:\/\/www.visit-ulcinj.com\/blog\/2017\/04\/08\/termeti-fuqishem-shkund-ulqinin-dhe-krejt-shqiperine\/\" \/>\n<meta property=\"og:locale\" content=\"en_US\" \/>\n<meta property=\"og:type\" content=\"article\" \/>\n<meta property=\"og:title\" content=\"T\u00ebrmeti i fuqish\u00ebm shkund Ulqinin dhe krejt Shqip\u00ebrin\u00eb - Lajme nga Ulqini\" \/>\n<meta property=\"og:description\" content=\"Nj\u00eb t\u00ebrmet i fuqish\u00ebm ka l\u00ebkundur Shqip\u00ebrin\u00eb rreth or\u00ebs 16:00 t\u00eb k\u00ebsaj t\u00eb shtune, duke u ndjer\u00eb kryesisht n\u00eb Tiran\u00eb. L\u00ebkundja ka patur nj\u00eb magnitud\u00eb 5.2\" \/>\n<meta property=\"og:url\" content=\"https:\/\/www.visit-ulcinj.com\/blog\/2017\/04\/08\/termeti-fuqishem-shkund-ulqinin-dhe-krejt-shqiperine\/\" \/>\n<meta property=\"og:site_name\" content=\"Lajme nga Ulqini\" \/>\n<meta property=\"article:published_time\" content=\"2017-04-08T17:31:45+00:00\" \/>\n<meta name=\"twitter:label1\" content=\"Written by\" \/>\n\t<meta name=\"twitter:data1\" content=\"ulqini\" \/>\n\t<meta name=\"twitter:label2\" content=\"Est. reading time\" \/>\n\t<meta name=\"twitter:data2\" content=\"1 minute\" \/>\n<script type=\"application\/ld+json\" class=\"yoast-schema-graph\">{\"@context\":\"https:\/\/schema.org\",\"@graph\":[{\"@type\":\"WebSite\",\"@id\":\"https:\/\/www.visit-ulcinj.com\/blog\/#website\",\"url\":\"https:\/\/www.visit-ulcinj.com\/blog\/\",\"name\":\"Lajme nga Ulqini\",\"description\":\"Lajme,Vijesti,Ulqini,Ulqin,Crna Gora,Mali i Zi\",\"potentialAction\":[{\"@type\":\"SearchAction\",\"target\":{\"@type\":\"EntryPoint\",\"urlTemplate\":\"https:\/\/www.visit-ulcinj.com\/blog\/?s={search_term_string}\"},\"query-input\":\"required name=search_term_string\"}],\"inLanguage\":\"en-US\"},{\"@type\":\"WebPage\",\"@id\":\"https:\/\/www.visit-ulcinj.com\/blog\/2017\/04\/08\/termeti-fuqishem-shkund-ulqinin-dhe-krejt-shqiperine\/#webpage\",\"url\":\"https:\/\/www.visit-ulcinj.com\/blog\/2017\/04\/08\/termeti-fuqishem-shkund-ulqinin-dhe-krejt-shqiperine\/\",\"name\":\"T\u00ebrmeti i fuqish\u00ebm shkund Ulqinin dhe krejt Shqip\u00ebrin\u00eb - Lajme nga Ulqini\",\"isPartOf\":{\"@id\":\"https:\/\/www.visit-ulcinj.com\/blog\/#website\"},\"datePublished\":\"2017-04-08T17:31:45+00:00\",\"dateModified\":\"2017-04-08T17:31:45+00:00\",\"author\":{\"@id\":\"https:\/\/www.visit-ulcinj.com\/blog\/#\/schema\/person\/dcab619c614d3038751c63bc2aadc06d\"},\"description\":\"Nj\u00eb t\u00ebrmet i fuqish\u00ebm ka l\u00ebkundur Shqip\u00ebrin\u00eb rreth or\u00ebs 16:00 t\u00eb k\u00ebsaj t\u00eb shtune, duke u ndjer\u00eb kryesisht n\u00eb Tiran\u00eb. L\u00ebkundja ka patur nj\u00eb magnitud\u00eb 5.2\",\"breadcrumb\":{\"@id\":\"https:\/\/www.visit-ulcinj.com\/blog\/2017\/04\/08\/termeti-fuqishem-shkund-ulqinin-dhe-krejt-shqiperine\/#breadcrumb\"},\"inLanguage\":\"en-US\",\"potentialAction\":[{\"@type\":\"ReadAction\",\"target\":[\"https:\/\/www.visit-ulcinj.com\/blog\/2017\/04\/08\/termeti-fuqishem-shkund-ulqinin-dhe-krejt-shqiperine\/\"]}]},{\"@type\":\"BreadcrumbList\",\"@id\":\"https:\/\/www.visit-ulcinj.com\/blog\/2017\/04\/08\/termeti-fuqishem-shkund-ulqinin-dhe-krejt-shqiperine\/#breadcrumb\",\"itemListElement\":[{\"@type\":\"ListItem\",\"position\":1,\"name\":\"T\u00ebrmeti i fuqish\u00ebm shkund Ulqinin dhe krejt Shqip\u00ebrin\u00eb\"}]},{\"@type\":\"Person\",\"@id\":\"https:\/\/www.visit-ulcinj.com\/blog\/#\/schema\/person\/dcab619c614d3038751c63bc2aadc06d\",\"name\":\"ulqini\",\"sameAs\":[\"http:\/\/www.visit-ulcinj.com\"],\"url\":\"https:\/\/www.visit-ulcinj.com\/blog\/author\/admin\/\"}]}<\/script>\n<!-- \/ Yoast SEO plugin. -->","yoast_head_json":{"title":"T\u00ebrmeti i fuqish\u00ebm shkund Ulqinin dhe krejt Shqip\u00ebrin\u00eb - Lajme nga Ulqini","description":"Nj\u00eb t\u00ebrmet i fuqish\u00ebm ka l\u00ebkundur Shqip\u00ebrin\u00eb rreth or\u00ebs 16:00 t\u00eb k\u00ebsaj t\u00eb shtune, duke u ndjer\u00eb kryesisht n\u00eb Tiran\u00eb. L\u00ebkundja ka patur nj\u00eb magnitud\u00eb 5.2","robots":{"index":"index","follow":"follow","max-snippet":"max-snippet:-1","max-image-preview":"max-image-preview:large","max-video-preview":"max-video-preview:-1"},"canonical":"https:\/\/www.visit-ulcinj.com\/blog\/2017\/04\/08\/termeti-fuqishem-shkund-ulqinin-dhe-krejt-shqiperine\/","og_locale":"en_US","og_type":"article","og_title":"T\u00ebrmeti i fuqish\u00ebm shkund Ulqinin dhe krejt Shqip\u00ebrin\u00eb - Lajme nga Ulqini","og_description":"Nj\u00eb t\u00ebrmet i fuqish\u00ebm ka l\u00ebkundur Shqip\u00ebrin\u00eb rreth or\u00ebs 16:00 t\u00eb k\u00ebsaj t\u00eb shtune, duke u ndjer\u00eb kryesisht n\u00eb Tiran\u00eb. L\u00ebkundja ka patur nj\u00eb magnitud\u00eb 5.2","og_url":"https:\/\/www.visit-ulcinj.com\/blog\/2017\/04\/08\/termeti-fuqishem-shkund-ulqinin-dhe-krejt-shqiperine\/","og_site_name":"Lajme nga Ulqini","article_published_time":"2017-04-08T17:31:45+00:00","twitter_misc":{"Written by":"ulqini","Est. reading time":"1 minute"},"schema":{"@context":"https:\/\/schema.org","@graph":[{"@type":"WebSite","@id":"https:\/\/www.visit-ulcinj.com\/blog\/#website","url":"https:\/\/www.visit-ulcinj.com\/blog\/","name":"Lajme nga Ulqini","description":"Lajme,Vijesti,Ulqini,Ulqin,Crna Gora,Mali i Zi","potentialAction":[{"@type":"SearchAction","target":{"@type":"EntryPoint","urlTemplate":"https:\/\/www.visit-ulcinj.com\/blog\/?s={search_term_string}"},"query-input":"required name=search_term_string"}],"inLanguage":"en-US"},{"@type":"WebPage","@id":"https:\/\/www.visit-ulcinj.com\/blog\/2017\/04\/08\/termeti-fuqishem-shkund-ulqinin-dhe-krejt-shqiperine\/#webpage","url":"https:\/\/www.visit-ulcinj.com\/blog\/2017\/04\/08\/termeti-fuqishem-shkund-ulqinin-dhe-krejt-shqiperine\/","name":"T\u00ebrmeti i fuqish\u00ebm shkund Ulqinin dhe krejt Shqip\u00ebrin\u00eb - Lajme nga Ulqini","isPartOf":{"@id":"https:\/\/www.visit-ulcinj.com\/blog\/#website"},"datePublished":"2017-04-08T17:31:45+00:00","dateModified":"2017-04-08T17:31:45+00:00","author":{"@id":"https:\/\/www.visit-ulcinj.com\/blog\/#\/schema\/person\/dcab619c614d3038751c63bc2aadc06d"},"description":"Nj\u00eb t\u00ebrmet i fuqish\u00ebm ka l\u00ebkundur Shqip\u00ebrin\u00eb rreth or\u00ebs 16:00 t\u00eb k\u00ebsaj t\u00eb shtune, duke u ndjer\u00eb kryesisht n\u00eb Tiran\u00eb. L\u00ebkundja ka patur nj\u00eb magnitud\u00eb 5.2","breadcrumb":{"@id":"https:\/\/www.visit-ulcinj.com\/blog\/2017\/04\/08\/termeti-fuqishem-shkund-ulqinin-dhe-krejt-shqiperine\/#breadcrumb"},"inLanguage":"en-US","potentialAction":[{"@type":"ReadAction","target":["https:\/\/www.visit-ulcinj.com\/blog\/2017\/04\/08\/termeti-fuqishem-shkund-ulqinin-dhe-krejt-shqiperine\/"]}]},{"@type":"BreadcrumbList","@id":"https:\/\/www.visit-ulcinj.com\/blog\/2017\/04\/08\/termeti-fuqishem-shkund-ulqinin-dhe-krejt-shqiperine\/#breadcrumb","itemListElement":[{"@type":"ListItem","position":1,"name":"T\u00ebrmeti i fuqish\u00ebm shkund Ulqinin dhe krejt Shqip\u00ebrin\u00eb"}]},{"@type":"Person","@id":"https:\/\/www.visit-ulcinj.com\/blog\/#\/schema\/person\/dcab619c614d3038751c63bc2aadc06d","name":"ulqini","sameAs":["http:\/\/www.visit-ulcinj.com"],"url":"https:\/\/www.visit-ulcinj.com\/blog\/author\/admin\/"}]}},"jetpack_featured_media_url":"","jetpack_sharing_enabled":true,"jetpack_shortlink":"https:\/\/wp.me\/pe6lTn-r7V","_links":{"self":[{"href":"https:\/\/www.visit-ulcinj.com\/blog\/wp-json\/wp\/v2\/posts\/104279"}],"collection":[{"href":"https:\/\/www.visit-ulcinj.com\/blog\/wp-json\/wp\/v2\/posts"}],"about":[{"href":"https:\/\/www.visit-ulcinj.com\/blog\/wp-json\/wp\/v2\/types\/post"}],"author":[{"embeddable":true,"href":"https:\/\/www.visit-ulcinj.com\/blog\/wp-json\/wp\/v2\/users\/1"}],"replies":[{"embeddable":true,"href":"https:\/\/www.visit-ulcinj.com\/blog\/wp-json\/wp\/v2\/comments?post=104279"}],"version-history":[{"count":1,"href":"https:\/\/www.visit-ulcinj.com\/blog\/wp-json\/wp\/v2\/posts\/104279\/revisions"}],"predecessor-version":[{"id":104281,"href":"https:\/\/www.visit-ulcinj.com\/blog\/wp-json\/wp\/v2\/posts\/104279\/revisions\/104281"}],"wp:attachment":[{"href":"https:\/\/www.visit-ulcinj.com\/blog\/wp-json\/wp\/v2\/media?parent=104279"}],"wp:term":[{"taxonomy":"category","embeddable":true,"href":"https:\/\/www.visit-ulcinj.com\/blog\/wp-json\/wp\/v2\/categories?post=104279"},{"taxonomy":"post_tag","embeddable":true,"href":"https:\/\/www.visit-ulcinj.com\/blog\/wp-json\/wp\/v2\/tags?post=104279"}],"curies":[{"name":"wp","href":"https:\/\/api.w.org\/{rel}","templated":true}]}}