{"id":10430,"date":"2009-02-04T19:43:06","date_gmt":"2009-02-04T18:43:06","guid":{"rendered":"http:\/\/www.visit-ulcinj.com\/blog\/?p=10430"},"modified":"2009-02-04T19:44:07","modified_gmt":"2009-02-04T18:44:07","slug":"ne-kuvendin-e-ulqinit-u-miratuan-ndryshimet-ne-planit-urbanistik-e-hapsinor","status":"publish","type":"post","link":"https:\/\/www.visit-ulcinj.com\/blog\/2009\/02\/04\/ne-kuvendin-e-ulqinit-u-miratuan-ndryshimet-ne-planit-urbanistik-e-hapsinor\/","title":{"rendered":"N\u00eb Kuvendin e Ulqinit u miratuan ndryshimet n\u00eb planit urbanistik e hapsinor"},"content":{"rendered":"<p><a rel=\"attachment wp-att-10433\" href=\"http:\/\/www.visit-ulcinj.com\/blog\/2009\/02\/04\/ne-kuvendin-e-ulqinit-u-miratuan-ndryshimet-ne-planit-urbanistik-e-hapsinor\/plani-hapsinor-i-ulqinit\/\"><img loading=\"lazy\" class=\"size-full wp-image-10433 alignleft\" title=\"plani-hapsinor-i-ulqinit\" src=\"http:\/\/www.visit-ulcinj.com\/blog\/wp-content\/uploads\/2009\/02\/plani-hapsinor-i-ulqinit.jpg\" alt=\"plani-hapsinor-i-ulqinit\" width=\"570\" height=\"300\" \/><\/a>Ulqin &#8211; Partia qeveris\u00ebse me shumic\u00ebn e votave t\u00eb k\u00ebshilltar\u00ebve n\u00eb Kuvendin e\u00a0 Ulqinit miratoi dje nj\u00eb vendim p\u00ebr ndryshime n\u00eb planit urbanistik\u00a0 e hapsinor te detajum t\u00eb qytetit t\u00eb Ulqinit p\u00ebr lagjen Pinjesh, Gjerana,lagj\u00ebja e Port Milen\u00ebs, Gjerane 2, Fush\u00ebs s\u00eb Ulqinit, Kodra dhe nj\u00eb\u00a0 pjes\u00eb e\u00a0 Zoganj\u00ebve.<br \/>\nP\u00ebfaqsuesit i Forc\u00ebs ka qen\u00eb i kufizuar, me p\u00ebrjashtim t\u00eb an\u00ebtarit t\u00eb partis\u00eb s\u00eb tyre Genc Nimanbegut q\u00eb ka votuar kund\u00ebr k\u00ebtij plani.<\/p>\n<p>P\u00ebr\u00a0 arsyetimin e propozimeve dhe vendimeve t\u00eb planit, i cili i b\u00ebri Fakulteti i Gragjevin\u00ebs dhe gjenis civile n\u00eb Podgoric\u00eb, plani \u00ebsht\u00eb p\u00ebr t\u00eb sjell\u00eb nj\u00eb harmoni n\u00eb p\u00ebrhapje t\u00eb nd\u00ebrtimeve t\u00eb paligjshme n\u00eb Gjerana 2 dhe Kodra dhe ve\u00e7an\u00ebrisht mbi bregun dhe gjirin Gjerana &#8211; Port Milen, e cila minon drejtimet themelore t\u00eb zhvillimit t\u00eb turizmit detar.<br \/>\nProjekti\u00a0 u realizu simbas numrit t\u00eb banor\u00ebve t\u00eb Ulqinit\u00a0 q\u00eb jan \u00ebsht\u00eb rreth 25.000mij,teritori sillet reth 708 hektar dhe dend\u00ebsija turistike sillet reth 36000 mij turista.<\/p>\n<p>Autor\u00ebt n\u00eb shpatin e Pinjeshit ka planifikuar nd\u00ebrtimin e hoteleve t\u00eb kategoris\u00eb s\u00eb lart\u00eb, dhe n\u00eb zon\u00ebn e Kepit t\u00eb\u00a0 Gjeranave dhe Port Milen\u00ebs ka planifikuar nj\u00eb qend\u00ebr t\u00eb qytetit ne uj\u00eb, t\u00eb integruar n\u00eb akvatorijum t\u00eb madh me segmente nga deti.<br \/>\nN\u00eb Gjeranama 2,\u00a0 fush\u00eb t\u00eb Ulqinit dhe Kodra, ku asht zona m\u00eb e madhe qytetare asht e parapam zon\u00eb me banim dominuese dhe strukturave turistike dhe mb\u00ebshtetjen e mjediseve urbane dhe infrastruktur\u00ebn e sh\u00ebrbimeve, nd\u00ebrsa pjesa e Zoganjve do t\u00eb jen\u00eb t\u00eb rezervuara p\u00ebr nd\u00ebrtimin industriale.<br \/>\nAn\u00ebtar\u00ebt e opozit\u00ebs jan\u00eb t\u00eb sjell\u00eb n\u00eb pik\u00ebpyetje ligjshm\u00ebrin\u00eb e propozimit q\u00eb u dha dhe e vler\u00ebsuar procesin e vendimmarrjes q\u00eb nuk ishte transparente.<\/p>\n<p>Deputeti dhe njikoh\u00ebsisht kryetari i Forc\u00ebs Nazif Cungu\u00a0 ka k\u00ebrkuar nj\u00eb raport mbi v\u00ebrejtjet e qytetar\u00ebve p\u00ebr k\u00ebt\u00eb plan, i cili ishte 420, dhe ky plan u pranua\u00a0 m\u00eb shum\u00eb se 90 p\u00ebr qind nga ana e qytetar\u00ebve.<br \/>\nSekretarit i Planifikimit Urban\u00a0 Nazif Hoxha tha se ligji i vitit 1995, me t\u00eb cil\u00ebn plani \u00ebsht\u00eb b\u00ebr\u00eb, mbajt\u00ebse nuk do t\u00eb raportoj\u00eb p\u00ebr v\u00ebrejtjet e dor\u00ebzimit n\u00eb Kuvend t\u00eb Ulqinit.<br \/>\nP\u00ebrfaq\u00ebsuesi i Forc\u00ebs Fuad Haxhibeti\u00a0 tha se vendimi duhet t\u00eb jet\u00eb aprovuar tre vjet m\u00eb par\u00eb, pra para miratimit t\u00eb planeve hap\u00ebsinore p\u00ebr q\u00ebllime t\u00eb posa\u00e7me detare.<br \/>\n&#8211; Ky vendim ishte i paligjsh\u00ebm p\u00ebr shkak t\u00eb planit hap\u00ebsinor specifik dhe t\u00eb posa\u00e7me ku ishe edhe un\u00eb antar\u00eb i grupit t\u00eb planit hapsinor. Ato hapsira nuk ekzistojn\u00eb m\u00eb &#8211; tha Haxhibeti q\u00eb mori pjes\u00eb n\u00eb zhvillimin e planit.<\/p>\n<p>Ai tha se \u00ebsht\u00eb e papranueshme p\u00ebr ta ngre dor\u00ebn e tij\u00eb p\u00ebr nji plan q\u00eb ka planifikuar m\u00eb se 35 p\u00ebr qind e tok\u00ebs m\u00eb atraktive p\u00ebr&#8221;t\u00eb mirat detare&#8221; q\u00eb menaxhon aktualisht bregun e detit t\u00eb Ulqinit.<br \/>\nKolegu i tij Mentor Lunji nga Forca shprehu shqet\u00ebsimin se si rritja e popullsis\u00eb asht duke u shtuar nga tre deri n\u00eb 26 mij\u00eb banor dhe ai se din se si ka p\u00ebr t\u00eb reflektuar n\u00eb struktur\u00ebn komb\u00ebtare, nd\u00ebrsa p\u00ebrfaq\u00ebsuesi e LD n\u00eb MZ\u00a0 Hajro Hajdari pyeti n\u00ebse asht racionale dhe ekonomike p\u00ebr t\u00eb miratuar nj\u00eb dokument q\u00eb \u00ebsht\u00eb n\u00eb kund\u00ebrshtim me vlershmerin legjislacionit aktual .<br \/>\nKryetarit t\u00eb Komun\u00ebs s\u00eb Ulqinit\u00a0 G\u00ebzim Hajdinaga n\u00eb fjal\u00ebt e fundit hedhi posht akuzat e an\u00ebtar\u00ebve te opozit\u00ebs q\u00eb kund\u00ebrshtuan planin, duke deklaruar se e gjith\u00eb puna ishte shum\u00eb transparente.<br \/>\n&#8211; Mos ta kishim pranu sot planin do t\u00eb kishim\u00a0 para komun\u00ebs qindra\u00a0 qytetar\u00eb t\u00eb paknaqur, t\u00eb cil\u00ebt do t\u00eb k\u00ebrkonin mos realizimin e planit &#8211; tha ai.<\/p>\n<p><strong>Burimi \/ Vijesti<\/strong><\/p>\n","protected":false},"excerpt":{"rendered":"<p>Ulqin &#8211; Partia qeveris\u00ebse me shumic\u00ebn e votave t\u00eb k\u00ebshilltar\u00ebve n\u00eb Kuvendin e\u00a0 Ulqinit miratoi dje nj\u00eb vendim p\u00ebr ndryshime n\u00eb planit urbanistik\u00a0 e hapsinor te detajum t\u00eb qytetit t\u00eb Ulqinit p\u00ebr lagjen Pinjesh, Gjerana,lagj\u00ebja e Port Milen\u00ebs, Gjerane 2, Fush\u00ebs s\u00eb Ulqinit, Kodra dhe nj\u00eb\u00a0 pjes\u00eb e\u00a0 Zoganj\u00ebve. P\u00ebfaqsuesit i Forc\u00ebs ka qen\u00eb i [&hellip;]<\/p>\n","protected":false},"author":1,"featured_media":0,"comment_status":"open","ping_status":"closed","sticky":false,"template":"","format":"standard","meta":{"spay_email":"","jetpack_publicize_message":"","jetpack_is_tweetstorm":false,"jetpack_publicize_feature_enabled":true},"categories":[1],"tags":[6402,6396,6399,1074,482,6398,6395,6400,6406,6397,6408,6405,6401,6407,6404,6394,6403],"jetpack_publicize_connections":[],"yoast_head":"<!-- This site is optimized with the Yoast SEO plugin v19.1 - https:\/\/yoast.com\/wordpress\/plugins\/seo\/ -->\n<title>N\u00eb Kuvendin e Ulqinit u miratuan ndryshimet n\u00eb planit urbanistik e hapsinor - Lajme nga Ulqini<\/title>\n<meta name=\"description\" content=\"Ulqin - Partia qeveris\u00ebse me shumic\u00ebn e votave t\u00eb k\u00ebshilltar\u00ebve n\u00eb Kuvendin e\u00a0 Ulqinit miratoi dje nj\u00eb vendim p\u00ebr ndryshime n\u00eb planit urbanistik\u00a0 e\" \/>\n<meta name=\"robots\" content=\"index, follow, max-snippet:-1, max-image-preview:large, max-video-preview:-1\" \/>\n<link rel=\"canonical\" href=\"https:\/\/www.visit-ulcinj.com\/blog\/2009\/02\/04\/ne-kuvendin-e-ulqinit-u-miratuan-ndryshimet-ne-planit-urbanistik-e-hapsinor\/\" \/>\n<meta property=\"og:locale\" content=\"en_US\" \/>\n<meta property=\"og:type\" content=\"article\" \/>\n<meta property=\"og:title\" content=\"N\u00eb Kuvendin e Ulqinit u miratuan ndryshimet n\u00eb planit urbanistik e hapsinor - Lajme nga Ulqini\" \/>\n<meta property=\"og:description\" content=\"Ulqin - Partia qeveris\u00ebse me shumic\u00ebn e votave t\u00eb k\u00ebshilltar\u00ebve n\u00eb Kuvendin e\u00a0 Ulqinit miratoi dje nj\u00eb vendim p\u00ebr ndryshime n\u00eb planit urbanistik\u00a0 e\" \/>\n<meta property=\"og:url\" content=\"https:\/\/www.visit-ulcinj.com\/blog\/2009\/02\/04\/ne-kuvendin-e-ulqinit-u-miratuan-ndryshimet-ne-planit-urbanistik-e-hapsinor\/\" \/>\n<meta property=\"og:site_name\" content=\"Lajme nga Ulqini\" \/>\n<meta property=\"article:published_time\" content=\"2009-02-04T18:43:06+00:00\" \/>\n<meta property=\"article:modified_time\" content=\"2009-02-04T18:44:07+00:00\" \/>\n<meta property=\"og:image\" content=\"http:\/\/www.visit-ulcinj.com\/blog\/wp-content\/uploads\/2009\/02\/plani-hapsinor-i-ulqinit.jpg\" \/>\n<meta name=\"twitter:label1\" content=\"Written by\" \/>\n\t<meta name=\"twitter:data1\" content=\"ulqini\" \/>\n\t<meta name=\"twitter:label2\" content=\"Est. reading time\" \/>\n\t<meta name=\"twitter:data2\" content=\"3 minutes\" \/>\n<script type=\"application\/ld+json\" class=\"yoast-schema-graph\">{\"@context\":\"https:\/\/schema.org\",\"@graph\":[{\"@type\":\"WebSite\",\"@id\":\"https:\/\/www.visit-ulcinj.com\/blog\/#website\",\"url\":\"https:\/\/www.visit-ulcinj.com\/blog\/\",\"name\":\"Lajme nga Ulqini\",\"description\":\"Lajme,Vijesti,Ulqini,Ulqin,Crna Gora,Mali i Zi\",\"potentialAction\":[{\"@type\":\"SearchAction\",\"target\":{\"@type\":\"EntryPoint\",\"urlTemplate\":\"https:\/\/www.visit-ulcinj.com\/blog\/?s={search_term_string}\"},\"query-input\":\"required name=search_term_string\"}],\"inLanguage\":\"en-US\"},{\"@type\":\"ImageObject\",\"inLanguage\":\"en-US\",\"@id\":\"https:\/\/www.visit-ulcinj.com\/blog\/2009\/02\/04\/ne-kuvendin-e-ulqinit-u-miratuan-ndryshimet-ne-planit-urbanistik-e-hapsinor\/#primaryimage\",\"url\":\"https:\/\/www.visit-ulcinj.com\/blog\/wp-content\/uploads\/2009\/02\/plani-hapsinor-i-ulqinit.jpg\",\"contentUrl\":\"https:\/\/www.visit-ulcinj.com\/blog\/wp-content\/uploads\/2009\/02\/plani-hapsinor-i-ulqinit.jpg\",\"width\":\"290\",\"height\":\"190\"},{\"@type\":\"WebPage\",\"@id\":\"https:\/\/www.visit-ulcinj.com\/blog\/2009\/02\/04\/ne-kuvendin-e-ulqinit-u-miratuan-ndryshimet-ne-planit-urbanistik-e-hapsinor\/#webpage\",\"url\":\"https:\/\/www.visit-ulcinj.com\/blog\/2009\/02\/04\/ne-kuvendin-e-ulqinit-u-miratuan-ndryshimet-ne-planit-urbanistik-e-hapsinor\/\",\"name\":\"N\u00eb Kuvendin e Ulqinit u miratuan ndryshimet n\u00eb planit urbanistik e hapsinor - Lajme nga Ulqini\",\"isPartOf\":{\"@id\":\"https:\/\/www.visit-ulcinj.com\/blog\/#website\"},\"primaryImageOfPage\":{\"@id\":\"https:\/\/www.visit-ulcinj.com\/blog\/2009\/02\/04\/ne-kuvendin-e-ulqinit-u-miratuan-ndryshimet-ne-planit-urbanistik-e-hapsinor\/#primaryimage\"},\"datePublished\":\"2009-02-04T18:43:06+00:00\",\"dateModified\":\"2009-02-04T18:44:07+00:00\",\"author\":{\"@id\":\"https:\/\/www.visit-ulcinj.com\/blog\/#\/schema\/person\/dcab619c614d3038751c63bc2aadc06d\"},\"description\":\"Ulqin - Partia qeveris\u00ebse me shumic\u00ebn e votave t\u00eb k\u00ebshilltar\u00ebve n\u00eb Kuvendin e\u00a0 Ulqinit miratoi dje nj\u00eb vendim p\u00ebr ndryshime n\u00eb planit urbanistik\u00a0 e\",\"breadcrumb\":{\"@id\":\"https:\/\/www.visit-ulcinj.com\/blog\/2009\/02\/04\/ne-kuvendin-e-ulqinit-u-miratuan-ndryshimet-ne-planit-urbanistik-e-hapsinor\/#breadcrumb\"},\"inLanguage\":\"en-US\",\"potentialAction\":[{\"@type\":\"ReadAction\",\"target\":[\"https:\/\/www.visit-ulcinj.com\/blog\/2009\/02\/04\/ne-kuvendin-e-ulqinit-u-miratuan-ndryshimet-ne-planit-urbanistik-e-hapsinor\/\"]}]},{\"@type\":\"BreadcrumbList\",\"@id\":\"https:\/\/www.visit-ulcinj.com\/blog\/2009\/02\/04\/ne-kuvendin-e-ulqinit-u-miratuan-ndryshimet-ne-planit-urbanistik-e-hapsinor\/#breadcrumb\",\"itemListElement\":[{\"@type\":\"ListItem\",\"position\":1,\"name\":\"N\u00eb Kuvendin e Ulqinit u miratuan ndryshimet n\u00eb planit urbanistik e hapsinor\"}]},{\"@type\":\"Person\",\"@id\":\"https:\/\/www.visit-ulcinj.com\/blog\/#\/schema\/person\/dcab619c614d3038751c63bc2aadc06d\",\"name\":\"ulqini\",\"sameAs\":[\"http:\/\/www.visit-ulcinj.com\"],\"url\":\"https:\/\/www.visit-ulcinj.com\/blog\/author\/admin\/\"}]}<\/script>\n<!-- \/ Yoast SEO plugin. -->","yoast_head_json":{"title":"N\u00eb Kuvendin e Ulqinit u miratuan ndryshimet n\u00eb planit urbanistik e hapsinor - Lajme nga Ulqini","description":"Ulqin - Partia qeveris\u00ebse me shumic\u00ebn e votave t\u00eb k\u00ebshilltar\u00ebve n\u00eb Kuvendin e\u00a0 Ulqinit miratoi dje nj\u00eb vendim p\u00ebr ndryshime n\u00eb planit urbanistik\u00a0 e","robots":{"index":"index","follow":"follow","max-snippet":"max-snippet:-1","max-image-preview":"max-image-preview:large","max-video-preview":"max-video-preview:-1"},"canonical":"https:\/\/www.visit-ulcinj.com\/blog\/2009\/02\/04\/ne-kuvendin-e-ulqinit-u-miratuan-ndryshimet-ne-planit-urbanistik-e-hapsinor\/","og_locale":"en_US","og_type":"article","og_title":"N\u00eb Kuvendin e Ulqinit u miratuan ndryshimet n\u00eb planit urbanistik e hapsinor - Lajme nga Ulqini","og_description":"Ulqin - Partia qeveris\u00ebse me shumic\u00ebn e votave t\u00eb k\u00ebshilltar\u00ebve n\u00eb Kuvendin e\u00a0 Ulqinit miratoi dje nj\u00eb vendim p\u00ebr ndryshime n\u00eb planit urbanistik\u00a0 e","og_url":"https:\/\/www.visit-ulcinj.com\/blog\/2009\/02\/04\/ne-kuvendin-e-ulqinit-u-miratuan-ndryshimet-ne-planit-urbanistik-e-hapsinor\/","og_site_name":"Lajme nga Ulqini","article_published_time":"2009-02-04T18:43:06+00:00","article_modified_time":"2009-02-04T18:44:07+00:00","og_image":[{"url":"http:\/\/www.visit-ulcinj.com\/blog\/wp-content\/uploads\/2009\/02\/plani-hapsinor-i-ulqinit.jpg"}],"twitter_misc":{"Written by":"ulqini","Est. reading time":"3 minutes"},"schema":{"@context":"https:\/\/schema.org","@graph":[{"@type":"WebSite","@id":"https:\/\/www.visit-ulcinj.com\/blog\/#website","url":"https:\/\/www.visit-ulcinj.com\/blog\/","name":"Lajme nga Ulqini","description":"Lajme,Vijesti,Ulqini,Ulqin,Crna Gora,Mali i Zi","potentialAction":[{"@type":"SearchAction","target":{"@type":"EntryPoint","urlTemplate":"https:\/\/www.visit-ulcinj.com\/blog\/?s={search_term_string}"},"query-input":"required name=search_term_string"}],"inLanguage":"en-US"},{"@type":"ImageObject","inLanguage":"en-US","@id":"https:\/\/www.visit-ulcinj.com\/blog\/2009\/02\/04\/ne-kuvendin-e-ulqinit-u-miratuan-ndryshimet-ne-planit-urbanistik-e-hapsinor\/#primaryimage","url":"https:\/\/www.visit-ulcinj.com\/blog\/wp-content\/uploads\/2009\/02\/plani-hapsinor-i-ulqinit.jpg","contentUrl":"https:\/\/www.visit-ulcinj.com\/blog\/wp-content\/uploads\/2009\/02\/plani-hapsinor-i-ulqinit.jpg","width":"290","height":"190"},{"@type":"WebPage","@id":"https:\/\/www.visit-ulcinj.com\/blog\/2009\/02\/04\/ne-kuvendin-e-ulqinit-u-miratuan-ndryshimet-ne-planit-urbanistik-e-hapsinor\/#webpage","url":"https:\/\/www.visit-ulcinj.com\/blog\/2009\/02\/04\/ne-kuvendin-e-ulqinit-u-miratuan-ndryshimet-ne-planit-urbanistik-e-hapsinor\/","name":"N\u00eb Kuvendin e Ulqinit u miratuan ndryshimet n\u00eb planit urbanistik e hapsinor - Lajme nga Ulqini","isPartOf":{"@id":"https:\/\/www.visit-ulcinj.com\/blog\/#website"},"primaryImageOfPage":{"@id":"https:\/\/www.visit-ulcinj.com\/blog\/2009\/02\/04\/ne-kuvendin-e-ulqinit-u-miratuan-ndryshimet-ne-planit-urbanistik-e-hapsinor\/#primaryimage"},"datePublished":"2009-02-04T18:43:06+00:00","dateModified":"2009-02-04T18:44:07+00:00","author":{"@id":"https:\/\/www.visit-ulcinj.com\/blog\/#\/schema\/person\/dcab619c614d3038751c63bc2aadc06d"},"description":"Ulqin - Partia qeveris\u00ebse me shumic\u00ebn e votave t\u00eb k\u00ebshilltar\u00ebve n\u00eb Kuvendin e\u00a0 Ulqinit miratoi dje nj\u00eb vendim p\u00ebr ndryshime n\u00eb planit urbanistik\u00a0 e","breadcrumb":{"@id":"https:\/\/www.visit-ulcinj.com\/blog\/2009\/02\/04\/ne-kuvendin-e-ulqinit-u-miratuan-ndryshimet-ne-planit-urbanistik-e-hapsinor\/#breadcrumb"},"inLanguage":"en-US","potentialAction":[{"@type":"ReadAction","target":["https:\/\/www.visit-ulcinj.com\/blog\/2009\/02\/04\/ne-kuvendin-e-ulqinit-u-miratuan-ndryshimet-ne-planit-urbanistik-e-hapsinor\/"]}]},{"@type":"BreadcrumbList","@id":"https:\/\/www.visit-ulcinj.com\/blog\/2009\/02\/04\/ne-kuvendin-e-ulqinit-u-miratuan-ndryshimet-ne-planit-urbanistik-e-hapsinor\/#breadcrumb","itemListElement":[{"@type":"ListItem","position":1,"name":"N\u00eb Kuvendin e Ulqinit u miratuan ndryshimet n\u00eb planit urbanistik e hapsinor"}]},{"@type":"Person","@id":"https:\/\/www.visit-ulcinj.com\/blog\/#\/schema\/person\/dcab619c614d3038751c63bc2aadc06d","name":"ulqini","sameAs":["http:\/\/www.visit-ulcinj.com"],"url":"https:\/\/www.visit-ulcinj.com\/blog\/author\/admin\/"}]}},"jetpack_featured_media_url":"","jetpack_sharing_enabled":true,"jetpack_shortlink":"https:\/\/wp.me\/pe6lTn-2Ie","_links":{"self":[{"href":"https:\/\/www.visit-ulcinj.com\/blog\/wp-json\/wp\/v2\/posts\/10430"}],"collection":[{"href":"https:\/\/www.visit-ulcinj.com\/blog\/wp-json\/wp\/v2\/posts"}],"about":[{"href":"https:\/\/www.visit-ulcinj.com\/blog\/wp-json\/wp\/v2\/types\/post"}],"author":[{"embeddable":true,"href":"https:\/\/www.visit-ulcinj.com\/blog\/wp-json\/wp\/v2\/users\/1"}],"replies":[{"embeddable":true,"href":"https:\/\/www.visit-ulcinj.com\/blog\/wp-json\/wp\/v2\/comments?post=10430"}],"version-history":[{"count":0,"href":"https:\/\/www.visit-ulcinj.com\/blog\/wp-json\/wp\/v2\/posts\/10430\/revisions"}],"wp:attachment":[{"href":"https:\/\/www.visit-ulcinj.com\/blog\/wp-json\/wp\/v2\/media?parent=10430"}],"wp:term":[{"taxonomy":"category","embeddable":true,"href":"https:\/\/www.visit-ulcinj.com\/blog\/wp-json\/wp\/v2\/categories?post=10430"},{"taxonomy":"post_tag","embeddable":true,"href":"https:\/\/www.visit-ulcinj.com\/blog\/wp-json\/wp\/v2\/tags?post=10430"}],"curies":[{"name":"wp","href":"https:\/\/api.w.org\/{rel}","templated":true}]}}