{"id":104305,"date":"2017-04-11T12:31:16","date_gmt":"2017-04-11T11:31:16","guid":{"rendered":"http:\/\/www.visit-ulcinj.com\/blog\/?p=104305"},"modified":"2017-04-11T12:35:25","modified_gmt":"2017-04-11T11:35:25","slug":"ministri-zenka-takon-zevendesministrin-e-kultures-rinise-dhe-sportit-rexhep-hoti","status":"publish","type":"post","link":"https:\/\/www.visit-ulcinj.com\/blog\/2017\/04\/11\/ministri-zenka-takon-zevendesministrin-e-kultures-rinise-dhe-sportit-rexhep-hoti\/","title":{"rendered":"Ministri Zenka, takon z\u00ebvend\u00ebsministrin e Kultur\u00ebs, Rinis\u00eb dhe Sportit, Rexhep Hoti"},"content":{"rendered":"<p class=\"single-post-title\"><strong><span class=\"post-title\"><a href=\"http:\/\/www.visit-ulcinj.com\/blog\/wp-content\/uploads\/2017\/04\/Rexhep-Hoti-Mehmet-Zenka.jpg\"><img loading=\"lazy\" class=\"alignleft wp-image-104306\" src=\"http:\/\/www.visit-ulcinj.com\/blog\/wp-content\/uploads\/2017\/04\/Rexhep-Hoti-Mehmet-Zenka.jpg\" alt=\"Rexhep Hoti-Mehmet Zenka\" width=\"508\" height=\"374\" srcset=\"https:\/\/www.visit-ulcinj.com\/blog\/wp-content\/uploads\/2017\/04\/Rexhep-Hoti-Mehmet-Zenka.jpg 881w, https:\/\/www.visit-ulcinj.com\/blog\/wp-content\/uploads\/2017\/04\/Rexhep-Hoti-Mehmet-Zenka-300x221.jpg 300w, https:\/\/www.visit-ulcinj.com\/blog\/wp-content\/uploads\/2017\/04\/Rexhep-Hoti-Mehmet-Zenka-768x566.jpg 768w\" sizes=\"(max-width: 508px) 100vw, 508px\" \/><\/a><\/span><\/strong><\/p>\n<p><strong>Hoti n\u00eb Mal t\u00eb Zi, takon ministrin p\u00ebr t\u00eb Drejtat e Njeriut dhe t\u00eb Pakicave<\/strong><\/p>\n<p>&nbsp;<\/p>\n<p class=\"single-post-title\"><strong><span class=\"post-title\">\u201cMali i Zi brenda disa muajsh b\u00ebri shum\u00eb p\u00ebr shqiptar\u00ebt\u201d<\/span><\/strong><\/p>\n<p>P\u00ebrgjat\u00eb vizit\u00ebs zyrtare dy ditore n\u00eb Mal t\u00eb Zi, z\u00ebvend\u00ebsministri i Kultur\u00ebs, Rinis\u00eb dhe Sportit, Rexhep Hoti, sot pati nj\u00eb takim me ministrin p\u00ebr t\u00eb Drejtat e Njeriut dhe t\u00eb Pakicave, z. Mehmed Zenka (Unioni Demokratik Shqiptar), i cili ishte i shoq\u00ebruar nga z\u00ebvend\u00ebsministri Leon Gjoka (PDS).<\/p>\n<p>Takimi u zhvillua n\u00eb nj\u00eb atmosfer\u00eb shum\u00eb t\u00eb p\u00ebrzem\u00ebrt ku u bisedua p\u00ebr hap\u00ebsir\u00ebn q\u00eb z\u00ebn\u00eb lirit\u00eb dhe t\u00eb drejtat e njeriut si dhe pakicat komb\u00ebtare p\u00ebr t\u00eb dyja vendet, si vlera t\u00eb \u00e7muara mbi t\u00eb cilat nd\u00ebrtohet edhe bashk\u00ebpunimi yn\u00eb strategjik p\u00ebr t\u00eb ardhmen.<\/p>\n<p>Ministri, Mehmed Zenka, e shpalosi q\u00ebndrimin e ministris\u00eb q\u00eb ai p\u00ebrfaq\u00ebson n\u00eb qeverin\u00eb malazeze, si dhe rolin q\u00eb kan\u00eb pakicat dhe t\u00eb drejtat e njeriut n\u00eb Malin e Zi. Ai u p\u00ebrqendrua me theks t\u00eb ve\u00e7ant\u00eb n\u00eb avancimin e t\u00eb drejtave dhe t\u00eb lirive t\u00eb shqiptar\u00ebve n\u00eb Malin e Zi, n\u00eb t\u00eb gjitha rrafshet institucionale, n\u00eb t\u00eb gjith\u00eb sektor\u00ebt privat e publik. Shprehu q\u00ebndrimin e pal\u00ebkundur se vet\u00ebm n\u00eb disa muaj t\u00eb k\u00ebsaj qeverisje, \u00ebsht\u00eb b\u00ebr\u00eb m\u00eb shum\u00eb p\u00ebr shqiptar\u00ebt e Malit t\u00eb Zi se sa vite m\u00eb par\u00eb.<\/p>\n<p>Z\u00ebvend\u00ebsministri Hoti e fal\u00ebnderoi ministrin Zenka p\u00ebr pritjen e ngroht\u00eb dhe bashk\u00ebpunimin nd\u00ebrmjet t\u00eb dyja vendeve, me theks t\u00eb ve\u00e7ant\u00eb, n\u00eb mund\u00ebsin\u00eb e avancimit t\u00eb bashk\u00ebpunimit n\u00eb fush\u00ebn e kultur\u00ebs, rinis\u00eb e t\u00eb sportit.<\/p>\n<p>Ai e njoftoi ministrin Zenka se dikasteri q\u00eb ai p\u00ebrfaq\u00ebson \u00ebsht\u00eb i gatsh\u00ebm t\u00eb rris\u00eb bashk\u00ebpunimin me qeverin\u00eb e Malit t\u00eb Zi, sidomos pas n\u00ebnshkrimit t\u00eb Marr\u00ebveshjes Bilaterale t\u00eb Bashk\u00ebpunimit kulturor nd\u00ebrmjet MKRS-s\u00eb dhe Ministris\u00eb s\u00eb Kultur\u00ebs s\u00eb Malit t\u00eb Zi, e cila pritet t\u00eb ndodh\u00eb shum\u00eb shpejt.<\/p>\n<p>N\u00eb an\u00ebn tjet\u00ebr, ministri Zenka e njoftoi z\u00ebvend\u00ebsministrin Hoti p\u00ebr pun\u00ebn q\u00eb \u00ebsht\u00eb b\u00ebr\u00eb n\u00eb ndryshimin e Ligjit p\u00ebr t\u00eb drejtat dhe lirit\u00eb e pakicave n\u00eb Mal t\u00eb Zi, ku parashihet edhe zyrtarizimi i gjuh\u00ebs s\u00eb pakicave n\u00eb t\u00eb gjitha komunat ku ato p\u00ebrb\u00ebjn\u00eb 5% t\u00eb popullsis\u00eb. Kjo p\u00ebrqindje \u00ebsht\u00eb marr\u00eb parasysh ve\u00e7mas p\u00ebr shqiptar\u00ebt, sepse nj\u00eb kuot\u00eb e till\u00eb e p\u00ebrqindjes i favorizon ekskluzivisht ata.<\/p>\n<p>Sipas k\u00ebtij projektligji i cili ka kaluar nga qeveria p\u00ebr n\u00eb parlament, gjuha shqipe, p\u00ebrve\u00e7 n\u00eb Ulqin, Tuz dhe Plav\u00eb, pritet t\u00eb b\u00ebhet gjuh\u00eb zyrtare edhe n\u00eb Rozhaj\u00eb e Tivar. N\u00eb shenj\u00eb respekti e fal\u00ebnderimi p\u00ebr avancimin e \u00e7\u00ebshtjes s\u00eb pakicave komb\u00ebtare n\u00eb Malin e Zi, Ministri Zenka ia dhuroi z\u00ebvend\u00ebsministrit Hoti nj\u00eb kopje t\u00eb projektligjit t\u00eb miratuar n\u00eb qeverin\u00eb malazeze p\u00ebr pakicat.<\/p>\n<p>P\u00ebrgjat\u00eb takimit, z\u00ebvend\u00ebsministri Hoti foli edhe p\u00ebr mund\u00ebsin\u00eb e bashk\u00ebpunimit edhe n\u00eb fushat tjera t\u00eb arsimit, t\u00eb turizmit dhe investime me pesh\u00eb kulturore, p\u00ebr \u00e7ka ministri Zenka k\u00ebrkoi q\u00eb investitor\u00ebt e Kosov\u00ebs t\u00eb jen\u00eb m\u00eb shum\u00eb t\u00eb pranish\u00ebm n\u00eb pjes\u00ebt bregdetare, si dhe n\u00eb thell\u00ebsin\u00eb e Mal\u00ebsis\u00eb ku ka shum\u00eb mund\u00ebsi p\u00ebr turiz\u00ebm kulturor dhe turiz\u00ebm n\u00eb p\u00ebrgjith\u00ebsi.<\/p>\n<p>Z\u00ebvend\u00ebsministri Hoti b\u00ebri nj\u00eb v\u00ebshtrim edhe p\u00ebr avancimin e komunitetit malazez n\u00eb Kosov\u00eb dhe e njoftoi ministrin Zenka se Qeveria e Kosov\u00eb e ka miratuar Strategjin\u00eb pes\u00ebvje\u00e7are p\u00ebr afirmimin dhe integrimin e komunitetit malazez, si dhe tash \u00ebsht\u00eb duke u punuar n\u00eb planin p\u00ebr implementim ku do t\u00eb ndihmohet ky komunitet n\u00eb t\u00eb gjitha fushat, deri n\u00eb mb\u00ebshtetjen financiare prej ministrive p\u00ebrkat\u00ebse p\u00ebr pun\u00ebsim dhe prosperitet t\u00eb komunitetit n\u00eb fjal\u00eb,thuhet n\u00eb njoftimin e MKRS\u2019s\u00eb.<\/p>\n<div class=\"betteradscontainer betterads-clearfix betterads-post-bottom betterads-float-center betterads-align-center betterad-column-1\">\n<div id=\"betterad-675469-765928654\" class=\"betterad-container betterad-type-custom_code \" data-adid=\"675469\" data-type=\"custom_code\"><strong><span class=\"copy_tt\">\u00a9 Copyright 2016 \/ Ministria e Kultur\u00ebs, Rinis\u00eb dhe Sportit<\/span><\/strong><\/div>\n<div class=\"betterad-container betterad-type-custom_code \" data-adid=\"675469\" data-type=\"custom_code\"><a href=\"http:\/\/www.visit-ulcinj.com\/blog\/wp-content\/uploads\/2017\/04\/Rexhep-Hoti-Mehmet-Zenka-1.jpg\"><img loading=\"lazy\" class=\"alignleft wp-image-104307\" src=\"http:\/\/www.visit-ulcinj.com\/blog\/wp-content\/uploads\/2017\/04\/Rexhep-Hoti-Mehmet-Zenka-1.jpg\" alt=\"Rexhep Hoti-Mehmet Zenka-1\" width=\"508\" height=\"677\" srcset=\"https:\/\/www.visit-ulcinj.com\/blog\/wp-content\/uploads\/2017\/04\/Rexhep-Hoti-Mehmet-Zenka-1.jpg 460w, https:\/\/www.visit-ulcinj.com\/blog\/wp-content\/uploads\/2017\/04\/Rexhep-Hoti-Mehmet-Zenka-1-225x300.jpg 225w\" sizes=\"(max-width: 508px) 100vw, 508px\" \/><\/a> <a href=\"http:\/\/www.visit-ulcinj.com\/blog\/wp-content\/uploads\/2017\/04\/Rexhep-Hoti-Mehmet-Zenka-2.jpg\"><img loading=\"lazy\" class=\"alignleft wp-image-104308\" src=\"http:\/\/www.visit-ulcinj.com\/blog\/wp-content\/uploads\/2017\/04\/Rexhep-Hoti-Mehmet-Zenka-2.jpg\" alt=\"Rexhep Hoti-Mehmet Zenka-2\" width=\"508\" height=\"381\" srcset=\"https:\/\/www.visit-ulcinj.com\/blog\/wp-content\/uploads\/2017\/04\/Rexhep-Hoti-Mehmet-Zenka-2.jpg 883w, https:\/\/www.visit-ulcinj.com\/blog\/wp-content\/uploads\/2017\/04\/Rexhep-Hoti-Mehmet-Zenka-2-300x225.jpg 300w, https:\/\/www.visit-ulcinj.com\/blog\/wp-content\/uploads\/2017\/04\/Rexhep-Hoti-Mehmet-Zenka-2-768x576.jpg 768w\" sizes=\"(max-width: 508px) 100vw, 508px\" \/><\/a><\/div>\n<\/div>\n","protected":false},"excerpt":{"rendered":"<p>Hoti n\u00eb Mal t\u00eb Zi, takon ministrin p\u00ebr t\u00eb Drejtat e Njeriut dhe t\u00eb Pakicave &nbsp; \u201cMali i Zi brenda disa muajsh b\u00ebri shum\u00eb p\u00ebr shqiptar\u00ebt\u201d P\u00ebrgjat\u00eb vizit\u00ebs zyrtare dy ditore n\u00eb Mal t\u00eb Zi, z\u00ebvend\u00ebsministri i Kultur\u00ebs, Rinis\u00eb dhe Sportit, Rexhep Hoti, sot pati nj\u00eb takim me ministrin p\u00ebr t\u00eb Drejtat e Njeriut dhe [&hellip;]<\/p>\n","protected":false},"author":1,"featured_media":0,"comment_status":"closed","ping_status":"closed","sticky":false,"template":"","format":"standard","meta":{"spay_email":"","jetpack_publicize_message":"","jetpack_is_tweetstorm":false,"jetpack_publicize_feature_enabled":true},"categories":[12],"tags":[],"jetpack_publicize_connections":[],"yoast_head":"<!-- This site is optimized with the Yoast SEO plugin v19.1 - https:\/\/yoast.com\/wordpress\/plugins\/seo\/ -->\n<title>Ministri Zenka, takon z\u00ebvend\u00ebsministrin e Kultur\u00ebs, Rinis\u00eb dhe Sportit, Rexhep Hoti - Lajme nga Ulqini<\/title>\n<meta name=\"description\" content=\"Hoti n\u00eb Mal t\u00eb Zi, takon ministrin p\u00ebr t\u00eb Drejtat e Njeriut dhe t\u00eb Pakicave &nbsp; \u201cMali i Zi brenda disa muajsh b\u00ebri shum\u00eb p\u00ebr shqiptar\u00ebt\u201d P\u00ebrgjat\u00eb\" \/>\n<meta name=\"robots\" content=\"index, follow, max-snippet:-1, max-image-preview:large, max-video-preview:-1\" \/>\n<link rel=\"canonical\" href=\"https:\/\/www.visit-ulcinj.com\/blog\/2017\/04\/11\/ministri-zenka-takon-zevendesministrin-e-kultures-rinise-dhe-sportit-rexhep-hoti\/\" \/>\n<meta property=\"og:locale\" content=\"en_US\" \/>\n<meta property=\"og:type\" content=\"article\" \/>\n<meta property=\"og:title\" content=\"Ministri Zenka, takon z\u00ebvend\u00ebsministrin e Kultur\u00ebs, Rinis\u00eb dhe Sportit, Rexhep Hoti - Lajme nga Ulqini\" \/>\n<meta property=\"og:description\" content=\"Hoti n\u00eb Mal t\u00eb Zi, takon ministrin p\u00ebr t\u00eb Drejtat e Njeriut dhe t\u00eb Pakicave &nbsp; \u201cMali i Zi brenda disa muajsh b\u00ebri shum\u00eb p\u00ebr shqiptar\u00ebt\u201d P\u00ebrgjat\u00eb\" \/>\n<meta property=\"og:url\" content=\"https:\/\/www.visit-ulcinj.com\/blog\/2017\/04\/11\/ministri-zenka-takon-zevendesministrin-e-kultures-rinise-dhe-sportit-rexhep-hoti\/\" \/>\n<meta property=\"og:site_name\" content=\"Lajme nga Ulqini\" \/>\n<meta property=\"article:published_time\" content=\"2017-04-11T11:31:16+00:00\" \/>\n<meta property=\"article:modified_time\" content=\"2017-04-11T11:35:25+00:00\" \/>\n<meta property=\"og:image\" content=\"http:\/\/www.visit-ulcinj.com\/blog\/wp-content\/uploads\/2017\/04\/Rexhep-Hoti-Mehmet-Zenka.jpg\" \/>\n<meta name=\"twitter:label1\" content=\"Written by\" \/>\n\t<meta name=\"twitter:data1\" content=\"ulqini\" \/>\n\t<meta name=\"twitter:label2\" content=\"Est. reading time\" \/>\n\t<meta name=\"twitter:data2\" content=\"3 minutes\" \/>\n<script type=\"application\/ld+json\" class=\"yoast-schema-graph\">{\"@context\":\"https:\/\/schema.org\",\"@graph\":[{\"@type\":\"WebSite\",\"@id\":\"https:\/\/www.visit-ulcinj.com\/blog\/#website\",\"url\":\"https:\/\/www.visit-ulcinj.com\/blog\/\",\"name\":\"Lajme nga Ulqini\",\"description\":\"Lajme,Vijesti,Ulqini,Ulqin,Crna Gora,Mali i Zi\",\"potentialAction\":[{\"@type\":\"SearchAction\",\"target\":{\"@type\":\"EntryPoint\",\"urlTemplate\":\"https:\/\/www.visit-ulcinj.com\/blog\/?s={search_term_string}\"},\"query-input\":\"required name=search_term_string\"}],\"inLanguage\":\"en-US\"},{\"@type\":\"ImageObject\",\"inLanguage\":\"en-US\",\"@id\":\"https:\/\/www.visit-ulcinj.com\/blog\/2017\/04\/11\/ministri-zenka-takon-zevendesministrin-e-kultures-rinise-dhe-sportit-rexhep-hoti\/#primaryimage\",\"url\":\"https:\/\/www.visit-ulcinj.com\/blog\/wp-content\/uploads\/2017\/04\/Rexhep-Hoti-Mehmet-Zenka.jpg\",\"contentUrl\":\"https:\/\/www.visit-ulcinj.com\/blog\/wp-content\/uploads\/2017\/04\/Rexhep-Hoti-Mehmet-Zenka.jpg\",\"width\":881,\"height\":649},{\"@type\":\"WebPage\",\"@id\":\"https:\/\/www.visit-ulcinj.com\/blog\/2017\/04\/11\/ministri-zenka-takon-zevendesministrin-e-kultures-rinise-dhe-sportit-rexhep-hoti\/#webpage\",\"url\":\"https:\/\/www.visit-ulcinj.com\/blog\/2017\/04\/11\/ministri-zenka-takon-zevendesministrin-e-kultures-rinise-dhe-sportit-rexhep-hoti\/\",\"name\":\"Ministri Zenka, takon z\u00ebvend\u00ebsministrin e Kultur\u00ebs, Rinis\u00eb dhe Sportit, Rexhep Hoti - Lajme nga Ulqini\",\"isPartOf\":{\"@id\":\"https:\/\/www.visit-ulcinj.com\/blog\/#website\"},\"primaryImageOfPage\":{\"@id\":\"https:\/\/www.visit-ulcinj.com\/blog\/2017\/04\/11\/ministri-zenka-takon-zevendesministrin-e-kultures-rinise-dhe-sportit-rexhep-hoti\/#primaryimage\"},\"datePublished\":\"2017-04-11T11:31:16+00:00\",\"dateModified\":\"2017-04-11T11:35:25+00:00\",\"author\":{\"@id\":\"https:\/\/www.visit-ulcinj.com\/blog\/#\/schema\/person\/dcab619c614d3038751c63bc2aadc06d\"},\"description\":\"Hoti n\u00eb Mal t\u00eb Zi, takon ministrin p\u00ebr t\u00eb Drejtat e Njeriut dhe t\u00eb Pakicave &nbsp; \u201cMali i Zi brenda disa muajsh b\u00ebri shum\u00eb p\u00ebr shqiptar\u00ebt\u201d P\u00ebrgjat\u00eb\",\"breadcrumb\":{\"@id\":\"https:\/\/www.visit-ulcinj.com\/blog\/2017\/04\/11\/ministri-zenka-takon-zevendesministrin-e-kultures-rinise-dhe-sportit-rexhep-hoti\/#breadcrumb\"},\"inLanguage\":\"en-US\",\"potentialAction\":[{\"@type\":\"ReadAction\",\"target\":[\"https:\/\/www.visit-ulcinj.com\/blog\/2017\/04\/11\/ministri-zenka-takon-zevendesministrin-e-kultures-rinise-dhe-sportit-rexhep-hoti\/\"]}]},{\"@type\":\"BreadcrumbList\",\"@id\":\"https:\/\/www.visit-ulcinj.com\/blog\/2017\/04\/11\/ministri-zenka-takon-zevendesministrin-e-kultures-rinise-dhe-sportit-rexhep-hoti\/#breadcrumb\",\"itemListElement\":[{\"@type\":\"ListItem\",\"position\":1,\"name\":\"Ministri Zenka, takon z\u00ebvend\u00ebsministrin e Kultur\u00ebs, Rinis\u00eb dhe Sportit, Rexhep Hoti\"}]},{\"@type\":\"Person\",\"@id\":\"https:\/\/www.visit-ulcinj.com\/blog\/#\/schema\/person\/dcab619c614d3038751c63bc2aadc06d\",\"name\":\"ulqini\",\"sameAs\":[\"http:\/\/www.visit-ulcinj.com\"],\"url\":\"https:\/\/www.visit-ulcinj.com\/blog\/author\/admin\/\"}]}<\/script>\n<!-- \/ Yoast SEO plugin. -->","yoast_head_json":{"title":"Ministri Zenka, takon z\u00ebvend\u00ebsministrin e Kultur\u00ebs, Rinis\u00eb dhe Sportit, Rexhep Hoti - Lajme nga Ulqini","description":"Hoti n\u00eb Mal t\u00eb Zi, takon ministrin p\u00ebr t\u00eb Drejtat e Njeriut dhe t\u00eb Pakicave &nbsp; \u201cMali i Zi brenda disa muajsh b\u00ebri shum\u00eb p\u00ebr shqiptar\u00ebt\u201d P\u00ebrgjat\u00eb","robots":{"index":"index","follow":"follow","max-snippet":"max-snippet:-1","max-image-preview":"max-image-preview:large","max-video-preview":"max-video-preview:-1"},"canonical":"https:\/\/www.visit-ulcinj.com\/blog\/2017\/04\/11\/ministri-zenka-takon-zevendesministrin-e-kultures-rinise-dhe-sportit-rexhep-hoti\/","og_locale":"en_US","og_type":"article","og_title":"Ministri Zenka, takon z\u00ebvend\u00ebsministrin e Kultur\u00ebs, Rinis\u00eb dhe Sportit, Rexhep Hoti - Lajme nga Ulqini","og_description":"Hoti n\u00eb Mal t\u00eb Zi, takon ministrin p\u00ebr t\u00eb Drejtat e Njeriut dhe t\u00eb Pakicave &nbsp; \u201cMali i Zi brenda disa muajsh b\u00ebri shum\u00eb p\u00ebr shqiptar\u00ebt\u201d P\u00ebrgjat\u00eb","og_url":"https:\/\/www.visit-ulcinj.com\/blog\/2017\/04\/11\/ministri-zenka-takon-zevendesministrin-e-kultures-rinise-dhe-sportit-rexhep-hoti\/","og_site_name":"Lajme nga Ulqini","article_published_time":"2017-04-11T11:31:16+00:00","article_modified_time":"2017-04-11T11:35:25+00:00","og_image":[{"url":"http:\/\/www.visit-ulcinj.com\/blog\/wp-content\/uploads\/2017\/04\/Rexhep-Hoti-Mehmet-Zenka.jpg"}],"twitter_misc":{"Written by":"ulqini","Est. reading time":"3 minutes"},"schema":{"@context":"https:\/\/schema.org","@graph":[{"@type":"WebSite","@id":"https:\/\/www.visit-ulcinj.com\/blog\/#website","url":"https:\/\/www.visit-ulcinj.com\/blog\/","name":"Lajme nga Ulqini","description":"Lajme,Vijesti,Ulqini,Ulqin,Crna Gora,Mali i Zi","potentialAction":[{"@type":"SearchAction","target":{"@type":"EntryPoint","urlTemplate":"https:\/\/www.visit-ulcinj.com\/blog\/?s={search_term_string}"},"query-input":"required name=search_term_string"}],"inLanguage":"en-US"},{"@type":"ImageObject","inLanguage":"en-US","@id":"https:\/\/www.visit-ulcinj.com\/blog\/2017\/04\/11\/ministri-zenka-takon-zevendesministrin-e-kultures-rinise-dhe-sportit-rexhep-hoti\/#primaryimage","url":"https:\/\/www.visit-ulcinj.com\/blog\/wp-content\/uploads\/2017\/04\/Rexhep-Hoti-Mehmet-Zenka.jpg","contentUrl":"https:\/\/www.visit-ulcinj.com\/blog\/wp-content\/uploads\/2017\/04\/Rexhep-Hoti-Mehmet-Zenka.jpg","width":881,"height":649},{"@type":"WebPage","@id":"https:\/\/www.visit-ulcinj.com\/blog\/2017\/04\/11\/ministri-zenka-takon-zevendesministrin-e-kultures-rinise-dhe-sportit-rexhep-hoti\/#webpage","url":"https:\/\/www.visit-ulcinj.com\/blog\/2017\/04\/11\/ministri-zenka-takon-zevendesministrin-e-kultures-rinise-dhe-sportit-rexhep-hoti\/","name":"Ministri Zenka, takon z\u00ebvend\u00ebsministrin e Kultur\u00ebs, Rinis\u00eb dhe Sportit, Rexhep Hoti - Lajme nga Ulqini","isPartOf":{"@id":"https:\/\/www.visit-ulcinj.com\/blog\/#website"},"primaryImageOfPage":{"@id":"https:\/\/www.visit-ulcinj.com\/blog\/2017\/04\/11\/ministri-zenka-takon-zevendesministrin-e-kultures-rinise-dhe-sportit-rexhep-hoti\/#primaryimage"},"datePublished":"2017-04-11T11:31:16+00:00","dateModified":"2017-04-11T11:35:25+00:00","author":{"@id":"https:\/\/www.visit-ulcinj.com\/blog\/#\/schema\/person\/dcab619c614d3038751c63bc2aadc06d"},"description":"Hoti n\u00eb Mal t\u00eb Zi, takon ministrin p\u00ebr t\u00eb Drejtat e Njeriut dhe t\u00eb Pakicave &nbsp; \u201cMali i Zi brenda disa muajsh b\u00ebri shum\u00eb p\u00ebr shqiptar\u00ebt\u201d P\u00ebrgjat\u00eb","breadcrumb":{"@id":"https:\/\/www.visit-ulcinj.com\/blog\/2017\/04\/11\/ministri-zenka-takon-zevendesministrin-e-kultures-rinise-dhe-sportit-rexhep-hoti\/#breadcrumb"},"inLanguage":"en-US","potentialAction":[{"@type":"ReadAction","target":["https:\/\/www.visit-ulcinj.com\/blog\/2017\/04\/11\/ministri-zenka-takon-zevendesministrin-e-kultures-rinise-dhe-sportit-rexhep-hoti\/"]}]},{"@type":"BreadcrumbList","@id":"https:\/\/www.visit-ulcinj.com\/blog\/2017\/04\/11\/ministri-zenka-takon-zevendesministrin-e-kultures-rinise-dhe-sportit-rexhep-hoti\/#breadcrumb","itemListElement":[{"@type":"ListItem","position":1,"name":"Ministri Zenka, takon z\u00ebvend\u00ebsministrin e Kultur\u00ebs, Rinis\u00eb dhe Sportit, Rexhep Hoti"}]},{"@type":"Person","@id":"https:\/\/www.visit-ulcinj.com\/blog\/#\/schema\/person\/dcab619c614d3038751c63bc2aadc06d","name":"ulqini","sameAs":["http:\/\/www.visit-ulcinj.com"],"url":"https:\/\/www.visit-ulcinj.com\/blog\/author\/admin\/"}]}},"jetpack_featured_media_url":"","jetpack_sharing_enabled":true,"jetpack_shortlink":"https:\/\/wp.me\/pe6lTn-r8l","_links":{"self":[{"href":"https:\/\/www.visit-ulcinj.com\/blog\/wp-json\/wp\/v2\/posts\/104305"}],"collection":[{"href":"https:\/\/www.visit-ulcinj.com\/blog\/wp-json\/wp\/v2\/posts"}],"about":[{"href":"https:\/\/www.visit-ulcinj.com\/blog\/wp-json\/wp\/v2\/types\/post"}],"author":[{"embeddable":true,"href":"https:\/\/www.visit-ulcinj.com\/blog\/wp-json\/wp\/v2\/users\/1"}],"replies":[{"embeddable":true,"href":"https:\/\/www.visit-ulcinj.com\/blog\/wp-json\/wp\/v2\/comments?post=104305"}],"version-history":[{"count":4,"href":"https:\/\/www.visit-ulcinj.com\/blog\/wp-json\/wp\/v2\/posts\/104305\/revisions"}],"predecessor-version":[{"id":104312,"href":"https:\/\/www.visit-ulcinj.com\/blog\/wp-json\/wp\/v2\/posts\/104305\/revisions\/104312"}],"wp:attachment":[{"href":"https:\/\/www.visit-ulcinj.com\/blog\/wp-json\/wp\/v2\/media?parent=104305"}],"wp:term":[{"taxonomy":"category","embeddable":true,"href":"https:\/\/www.visit-ulcinj.com\/blog\/wp-json\/wp\/v2\/categories?post=104305"},{"taxonomy":"post_tag","embeddable":true,"href":"https:\/\/www.visit-ulcinj.com\/blog\/wp-json\/wp\/v2\/tags?post=104305"}],"curies":[{"name":"wp","href":"https:\/\/api.w.org\/{rel}","templated":true}]}}